{"id":902411,"date":"2019-09-27T07:52:44","date_gmt":"2019-09-27T10:52:44","guid":{"rendered":"http:\/\/www.pm.pb.gov.br\/portal\/?p=902411"},"modified":"2019-09-27T07:52:46","modified_gmt":"2019-09-27T10:52:46","slug":"policia-militar-lanca-patrulha-musical-com-apresentacao-ao-ar-livre-nesta-sexta-feira-na-orla-de-joao-pessoa","status":"publish","type":"post","link":"https:\/\/www.pm.pb.gov.br\/portal\/2019\/09\/27\/policia-militar-lanca-patrulha-musical-com-apresentacao-ao-ar-livre-nesta-sexta-feira-na-orla-de-joao-pessoa\/","title":{"rendered":"Pol\u00edcia Militar lan\u00e7a Patrulha Musical com apresenta\u00e7\u00e3o ao ar livre nesta sexta-feira na orla de Jo\u00e3o Pessoa"},"content":{"rendered":"<p>A Pol\u00edcia Militar lan\u00e7a oficialmente, a partir das 17h desta sexta-feira (27), no Busto de Tamandar\u00e9, em Jo\u00e3o Pessoa, o projeto Patrulha Musical, que vai refor\u00e7ar as a\u00e7\u00f5es de seguran\u00e7a no Estado, trazendo como novidade a participa\u00e7\u00e3o dos m\u00fasicos da corpora\u00e7\u00e3o nas \u00e1reas ocupadas, com apresenta\u00e7\u00f5es musicais para aproximar ainda mais a pol\u00edcia do povo.<\/p>\n<p>O lan\u00e7amento ser\u00e1 feito com os integrantes da Patrulha fazendo uma apresenta\u00e7\u00e3o ao ar livre, trazendo no repert\u00f3rio m\u00fasicas nacionais e internacionais que marcaram gera\u00e7\u00f5es, bem como para relembrar artistas da terra.<br \/>\nAntes do lan\u00e7amento, ainda na fase de ensaios, os integrantes do projeto gravaram duas apresenta\u00e7\u00f5es para chamar a aten\u00e7\u00e3o para a novidade que a Pol\u00edcia Militar estava preparando. Um deles foi em homenagem ao centen\u00e1rio do artista paraibano Jackson do Pandeiro. Os v\u00eddeos alcan\u00e7aram recordes de visualiza\u00e7\u00f5es e compartilhamentos em redes sociais.<\/p>\n<p>Funcionamento do projeto &#8211; A Patrulha Musical vai ocupar comunidades e outros locais com os integrantes realizando a\u00e7\u00f5es de refor\u00e7o da seguran\u00e7a p\u00fablica, a exemplo de policiamento ostensivo a p\u00e9, realiza\u00e7\u00e3o de abordagens e incurs\u00f5es. Em determinado momento, a ocupa\u00e7\u00e3o ser\u00e1 feita com m\u00fasica, j\u00e1 que os integrantes da Patrulha Musical v\u00e3o escolher um ponto da comunidade para, com instrumentos musicais, realizarem uma apresenta\u00e7\u00e3o para as fam\u00edlias que moram na localidade onde a PM esteja refor\u00e7ando as a\u00e7\u00f5es.<\/p>\n","protected":false},"excerpt":{"rendered":"<p>A Pol\u00edcia Militar lan\u00e7a oficialmente, a partir das 17h desta sexta-feira (27), no Busto de Tamandar\u00e9, em Jo\u00e3o Pessoa, o<\/p>\n","protected":false},"author":10,"featured_media":902488,"comment_status":"closed","ping_status":"closed","sticky":false,"template":"","format":"standard","meta":{"_exactmetrics_skip_tracking":false,"_exactmetrics_sitenote_active":false,"_exactmetrics_sitenote_note":"","_exactmetrics_sitenote_category":0,"footnotes":""},"categories":[4],"tags":[],"yoast_head":"<!-- This site is optimized with the Yoast SEO plugin v22.0 - https:\/\/yoast.com\/wordpress\/plugins\/seo\/ -->\n<title>Pol\u00edcia Militar lan\u00e7a Patrulha Musical com apresenta\u00e7\u00e3o ao ar livre nesta sexta-feira na orla de Jo\u00e3o Pessoa - Pol\u00edcia Militar da Para\u00edba<\/title>\n<meta name=\"robots\" content=\"index, follow, max-snippet:-1, max-image-preview:large, max-video-preview:-1\" \/>\n<link rel=\"canonical\" href=\"https:\/\/www.pm.pb.gov.br\/portal\/2019\/09\/27\/policia-militar-lanca-patrulha-musical-com-apresentacao-ao-ar-livre-nesta-sexta-feira-na-orla-de-joao-pessoa\/\" \/>\n<meta property=\"og:locale\" content=\"pt_BR\" \/>\n<meta property=\"og:type\" content=\"article\" \/>\n<meta property=\"og:title\" content=\"Pol\u00edcia Militar lan\u00e7a Patrulha Musical com apresenta\u00e7\u00e3o ao ar livre nesta sexta-feira na orla de Jo\u00e3o Pessoa - Pol\u00edcia Militar da Para\u00edba\" \/>\n<meta property=\"og:description\" content=\"A Pol\u00edcia Militar lan\u00e7a oficialmente, a partir das 17h desta sexta-feira (27), no Busto de Tamandar\u00e9, em Jo\u00e3o Pessoa, o\" \/>\n<meta property=\"og:url\" content=\"https:\/\/www.pm.pb.gov.br\/portal\/2019\/09\/27\/policia-militar-lanca-patrulha-musical-com-apresentacao-ao-ar-livre-nesta-sexta-feira-na-orla-de-joao-pessoa\/\" \/>\n<meta property=\"og:site_name\" content=\"Pol\u00edcia Militar da Para\u00edba\" \/>\n<meta property=\"article:published_time\" content=\"2019-09-27T10:52:44+00:00\" \/>\n<meta property=\"article:modified_time\" content=\"2019-09-27T10:52:46+00:00\" \/>\n<meta property=\"og:image\" content=\"https:\/\/www.pm.pb.gov.br\/portal\/wp-content\/uploads\/2019\/09\/PATRULHA-MUSICAL.png\" \/>\n\t<meta property=\"og:image:width\" content=\"1242\" \/>\n\t<meta property=\"og:image:height\" content=\"708\" \/>\n\t<meta property=\"og:image:type\" content=\"image\/png\" \/>\n<meta name=\"author\" content=\"WAGNER HENRIQUE VARELA DA SILVA\" \/>\n<meta name=\"twitter:card\" content=\"summary_large_image\" \/>\n<meta name=\"twitter:label1\" content=\"Escrito por\" \/>\n\t<meta name=\"twitter:data1\" content=\"WAGNER HENRIQUE VARELA DA SILVA\" \/>\n\t<meta name=\"twitter:label2\" content=\"Est. tempo de leitura\" \/>\n\t<meta name=\"twitter:data2\" content=\"1 minuto\" \/>\n<script type=\"application\/ld+json\" class=\"yoast-schema-graph\">{\"@context\":\"https:\/\/schema.org\",\"@graph\":[{\"@type\":\"Article\",\"@id\":\"https:\/\/www.pm.pb.gov.br\/portal\/2019\/09\/27\/policia-militar-lanca-patrulha-musical-com-apresentacao-ao-ar-livre-nesta-sexta-feira-na-orla-de-joao-pessoa\/#article\",\"isPartOf\":{\"@id\":\"https:\/\/www.pm.pb.gov.br\/portal\/2019\/09\/27\/policia-militar-lanca-patrulha-musical-com-apresentacao-ao-ar-livre-nesta-sexta-feira-na-orla-de-joao-pessoa\/\"},\"author\":{\"name\":\"WAGNER HENRIQUE VARELA DA SILVA\",\"@id\":\"https:\/\/www.pm.pb.gov.br\/portal\/#\/schema\/person\/b169b297b8494dea236e315ed1a201d1\"},\"headline\":\"Pol\u00edcia Militar lan\u00e7a Patrulha Musical com apresenta\u00e7\u00e3o ao ar livre nesta sexta-feira na orla de Jo\u00e3o Pessoa\",\"datePublished\":\"2019-09-27T10:52:44+00:00\",\"dateModified\":\"2019-09-27T10:52:46+00:00\",\"mainEntityOfPage\":{\"@id\":\"https:\/\/www.pm.pb.gov.br\/portal\/2019\/09\/27\/policia-militar-lanca-patrulha-musical-com-apresentacao-ao-ar-livre-nesta-sexta-feira-na-orla-de-joao-pessoa\/\"},\"wordCount\":274,\"publisher\":{\"@id\":\"https:\/\/www.pm.pb.gov.br\/portal\/#organization\"},\"articleSection\":[\"A\u00e7\u00f5es Policiais\"],\"inLanguage\":\"pt-BR\"},{\"@type\":\"WebPage\",\"@id\":\"https:\/\/www.pm.pb.gov.br\/portal\/2019\/09\/27\/policia-militar-lanca-patrulha-musical-com-apresentacao-ao-ar-livre-nesta-sexta-feira-na-orla-de-joao-pessoa\/\",\"url\":\"https:\/\/www.pm.pb.gov.br\/portal\/2019\/09\/27\/policia-militar-lanca-patrulha-musical-com-apresentacao-ao-ar-livre-nesta-sexta-feira-na-orla-de-joao-pessoa\/\",\"name\":\"Pol\u00edcia Militar lan\u00e7a Patrulha Musical com apresenta\u00e7\u00e3o ao ar livre nesta sexta-feira na orla de Jo\u00e3o Pessoa - Pol\u00edcia Militar da Para\u00edba\",\"isPartOf\":{\"@id\":\"https:\/\/www.pm.pb.gov.br\/portal\/#website\"},\"datePublished\":\"2019-09-27T10:52:44+00:00\",\"dateModified\":\"2019-09-27T10:52:46+00:00\",\"breadcrumb\":{\"@id\":\"https:\/\/www.pm.pb.gov.br\/portal\/2019\/09\/27\/policia-militar-lanca-patrulha-musical-com-apresentacao-ao-ar-livre-nesta-sexta-feira-na-orla-de-joao-pessoa\/#breadcrumb\"},\"inLanguage\":\"pt-BR\",\"potentialAction\":[{\"@type\":\"ReadAction\",\"target\":[\"https:\/\/www.pm.pb.gov.br\/portal\/2019\/09\/27\/policia-militar-lanca-patrulha-musical-com-apresentacao-ao-ar-livre-nesta-sexta-feira-na-orla-de-joao-pessoa\/\"]}]},{\"@type\":\"BreadcrumbList\",\"@id\":\"https:\/\/www.pm.pb.gov.br\/portal\/2019\/09\/27\/policia-militar-lanca-patrulha-musical-com-apresentacao-ao-ar-livre-nesta-sexta-feira-na-orla-de-joao-pessoa\/#breadcrumb\",\"itemListElement\":[{\"@type\":\"ListItem\",\"position\":1,\"name\":\"In\u00edcio\",\"item\":\"https:\/\/www.pm.pb.gov.br\/portal\/\"},{\"@type\":\"ListItem\",\"position\":2,\"name\":\"Pol\u00edcia Militar lan\u00e7a Patrulha Musical com apresenta\u00e7\u00e3o ao ar livre nesta sexta-feira na orla de Jo\u00e3o Pessoa\"}]},{\"@type\":\"WebSite\",\"@id\":\"https:\/\/www.pm.pb.gov.br\/portal\/#website\",\"url\":\"https:\/\/www.pm.pb.gov.br\/portal\/\",\"name\":\"Pol\u00edcia Militar da Para\u00edba\",\"description\":\"\",\"publisher\":{\"@id\":\"https:\/\/www.pm.pb.gov.br\/portal\/#organization\"},\"potentialAction\":[{\"@type\":\"SearchAction\",\"target\":{\"@type\":\"EntryPoint\",\"urlTemplate\":\"https:\/\/www.pm.pb.gov.br\/portal\/?s={search_term_string}\"},\"query-input\":\"required name=search_term_string\"}],\"inLanguage\":\"pt-BR\"},{\"@type\":\"Organization\",\"@id\":\"https:\/\/www.pm.pb.gov.br\/portal\/#organization\",\"name\":\"Pol\u00edcia Militar da Para\u00edba\",\"url\":\"https:\/\/www.pm.pb.gov.br\/portal\/\",\"logo\":{\"@type\":\"ImageObject\",\"inLanguage\":\"pt-BR\",\"@id\":\"https:\/\/www.pm.pb.gov.br\/portal\/#\/schema\/logo\/image\/\",\"url\":\"https:\/\/www.pm.pb.gov.br\/portal\/wp-content\/uploads\/2025\/03\/cropped-logo-site-mag2-1.png\",\"contentUrl\":\"https:\/\/www.pm.pb.gov.br\/portal\/wp-content\/uploads\/2025\/03\/cropped-logo-site-mag2-1.png\",\"width\":320,\"height\":90,\"caption\":\"Pol\u00edcia Militar da Para\u00edba\"},\"image\":{\"@id\":\"https:\/\/www.pm.pb.gov.br\/portal\/#\/schema\/logo\/image\/\"}},{\"@type\":\"Person\",\"@id\":\"https:\/\/www.pm.pb.gov.br\/portal\/#\/schema\/person\/b169b297b8494dea236e315ed1a201d1\",\"name\":\"WAGNER HENRIQUE VARELA DA SILVA\",\"image\":{\"@type\":\"ImageObject\",\"inLanguage\":\"pt-BR\",\"@id\":\"https:\/\/www.pm.pb.gov.br\/portal\/#\/schema\/person\/image\/\",\"url\":\"https:\/\/secure.gravatar.com\/avatar\/e08af53176a66730df5c0706c6c31fd6?s=96&d=mm&r=g\",\"contentUrl\":\"https:\/\/secure.gravatar.com\/avatar\/e08af53176a66730df5c0706c6c31fd6?s=96&d=mm&r=g\",\"caption\":\"WAGNER HENRIQUE VARELA DA SILVA\"},\"url\":\"https:\/\/www.pm.pb.gov.br\/portal\/author\/varela\/\"}]}<\/script>\n<!-- \/ Yoast SEO plugin. -->","yoast_head_json":{"title":"Pol\u00edcia Militar lan\u00e7a Patrulha Musical com apresenta\u00e7\u00e3o ao ar livre nesta sexta-feira na orla de Jo\u00e3o Pessoa - Pol\u00edcia Militar da Para\u00edba","robots":{"index":"index","follow":"follow","max-snippet":"max-snippet:-1","max-image-preview":"max-image-preview:large","max-video-preview":"max-video-preview:-1"},"canonical":"https:\/\/www.pm.pb.gov.br\/portal\/2019\/09\/27\/policia-militar-lanca-patrulha-musical-com-apresentacao-ao-ar-livre-nesta-sexta-feira-na-orla-de-joao-pessoa\/","og_locale":"pt_BR","og_type":"article","og_title":"Pol\u00edcia Militar lan\u00e7a Patrulha Musical com apresenta\u00e7\u00e3o ao ar livre nesta sexta-feira na orla de Jo\u00e3o Pessoa - Pol\u00edcia Militar da Para\u00edba","og_description":"A Pol\u00edcia Militar lan\u00e7a oficialmente, a partir das 17h desta sexta-feira (27), no Busto de Tamandar\u00e9, em Jo\u00e3o Pessoa, o","og_url":"https:\/\/www.pm.pb.gov.br\/portal\/2019\/09\/27\/policia-militar-lanca-patrulha-musical-com-apresentacao-ao-ar-livre-nesta-sexta-feira-na-orla-de-joao-pessoa\/","og_site_name":"Pol\u00edcia Militar da Para\u00edba","article_published_time":"2019-09-27T10:52:44+00:00","article_modified_time":"2019-09-27T10:52:46+00:00","og_image":[{"width":1242,"height":708,"url":"https:\/\/www.pm.pb.gov.br\/portal\/wp-content\/uploads\/2019\/09\/PATRULHA-MUSICAL.png","type":"image\/png"}],"author":"WAGNER HENRIQUE VARELA DA SILVA","twitter_card":"summary_large_image","twitter_misc":{"Escrito por":"WAGNER HENRIQUE VARELA DA SILVA","Est. tempo de leitura":"1 minuto"},"schema":{"@context":"https:\/\/schema.org","@graph":[{"@type":"Article","@id":"https:\/\/www.pm.pb.gov.br\/portal\/2019\/09\/27\/policia-militar-lanca-patrulha-musical-com-apresentacao-ao-ar-livre-nesta-sexta-feira-na-orla-de-joao-pessoa\/#article","isPartOf":{"@id":"https:\/\/www.pm.pb.gov.br\/portal\/2019\/09\/27\/policia-militar-lanca-patrulha-musical-com-apresentacao-ao-ar-livre-nesta-sexta-feira-na-orla-de-joao-pessoa\/"},"author":{"name":"WAGNER HENRIQUE VARELA DA SILVA","@id":"https:\/\/www.pm.pb.gov.br\/portal\/#\/schema\/person\/b169b297b8494dea236e315ed1a201d1"},"headline":"Pol\u00edcia Militar lan\u00e7a Patrulha Musical com apresenta\u00e7\u00e3o ao ar livre nesta sexta-feira na orla de Jo\u00e3o Pessoa","datePublished":"2019-09-27T10:52:44+00:00","dateModified":"2019-09-27T10:52:46+00:00","mainEntityOfPage":{"@id":"https:\/\/www.pm.pb.gov.br\/portal\/2019\/09\/27\/policia-militar-lanca-patrulha-musical-com-apresentacao-ao-ar-livre-nesta-sexta-feira-na-orla-de-joao-pessoa\/"},"wordCount":274,"publisher":{"@id":"https:\/\/www.pm.pb.gov.br\/portal\/#organization"},"articleSection":["A\u00e7\u00f5es Policiais"],"inLanguage":"pt-BR"},{"@type":"WebPage","@id":"https:\/\/www.pm.pb.gov.br\/portal\/2019\/09\/27\/policia-militar-lanca-patrulha-musical-com-apresentacao-ao-ar-livre-nesta-sexta-feira-na-orla-de-joao-pessoa\/","url":"https:\/\/www.pm.pb.gov.br\/portal\/2019\/09\/27\/policia-militar-lanca-patrulha-musical-com-apresentacao-ao-ar-livre-nesta-sexta-feira-na-orla-de-joao-pessoa\/","name":"Pol\u00edcia Militar lan\u00e7a Patrulha Musical com apresenta\u00e7\u00e3o ao ar livre nesta sexta-feira na orla de Jo\u00e3o Pessoa - Pol\u00edcia Militar da Para\u00edba","isPartOf":{"@id":"https:\/\/www.pm.pb.gov.br\/portal\/#website"},"datePublished":"2019-09-27T10:52:44+00:00","dateModified":"2019-09-27T10:52:46+00:00","breadcrumb":{"@id":"https:\/\/www.pm.pb.gov.br\/portal\/2019\/09\/27\/policia-militar-lanca-patrulha-musical-com-apresentacao-ao-ar-livre-nesta-sexta-feira-na-orla-de-joao-pessoa\/#breadcrumb"},"inLanguage":"pt-BR","potentialAction":[{"@type":"ReadAction","target":["https:\/\/www.pm.pb.gov.br\/portal\/2019\/09\/27\/policia-militar-lanca-patrulha-musical-com-apresentacao-ao-ar-livre-nesta-sexta-feira-na-orla-de-joao-pessoa\/"]}]},{"@type":"BreadcrumbList","@id":"https:\/\/www.pm.pb.gov.br\/portal\/2019\/09\/27\/policia-militar-lanca-patrulha-musical-com-apresentacao-ao-ar-livre-nesta-sexta-feira-na-orla-de-joao-pessoa\/#breadcrumb","itemListElement":[{"@type":"ListItem","position":1,"name":"In\u00edcio","item":"https:\/\/www.pm.pb.gov.br\/portal\/"},{"@type":"ListItem","position":2,"name":"Pol\u00edcia Militar lan\u00e7a Patrulha Musical com apresenta\u00e7\u00e3o ao ar livre nesta sexta-feira na orla de Jo\u00e3o Pessoa"}]},{"@type":"WebSite","@id":"https:\/\/www.pm.pb.gov.br\/portal\/#website","url":"https:\/\/www.pm.pb.gov.br\/portal\/","name":"Pol\u00edcia Militar da Para\u00edba","description":"","publisher":{"@id":"https:\/\/www.pm.pb.gov.br\/portal\/#organization"},"potentialAction":[{"@type":"SearchAction","target":{"@type":"EntryPoint","urlTemplate":"https:\/\/www.pm.pb.gov.br\/portal\/?s={search_term_string}"},"query-input":"required name=search_term_string"}],"inLanguage":"pt-BR"},{"@type":"Organization","@id":"https:\/\/www.pm.pb.gov.br\/portal\/#organization","name":"Pol\u00edcia Militar da Para\u00edba","url":"https:\/\/www.pm.pb.gov.br\/portal\/","logo":{"@type":"ImageObject","inLanguage":"pt-BR","@id":"https:\/\/www.pm.pb.gov.br\/portal\/#\/schema\/logo\/image\/","url":"https:\/\/www.pm.pb.gov.br\/portal\/wp-content\/uploads\/2025\/03\/cropped-logo-site-mag2-1.png","contentUrl":"https:\/\/www.pm.pb.gov.br\/portal\/wp-content\/uploads\/2025\/03\/cropped-logo-site-mag2-1.png","width":320,"height":90,"caption":"Pol\u00edcia Militar da Para\u00edba"},"image":{"@id":"https:\/\/www.pm.pb.gov.br\/portal\/#\/schema\/logo\/image\/"}},{"@type":"Person","@id":"https:\/\/www.pm.pb.gov.br\/portal\/#\/schema\/person\/b169b297b8494dea236e315ed1a201d1","name":"WAGNER HENRIQUE VARELA DA SILVA","image":{"@type":"ImageObject","inLanguage":"pt-BR","@id":"https:\/\/www.pm.pb.gov.br\/portal\/#\/schema\/person\/image\/","url":"https:\/\/secure.gravatar.com\/avatar\/e08af53176a66730df5c0706c6c31fd6?s=96&d=mm&r=g","contentUrl":"https:\/\/secure.gravatar.com\/avatar\/e08af53176a66730df5c0706c6c31fd6?s=96&d=mm&r=g","caption":"WAGNER HENRIQUE VARELA DA SILVA"},"url":"https:\/\/www.pm.pb.gov.br\/portal\/author\/varela\/"}]}},"_links":{"self":[{"href":"https:\/\/www.pm.pb.gov.br\/portal\/wp-json\/wp\/v2\/posts\/902411"}],"collection":[{"href":"https:\/\/www.pm.pb.gov.br\/portal\/wp-json\/wp\/v2\/posts"}],"about":[{"href":"https:\/\/www.pm.pb.gov.br\/portal\/wp-json\/wp\/v2\/types\/post"}],"author":[{"embeddable":true,"href":"https:\/\/www.pm.pb.gov.br\/portal\/wp-json\/wp\/v2\/users\/10"}],"replies":[{"embeddable":true,"href":"https:\/\/www.pm.pb.gov.br\/portal\/wp-json\/wp\/v2\/comments?post=902411"}],"version-history":[{"count":1,"href":"https:\/\/www.pm.pb.gov.br\/portal\/wp-json\/wp\/v2\/posts\/902411\/revisions"}],"predecessor-version":[{"id":902486,"href":"https:\/\/www.pm.pb.gov.br\/portal\/wp-json\/wp\/v2\/posts\/902411\/revisions\/902486"}],"wp:featuredmedia":[{"embeddable":true,"href":"https:\/\/www.pm.pb.gov.br\/portal\/wp-json\/wp\/v2\/media\/902488"}],"wp:attachment":[{"href":"https:\/\/www.pm.pb.gov.br\/portal\/wp-json\/wp\/v2\/media?parent=902411"}],"wp:term":[{"taxonomy":"category","embeddable":true,"href":"https:\/\/www.pm.pb.gov.br\/portal\/wp-json\/wp\/v2\/categories?post=902411"},{"taxonomy":"post_tag","embeddable":true,"href":"https:\/\/www.pm.pb.gov.br\/portal\/wp-json\/wp\/v2\/tags?post=902411"}],"curies":[{"name":"wp","href":"https:\/\/api.w.org\/{rel}","templated":true}]}}