{"id":902283,"date":"2019-09-12T11:05:11","date_gmt":"2019-09-12T14:05:11","guid":{"rendered":"http:\/\/www.pm.pb.gov.br\/portal\/?p=902283"},"modified":"2019-09-12T11:05:13","modified_gmt":"2019-09-12T14:05:13","slug":"acoes-contra-o-trafico-retira-das-ruas-quase-1-500-embalagens-com-drogas-prontas-para-a-venda-em-joao-pessoa","status":"publish","type":"post","link":"https:\/\/www.pm.pb.gov.br\/portal\/2019\/09\/12\/acoes-contra-o-trafico-retira-das-ruas-quase-1-500-embalagens-com-drogas-prontas-para-a-venda-em-joao-pessoa\/","title":{"rendered":"A\u00e7\u00f5es contra o tr\u00e1fico retira das ruas quase 1.500 embalagens com drogas prontas para a venda em Jo\u00e3o Pessoa"},"content":{"rendered":"<p>O combate ao tr\u00e1fico de drogas em Jo\u00e3o Pessoa teve mais um resultado com as a\u00e7\u00f5es da Pol\u00edcia Militar, na noite dessa quarta-feira (11), em tr\u00eas bairros, onde foram apreendidas 1.298 embalagens com maconha, 155 com crack e uma com coca\u00edna. Cinco suspeitos foram detidos em flagrante.<\/p>\n<p>A maior parte das drogas foi apreendida no conjunto Gerv\u00e1sio Maia, no bairro de Gramame.  Policiais da For\u00e7a T\u00e1tica do 5\u00ba Batalh\u00e3o realizavam rondas na Perimetral Sul quando se depararam com uma dupla de moto, que foi rapidamente abordada. Os homens, de 20 e 21 anos, estavam transportando uma mochila com 1.296 trouxas de maconha prontas para a venda. Um deles foi liberado, no fim do ano passado, ap\u00f3s cumprir pena por tr\u00e1fico de drogas.<\/p>\n<p>Na orla do Cabo Branco, a apreens\u00e3o foi de crack. A droga, que estava distribu\u00edda em 155 por\u00e7\u00f5es prontas para a venda, estava sendo transportada em um carro, que foi interceptado pelos policiais da Companhia Especializada em Apoio ao Turista (CEATur), Na Avenida Marcionila da Concei\u00e7\u00e3o. Uma mulher de 33 anos, que estava conduzindo o ve\u00edculo, foi presa em flagrante.<\/p>\n<p>O terceiro bairro que teve apreens\u00e3o de drogas por parte da PM foi o Portal do Sol, onde dois adolescentes, de 17 anos, cada, foram abordados em uma moto e flagrados com duas por\u00e7\u00f5es de maconha e uma com coca\u00edna. O ve\u00edculo usado pela dupla estava com queixa de furto.<\/p>\n<p>Os cinco suspeitos detidos na noite dessa quarta (11) foram levados para a Central de Flagrantes, no Geisel.<\/p>\n<p>Planta\u00e7\u00e3o de drogas tamb\u00e9m foi combatida \u2013 Ainda nas a\u00e7\u00f5es dessa quarta-feira (11), a Pol\u00edcia Militar localizou uma planta\u00e7\u00e3o de maconha que era cultivada no quintal de uma casa, onde funcionava um bar, na Vila Lafaiete, na cidade de Monteio. No local, foi preso um suspeito de 23 anos e apreendidos 11 p\u00e9s de maconha, um recipiente com v\u00e1rias sementes da droga, duas trouxinhas do entorpecente e ainda duas ampolas com coca\u00edna. O caso foi levado para a delegacia de pol\u00edcia civil, no munic\u00edpio.<\/p>\n","protected":false},"excerpt":{"rendered":"<p>O combate ao tr\u00e1fico de drogas em Jo\u00e3o Pessoa teve mais um resultado com as a\u00e7\u00f5es da Pol\u00edcia Militar, na<\/p>\n","protected":false},"author":10,"featured_media":902288,"comment_status":"closed","ping_status":"closed","sticky":false,"template":"","format":"standard","meta":{"_exactmetrics_skip_tracking":false,"_exactmetrics_sitenote_active":false,"_exactmetrics_sitenote_note":"","_exactmetrics_sitenote_category":0,"footnotes":""},"categories":[4],"tags":[],"yoast_head":"<!-- This site is optimized with the Yoast SEO plugin v22.0 - https:\/\/yoast.com\/wordpress\/plugins\/seo\/ -->\n<title>A\u00e7\u00f5es contra o tr\u00e1fico retira das ruas quase 1.500 embalagens com drogas prontas para a venda em Jo\u00e3o Pessoa - Pol\u00edcia Militar da Para\u00edba<\/title>\n<meta name=\"robots\" content=\"index, follow, max-snippet:-1, max-image-preview:large, max-video-preview:-1\" \/>\n<link rel=\"canonical\" href=\"https:\/\/www.pm.pb.gov.br\/portal\/2019\/09\/12\/acoes-contra-o-trafico-retira-das-ruas-quase-1-500-embalagens-com-drogas-prontas-para-a-venda-em-joao-pessoa\/\" \/>\n<meta property=\"og:locale\" content=\"pt_BR\" \/>\n<meta property=\"og:type\" content=\"article\" \/>\n<meta property=\"og:title\" content=\"A\u00e7\u00f5es contra o tr\u00e1fico retira das ruas quase 1.500 embalagens com drogas prontas para a venda em Jo\u00e3o Pessoa - Pol\u00edcia Militar da Para\u00edba\" \/>\n<meta property=\"og:description\" content=\"O combate ao tr\u00e1fico de drogas em Jo\u00e3o Pessoa teve mais um resultado com as a\u00e7\u00f5es da Pol\u00edcia Militar, na\" \/>\n<meta property=\"og:url\" content=\"https:\/\/www.pm.pb.gov.br\/portal\/2019\/09\/12\/acoes-contra-o-trafico-retira-das-ruas-quase-1-500-embalagens-com-drogas-prontas-para-a-venda-em-joao-pessoa\/\" \/>\n<meta property=\"og:site_name\" content=\"Pol\u00edcia Militar da Para\u00edba\" \/>\n<meta property=\"article:published_time\" content=\"2019-09-12T14:05:11+00:00\" \/>\n<meta property=\"article:modified_time\" content=\"2019-09-12T14:05:13+00:00\" \/>\n<meta property=\"og:image\" content=\"https:\/\/www.pm.pb.gov.br\/portal\/wp-content\/uploads\/2019\/09\/191e5f38-8c15-4466-bb8f-454471e0938d.jpg\" \/>\n\t<meta property=\"og:image:width\" content=\"1040\" \/>\n\t<meta property=\"og:image:height\" content=\"584\" \/>\n\t<meta property=\"og:image:type\" content=\"image\/jpeg\" \/>\n<meta name=\"author\" content=\"WAGNER HENRIQUE VARELA DA SILVA\" \/>\n<meta name=\"twitter:card\" content=\"summary_large_image\" \/>\n<meta name=\"twitter:label1\" content=\"Escrito por\" \/>\n\t<meta name=\"twitter:data1\" content=\"WAGNER HENRIQUE VARELA DA SILVA\" \/>\n\t<meta name=\"twitter:label2\" content=\"Est. tempo de leitura\" \/>\n\t<meta name=\"twitter:data2\" content=\"2 minutos\" \/>\n<script type=\"application\/ld+json\" class=\"yoast-schema-graph\">{\"@context\":\"https:\/\/schema.org\",\"@graph\":[{\"@type\":\"Article\",\"@id\":\"https:\/\/www.pm.pb.gov.br\/portal\/2019\/09\/12\/acoes-contra-o-trafico-retira-das-ruas-quase-1-500-embalagens-com-drogas-prontas-para-a-venda-em-joao-pessoa\/#article\",\"isPartOf\":{\"@id\":\"https:\/\/www.pm.pb.gov.br\/portal\/2019\/09\/12\/acoes-contra-o-trafico-retira-das-ruas-quase-1-500-embalagens-com-drogas-prontas-para-a-venda-em-joao-pessoa\/\"},\"author\":{\"name\":\"WAGNER HENRIQUE VARELA DA SILVA\",\"@id\":\"https:\/\/www.pm.pb.gov.br\/portal\/#\/schema\/person\/b169b297b8494dea236e315ed1a201d1\"},\"headline\":\"A\u00e7\u00f5es contra o tr\u00e1fico retira das ruas quase 1.500 embalagens com drogas prontas para a venda em Jo\u00e3o Pessoa\",\"datePublished\":\"2019-09-12T14:05:11+00:00\",\"dateModified\":\"2019-09-12T14:05:13+00:00\",\"mainEntityOfPage\":{\"@id\":\"https:\/\/www.pm.pb.gov.br\/portal\/2019\/09\/12\/acoes-contra-o-trafico-retira-das-ruas-quase-1-500-embalagens-com-drogas-prontas-para-a-venda-em-joao-pessoa\/\"},\"wordCount\":371,\"publisher\":{\"@id\":\"https:\/\/www.pm.pb.gov.br\/portal\/#organization\"},\"articleSection\":[\"A\u00e7\u00f5es Policiais\"],\"inLanguage\":\"pt-BR\"},{\"@type\":\"WebPage\",\"@id\":\"https:\/\/www.pm.pb.gov.br\/portal\/2019\/09\/12\/acoes-contra-o-trafico-retira-das-ruas-quase-1-500-embalagens-com-drogas-prontas-para-a-venda-em-joao-pessoa\/\",\"url\":\"https:\/\/www.pm.pb.gov.br\/portal\/2019\/09\/12\/acoes-contra-o-trafico-retira-das-ruas-quase-1-500-embalagens-com-drogas-prontas-para-a-venda-em-joao-pessoa\/\",\"name\":\"A\u00e7\u00f5es contra o tr\u00e1fico retira das ruas quase 1.500 embalagens com drogas prontas para a venda em Jo\u00e3o Pessoa - Pol\u00edcia Militar da Para\u00edba\",\"isPartOf\":{\"@id\":\"https:\/\/www.pm.pb.gov.br\/portal\/#website\"},\"datePublished\":\"2019-09-12T14:05:11+00:00\",\"dateModified\":\"2019-09-12T14:05:13+00:00\",\"breadcrumb\":{\"@id\":\"https:\/\/www.pm.pb.gov.br\/portal\/2019\/09\/12\/acoes-contra-o-trafico-retira-das-ruas-quase-1-500-embalagens-com-drogas-prontas-para-a-venda-em-joao-pessoa\/#breadcrumb\"},\"inLanguage\":\"pt-BR\",\"potentialAction\":[{\"@type\":\"ReadAction\",\"target\":[\"https:\/\/www.pm.pb.gov.br\/portal\/2019\/09\/12\/acoes-contra-o-trafico-retira-das-ruas-quase-1-500-embalagens-com-drogas-prontas-para-a-venda-em-joao-pessoa\/\"]}]},{\"@type\":\"BreadcrumbList\",\"@id\":\"https:\/\/www.pm.pb.gov.br\/portal\/2019\/09\/12\/acoes-contra-o-trafico-retira-das-ruas-quase-1-500-embalagens-com-drogas-prontas-para-a-venda-em-joao-pessoa\/#breadcrumb\",\"itemListElement\":[{\"@type\":\"ListItem\",\"position\":1,\"name\":\"In\u00edcio\",\"item\":\"https:\/\/www.pm.pb.gov.br\/portal\/\"},{\"@type\":\"ListItem\",\"position\":2,\"name\":\"A\u00e7\u00f5es contra o tr\u00e1fico retira das ruas quase 1.500 embalagens com drogas prontas para a venda em Jo\u00e3o Pessoa\"}]},{\"@type\":\"WebSite\",\"@id\":\"https:\/\/www.pm.pb.gov.br\/portal\/#website\",\"url\":\"https:\/\/www.pm.pb.gov.br\/portal\/\",\"name\":\"Pol\u00edcia Militar da Para\u00edba\",\"description\":\"\",\"publisher\":{\"@id\":\"https:\/\/www.pm.pb.gov.br\/portal\/#organization\"},\"potentialAction\":[{\"@type\":\"SearchAction\",\"target\":{\"@type\":\"EntryPoint\",\"urlTemplate\":\"https:\/\/www.pm.pb.gov.br\/portal\/?s={search_term_string}\"},\"query-input\":\"required name=search_term_string\"}],\"inLanguage\":\"pt-BR\"},{\"@type\":\"Organization\",\"@id\":\"https:\/\/www.pm.pb.gov.br\/portal\/#organization\",\"name\":\"Pol\u00edcia Militar da Para\u00edba\",\"url\":\"https:\/\/www.pm.pb.gov.br\/portal\/\",\"logo\":{\"@type\":\"ImageObject\",\"inLanguage\":\"pt-BR\",\"@id\":\"https:\/\/www.pm.pb.gov.br\/portal\/#\/schema\/logo\/image\/\",\"url\":\"https:\/\/www.pm.pb.gov.br\/portal\/wp-content\/uploads\/2025\/03\/cropped-logo-site-mag2-1.png\",\"contentUrl\":\"https:\/\/www.pm.pb.gov.br\/portal\/wp-content\/uploads\/2025\/03\/cropped-logo-site-mag2-1.png\",\"width\":320,\"height\":90,\"caption\":\"Pol\u00edcia Militar da Para\u00edba\"},\"image\":{\"@id\":\"https:\/\/www.pm.pb.gov.br\/portal\/#\/schema\/logo\/image\/\"}},{\"@type\":\"Person\",\"@id\":\"https:\/\/www.pm.pb.gov.br\/portal\/#\/schema\/person\/b169b297b8494dea236e315ed1a201d1\",\"name\":\"WAGNER HENRIQUE VARELA DA SILVA\",\"image\":{\"@type\":\"ImageObject\",\"inLanguage\":\"pt-BR\",\"@id\":\"https:\/\/www.pm.pb.gov.br\/portal\/#\/schema\/person\/image\/\",\"url\":\"https:\/\/secure.gravatar.com\/avatar\/e08af53176a66730df5c0706c6c31fd6?s=96&d=mm&r=g\",\"contentUrl\":\"https:\/\/secure.gravatar.com\/avatar\/e08af53176a66730df5c0706c6c31fd6?s=96&d=mm&r=g\",\"caption\":\"WAGNER HENRIQUE VARELA DA SILVA\"},\"url\":\"https:\/\/www.pm.pb.gov.br\/portal\/author\/varela\/\"}]}<\/script>\n<!-- \/ Yoast SEO plugin. -->","yoast_head_json":{"title":"A\u00e7\u00f5es contra o tr\u00e1fico retira das ruas quase 1.500 embalagens com drogas prontas para a venda em Jo\u00e3o Pessoa - Pol\u00edcia Militar da Para\u00edba","robots":{"index":"index","follow":"follow","max-snippet":"max-snippet:-1","max-image-preview":"max-image-preview:large","max-video-preview":"max-video-preview:-1"},"canonical":"https:\/\/www.pm.pb.gov.br\/portal\/2019\/09\/12\/acoes-contra-o-trafico-retira-das-ruas-quase-1-500-embalagens-com-drogas-prontas-para-a-venda-em-joao-pessoa\/","og_locale":"pt_BR","og_type":"article","og_title":"A\u00e7\u00f5es contra o tr\u00e1fico retira das ruas quase 1.500 embalagens com drogas prontas para a venda em Jo\u00e3o Pessoa - Pol\u00edcia Militar da Para\u00edba","og_description":"O combate ao tr\u00e1fico de drogas em Jo\u00e3o Pessoa teve mais um resultado com as a\u00e7\u00f5es da Pol\u00edcia Militar, na","og_url":"https:\/\/www.pm.pb.gov.br\/portal\/2019\/09\/12\/acoes-contra-o-trafico-retira-das-ruas-quase-1-500-embalagens-com-drogas-prontas-para-a-venda-em-joao-pessoa\/","og_site_name":"Pol\u00edcia Militar da Para\u00edba","article_published_time":"2019-09-12T14:05:11+00:00","article_modified_time":"2019-09-12T14:05:13+00:00","og_image":[{"width":1040,"height":584,"url":"https:\/\/www.pm.pb.gov.br\/portal\/wp-content\/uploads\/2019\/09\/191e5f38-8c15-4466-bb8f-454471e0938d.jpg","type":"image\/jpeg"}],"author":"WAGNER HENRIQUE VARELA DA SILVA","twitter_card":"summary_large_image","twitter_misc":{"Escrito por":"WAGNER HENRIQUE VARELA DA SILVA","Est. tempo de leitura":"2 minutos"},"schema":{"@context":"https:\/\/schema.org","@graph":[{"@type":"Article","@id":"https:\/\/www.pm.pb.gov.br\/portal\/2019\/09\/12\/acoes-contra-o-trafico-retira-das-ruas-quase-1-500-embalagens-com-drogas-prontas-para-a-venda-em-joao-pessoa\/#article","isPartOf":{"@id":"https:\/\/www.pm.pb.gov.br\/portal\/2019\/09\/12\/acoes-contra-o-trafico-retira-das-ruas-quase-1-500-embalagens-com-drogas-prontas-para-a-venda-em-joao-pessoa\/"},"author":{"name":"WAGNER HENRIQUE VARELA DA SILVA","@id":"https:\/\/www.pm.pb.gov.br\/portal\/#\/schema\/person\/b169b297b8494dea236e315ed1a201d1"},"headline":"A\u00e7\u00f5es contra o tr\u00e1fico retira das ruas quase 1.500 embalagens com drogas prontas para a venda em Jo\u00e3o Pessoa","datePublished":"2019-09-12T14:05:11+00:00","dateModified":"2019-09-12T14:05:13+00:00","mainEntityOfPage":{"@id":"https:\/\/www.pm.pb.gov.br\/portal\/2019\/09\/12\/acoes-contra-o-trafico-retira-das-ruas-quase-1-500-embalagens-com-drogas-prontas-para-a-venda-em-joao-pessoa\/"},"wordCount":371,"publisher":{"@id":"https:\/\/www.pm.pb.gov.br\/portal\/#organization"},"articleSection":["A\u00e7\u00f5es Policiais"],"inLanguage":"pt-BR"},{"@type":"WebPage","@id":"https:\/\/www.pm.pb.gov.br\/portal\/2019\/09\/12\/acoes-contra-o-trafico-retira-das-ruas-quase-1-500-embalagens-com-drogas-prontas-para-a-venda-em-joao-pessoa\/","url":"https:\/\/www.pm.pb.gov.br\/portal\/2019\/09\/12\/acoes-contra-o-trafico-retira-das-ruas-quase-1-500-embalagens-com-drogas-prontas-para-a-venda-em-joao-pessoa\/","name":"A\u00e7\u00f5es contra o tr\u00e1fico retira das ruas quase 1.500 embalagens com drogas prontas para a venda em Jo\u00e3o Pessoa - Pol\u00edcia Militar da Para\u00edba","isPartOf":{"@id":"https:\/\/www.pm.pb.gov.br\/portal\/#website"},"datePublished":"2019-09-12T14:05:11+00:00","dateModified":"2019-09-12T14:05:13+00:00","breadcrumb":{"@id":"https:\/\/www.pm.pb.gov.br\/portal\/2019\/09\/12\/acoes-contra-o-trafico-retira-das-ruas-quase-1-500-embalagens-com-drogas-prontas-para-a-venda-em-joao-pessoa\/#breadcrumb"},"inLanguage":"pt-BR","potentialAction":[{"@type":"ReadAction","target":["https:\/\/www.pm.pb.gov.br\/portal\/2019\/09\/12\/acoes-contra-o-trafico-retira-das-ruas-quase-1-500-embalagens-com-drogas-prontas-para-a-venda-em-joao-pessoa\/"]}]},{"@type":"BreadcrumbList","@id":"https:\/\/www.pm.pb.gov.br\/portal\/2019\/09\/12\/acoes-contra-o-trafico-retira-das-ruas-quase-1-500-embalagens-com-drogas-prontas-para-a-venda-em-joao-pessoa\/#breadcrumb","itemListElement":[{"@type":"ListItem","position":1,"name":"In\u00edcio","item":"https:\/\/www.pm.pb.gov.br\/portal\/"},{"@type":"ListItem","position":2,"name":"A\u00e7\u00f5es contra o tr\u00e1fico retira das ruas quase 1.500 embalagens com drogas prontas para a venda em Jo\u00e3o Pessoa"}]},{"@type":"WebSite","@id":"https:\/\/www.pm.pb.gov.br\/portal\/#website","url":"https:\/\/www.pm.pb.gov.br\/portal\/","name":"Pol\u00edcia Militar da Para\u00edba","description":"","publisher":{"@id":"https:\/\/www.pm.pb.gov.br\/portal\/#organization"},"potentialAction":[{"@type":"SearchAction","target":{"@type":"EntryPoint","urlTemplate":"https:\/\/www.pm.pb.gov.br\/portal\/?s={search_term_string}"},"query-input":"required name=search_term_string"}],"inLanguage":"pt-BR"},{"@type":"Organization","@id":"https:\/\/www.pm.pb.gov.br\/portal\/#organization","name":"Pol\u00edcia Militar da Para\u00edba","url":"https:\/\/www.pm.pb.gov.br\/portal\/","logo":{"@type":"ImageObject","inLanguage":"pt-BR","@id":"https:\/\/www.pm.pb.gov.br\/portal\/#\/schema\/logo\/image\/","url":"https:\/\/www.pm.pb.gov.br\/portal\/wp-content\/uploads\/2025\/03\/cropped-logo-site-mag2-1.png","contentUrl":"https:\/\/www.pm.pb.gov.br\/portal\/wp-content\/uploads\/2025\/03\/cropped-logo-site-mag2-1.png","width":320,"height":90,"caption":"Pol\u00edcia Militar da Para\u00edba"},"image":{"@id":"https:\/\/www.pm.pb.gov.br\/portal\/#\/schema\/logo\/image\/"}},{"@type":"Person","@id":"https:\/\/www.pm.pb.gov.br\/portal\/#\/schema\/person\/b169b297b8494dea236e315ed1a201d1","name":"WAGNER HENRIQUE VARELA DA SILVA","image":{"@type":"ImageObject","inLanguage":"pt-BR","@id":"https:\/\/www.pm.pb.gov.br\/portal\/#\/schema\/person\/image\/","url":"https:\/\/secure.gravatar.com\/avatar\/e08af53176a66730df5c0706c6c31fd6?s=96&d=mm&r=g","contentUrl":"https:\/\/secure.gravatar.com\/avatar\/e08af53176a66730df5c0706c6c31fd6?s=96&d=mm&r=g","caption":"WAGNER HENRIQUE VARELA DA SILVA"},"url":"https:\/\/www.pm.pb.gov.br\/portal\/author\/varela\/"}]}},"_links":{"self":[{"href":"https:\/\/www.pm.pb.gov.br\/portal\/wp-json\/wp\/v2\/posts\/902283"}],"collection":[{"href":"https:\/\/www.pm.pb.gov.br\/portal\/wp-json\/wp\/v2\/posts"}],"about":[{"href":"https:\/\/www.pm.pb.gov.br\/portal\/wp-json\/wp\/v2\/types\/post"}],"author":[{"embeddable":true,"href":"https:\/\/www.pm.pb.gov.br\/portal\/wp-json\/wp\/v2\/users\/10"}],"replies":[{"embeddable":true,"href":"https:\/\/www.pm.pb.gov.br\/portal\/wp-json\/wp\/v2\/comments?post=902283"}],"version-history":[{"count":1,"href":"https:\/\/www.pm.pb.gov.br\/portal\/wp-json\/wp\/v2\/posts\/902283\/revisions"}],"predecessor-version":[{"id":902284,"href":"https:\/\/www.pm.pb.gov.br\/portal\/wp-json\/wp\/v2\/posts\/902283\/revisions\/902284"}],"wp:featuredmedia":[{"embeddable":true,"href":"https:\/\/www.pm.pb.gov.br\/portal\/wp-json\/wp\/v2\/media\/902288"}],"wp:attachment":[{"href":"https:\/\/www.pm.pb.gov.br\/portal\/wp-json\/wp\/v2\/media?parent=902283"}],"wp:term":[{"taxonomy":"category","embeddable":true,"href":"https:\/\/www.pm.pb.gov.br\/portal\/wp-json\/wp\/v2\/categories?post=902283"},{"taxonomy":"post_tag","embeddable":true,"href":"https:\/\/www.pm.pb.gov.br\/portal\/wp-json\/wp\/v2\/tags?post=902283"}],"curies":[{"name":"wp","href":"https:\/\/api.w.org\/{rel}","templated":true}]}}