{"id":902014,"date":"2019-08-27T17:18:13","date_gmt":"2019-08-27T20:18:13","guid":{"rendered":"http:\/\/www.pm.pb.gov.br\/portal\/?p=902014"},"modified":"2019-08-27T17:20:27","modified_gmt":"2019-08-27T20:20:27","slug":"policia-militar-da-paraiba-recebe-homenagens-e-visitas-de-criancas-em-alusao-ao-dia-do-soldado","status":"publish","type":"post","link":"https:\/\/www.pm.pb.gov.br\/portal\/2019\/08\/27\/policia-militar-da-paraiba-recebe-homenagens-e-visitas-de-criancas-em-alusao-ao-dia-do-soldado\/","title":{"rendered":"Pol\u00edcia Militar da Para\u00edba recebe homenagens e visitas de crian\u00e7as em alus\u00e3o ao Dia do Soldado"},"content":{"rendered":"\n<p>Comunidade e Pol\u00edcia Militar caminham lado a lado. E um dos elos mais fortes dessa rela\u00e7\u00e3o s\u00e3o as crian\u00e7as. Cheias de sonhos e na busca constante de super-her\u00f3is, o policial \u00e9 uma das figuras mais pr\u00f3ximas do dia a dia dos pequenos. Basta embarcar numa viatura e percorrer alguns bairros para perceber os acenos e sorrisos, que s\u00e3o prontamente retribu\u00eddos pelas guarni\u00e7\u00f5es.<\/p>\n<p>Como forma de corresponder esse carinho e realizar uma atividade alusiva ao Dia do Soldado, comemorado no \u00faltimo domingo (25), v\u00e1rias escolas do estado visitaram unidades policiais. Desde a regi\u00e3o metropolitana at\u00e9 o sert\u00e3o, Companhias e Batalh\u00f5es da Pol\u00edcia Militar da Para\u00edba abriram suas portas para os jovens cidad\u00e3os.<\/p>\n<p>Em Jo\u00e3o Pessoa, o 5\u00ba Batalh\u00e3o recebeu cerca de 450 crian\u00e7as do Instituto Educacional \u00c0gape, do bairro Valentina Figueiredo, na \u00faltima segunda-feira (26). Na ocasi\u00e3o, os alunos conheceram as instala\u00e7\u00f5es, viaturas e equipamentos. Al\u00e9m disso, assistiram a uma apresenta\u00e7\u00e3o realizada pela Companhia de Policiamento com C\u00e3es (CPC\u00e3es), com demonstra\u00e7\u00f5es de adestramento e utiliza\u00e7\u00e3o no policiamento. (foto abaixo; registro: Ten D\u00e9bora)<\/p>\n<p><img loading=\"lazy\" decoding=\"async\" class=\"alignnone size-medium wp-image-902018\" src=\"http:\/\/www.pm.pb.gov.br\/portal\/wp-content\/uploads\/2019\/08\/alternativo2-774x445.jpg\" alt=\"\" width=\"774\" height=\"445\" srcset=\"https:\/\/www.pm.pb.gov.br\/portal\/wp-content\/uploads\/2019\/08\/alternativo2-774x445.jpg 774w, https:\/\/www.pm.pb.gov.br\/portal\/wp-content\/uploads\/2019\/08\/alternativo2-768x442.jpg 768w, https:\/\/www.pm.pb.gov.br\/portal\/wp-content\/uploads\/2019\/08\/alternativo2-991x570.jpg 991w, https:\/\/www.pm.pb.gov.br\/portal\/wp-content\/uploads\/2019\/08\/alternativo2.jpg 1280w\" sizes=\"(max-width: 774px) 100vw, 774px\" \/><\/p>\n<p>Tamb\u00e9m na segunda, no munic\u00edpio de Ing\u00e1, na \u00e1rea de atua\u00e7\u00e3o do 8\u00ba Batalh\u00e3o, meninos e meninas da Escola Municipal Professora C\u00e2ndida Am\u00e9lia de Farias Braga conheceram a din\u00e2mica da 3\u00aa Companhia de Pol\u00edcia Militar. Ao final da visita lancharam com os policiais e entregaram cartas de agradecimento. (foto abaixo)<\/p>\n<p><img loading=\"lazy\" decoding=\"async\" class=\"alignnone size-medium wp-image-902019\" src=\"http:\/\/www.pm.pb.gov.br\/portal\/wp-content\/uploads\/2019\/08\/WhatsApp-Image-2019-08-27-at-16.03.06-790x445.jpeg\" alt=\"\" width=\"790\" height=\"445\" srcset=\"https:\/\/www.pm.pb.gov.br\/portal\/wp-content\/uploads\/2019\/08\/WhatsApp-Image-2019-08-27-at-16.03.06-790x445.jpeg 790w, https:\/\/www.pm.pb.gov.br\/portal\/wp-content\/uploads\/2019\/08\/WhatsApp-Image-2019-08-27-at-16.03.06-768x432.jpeg 768w, https:\/\/www.pm.pb.gov.br\/portal\/wp-content\/uploads\/2019\/08\/WhatsApp-Image-2019-08-27-at-16.03.06-1012x570.jpeg 1012w, https:\/\/www.pm.pb.gov.br\/portal\/wp-content\/uploads\/2019\/08\/WhatsApp-Image-2019-08-27-at-16.03.06.jpeg 1032w\" sizes=\"(max-width: 790px) 100vw, 790px\" \/><\/p>\n<p>J\u00e1 no sert\u00e3o, policiais 12\u00ba Batalh\u00e3o receberam homenagens de alunos e professores de escolas de Catol\u00e9 do Rocha. Na Escola Municipal Catarina Maia, integrantes da Patrulha Mirim Solid\u00e1ria homenagearam a coordena\u00e7\u00e3o do projeto, que tem \u00e0 frente o tenente Fernando. Na ocasi\u00e3o, presentearam os policiais e at\u00e9 fizeram um bolo personalizado. (foto abaixo)<\/p>\n<p><img loading=\"lazy\" decoding=\"async\" class=\"size-medium wp-image-902020 aligncenter\" src=\"http:\/\/www.pm.pb.gov.br\/portal\/wp-content\/uploads\/2019\/08\/780535ef-3bff-4d50-b702-5bb7ef066aa3-593x445.jpg\" alt=\"\" width=\"593\" height=\"445\" srcset=\"https:\/\/www.pm.pb.gov.br\/portal\/wp-content\/uploads\/2019\/08\/780535ef-3bff-4d50-b702-5bb7ef066aa3-593x445.jpg 593w, https:\/\/www.pm.pb.gov.br\/portal\/wp-content\/uploads\/2019\/08\/780535ef-3bff-4d50-b702-5bb7ef066aa3-768x576.jpg 768w, https:\/\/www.pm.pb.gov.br\/portal\/wp-content\/uploads\/2019\/08\/780535ef-3bff-4d50-b702-5bb7ef066aa3-760x570.jpg 760w, https:\/\/www.pm.pb.gov.br\/portal\/wp-content\/uploads\/2019\/08\/780535ef-3bff-4d50-b702-5bb7ef066aa3.jpg 1280w\" sizes=\"(max-width: 593px) 100vw, 593px\" \/><\/p>\n<p>Em Patos, trinta (30) crian\u00e7as da Escola \u00c1gape conheceram a sede do 3\u00ba Batalh\u00e3o (foto abaixo), al\u00e9m do cotidiano da unidade. Enquanto na cidade de Santa Luzia, alunos da Escola Estadual Jovino Machado tiveram palestras sobre a atividade policial. Na visita foram enfatizados pontos como civismo, patriotismo, cidadania e disciplina.\u00a0<\/p>\n<p><img loading=\"lazy\" decoding=\"async\" class=\"alignnone size-medium wp-image-902021\" src=\"http:\/\/www.pm.pb.gov.br\/portal\/wp-content\/uploads\/2019\/08\/alternativo4-800x441.jpeg\" alt=\"\" width=\"800\" height=\"441\" srcset=\"https:\/\/www.pm.pb.gov.br\/portal\/wp-content\/uploads\/2019\/08\/alternativo4-800x441.jpeg 800w, https:\/\/www.pm.pb.gov.br\/portal\/wp-content\/uploads\/2019\/08\/alternativo4-245x136.jpeg 245w, https:\/\/www.pm.pb.gov.br\/portal\/wp-content\/uploads\/2019\/08\/alternativo4-768x423.jpeg 768w, https:\/\/www.pm.pb.gov.br\/portal\/wp-content\/uploads\/2019\/08\/alternativo4-1024x564.jpeg 1024w, https:\/\/www.pm.pb.gov.br\/portal\/wp-content\/uploads\/2019\/08\/alternativo4.jpeg 1280w\" sizes=\"(max-width: 800px) 100vw, 800px\" \/><\/p>\n<p>Para o comandante-geral da Pol\u00edcia Militar, coronel Euller Chaves, a intera\u00e7\u00e3o das crian\u00e7as com os policiais militares s\u00e3o o resultado do profissionalismo e da aten\u00e7\u00e3o que a corpora\u00e7\u00e3o tem para com a inf\u00e2ncia, que tanto admira os seus her\u00f3is de farda. \u201cEssas a\u00e7\u00f5es espont\u00e2neas s\u00f3 v\u00eam a fortalecer a Pol\u00edcia Militar da Para\u00edba enquanto institui\u00e7\u00e3o garantidora dos Direitos Humanos, e que, j\u00e1 nos primeiros anos da vida dessas crian\u00e7as, segue como referencial de prote\u00e7\u00e3o e cuidado n\u00e3o s\u00f3 delas, mas de toda a sociedade\u201d, disse.<\/p>\n","protected":false},"excerpt":{"rendered":"<p>Comunidade e Pol\u00edcia Militar caminham lado a lado. E um dos elos mais fortes dessa rela\u00e7\u00e3o s\u00e3o as crian\u00e7as. Cheias<\/p>\n","protected":false},"author":12,"featured_media":902016,"comment_status":"closed","ping_status":"closed","sticky":false,"template":"","format":"standard","meta":{"_exactmetrics_skip_tracking":false,"_exactmetrics_sitenote_active":false,"_exactmetrics_sitenote_note":"","_exactmetrics_sitenote_category":0,"footnotes":""},"categories":[5,13],"tags":[],"yoast_head":"<!-- This site is optimized with the Yoast SEO plugin v22.0 - https:\/\/yoast.com\/wordpress\/plugins\/seo\/ -->\n<title>Pol\u00edcia Militar da Para\u00edba recebe homenagens e visitas de crian\u00e7as em alus\u00e3o ao Dia do Soldado - Pol\u00edcia Militar da Para\u00edba<\/title>\n<meta name=\"robots\" content=\"index, follow, max-snippet:-1, max-image-preview:large, max-video-preview:-1\" \/>\n<link rel=\"canonical\" href=\"https:\/\/www.pm.pb.gov.br\/portal\/2019\/08\/27\/policia-militar-da-paraiba-recebe-homenagens-e-visitas-de-criancas-em-alusao-ao-dia-do-soldado\/\" \/>\n<meta property=\"og:locale\" content=\"pt_BR\" \/>\n<meta property=\"og:type\" content=\"article\" \/>\n<meta property=\"og:title\" content=\"Pol\u00edcia Militar da Para\u00edba recebe homenagens e visitas de crian\u00e7as em alus\u00e3o ao Dia do Soldado - Pol\u00edcia Militar da Para\u00edba\" \/>\n<meta property=\"og:description\" content=\"Comunidade e Pol\u00edcia Militar caminham lado a lado. E um dos elos mais fortes dessa rela\u00e7\u00e3o s\u00e3o as crian\u00e7as. Cheias\" \/>\n<meta property=\"og:url\" content=\"https:\/\/www.pm.pb.gov.br\/portal\/2019\/08\/27\/policia-militar-da-paraiba-recebe-homenagens-e-visitas-de-criancas-em-alusao-ao-dia-do-soldado\/\" \/>\n<meta property=\"og:site_name\" content=\"Pol\u00edcia Militar da Para\u00edba\" \/>\n<meta property=\"article:published_time\" content=\"2019-08-27T20:18:13+00:00\" \/>\n<meta property=\"article:modified_time\" content=\"2019-08-27T20:20:27+00:00\" \/>\n<meta property=\"og:image\" content=\"https:\/\/www.pm.pb.gov.br\/portal\/wp-content\/uploads\/2019\/08\/principal-1.jpg\" \/>\n\t<meta property=\"og:image:width\" content=\"800\" \/>\n\t<meta property=\"og:image:height\" content=\"445\" \/>\n\t<meta property=\"og:image:type\" content=\"image\/jpeg\" \/>\n<meta name=\"author\" content=\"Tarcisio Oliveira\" \/>\n<meta name=\"twitter:card\" content=\"summary_large_image\" \/>\n<meta name=\"twitter:label1\" content=\"Escrito por\" \/>\n\t<meta name=\"twitter:data1\" content=\"Tarcisio Oliveira\" \/>\n\t<meta name=\"twitter:label2\" content=\"Est. tempo de leitura\" \/>\n\t<meta name=\"twitter:data2\" content=\"2 minutos\" \/>\n<script type=\"application\/ld+json\" class=\"yoast-schema-graph\">{\"@context\":\"https:\/\/schema.org\",\"@graph\":[{\"@type\":\"Article\",\"@id\":\"https:\/\/www.pm.pb.gov.br\/portal\/2019\/08\/27\/policia-militar-da-paraiba-recebe-homenagens-e-visitas-de-criancas-em-alusao-ao-dia-do-soldado\/#article\",\"isPartOf\":{\"@id\":\"https:\/\/www.pm.pb.gov.br\/portal\/2019\/08\/27\/policia-militar-da-paraiba-recebe-homenagens-e-visitas-de-criancas-em-alusao-ao-dia-do-soldado\/\"},\"author\":{\"name\":\"Tarcisio Oliveira\",\"@id\":\"https:\/\/www.pm.pb.gov.br\/portal\/#\/schema\/person\/f84f56dcc78ce4357054da888b8247fd\"},\"headline\":\"Pol\u00edcia Militar da Para\u00edba recebe homenagens e visitas de crian\u00e7as em alus\u00e3o ao Dia do Soldado\",\"datePublished\":\"2019-08-27T20:18:13+00:00\",\"dateModified\":\"2019-08-27T20:20:27+00:00\",\"mainEntityOfPage\":{\"@id\":\"https:\/\/www.pm.pb.gov.br\/portal\/2019\/08\/27\/policia-militar-da-paraiba-recebe-homenagens-e-visitas-de-criancas-em-alusao-ao-dia-do-soldado\/\"},\"wordCount\":479,\"publisher\":{\"@id\":\"https:\/\/www.pm.pb.gov.br\/portal\/#organization\"},\"articleSection\":[\"Homenagens\",\"Visitas Especiais\"],\"inLanguage\":\"pt-BR\"},{\"@type\":\"WebPage\",\"@id\":\"https:\/\/www.pm.pb.gov.br\/portal\/2019\/08\/27\/policia-militar-da-paraiba-recebe-homenagens-e-visitas-de-criancas-em-alusao-ao-dia-do-soldado\/\",\"url\":\"https:\/\/www.pm.pb.gov.br\/portal\/2019\/08\/27\/policia-militar-da-paraiba-recebe-homenagens-e-visitas-de-criancas-em-alusao-ao-dia-do-soldado\/\",\"name\":\"Pol\u00edcia Militar da Para\u00edba recebe homenagens e visitas de crian\u00e7as em alus\u00e3o ao Dia do Soldado - Pol\u00edcia Militar da Para\u00edba\",\"isPartOf\":{\"@id\":\"https:\/\/www.pm.pb.gov.br\/portal\/#website\"},\"datePublished\":\"2019-08-27T20:18:13+00:00\",\"dateModified\":\"2019-08-27T20:20:27+00:00\",\"breadcrumb\":{\"@id\":\"https:\/\/www.pm.pb.gov.br\/portal\/2019\/08\/27\/policia-militar-da-paraiba-recebe-homenagens-e-visitas-de-criancas-em-alusao-ao-dia-do-soldado\/#breadcrumb\"},\"inLanguage\":\"pt-BR\",\"potentialAction\":[{\"@type\":\"ReadAction\",\"target\":[\"https:\/\/www.pm.pb.gov.br\/portal\/2019\/08\/27\/policia-militar-da-paraiba-recebe-homenagens-e-visitas-de-criancas-em-alusao-ao-dia-do-soldado\/\"]}]},{\"@type\":\"BreadcrumbList\",\"@id\":\"https:\/\/www.pm.pb.gov.br\/portal\/2019\/08\/27\/policia-militar-da-paraiba-recebe-homenagens-e-visitas-de-criancas-em-alusao-ao-dia-do-soldado\/#breadcrumb\",\"itemListElement\":[{\"@type\":\"ListItem\",\"position\":1,\"name\":\"In\u00edcio\",\"item\":\"https:\/\/www.pm.pb.gov.br\/portal\/\"},{\"@type\":\"ListItem\",\"position\":2,\"name\":\"Pol\u00edcia Militar da Para\u00edba recebe homenagens e visitas de crian\u00e7as em alus\u00e3o ao Dia do Soldado\"}]},{\"@type\":\"WebSite\",\"@id\":\"https:\/\/www.pm.pb.gov.br\/portal\/#website\",\"url\":\"https:\/\/www.pm.pb.gov.br\/portal\/\",\"name\":\"Pol\u00edcia Militar da Para\u00edba\",\"description\":\"\",\"publisher\":{\"@id\":\"https:\/\/www.pm.pb.gov.br\/portal\/#organization\"},\"potentialAction\":[{\"@type\":\"SearchAction\",\"target\":{\"@type\":\"EntryPoint\",\"urlTemplate\":\"https:\/\/www.pm.pb.gov.br\/portal\/?s={search_term_string}\"},\"query-input\":\"required name=search_term_string\"}],\"inLanguage\":\"pt-BR\"},{\"@type\":\"Organization\",\"@id\":\"https:\/\/www.pm.pb.gov.br\/portal\/#organization\",\"name\":\"Pol\u00edcia Militar da Para\u00edba\",\"url\":\"https:\/\/www.pm.pb.gov.br\/portal\/\",\"logo\":{\"@type\":\"ImageObject\",\"inLanguage\":\"pt-BR\",\"@id\":\"https:\/\/www.pm.pb.gov.br\/portal\/#\/schema\/logo\/image\/\",\"url\":\"https:\/\/www.pm.pb.gov.br\/portal\/wp-content\/uploads\/2025\/03\/cropped-logo-site-mag2-1.png\",\"contentUrl\":\"https:\/\/www.pm.pb.gov.br\/portal\/wp-content\/uploads\/2025\/03\/cropped-logo-site-mag2-1.png\",\"width\":320,\"height\":90,\"caption\":\"Pol\u00edcia Militar da Para\u00edba\"},\"image\":{\"@id\":\"https:\/\/www.pm.pb.gov.br\/portal\/#\/schema\/logo\/image\/\"}},{\"@type\":\"Person\",\"@id\":\"https:\/\/www.pm.pb.gov.br\/portal\/#\/schema\/person\/f84f56dcc78ce4357054da888b8247fd\",\"name\":\"Tarcisio Oliveira\",\"image\":{\"@type\":\"ImageObject\",\"inLanguage\":\"pt-BR\",\"@id\":\"https:\/\/www.pm.pb.gov.br\/portal\/#\/schema\/person\/image\/\",\"url\":\"https:\/\/secure.gravatar.com\/avatar\/72917b630b69d31cd0297507f34bac97?s=96&d=mm&r=g\",\"contentUrl\":\"https:\/\/secure.gravatar.com\/avatar\/72917b630b69d31cd0297507f34bac97?s=96&d=mm&r=g\",\"caption\":\"Tarcisio Oliveira\"},\"url\":\"https:\/\/www.pm.pb.gov.br\/portal\/author\/tarcisio\/\"}]}<\/script>\n<!-- \/ Yoast SEO plugin. -->","yoast_head_json":{"title":"Pol\u00edcia Militar da Para\u00edba recebe homenagens e visitas de crian\u00e7as em alus\u00e3o ao Dia do Soldado - Pol\u00edcia Militar da Para\u00edba","robots":{"index":"index","follow":"follow","max-snippet":"max-snippet:-1","max-image-preview":"max-image-preview:large","max-video-preview":"max-video-preview:-1"},"canonical":"https:\/\/www.pm.pb.gov.br\/portal\/2019\/08\/27\/policia-militar-da-paraiba-recebe-homenagens-e-visitas-de-criancas-em-alusao-ao-dia-do-soldado\/","og_locale":"pt_BR","og_type":"article","og_title":"Pol\u00edcia Militar da Para\u00edba recebe homenagens e visitas de crian\u00e7as em alus\u00e3o ao Dia do Soldado - Pol\u00edcia Militar da Para\u00edba","og_description":"Comunidade e Pol\u00edcia Militar caminham lado a lado. E um dos elos mais fortes dessa rela\u00e7\u00e3o s\u00e3o as crian\u00e7as. Cheias","og_url":"https:\/\/www.pm.pb.gov.br\/portal\/2019\/08\/27\/policia-militar-da-paraiba-recebe-homenagens-e-visitas-de-criancas-em-alusao-ao-dia-do-soldado\/","og_site_name":"Pol\u00edcia Militar da Para\u00edba","article_published_time":"2019-08-27T20:18:13+00:00","article_modified_time":"2019-08-27T20:20:27+00:00","og_image":[{"width":800,"height":445,"url":"https:\/\/www.pm.pb.gov.br\/portal\/wp-content\/uploads\/2019\/08\/principal-1.jpg","type":"image\/jpeg"}],"author":"Tarcisio Oliveira","twitter_card":"summary_large_image","twitter_misc":{"Escrito por":"Tarcisio Oliveira","Est. tempo de leitura":"2 minutos"},"schema":{"@context":"https:\/\/schema.org","@graph":[{"@type":"Article","@id":"https:\/\/www.pm.pb.gov.br\/portal\/2019\/08\/27\/policia-militar-da-paraiba-recebe-homenagens-e-visitas-de-criancas-em-alusao-ao-dia-do-soldado\/#article","isPartOf":{"@id":"https:\/\/www.pm.pb.gov.br\/portal\/2019\/08\/27\/policia-militar-da-paraiba-recebe-homenagens-e-visitas-de-criancas-em-alusao-ao-dia-do-soldado\/"},"author":{"name":"Tarcisio Oliveira","@id":"https:\/\/www.pm.pb.gov.br\/portal\/#\/schema\/person\/f84f56dcc78ce4357054da888b8247fd"},"headline":"Pol\u00edcia Militar da Para\u00edba recebe homenagens e visitas de crian\u00e7as em alus\u00e3o ao Dia do Soldado","datePublished":"2019-08-27T20:18:13+00:00","dateModified":"2019-08-27T20:20:27+00:00","mainEntityOfPage":{"@id":"https:\/\/www.pm.pb.gov.br\/portal\/2019\/08\/27\/policia-militar-da-paraiba-recebe-homenagens-e-visitas-de-criancas-em-alusao-ao-dia-do-soldado\/"},"wordCount":479,"publisher":{"@id":"https:\/\/www.pm.pb.gov.br\/portal\/#organization"},"articleSection":["Homenagens","Visitas Especiais"],"inLanguage":"pt-BR"},{"@type":"WebPage","@id":"https:\/\/www.pm.pb.gov.br\/portal\/2019\/08\/27\/policia-militar-da-paraiba-recebe-homenagens-e-visitas-de-criancas-em-alusao-ao-dia-do-soldado\/","url":"https:\/\/www.pm.pb.gov.br\/portal\/2019\/08\/27\/policia-militar-da-paraiba-recebe-homenagens-e-visitas-de-criancas-em-alusao-ao-dia-do-soldado\/","name":"Pol\u00edcia Militar da Para\u00edba recebe homenagens e visitas de crian\u00e7as em alus\u00e3o ao Dia do Soldado - Pol\u00edcia Militar da Para\u00edba","isPartOf":{"@id":"https:\/\/www.pm.pb.gov.br\/portal\/#website"},"datePublished":"2019-08-27T20:18:13+00:00","dateModified":"2019-08-27T20:20:27+00:00","breadcrumb":{"@id":"https:\/\/www.pm.pb.gov.br\/portal\/2019\/08\/27\/policia-militar-da-paraiba-recebe-homenagens-e-visitas-de-criancas-em-alusao-ao-dia-do-soldado\/#breadcrumb"},"inLanguage":"pt-BR","potentialAction":[{"@type":"ReadAction","target":["https:\/\/www.pm.pb.gov.br\/portal\/2019\/08\/27\/policia-militar-da-paraiba-recebe-homenagens-e-visitas-de-criancas-em-alusao-ao-dia-do-soldado\/"]}]},{"@type":"BreadcrumbList","@id":"https:\/\/www.pm.pb.gov.br\/portal\/2019\/08\/27\/policia-militar-da-paraiba-recebe-homenagens-e-visitas-de-criancas-em-alusao-ao-dia-do-soldado\/#breadcrumb","itemListElement":[{"@type":"ListItem","position":1,"name":"In\u00edcio","item":"https:\/\/www.pm.pb.gov.br\/portal\/"},{"@type":"ListItem","position":2,"name":"Pol\u00edcia Militar da Para\u00edba recebe homenagens e visitas de crian\u00e7as em alus\u00e3o ao Dia do Soldado"}]},{"@type":"WebSite","@id":"https:\/\/www.pm.pb.gov.br\/portal\/#website","url":"https:\/\/www.pm.pb.gov.br\/portal\/","name":"Pol\u00edcia Militar da Para\u00edba","description":"","publisher":{"@id":"https:\/\/www.pm.pb.gov.br\/portal\/#organization"},"potentialAction":[{"@type":"SearchAction","target":{"@type":"EntryPoint","urlTemplate":"https:\/\/www.pm.pb.gov.br\/portal\/?s={search_term_string}"},"query-input":"required name=search_term_string"}],"inLanguage":"pt-BR"},{"@type":"Organization","@id":"https:\/\/www.pm.pb.gov.br\/portal\/#organization","name":"Pol\u00edcia Militar da Para\u00edba","url":"https:\/\/www.pm.pb.gov.br\/portal\/","logo":{"@type":"ImageObject","inLanguage":"pt-BR","@id":"https:\/\/www.pm.pb.gov.br\/portal\/#\/schema\/logo\/image\/","url":"https:\/\/www.pm.pb.gov.br\/portal\/wp-content\/uploads\/2025\/03\/cropped-logo-site-mag2-1.png","contentUrl":"https:\/\/www.pm.pb.gov.br\/portal\/wp-content\/uploads\/2025\/03\/cropped-logo-site-mag2-1.png","width":320,"height":90,"caption":"Pol\u00edcia Militar da Para\u00edba"},"image":{"@id":"https:\/\/www.pm.pb.gov.br\/portal\/#\/schema\/logo\/image\/"}},{"@type":"Person","@id":"https:\/\/www.pm.pb.gov.br\/portal\/#\/schema\/person\/f84f56dcc78ce4357054da888b8247fd","name":"Tarcisio Oliveira","image":{"@type":"ImageObject","inLanguage":"pt-BR","@id":"https:\/\/www.pm.pb.gov.br\/portal\/#\/schema\/person\/image\/","url":"https:\/\/secure.gravatar.com\/avatar\/72917b630b69d31cd0297507f34bac97?s=96&d=mm&r=g","contentUrl":"https:\/\/secure.gravatar.com\/avatar\/72917b630b69d31cd0297507f34bac97?s=96&d=mm&r=g","caption":"Tarcisio Oliveira"},"url":"https:\/\/www.pm.pb.gov.br\/portal\/author\/tarcisio\/"}]}},"_links":{"self":[{"href":"https:\/\/www.pm.pb.gov.br\/portal\/wp-json\/wp\/v2\/posts\/902014"}],"collection":[{"href":"https:\/\/www.pm.pb.gov.br\/portal\/wp-json\/wp\/v2\/posts"}],"about":[{"href":"https:\/\/www.pm.pb.gov.br\/portal\/wp-json\/wp\/v2\/types\/post"}],"author":[{"embeddable":true,"href":"https:\/\/www.pm.pb.gov.br\/portal\/wp-json\/wp\/v2\/users\/12"}],"replies":[{"embeddable":true,"href":"https:\/\/www.pm.pb.gov.br\/portal\/wp-json\/wp\/v2\/comments?post=902014"}],"version-history":[{"count":5,"href":"https:\/\/www.pm.pb.gov.br\/portal\/wp-json\/wp\/v2\/posts\/902014\/revisions"}],"predecessor-version":[{"id":902025,"href":"https:\/\/www.pm.pb.gov.br\/portal\/wp-json\/wp\/v2\/posts\/902014\/revisions\/902025"}],"wp:featuredmedia":[{"embeddable":true,"href":"https:\/\/www.pm.pb.gov.br\/portal\/wp-json\/wp\/v2\/media\/902016"}],"wp:attachment":[{"href":"https:\/\/www.pm.pb.gov.br\/portal\/wp-json\/wp\/v2\/media?parent=902014"}],"wp:term":[{"taxonomy":"category","embeddable":true,"href":"https:\/\/www.pm.pb.gov.br\/portal\/wp-json\/wp\/v2\/categories?post=902014"},{"taxonomy":"post_tag","embeddable":true,"href":"https:\/\/www.pm.pb.gov.br\/portal\/wp-json\/wp\/v2\/tags?post=902014"}],"curies":[{"name":"wp","href":"https:\/\/api.w.org\/{rel}","templated":true}]}}