{"id":901830,"date":"2019-08-10T15:43:33","date_gmt":"2019-08-10T18:43:33","guid":{"rendered":"http:\/\/www.pm.pb.gov.br\/portal\/?p=901830"},"modified":"2019-08-10T15:43:35","modified_gmt":"2019-08-10T18:43:35","slug":"acusados-de-assaltar-onibus-sao-detidos-em-flagrante-apos-vitimas-pedirem-ajuda-na-sede-do-bepmotos","status":"publish","type":"post","link":"https:\/\/www.pm.pb.gov.br\/portal\/2019\/08\/10\/acusados-de-assaltar-onibus-sao-detidos-em-flagrante-apos-vitimas-pedirem-ajuda-na-sede-do-bepmotos\/","title":{"rendered":"Acusados de assaltar \u00f4nibus s\u00e3o detidos em flagrante ap\u00f3s v\u00edtimas pedirem ajuda na sede do BEPMotos"},"content":{"rendered":"\n<p>Em menos de cinco minutos, os policiais do Batalh\u00e3o Especializado de Policiamento com Motocicletas (BEPMotos) localizaram e detiveram em flagrante os tr\u00eas acusados que assaltaram um \u00f4nibus da linha 5120 (Valentina &#8211; Epit\u00e1cio), no in\u00edcio da tarde deste s\u00e1bado (10), perto da Pra\u00e7a das Muri\u00e7ocas, no bairro de Miramar, na Capital. As v\u00edtimas foram diretamente na sede do BEPMotos, que fica no caminho onde passa o coletivo, na Avenida Epit\u00e1cio Pessoa, passaram as caracter\u00edsticas dos suspeitos e rapidamente eles tiveram a fuga interceptada, pelas equipes \u201c\u00c1guia Piloto\u201d e \u201c\u00c1guia 03\u201d.<\/p>\n<p>Os suspeitos estavam descendo \u00e0 p\u00e9\u00a0 a ladeira que liga o bairro de Miramar ao Castelo Branco, comemorando o assalto, quando foram surpreendidos pelos policiais nas motos. Com eles, foram recuperados todos os celulares levados dos passageiros, o dinheiro roubado do \u00f4nibus e apreendido o simulacro de pistola que eles usaram para intimidar as v\u00edtimas.<\/p>\n<p>Os acusados t\u00eam 29, 22 e 16 anos. Todos eles j\u00e1 tinham passagem pela pol\u00edcia por roubo. O trio foi levado para a Central de Flagrantes, no Geisel.<\/p>\n<p>11 PRIS\u00d5ES &#8211; Subiu para 11 o n\u00famero de presos e apreendidos pelo BEPMotos, desde que o Batalh\u00e3o foi inaugurado, na \u00faltima segunda-feira (5). Foragidos da justi\u00e7a, suspeitos de roubos e tr\u00e1fico de drogas est\u00e3o entre os presos levados para a delegacia pelos \u201c\u00c1guias\u201d (como s\u00e3o chamados os policiais que integram a unidade).<\/p>\n","protected":false},"excerpt":{"rendered":"<p>Em menos de cinco minutos, os policiais do Batalh\u00e3o Especializado de Policiamento com Motocicletas (BEPMotos) localizaram e detiveram em flagrante<\/p>\n","protected":false},"author":15,"featured_media":901831,"comment_status":"closed","ping_status":"closed","sticky":false,"template":"","format":"standard","meta":{"_exactmetrics_skip_tracking":false,"_exactmetrics_sitenote_active":false,"_exactmetrics_sitenote_note":"","_exactmetrics_sitenote_category":0,"footnotes":""},"categories":[4],"tags":[],"yoast_head":"<!-- This site is optimized with the Yoast SEO plugin v22.0 - https:\/\/yoast.com\/wordpress\/plugins\/seo\/ -->\n<title>Acusados de assaltar \u00f4nibus s\u00e3o detidos em flagrante ap\u00f3s v\u00edtimas pedirem ajuda na sede do BEPMotos - Pol\u00edcia Militar da Para\u00edba<\/title>\n<meta name=\"robots\" content=\"index, follow, max-snippet:-1, max-image-preview:large, max-video-preview:-1\" \/>\n<link rel=\"canonical\" href=\"https:\/\/www.pm.pb.gov.br\/portal\/2019\/08\/10\/acusados-de-assaltar-onibus-sao-detidos-em-flagrante-apos-vitimas-pedirem-ajuda-na-sede-do-bepmotos\/\" \/>\n<meta property=\"og:locale\" content=\"pt_BR\" \/>\n<meta property=\"og:type\" content=\"article\" \/>\n<meta property=\"og:title\" content=\"Acusados de assaltar \u00f4nibus s\u00e3o detidos em flagrante ap\u00f3s v\u00edtimas pedirem ajuda na sede do BEPMotos - Pol\u00edcia Militar da Para\u00edba\" \/>\n<meta property=\"og:description\" content=\"Em menos de cinco minutos, os policiais do Batalh\u00e3o Especializado de Policiamento com Motocicletas (BEPMotos) localizaram e detiveram em flagrante\" \/>\n<meta property=\"og:url\" content=\"https:\/\/www.pm.pb.gov.br\/portal\/2019\/08\/10\/acusados-de-assaltar-onibus-sao-detidos-em-flagrante-apos-vitimas-pedirem-ajuda-na-sede-do-bepmotos\/\" \/>\n<meta property=\"og:site_name\" content=\"Pol\u00edcia Militar da Para\u00edba\" \/>\n<meta property=\"article:published_time\" content=\"2019-08-10T18:43:33+00:00\" \/>\n<meta property=\"article:modified_time\" content=\"2019-08-10T18:43:35+00:00\" \/>\n<meta property=\"og:image\" content=\"https:\/\/www.pm.pb.gov.br\/portal\/wp-content\/uploads\/2019\/08\/WhatsApp-Image-2019-08-10-at-15.33.51.jpeg\" \/>\n\t<meta property=\"og:image:width\" content=\"1280\" \/>\n\t<meta property=\"og:image:height\" content=\"960\" \/>\n\t<meta property=\"og:image:type\" content=\"image\/jpeg\" \/>\n<meta name=\"author\" content=\"Marcio Gomes dos Santos\" \/>\n<meta name=\"twitter:card\" content=\"summary_large_image\" \/>\n<meta name=\"twitter:label1\" content=\"Escrito por\" \/>\n\t<meta name=\"twitter:data1\" content=\"Marcio Gomes dos Santos\" \/>\n\t<meta name=\"twitter:label2\" content=\"Est. tempo de leitura\" \/>\n\t<meta name=\"twitter:data2\" content=\"1 minuto\" \/>\n<script type=\"application\/ld+json\" class=\"yoast-schema-graph\">{\"@context\":\"https:\/\/schema.org\",\"@graph\":[{\"@type\":\"Article\",\"@id\":\"https:\/\/www.pm.pb.gov.br\/portal\/2019\/08\/10\/acusados-de-assaltar-onibus-sao-detidos-em-flagrante-apos-vitimas-pedirem-ajuda-na-sede-do-bepmotos\/#article\",\"isPartOf\":{\"@id\":\"https:\/\/www.pm.pb.gov.br\/portal\/2019\/08\/10\/acusados-de-assaltar-onibus-sao-detidos-em-flagrante-apos-vitimas-pedirem-ajuda-na-sede-do-bepmotos\/\"},\"author\":{\"name\":\"Marcio Gomes dos Santos\",\"@id\":\"https:\/\/www.pm.pb.gov.br\/portal\/#\/schema\/person\/30d571652b38533c2211e4e89bf5a502\"},\"headline\":\"Acusados de assaltar \u00f4nibus s\u00e3o detidos em flagrante ap\u00f3s v\u00edtimas pedirem ajuda na sede do BEPMotos\",\"datePublished\":\"2019-08-10T18:43:33+00:00\",\"dateModified\":\"2019-08-10T18:43:35+00:00\",\"mainEntityOfPage\":{\"@id\":\"https:\/\/www.pm.pb.gov.br\/portal\/2019\/08\/10\/acusados-de-assaltar-onibus-sao-detidos-em-flagrante-apos-vitimas-pedirem-ajuda-na-sede-do-bepmotos\/\"},\"wordCount\":255,\"publisher\":{\"@id\":\"https:\/\/www.pm.pb.gov.br\/portal\/#organization\"},\"articleSection\":[\"A\u00e7\u00f5es Policiais\"],\"inLanguage\":\"pt-BR\"},{\"@type\":\"WebPage\",\"@id\":\"https:\/\/www.pm.pb.gov.br\/portal\/2019\/08\/10\/acusados-de-assaltar-onibus-sao-detidos-em-flagrante-apos-vitimas-pedirem-ajuda-na-sede-do-bepmotos\/\",\"url\":\"https:\/\/www.pm.pb.gov.br\/portal\/2019\/08\/10\/acusados-de-assaltar-onibus-sao-detidos-em-flagrante-apos-vitimas-pedirem-ajuda-na-sede-do-bepmotos\/\",\"name\":\"Acusados de assaltar \u00f4nibus s\u00e3o detidos em flagrante ap\u00f3s v\u00edtimas pedirem ajuda na sede do BEPMotos - Pol\u00edcia Militar da Para\u00edba\",\"isPartOf\":{\"@id\":\"https:\/\/www.pm.pb.gov.br\/portal\/#website\"},\"datePublished\":\"2019-08-10T18:43:33+00:00\",\"dateModified\":\"2019-08-10T18:43:35+00:00\",\"breadcrumb\":{\"@id\":\"https:\/\/www.pm.pb.gov.br\/portal\/2019\/08\/10\/acusados-de-assaltar-onibus-sao-detidos-em-flagrante-apos-vitimas-pedirem-ajuda-na-sede-do-bepmotos\/#breadcrumb\"},\"inLanguage\":\"pt-BR\",\"potentialAction\":[{\"@type\":\"ReadAction\",\"target\":[\"https:\/\/www.pm.pb.gov.br\/portal\/2019\/08\/10\/acusados-de-assaltar-onibus-sao-detidos-em-flagrante-apos-vitimas-pedirem-ajuda-na-sede-do-bepmotos\/\"]}]},{\"@type\":\"BreadcrumbList\",\"@id\":\"https:\/\/www.pm.pb.gov.br\/portal\/2019\/08\/10\/acusados-de-assaltar-onibus-sao-detidos-em-flagrante-apos-vitimas-pedirem-ajuda-na-sede-do-bepmotos\/#breadcrumb\",\"itemListElement\":[{\"@type\":\"ListItem\",\"position\":1,\"name\":\"In\u00edcio\",\"item\":\"https:\/\/www.pm.pb.gov.br\/portal\/\"},{\"@type\":\"ListItem\",\"position\":2,\"name\":\"Acusados de assaltar \u00f4nibus s\u00e3o detidos em flagrante ap\u00f3s v\u00edtimas pedirem ajuda na sede do BEPMotos\"}]},{\"@type\":\"WebSite\",\"@id\":\"https:\/\/www.pm.pb.gov.br\/portal\/#website\",\"url\":\"https:\/\/www.pm.pb.gov.br\/portal\/\",\"name\":\"Pol\u00edcia Militar da Para\u00edba\",\"description\":\"\",\"publisher\":{\"@id\":\"https:\/\/www.pm.pb.gov.br\/portal\/#organization\"},\"potentialAction\":[{\"@type\":\"SearchAction\",\"target\":{\"@type\":\"EntryPoint\",\"urlTemplate\":\"https:\/\/www.pm.pb.gov.br\/portal\/?s={search_term_string}\"},\"query-input\":\"required name=search_term_string\"}],\"inLanguage\":\"pt-BR\"},{\"@type\":\"Organization\",\"@id\":\"https:\/\/www.pm.pb.gov.br\/portal\/#organization\",\"name\":\"Pol\u00edcia Militar da Para\u00edba\",\"url\":\"https:\/\/www.pm.pb.gov.br\/portal\/\",\"logo\":{\"@type\":\"ImageObject\",\"inLanguage\":\"pt-BR\",\"@id\":\"https:\/\/www.pm.pb.gov.br\/portal\/#\/schema\/logo\/image\/\",\"url\":\"https:\/\/www.pm.pb.gov.br\/portal\/wp-content\/uploads\/2025\/03\/cropped-logo-site-mag2-1.png\",\"contentUrl\":\"https:\/\/www.pm.pb.gov.br\/portal\/wp-content\/uploads\/2025\/03\/cropped-logo-site-mag2-1.png\",\"width\":320,\"height\":90,\"caption\":\"Pol\u00edcia Militar da Para\u00edba\"},\"image\":{\"@id\":\"https:\/\/www.pm.pb.gov.br\/portal\/#\/schema\/logo\/image\/\"}},{\"@type\":\"Person\",\"@id\":\"https:\/\/www.pm.pb.gov.br\/portal\/#\/schema\/person\/30d571652b38533c2211e4e89bf5a502\",\"name\":\"Marcio Gomes dos Santos\",\"image\":{\"@type\":\"ImageObject\",\"inLanguage\":\"pt-BR\",\"@id\":\"https:\/\/www.pm.pb.gov.br\/portal\/#\/schema\/person\/image\/\",\"url\":\"https:\/\/secure.gravatar.com\/avatar\/cf4ec2cb690101e1581c7773aa350c19?s=96&d=mm&r=g\",\"contentUrl\":\"https:\/\/secure.gravatar.com\/avatar\/cf4ec2cb690101e1581c7773aa350c19?s=96&d=mm&r=g\",\"caption\":\"Marcio Gomes dos Santos\"},\"url\":\"https:\/\/www.pm.pb.gov.br\/portal\/author\/mgomes\/\"}]}<\/script>\n<!-- \/ Yoast SEO plugin. -->","yoast_head_json":{"title":"Acusados de assaltar \u00f4nibus s\u00e3o detidos em flagrante ap\u00f3s v\u00edtimas pedirem ajuda na sede do BEPMotos - Pol\u00edcia Militar da Para\u00edba","robots":{"index":"index","follow":"follow","max-snippet":"max-snippet:-1","max-image-preview":"max-image-preview:large","max-video-preview":"max-video-preview:-1"},"canonical":"https:\/\/www.pm.pb.gov.br\/portal\/2019\/08\/10\/acusados-de-assaltar-onibus-sao-detidos-em-flagrante-apos-vitimas-pedirem-ajuda-na-sede-do-bepmotos\/","og_locale":"pt_BR","og_type":"article","og_title":"Acusados de assaltar \u00f4nibus s\u00e3o detidos em flagrante ap\u00f3s v\u00edtimas pedirem ajuda na sede do BEPMotos - Pol\u00edcia Militar da Para\u00edba","og_description":"Em menos de cinco minutos, os policiais do Batalh\u00e3o Especializado de Policiamento com Motocicletas (BEPMotos) localizaram e detiveram em flagrante","og_url":"https:\/\/www.pm.pb.gov.br\/portal\/2019\/08\/10\/acusados-de-assaltar-onibus-sao-detidos-em-flagrante-apos-vitimas-pedirem-ajuda-na-sede-do-bepmotos\/","og_site_name":"Pol\u00edcia Militar da Para\u00edba","article_published_time":"2019-08-10T18:43:33+00:00","article_modified_time":"2019-08-10T18:43:35+00:00","og_image":[{"width":1280,"height":960,"url":"https:\/\/www.pm.pb.gov.br\/portal\/wp-content\/uploads\/2019\/08\/WhatsApp-Image-2019-08-10-at-15.33.51.jpeg","type":"image\/jpeg"}],"author":"Marcio Gomes dos Santos","twitter_card":"summary_large_image","twitter_misc":{"Escrito por":"Marcio Gomes dos Santos","Est. tempo de leitura":"1 minuto"},"schema":{"@context":"https:\/\/schema.org","@graph":[{"@type":"Article","@id":"https:\/\/www.pm.pb.gov.br\/portal\/2019\/08\/10\/acusados-de-assaltar-onibus-sao-detidos-em-flagrante-apos-vitimas-pedirem-ajuda-na-sede-do-bepmotos\/#article","isPartOf":{"@id":"https:\/\/www.pm.pb.gov.br\/portal\/2019\/08\/10\/acusados-de-assaltar-onibus-sao-detidos-em-flagrante-apos-vitimas-pedirem-ajuda-na-sede-do-bepmotos\/"},"author":{"name":"Marcio Gomes dos Santos","@id":"https:\/\/www.pm.pb.gov.br\/portal\/#\/schema\/person\/30d571652b38533c2211e4e89bf5a502"},"headline":"Acusados de assaltar \u00f4nibus s\u00e3o detidos em flagrante ap\u00f3s v\u00edtimas pedirem ajuda na sede do BEPMotos","datePublished":"2019-08-10T18:43:33+00:00","dateModified":"2019-08-10T18:43:35+00:00","mainEntityOfPage":{"@id":"https:\/\/www.pm.pb.gov.br\/portal\/2019\/08\/10\/acusados-de-assaltar-onibus-sao-detidos-em-flagrante-apos-vitimas-pedirem-ajuda-na-sede-do-bepmotos\/"},"wordCount":255,"publisher":{"@id":"https:\/\/www.pm.pb.gov.br\/portal\/#organization"},"articleSection":["A\u00e7\u00f5es Policiais"],"inLanguage":"pt-BR"},{"@type":"WebPage","@id":"https:\/\/www.pm.pb.gov.br\/portal\/2019\/08\/10\/acusados-de-assaltar-onibus-sao-detidos-em-flagrante-apos-vitimas-pedirem-ajuda-na-sede-do-bepmotos\/","url":"https:\/\/www.pm.pb.gov.br\/portal\/2019\/08\/10\/acusados-de-assaltar-onibus-sao-detidos-em-flagrante-apos-vitimas-pedirem-ajuda-na-sede-do-bepmotos\/","name":"Acusados de assaltar \u00f4nibus s\u00e3o detidos em flagrante ap\u00f3s v\u00edtimas pedirem ajuda na sede do BEPMotos - Pol\u00edcia Militar da Para\u00edba","isPartOf":{"@id":"https:\/\/www.pm.pb.gov.br\/portal\/#website"},"datePublished":"2019-08-10T18:43:33+00:00","dateModified":"2019-08-10T18:43:35+00:00","breadcrumb":{"@id":"https:\/\/www.pm.pb.gov.br\/portal\/2019\/08\/10\/acusados-de-assaltar-onibus-sao-detidos-em-flagrante-apos-vitimas-pedirem-ajuda-na-sede-do-bepmotos\/#breadcrumb"},"inLanguage":"pt-BR","potentialAction":[{"@type":"ReadAction","target":["https:\/\/www.pm.pb.gov.br\/portal\/2019\/08\/10\/acusados-de-assaltar-onibus-sao-detidos-em-flagrante-apos-vitimas-pedirem-ajuda-na-sede-do-bepmotos\/"]}]},{"@type":"BreadcrumbList","@id":"https:\/\/www.pm.pb.gov.br\/portal\/2019\/08\/10\/acusados-de-assaltar-onibus-sao-detidos-em-flagrante-apos-vitimas-pedirem-ajuda-na-sede-do-bepmotos\/#breadcrumb","itemListElement":[{"@type":"ListItem","position":1,"name":"In\u00edcio","item":"https:\/\/www.pm.pb.gov.br\/portal\/"},{"@type":"ListItem","position":2,"name":"Acusados de assaltar \u00f4nibus s\u00e3o detidos em flagrante ap\u00f3s v\u00edtimas pedirem ajuda na sede do BEPMotos"}]},{"@type":"WebSite","@id":"https:\/\/www.pm.pb.gov.br\/portal\/#website","url":"https:\/\/www.pm.pb.gov.br\/portal\/","name":"Pol\u00edcia Militar da Para\u00edba","description":"","publisher":{"@id":"https:\/\/www.pm.pb.gov.br\/portal\/#organization"},"potentialAction":[{"@type":"SearchAction","target":{"@type":"EntryPoint","urlTemplate":"https:\/\/www.pm.pb.gov.br\/portal\/?s={search_term_string}"},"query-input":"required name=search_term_string"}],"inLanguage":"pt-BR"},{"@type":"Organization","@id":"https:\/\/www.pm.pb.gov.br\/portal\/#organization","name":"Pol\u00edcia Militar da Para\u00edba","url":"https:\/\/www.pm.pb.gov.br\/portal\/","logo":{"@type":"ImageObject","inLanguage":"pt-BR","@id":"https:\/\/www.pm.pb.gov.br\/portal\/#\/schema\/logo\/image\/","url":"https:\/\/www.pm.pb.gov.br\/portal\/wp-content\/uploads\/2025\/03\/cropped-logo-site-mag2-1.png","contentUrl":"https:\/\/www.pm.pb.gov.br\/portal\/wp-content\/uploads\/2025\/03\/cropped-logo-site-mag2-1.png","width":320,"height":90,"caption":"Pol\u00edcia Militar da Para\u00edba"},"image":{"@id":"https:\/\/www.pm.pb.gov.br\/portal\/#\/schema\/logo\/image\/"}},{"@type":"Person","@id":"https:\/\/www.pm.pb.gov.br\/portal\/#\/schema\/person\/30d571652b38533c2211e4e89bf5a502","name":"Marcio Gomes dos Santos","image":{"@type":"ImageObject","inLanguage":"pt-BR","@id":"https:\/\/www.pm.pb.gov.br\/portal\/#\/schema\/person\/image\/","url":"https:\/\/secure.gravatar.com\/avatar\/cf4ec2cb690101e1581c7773aa350c19?s=96&d=mm&r=g","contentUrl":"https:\/\/secure.gravatar.com\/avatar\/cf4ec2cb690101e1581c7773aa350c19?s=96&d=mm&r=g","caption":"Marcio Gomes dos Santos"},"url":"https:\/\/www.pm.pb.gov.br\/portal\/author\/mgomes\/"}]}},"_links":{"self":[{"href":"https:\/\/www.pm.pb.gov.br\/portal\/wp-json\/wp\/v2\/posts\/901830"}],"collection":[{"href":"https:\/\/www.pm.pb.gov.br\/portal\/wp-json\/wp\/v2\/posts"}],"about":[{"href":"https:\/\/www.pm.pb.gov.br\/portal\/wp-json\/wp\/v2\/types\/post"}],"author":[{"embeddable":true,"href":"https:\/\/www.pm.pb.gov.br\/portal\/wp-json\/wp\/v2\/users\/15"}],"replies":[{"embeddable":true,"href":"https:\/\/www.pm.pb.gov.br\/portal\/wp-json\/wp\/v2\/comments?post=901830"}],"version-history":[{"count":1,"href":"https:\/\/www.pm.pb.gov.br\/portal\/wp-json\/wp\/v2\/posts\/901830\/revisions"}],"predecessor-version":[{"id":901832,"href":"https:\/\/www.pm.pb.gov.br\/portal\/wp-json\/wp\/v2\/posts\/901830\/revisions\/901832"}],"wp:featuredmedia":[{"embeddable":true,"href":"https:\/\/www.pm.pb.gov.br\/portal\/wp-json\/wp\/v2\/media\/901831"}],"wp:attachment":[{"href":"https:\/\/www.pm.pb.gov.br\/portal\/wp-json\/wp\/v2\/media?parent=901830"}],"wp:term":[{"taxonomy":"category","embeddable":true,"href":"https:\/\/www.pm.pb.gov.br\/portal\/wp-json\/wp\/v2\/categories?post=901830"},{"taxonomy":"post_tag","embeddable":true,"href":"https:\/\/www.pm.pb.gov.br\/portal\/wp-json\/wp\/v2\/tags?post=901830"}],"curies":[{"name":"wp","href":"https:\/\/api.w.org\/{rel}","templated":true}]}}