{"id":901817,"date":"2019-08-09T00:19:06","date_gmt":"2019-08-09T03:19:06","guid":{"rendered":"http:\/\/www.pm.pb.gov.br\/portal\/?p=901817"},"modified":"2019-08-09T22:32:46","modified_gmt":"2019-08-10T01:32:46","slug":"comandante-geral-da-pm-realiza-solenidade-de-encerramento-do-viii-curso-de-acoes-taticas-especiais","status":"publish","type":"post","link":"https:\/\/www.pm.pb.gov.br\/portal\/2019\/08\/09\/comandante-geral-da-pm-realiza-solenidade-de-encerramento-do-viii-curso-de-acoes-taticas-especiais\/","title":{"rendered":"Comandante-geral da PM realiza solenidade de encerramento do VIII Curso de A\u00e7\u00f5es T\u00e1ticas Especiais"},"content":{"rendered":"\n<p>O comandante-geral da Pol\u00edcia Militar, coronel Euller de Assis Chaves, inovou com a solenidade de encerramento do VIII Curso de A\u00e7\u00f5es T\u00e1ticas Especiais (Cate 2019.1), que aconteceu em ambiente externo aos quart\u00e9is, em pra\u00e7a p\u00fablica, na tarde da \u00faltima quinta-feira (08) em Jo\u00e3o Pessoa. Na ocasi\u00e3o, os 15 policiais militares formados pelo curso foram apresentados \u00e0 sociedade, compondo o Grupamento de A\u00e7\u00f5es T\u00e1ticas Especiais (Gate), que faz parte do Batalh\u00e3o de Opera\u00e7\u00f5es Policiais Especiais (Bope). (Foto acima: Wagner Varela)<\/p>\n<p>Na oportunidade, os novos cateanos \u2013 como s\u00e3o chamados aqueles que conclu\u00edram o Cate \u2013 realizaram a entrada com o blindado Ulysses, formando um alto guardado \u2013 forma\u00e7\u00e3o no terreno que d\u00e1 prote\u00e7\u00e3o ao grupo -, e se incorporaram a dois outros cateanos que desceram de rapel do helic\u00f3ptero Acau\u00e3. Todos os momentos foram acompanhados atentamente por familiares, amigos e a comunidade local, que passou a conhecer um pouco mais a \u2018tropa de elite\u2019 da Pol\u00edcia Militar da Para\u00edba.<\/p>\n<figure id=\"attachment_901818\" aria-describedby=\"caption-attachment-901818\" style=\"width: 543px\" class=\"wp-caption aligncenter\"><img loading=\"lazy\" decoding=\"async\" class=\"wp-image-901818\" src=\"http:\/\/www.pm.pb.gov.br\/portal\/wp-content\/uploads\/2019\/08\/WhatsApp-Image-2019-08-09-at-13.08.19-11-668x445.jpeg\" alt=\"\" width=\"543\" height=\"362\" srcset=\"https:\/\/www.pm.pb.gov.br\/portal\/wp-content\/uploads\/2019\/08\/WhatsApp-Image-2019-08-09-at-13.08.19-11-668x445.jpeg 668w, https:\/\/www.pm.pb.gov.br\/portal\/wp-content\/uploads\/2019\/08\/WhatsApp-Image-2019-08-09-at-13.08.19-11-768x512.jpeg 768w, https:\/\/www.pm.pb.gov.br\/portal\/wp-content\/uploads\/2019\/08\/WhatsApp-Image-2019-08-09-at-13.08.19-11-855x570.jpeg 855w, https:\/\/www.pm.pb.gov.br\/portal\/wp-content\/uploads\/2019\/08\/WhatsApp-Image-2019-08-09-at-13.08.19-11-272x182.jpeg 272w, https:\/\/www.pm.pb.gov.br\/portal\/wp-content\/uploads\/2019\/08\/WhatsApp-Image-2019-08-09-at-13.08.19-11.jpeg 1280w\" sizes=\"(max-width: 543px) 100vw, 543px\" \/><figcaption id=\"caption-attachment-901818\" class=\"wp-caption-text\">Foto: Wagner Varela<\/figcaption><\/figure>\n<p>Ainda na solenidade e como parte ritual\u00edstica das a\u00e7\u00f5es especiais, os novos cateanos receberam o \u201cgorro comandos\u201d, cobertura da cabe\u00e7a adotada pelos diversos segmentos das opera\u00e7\u00f5es especiais nas pol\u00edcias militares no Brasil, e que s\u00e3o an\u00e1logos aos das For\u00e7as Armadas. O profissionalismo e dedica\u00e7\u00e3o dos concluintes do curso foram elogiados pelo comandante-geral da PM. \u201cN\u00e3o \u00e9 apenas um ato de formatura, mas \u00e9 a hist\u00f3ria que se consolida aqui e agora, pelo trabalho, pelo profissionalismo, pela ren\u00fancia, pelo oferecimento da pr\u00f3pria vida em detrimento de pessoas que eles n\u00e3o conhecem\u201d, declarou o coronel Euller.<\/p>\n<p>A solenidade tamb\u00e9m foi acompanhada pelo secret\u00e1rio da Seguran\u00e7a e Defesa Social, Jean Nunes, que, junto com o coronel Euller, com o subcomandante-geral da PM, coronel Almeida Rosas, com o secret\u00e1rio executivo da Casa Militar, o tenente-coronel Anderson Pessoa, e outros personalidades que contribu\u00edram com a PM, foram homenageados pelo Gate.<\/p>\n<figure id=\"attachment_901820\" aria-describedby=\"caption-attachment-901820\" style=\"width: 525px\" class=\"wp-caption aligncenter\"><img loading=\"lazy\" decoding=\"async\" class=\"wp-image-901820\" src=\"http:\/\/www.pm.pb.gov.br\/portal\/wp-content\/uploads\/2019\/08\/WhatsApp-Image-2019-08-09-at-13.08.19-13-668x445.jpeg\" alt=\"\" width=\"525\" height=\"350\" srcset=\"https:\/\/www.pm.pb.gov.br\/portal\/wp-content\/uploads\/2019\/08\/WhatsApp-Image-2019-08-09-at-13.08.19-13-668x445.jpeg 668w, https:\/\/www.pm.pb.gov.br\/portal\/wp-content\/uploads\/2019\/08\/WhatsApp-Image-2019-08-09-at-13.08.19-13-768x512.jpeg 768w, https:\/\/www.pm.pb.gov.br\/portal\/wp-content\/uploads\/2019\/08\/WhatsApp-Image-2019-08-09-at-13.08.19-13-855x570.jpeg 855w, https:\/\/www.pm.pb.gov.br\/portal\/wp-content\/uploads\/2019\/08\/WhatsApp-Image-2019-08-09-at-13.08.19-13-272x182.jpeg 272w, https:\/\/www.pm.pb.gov.br\/portal\/wp-content\/uploads\/2019\/08\/WhatsApp-Image-2019-08-09-at-13.08.19-13.jpeg 1280w\" sizes=\"(max-width: 525px) 100vw, 525px\" \/><figcaption id=\"caption-attachment-901820\" class=\"wp-caption-text\">Foto: Wagner Varela<\/figcaption><\/figure>\n<p>A solenidade aconteceu no Parque Linear Parahyba II, no bairro do Bessa, em Jo\u00e3o Pessoa, de onde foi deflagrada a 34\u00aa edi\u00e7\u00e3o da Opera\u00e7\u00e3o Impacto.<\/p>\n<p><strong>Educa\u00e7\u00e3o e preven\u00e7\u00e3o &#8211;<\/strong> Ainda na ocasi\u00e3o, a popula\u00e7\u00e3o teve acesso a exposi\u00e7\u00e3o dos animais taxidermizados e de educa\u00e7\u00e3o ambiental, do Batalh\u00e3o de Pol\u00edcia Ambiental, al\u00e9m da animada presen\u00e7a do Le\u00e3o do Programa Educacional de Resist\u00eancia \u00e0s Drogas e \u00e0 Viol\u00eancia (Proerd), trazendo uma mensagem de preven\u00e7\u00e3o para meninos e meninas.<\/p>\n","protected":false},"excerpt":{"rendered":"<p>O comandante-geral da Pol\u00edcia Militar, coronel Euller de Assis Chaves, inovou com a solenidade de encerramento do VIII Curso de<\/p>\n","protected":false},"author":12,"featured_media":901816,"comment_status":"closed","ping_status":"closed","sticky":false,"template":"","format":"standard","meta":{"_exactmetrics_skip_tracking":false,"_exactmetrics_sitenote_active":false,"_exactmetrics_sitenote_note":"","_exactmetrics_sitenote_category":0,"footnotes":""},"categories":[9],"tags":[],"yoast_head":"<!-- This site is optimized with the Yoast SEO plugin v22.0 - https:\/\/yoast.com\/wordpress\/plugins\/seo\/ -->\n<title>Comandante-geral da PM realiza solenidade de encerramento do VIII Curso de A\u00e7\u00f5es T\u00e1ticas Especiais - Pol\u00edcia Militar da Para\u00edba<\/title>\n<meta name=\"robots\" content=\"index, follow, max-snippet:-1, max-image-preview:large, max-video-preview:-1\" \/>\n<link rel=\"canonical\" href=\"https:\/\/www.pm.pb.gov.br\/portal\/2019\/08\/09\/comandante-geral-da-pm-realiza-solenidade-de-encerramento-do-viii-curso-de-acoes-taticas-especiais\/\" \/>\n<meta property=\"og:locale\" content=\"pt_BR\" \/>\n<meta property=\"og:type\" content=\"article\" \/>\n<meta property=\"og:title\" content=\"Comandante-geral da PM realiza solenidade de encerramento do VIII Curso de A\u00e7\u00f5es T\u00e1ticas Especiais - Pol\u00edcia Militar da Para\u00edba\" \/>\n<meta property=\"og:description\" content=\"O comandante-geral da Pol\u00edcia Militar, coronel Euller de Assis Chaves, inovou com a solenidade de encerramento do VIII Curso de\" \/>\n<meta property=\"og:url\" content=\"https:\/\/www.pm.pb.gov.br\/portal\/2019\/08\/09\/comandante-geral-da-pm-realiza-solenidade-de-encerramento-do-viii-curso-de-acoes-taticas-especiais\/\" \/>\n<meta property=\"og:site_name\" content=\"Pol\u00edcia Militar da Para\u00edba\" \/>\n<meta property=\"article:published_time\" content=\"2019-08-09T03:19:06+00:00\" \/>\n<meta property=\"article:modified_time\" content=\"2019-08-10T01:32:46+00:00\" \/>\n<meta property=\"og:image\" content=\"https:\/\/www.pm.pb.gov.br\/portal\/wp-content\/uploads\/2019\/08\/WhatsApp-Image-2019-08-09-at-13.08.191.jpeg\" \/>\n\t<meta property=\"og:image:width\" content=\"800\" \/>\n\t<meta property=\"og:image:height\" content=\"445\" \/>\n\t<meta property=\"og:image:type\" content=\"image\/jpeg\" \/>\n<meta name=\"author\" content=\"Tarcisio Oliveira\" \/>\n<meta name=\"twitter:card\" content=\"summary_large_image\" \/>\n<meta name=\"twitter:label1\" content=\"Escrito por\" \/>\n\t<meta name=\"twitter:data1\" content=\"Tarcisio Oliveira\" \/>\n\t<meta name=\"twitter:label2\" content=\"Est. tempo de leitura\" \/>\n\t<meta name=\"twitter:data2\" content=\"2 minutos\" \/>\n<script type=\"application\/ld+json\" class=\"yoast-schema-graph\">{\"@context\":\"https:\/\/schema.org\",\"@graph\":[{\"@type\":\"Article\",\"@id\":\"https:\/\/www.pm.pb.gov.br\/portal\/2019\/08\/09\/comandante-geral-da-pm-realiza-solenidade-de-encerramento-do-viii-curso-de-acoes-taticas-especiais\/#article\",\"isPartOf\":{\"@id\":\"https:\/\/www.pm.pb.gov.br\/portal\/2019\/08\/09\/comandante-geral-da-pm-realiza-solenidade-de-encerramento-do-viii-curso-de-acoes-taticas-especiais\/\"},\"author\":{\"name\":\"Tarcisio Oliveira\",\"@id\":\"https:\/\/www.pm.pb.gov.br\/portal\/#\/schema\/person\/f84f56dcc78ce4357054da888b8247fd\"},\"headline\":\"Comandante-geral da PM realiza solenidade de encerramento do VIII Curso de A\u00e7\u00f5es T\u00e1ticas Especiais\",\"datePublished\":\"2019-08-09T03:19:06+00:00\",\"dateModified\":\"2019-08-10T01:32:46+00:00\",\"mainEntityOfPage\":{\"@id\":\"https:\/\/www.pm.pb.gov.br\/portal\/2019\/08\/09\/comandante-geral-da-pm-realiza-solenidade-de-encerramento-do-viii-curso-de-acoes-taticas-especiais\/\"},\"wordCount\":459,\"publisher\":{\"@id\":\"https:\/\/www.pm.pb.gov.br\/portal\/#organization\"},\"articleSection\":[\"Eventos\"],\"inLanguage\":\"pt-BR\"},{\"@type\":\"WebPage\",\"@id\":\"https:\/\/www.pm.pb.gov.br\/portal\/2019\/08\/09\/comandante-geral-da-pm-realiza-solenidade-de-encerramento-do-viii-curso-de-acoes-taticas-especiais\/\",\"url\":\"https:\/\/www.pm.pb.gov.br\/portal\/2019\/08\/09\/comandante-geral-da-pm-realiza-solenidade-de-encerramento-do-viii-curso-de-acoes-taticas-especiais\/\",\"name\":\"Comandante-geral da PM realiza solenidade de encerramento do VIII Curso de A\u00e7\u00f5es T\u00e1ticas Especiais - Pol\u00edcia Militar da Para\u00edba\",\"isPartOf\":{\"@id\":\"https:\/\/www.pm.pb.gov.br\/portal\/#website\"},\"datePublished\":\"2019-08-09T03:19:06+00:00\",\"dateModified\":\"2019-08-10T01:32:46+00:00\",\"breadcrumb\":{\"@id\":\"https:\/\/www.pm.pb.gov.br\/portal\/2019\/08\/09\/comandante-geral-da-pm-realiza-solenidade-de-encerramento-do-viii-curso-de-acoes-taticas-especiais\/#breadcrumb\"},\"inLanguage\":\"pt-BR\",\"potentialAction\":[{\"@type\":\"ReadAction\",\"target\":[\"https:\/\/www.pm.pb.gov.br\/portal\/2019\/08\/09\/comandante-geral-da-pm-realiza-solenidade-de-encerramento-do-viii-curso-de-acoes-taticas-especiais\/\"]}]},{\"@type\":\"BreadcrumbList\",\"@id\":\"https:\/\/www.pm.pb.gov.br\/portal\/2019\/08\/09\/comandante-geral-da-pm-realiza-solenidade-de-encerramento-do-viii-curso-de-acoes-taticas-especiais\/#breadcrumb\",\"itemListElement\":[{\"@type\":\"ListItem\",\"position\":1,\"name\":\"In\u00edcio\",\"item\":\"https:\/\/www.pm.pb.gov.br\/portal\/\"},{\"@type\":\"ListItem\",\"position\":2,\"name\":\"Comandante-geral da PM realiza solenidade de encerramento do VIII Curso de A\u00e7\u00f5es T\u00e1ticas Especiais\"}]},{\"@type\":\"WebSite\",\"@id\":\"https:\/\/www.pm.pb.gov.br\/portal\/#website\",\"url\":\"https:\/\/www.pm.pb.gov.br\/portal\/\",\"name\":\"Pol\u00edcia Militar da Para\u00edba\",\"description\":\"\",\"publisher\":{\"@id\":\"https:\/\/www.pm.pb.gov.br\/portal\/#organization\"},\"potentialAction\":[{\"@type\":\"SearchAction\",\"target\":{\"@type\":\"EntryPoint\",\"urlTemplate\":\"https:\/\/www.pm.pb.gov.br\/portal\/?s={search_term_string}\"},\"query-input\":\"required name=search_term_string\"}],\"inLanguage\":\"pt-BR\"},{\"@type\":\"Organization\",\"@id\":\"https:\/\/www.pm.pb.gov.br\/portal\/#organization\",\"name\":\"Pol\u00edcia Militar da Para\u00edba\",\"url\":\"https:\/\/www.pm.pb.gov.br\/portal\/\",\"logo\":{\"@type\":\"ImageObject\",\"inLanguage\":\"pt-BR\",\"@id\":\"https:\/\/www.pm.pb.gov.br\/portal\/#\/schema\/logo\/image\/\",\"url\":\"https:\/\/www.pm.pb.gov.br\/portal\/wp-content\/uploads\/2025\/03\/cropped-logo-site-mag2-1.png\",\"contentUrl\":\"https:\/\/www.pm.pb.gov.br\/portal\/wp-content\/uploads\/2025\/03\/cropped-logo-site-mag2-1.png\",\"width\":320,\"height\":90,\"caption\":\"Pol\u00edcia Militar da Para\u00edba\"},\"image\":{\"@id\":\"https:\/\/www.pm.pb.gov.br\/portal\/#\/schema\/logo\/image\/\"}},{\"@type\":\"Person\",\"@id\":\"https:\/\/www.pm.pb.gov.br\/portal\/#\/schema\/person\/f84f56dcc78ce4357054da888b8247fd\",\"name\":\"Tarcisio Oliveira\",\"image\":{\"@type\":\"ImageObject\",\"inLanguage\":\"pt-BR\",\"@id\":\"https:\/\/www.pm.pb.gov.br\/portal\/#\/schema\/person\/image\/\",\"url\":\"https:\/\/secure.gravatar.com\/avatar\/72917b630b69d31cd0297507f34bac97?s=96&d=mm&r=g\",\"contentUrl\":\"https:\/\/secure.gravatar.com\/avatar\/72917b630b69d31cd0297507f34bac97?s=96&d=mm&r=g\",\"caption\":\"Tarcisio Oliveira\"},\"url\":\"https:\/\/www.pm.pb.gov.br\/portal\/author\/tarcisio\/\"}]}<\/script>\n<!-- \/ Yoast SEO plugin. -->","yoast_head_json":{"title":"Comandante-geral da PM realiza solenidade de encerramento do VIII Curso de A\u00e7\u00f5es T\u00e1ticas Especiais - Pol\u00edcia Militar da Para\u00edba","robots":{"index":"index","follow":"follow","max-snippet":"max-snippet:-1","max-image-preview":"max-image-preview:large","max-video-preview":"max-video-preview:-1"},"canonical":"https:\/\/www.pm.pb.gov.br\/portal\/2019\/08\/09\/comandante-geral-da-pm-realiza-solenidade-de-encerramento-do-viii-curso-de-acoes-taticas-especiais\/","og_locale":"pt_BR","og_type":"article","og_title":"Comandante-geral da PM realiza solenidade de encerramento do VIII Curso de A\u00e7\u00f5es T\u00e1ticas Especiais - Pol\u00edcia Militar da Para\u00edba","og_description":"O comandante-geral da Pol\u00edcia Militar, coronel Euller de Assis Chaves, inovou com a solenidade de encerramento do VIII Curso de","og_url":"https:\/\/www.pm.pb.gov.br\/portal\/2019\/08\/09\/comandante-geral-da-pm-realiza-solenidade-de-encerramento-do-viii-curso-de-acoes-taticas-especiais\/","og_site_name":"Pol\u00edcia Militar da Para\u00edba","article_published_time":"2019-08-09T03:19:06+00:00","article_modified_time":"2019-08-10T01:32:46+00:00","og_image":[{"width":800,"height":445,"url":"https:\/\/www.pm.pb.gov.br\/portal\/wp-content\/uploads\/2019\/08\/WhatsApp-Image-2019-08-09-at-13.08.191.jpeg","type":"image\/jpeg"}],"author":"Tarcisio Oliveira","twitter_card":"summary_large_image","twitter_misc":{"Escrito por":"Tarcisio Oliveira","Est. tempo de leitura":"2 minutos"},"schema":{"@context":"https:\/\/schema.org","@graph":[{"@type":"Article","@id":"https:\/\/www.pm.pb.gov.br\/portal\/2019\/08\/09\/comandante-geral-da-pm-realiza-solenidade-de-encerramento-do-viii-curso-de-acoes-taticas-especiais\/#article","isPartOf":{"@id":"https:\/\/www.pm.pb.gov.br\/portal\/2019\/08\/09\/comandante-geral-da-pm-realiza-solenidade-de-encerramento-do-viii-curso-de-acoes-taticas-especiais\/"},"author":{"name":"Tarcisio Oliveira","@id":"https:\/\/www.pm.pb.gov.br\/portal\/#\/schema\/person\/f84f56dcc78ce4357054da888b8247fd"},"headline":"Comandante-geral da PM realiza solenidade de encerramento do VIII Curso de A\u00e7\u00f5es T\u00e1ticas Especiais","datePublished":"2019-08-09T03:19:06+00:00","dateModified":"2019-08-10T01:32:46+00:00","mainEntityOfPage":{"@id":"https:\/\/www.pm.pb.gov.br\/portal\/2019\/08\/09\/comandante-geral-da-pm-realiza-solenidade-de-encerramento-do-viii-curso-de-acoes-taticas-especiais\/"},"wordCount":459,"publisher":{"@id":"https:\/\/www.pm.pb.gov.br\/portal\/#organization"},"articleSection":["Eventos"],"inLanguage":"pt-BR"},{"@type":"WebPage","@id":"https:\/\/www.pm.pb.gov.br\/portal\/2019\/08\/09\/comandante-geral-da-pm-realiza-solenidade-de-encerramento-do-viii-curso-de-acoes-taticas-especiais\/","url":"https:\/\/www.pm.pb.gov.br\/portal\/2019\/08\/09\/comandante-geral-da-pm-realiza-solenidade-de-encerramento-do-viii-curso-de-acoes-taticas-especiais\/","name":"Comandante-geral da PM realiza solenidade de encerramento do VIII Curso de A\u00e7\u00f5es T\u00e1ticas Especiais - Pol\u00edcia Militar da Para\u00edba","isPartOf":{"@id":"https:\/\/www.pm.pb.gov.br\/portal\/#website"},"datePublished":"2019-08-09T03:19:06+00:00","dateModified":"2019-08-10T01:32:46+00:00","breadcrumb":{"@id":"https:\/\/www.pm.pb.gov.br\/portal\/2019\/08\/09\/comandante-geral-da-pm-realiza-solenidade-de-encerramento-do-viii-curso-de-acoes-taticas-especiais\/#breadcrumb"},"inLanguage":"pt-BR","potentialAction":[{"@type":"ReadAction","target":["https:\/\/www.pm.pb.gov.br\/portal\/2019\/08\/09\/comandante-geral-da-pm-realiza-solenidade-de-encerramento-do-viii-curso-de-acoes-taticas-especiais\/"]}]},{"@type":"BreadcrumbList","@id":"https:\/\/www.pm.pb.gov.br\/portal\/2019\/08\/09\/comandante-geral-da-pm-realiza-solenidade-de-encerramento-do-viii-curso-de-acoes-taticas-especiais\/#breadcrumb","itemListElement":[{"@type":"ListItem","position":1,"name":"In\u00edcio","item":"https:\/\/www.pm.pb.gov.br\/portal\/"},{"@type":"ListItem","position":2,"name":"Comandante-geral da PM realiza solenidade de encerramento do VIII Curso de A\u00e7\u00f5es T\u00e1ticas Especiais"}]},{"@type":"WebSite","@id":"https:\/\/www.pm.pb.gov.br\/portal\/#website","url":"https:\/\/www.pm.pb.gov.br\/portal\/","name":"Pol\u00edcia Militar da Para\u00edba","description":"","publisher":{"@id":"https:\/\/www.pm.pb.gov.br\/portal\/#organization"},"potentialAction":[{"@type":"SearchAction","target":{"@type":"EntryPoint","urlTemplate":"https:\/\/www.pm.pb.gov.br\/portal\/?s={search_term_string}"},"query-input":"required name=search_term_string"}],"inLanguage":"pt-BR"},{"@type":"Organization","@id":"https:\/\/www.pm.pb.gov.br\/portal\/#organization","name":"Pol\u00edcia Militar da Para\u00edba","url":"https:\/\/www.pm.pb.gov.br\/portal\/","logo":{"@type":"ImageObject","inLanguage":"pt-BR","@id":"https:\/\/www.pm.pb.gov.br\/portal\/#\/schema\/logo\/image\/","url":"https:\/\/www.pm.pb.gov.br\/portal\/wp-content\/uploads\/2025\/03\/cropped-logo-site-mag2-1.png","contentUrl":"https:\/\/www.pm.pb.gov.br\/portal\/wp-content\/uploads\/2025\/03\/cropped-logo-site-mag2-1.png","width":320,"height":90,"caption":"Pol\u00edcia Militar da Para\u00edba"},"image":{"@id":"https:\/\/www.pm.pb.gov.br\/portal\/#\/schema\/logo\/image\/"}},{"@type":"Person","@id":"https:\/\/www.pm.pb.gov.br\/portal\/#\/schema\/person\/f84f56dcc78ce4357054da888b8247fd","name":"Tarcisio Oliveira","image":{"@type":"ImageObject","inLanguage":"pt-BR","@id":"https:\/\/www.pm.pb.gov.br\/portal\/#\/schema\/person\/image\/","url":"https:\/\/secure.gravatar.com\/avatar\/72917b630b69d31cd0297507f34bac97?s=96&d=mm&r=g","contentUrl":"https:\/\/secure.gravatar.com\/avatar\/72917b630b69d31cd0297507f34bac97?s=96&d=mm&r=g","caption":"Tarcisio Oliveira"},"url":"https:\/\/www.pm.pb.gov.br\/portal\/author\/tarcisio\/"}]}},"_links":{"self":[{"href":"https:\/\/www.pm.pb.gov.br\/portal\/wp-json\/wp\/v2\/posts\/901817"}],"collection":[{"href":"https:\/\/www.pm.pb.gov.br\/portal\/wp-json\/wp\/v2\/posts"}],"about":[{"href":"https:\/\/www.pm.pb.gov.br\/portal\/wp-json\/wp\/v2\/types\/post"}],"author":[{"embeddable":true,"href":"https:\/\/www.pm.pb.gov.br\/portal\/wp-json\/wp\/v2\/users\/12"}],"replies":[{"embeddable":true,"href":"https:\/\/www.pm.pb.gov.br\/portal\/wp-json\/wp\/v2\/comments?post=901817"}],"version-history":[{"count":2,"href":"https:\/\/www.pm.pb.gov.br\/portal\/wp-json\/wp\/v2\/posts\/901817\/revisions"}],"predecessor-version":[{"id":901822,"href":"https:\/\/www.pm.pb.gov.br\/portal\/wp-json\/wp\/v2\/posts\/901817\/revisions\/901822"}],"wp:featuredmedia":[{"embeddable":true,"href":"https:\/\/www.pm.pb.gov.br\/portal\/wp-json\/wp\/v2\/media\/901816"}],"wp:attachment":[{"href":"https:\/\/www.pm.pb.gov.br\/portal\/wp-json\/wp\/v2\/media?parent=901817"}],"wp:term":[{"taxonomy":"category","embeddable":true,"href":"https:\/\/www.pm.pb.gov.br\/portal\/wp-json\/wp\/v2\/categories?post=901817"},{"taxonomy":"post_tag","embeddable":true,"href":"https:\/\/www.pm.pb.gov.br\/portal\/wp-json\/wp\/v2\/tags?post=901817"}],"curies":[{"name":"wp","href":"https:\/\/api.w.org\/{rel}","templated":true}]}}