{"id":9018,"date":"2014-01-24T11:01:16","date_gmt":"2014-01-24T14:01:16","guid":{"rendered":"http:\/\/www.pm.pb.gov.br\/portal\/2014\/01\/em_condominio_privado_pm_realiza_tres_apreensoes_de_drogas\/"},"modified":"2014-01-24T11:01:16","modified_gmt":"2014-01-24T14:01:16","slug":"em_condominio_privado_pm_realiza_tres_apreensoes_de_drogas","status":"publish","type":"post","link":"https:\/\/www.pm.pb.gov.br\/portal\/2014\/01\/24\/em_condominio_privado_pm_realiza_tres_apreensoes_de_drogas\/","title":{"rendered":"Em condom\u00ednio privado: PM realiza tr\u00eas apreens\u00f5es de drogas"},"content":{"rendered":"<figure style=\"width: 500px\" class=\"wp-caption alignnone\"><img decoding=\"async\" class=\"alignnone size-medium\" src=\"http:\/\/www.pm.pb.gov.br\/portal\/wp-content\/uploads\/2014\/01\/9018_12259.jpg\" title=\"Foto Ilustrativa\" width=\"100%\" \/><figcaption class=\"wp-caption-text\">Foto Ilustrativa<\/figcaption><\/figure>\n<div style=\"text-align: justify;\">A Pol\u00edcia Militar apreendeu mais um montante de drogas no interior do Condom\u00ednio Boa Esperan\u00e7a (conhecido como Gadanhe), localizado no bairro do Padre Z\u00e9, na Capital.<br \/>\nNesta \u00faltima a\u00e7\u00e3o, na noite de quinta-feira (23), foram encontradas 135 pedras de crack, 205 papelotes de maconha e mais meio quilo da mesma subst\u00e2ncia, al\u00e9m de 82 saquinhos de coca\u00edna e quatro balan\u00e7as para pesar os entorpecentes. Entre o material apreendido ainda est\u00e3o medicamentos controlados, como Rivotril e Artane.<\/p>\n<p>Segundo o comandante da Rotam (Rondas T\u00e1ticas com Apoio de Motos) do 1\u00ba Batalh\u00e3o, capit\u00e3o Luiz Ant\u00f4nio, esta \u00e9 a terceira apreens\u00e3o de drogas no local, em menos de dez dias.<\/p>\n<p>\u0093Existe um terreno baldio no condom\u00ednio onde os moradores colocam lixo e entulho. Os traficantes est\u00e3o usando o local para esconder as drogas e, por isso, diariamente fazemos incurs\u00f5es no local\u0094, contou o oficial.<\/p>\n<p>Ele informou que o terreno fica na rua Mardoqueu Nacre. \u0093Nesta \u00faltima a\u00e7\u00e3o, os indiv\u00edduos fugiram quando perceberam a aproxima\u00e7\u00e3o da Pol\u00edcia\u0094, disse ele.<\/p>\n<p>No entanto, na manh\u00e3 do mesmo dia, uma mulher j\u00e1 havia sido presa no local com uma pequena quantidade de dinheiro e crack. Maria Jos\u00e9 Teles, 34 anos, foi encaminhada para a 2\u00aa Delegacia Distrital.<\/p>\n<p>Ainda conforme o capit\u00e3o Luiz Ant\u00f4nio, em 16 de janeiro \u00faltimo, uma grande quantidade de drogas j\u00e1 havia sido apreendida no Boa Esperan\u00e7a. Foram 640 pedras de crack, meio quilo de coca\u00edna, 509 papelotes de maconha e balan\u00e7as de precis\u00e3o.<\/p>\n<p>\u0093A Pol\u00edcia est\u00e1 atenta e vai continuar agindo com const\u00e2ncia no condom\u00ednio para desarticular o tr\u00e1fico de drogas\u0094, completou o comandante da Rotam.<\/p>\n<div class=\"row\" align=\"center\"><\/div>\n<\/div>\n","protected":false},"excerpt":{"rendered":"<p>A Pol\u00edcia Militar apreendeu mais um montante de drogas no interior do Condom\u00ednio Boa Esperan\u00e7a (conhecido como Gadanhe), localizado no<\/p>\n","protected":false},"author":5,"featured_media":12259,"comment_status":"closed","ping_status":"closed","sticky":false,"template":"","format":"standard","meta":{"_exactmetrics_skip_tracking":false,"_exactmetrics_sitenote_active":false,"_exactmetrics_sitenote_note":"","_exactmetrics_sitenote_category":0,"footnotes":""},"categories":[4],"tags":[],"yoast_head":"<!-- This site is optimized with the Yoast SEO plugin v22.0 - https:\/\/yoast.com\/wordpress\/plugins\/seo\/ -->\n<title>Em condom\u00ednio privado: PM realiza tr\u00eas apreens\u00f5es de drogas - Pol\u00edcia Militar da Para\u00edba<\/title>\n<meta name=\"robots\" content=\"index, follow, max-snippet:-1, max-image-preview:large, max-video-preview:-1\" \/>\n<link rel=\"canonical\" href=\"https:\/\/www.pm.pb.gov.br\/portal\/2014\/01\/24\/em_condominio_privado_pm_realiza_tres_apreensoes_de_drogas\/\" \/>\n<meta property=\"og:locale\" content=\"pt_BR\" \/>\n<meta property=\"og:type\" content=\"article\" \/>\n<meta property=\"og:title\" content=\"Em condom\u00ednio privado: PM realiza tr\u00eas apreens\u00f5es de drogas - Pol\u00edcia Militar da Para\u00edba\" \/>\n<meta property=\"og:description\" content=\"A Pol\u00edcia Militar apreendeu mais um montante de drogas no interior do Condom\u00ednio Boa Esperan\u00e7a (conhecido como Gadanhe), localizado no\" \/>\n<meta property=\"og:url\" content=\"https:\/\/www.pm.pb.gov.br\/portal\/2014\/01\/24\/em_condominio_privado_pm_realiza_tres_apreensoes_de_drogas\/\" \/>\n<meta property=\"og:site_name\" content=\"Pol\u00edcia Militar da Para\u00edba\" \/>\n<meta property=\"article:published_time\" content=\"2014-01-24T14:01:16+00:00\" \/>\n<meta property=\"og:image\" content=\"https:\/\/www.pm.pb.gov.br\/portal\/wp-content\/uploads\/2014\/01\/9018_12259.jpg\" \/>\n\t<meta property=\"og:image:width\" content=\"500\" \/>\n\t<meta property=\"og:image:height\" content=\"332\" \/>\n\t<meta property=\"og:image:type\" content=\"image\/jpeg\" \/>\n<meta name=\"author\" content=\"Assessoria de Imprensa da PMPB\" \/>\n<meta name=\"twitter:card\" content=\"summary_large_image\" \/>\n<meta name=\"twitter:label1\" content=\"Escrito por\" \/>\n\t<meta name=\"twitter:data1\" content=\"Assessoria de Imprensa da PMPB\" \/>\n\t<meta name=\"twitter:label2\" content=\"Est. tempo de leitura\" \/>\n\t<meta name=\"twitter:data2\" content=\"1 minuto\" \/>\n<script type=\"application\/ld+json\" class=\"yoast-schema-graph\">{\"@context\":\"https:\/\/schema.org\",\"@graph\":[{\"@type\":\"Article\",\"@id\":\"https:\/\/www.pm.pb.gov.br\/portal\/2014\/01\/24\/em_condominio_privado_pm_realiza_tres_apreensoes_de_drogas\/#article\",\"isPartOf\":{\"@id\":\"https:\/\/www.pm.pb.gov.br\/portal\/2014\/01\/24\/em_condominio_privado_pm_realiza_tres_apreensoes_de_drogas\/\"},\"author\":{\"name\":\"Assessoria de Imprensa da PMPB\",\"@id\":\"https:\/\/www.pm.pb.gov.br\/portal\/#\/schema\/person\/e8454f46651c3ecf0e1ba3c1666d9947\"},\"headline\":\"Em condom\u00ednio privado: PM realiza tr\u00eas apreens\u00f5es de drogas\",\"datePublished\":\"2014-01-24T14:01:16+00:00\",\"dateModified\":\"2014-01-24T14:01:16+00:00\",\"mainEntityOfPage\":{\"@id\":\"https:\/\/www.pm.pb.gov.br\/portal\/2014\/01\/24\/em_condominio_privado_pm_realiza_tres_apreensoes_de_drogas\/\"},\"wordCount\":303,\"publisher\":{\"@id\":\"https:\/\/www.pm.pb.gov.br\/portal\/#organization\"},\"articleSection\":[\"A\u00e7\u00f5es Policiais\"],\"inLanguage\":\"pt-BR\"},{\"@type\":\"WebPage\",\"@id\":\"https:\/\/www.pm.pb.gov.br\/portal\/2014\/01\/24\/em_condominio_privado_pm_realiza_tres_apreensoes_de_drogas\/\",\"url\":\"https:\/\/www.pm.pb.gov.br\/portal\/2014\/01\/24\/em_condominio_privado_pm_realiza_tres_apreensoes_de_drogas\/\",\"name\":\"Em condom\u00ednio privado: PM realiza tr\u00eas apreens\u00f5es de drogas - Pol\u00edcia Militar da Para\u00edba\",\"isPartOf\":{\"@id\":\"https:\/\/www.pm.pb.gov.br\/portal\/#website\"},\"datePublished\":\"2014-01-24T14:01:16+00:00\",\"dateModified\":\"2014-01-24T14:01:16+00:00\",\"breadcrumb\":{\"@id\":\"https:\/\/www.pm.pb.gov.br\/portal\/2014\/01\/24\/em_condominio_privado_pm_realiza_tres_apreensoes_de_drogas\/#breadcrumb\"},\"inLanguage\":\"pt-BR\",\"potentialAction\":[{\"@type\":\"ReadAction\",\"target\":[\"https:\/\/www.pm.pb.gov.br\/portal\/2014\/01\/24\/em_condominio_privado_pm_realiza_tres_apreensoes_de_drogas\/\"]}]},{\"@type\":\"BreadcrumbList\",\"@id\":\"https:\/\/www.pm.pb.gov.br\/portal\/2014\/01\/24\/em_condominio_privado_pm_realiza_tres_apreensoes_de_drogas\/#breadcrumb\",\"itemListElement\":[{\"@type\":\"ListItem\",\"position\":1,\"name\":\"In\u00edcio\",\"item\":\"https:\/\/www.pm.pb.gov.br\/portal\/\"},{\"@type\":\"ListItem\",\"position\":2,\"name\":\"Em condom\u00ednio privado: PM realiza tr\u00eas apreens\u00f5es de drogas\"}]},{\"@type\":\"WebSite\",\"@id\":\"https:\/\/www.pm.pb.gov.br\/portal\/#website\",\"url\":\"https:\/\/www.pm.pb.gov.br\/portal\/\",\"name\":\"Pol\u00edcia Militar da Para\u00edba\",\"description\":\"\",\"publisher\":{\"@id\":\"https:\/\/www.pm.pb.gov.br\/portal\/#organization\"},\"potentialAction\":[{\"@type\":\"SearchAction\",\"target\":{\"@type\":\"EntryPoint\",\"urlTemplate\":\"https:\/\/www.pm.pb.gov.br\/portal\/?s={search_term_string}\"},\"query-input\":\"required name=search_term_string\"}],\"inLanguage\":\"pt-BR\"},{\"@type\":\"Organization\",\"@id\":\"https:\/\/www.pm.pb.gov.br\/portal\/#organization\",\"name\":\"Pol\u00edcia Militar da Para\u00edba\",\"url\":\"https:\/\/www.pm.pb.gov.br\/portal\/\",\"logo\":{\"@type\":\"ImageObject\",\"inLanguage\":\"pt-BR\",\"@id\":\"https:\/\/www.pm.pb.gov.br\/portal\/#\/schema\/logo\/image\/\",\"url\":\"https:\/\/www.pm.pb.gov.br\/portal\/wp-content\/uploads\/2025\/03\/cropped-logo-site-mag2-1.png\",\"contentUrl\":\"https:\/\/www.pm.pb.gov.br\/portal\/wp-content\/uploads\/2025\/03\/cropped-logo-site-mag2-1.png\",\"width\":320,\"height\":90,\"caption\":\"Pol\u00edcia Militar da Para\u00edba\"},\"image\":{\"@id\":\"https:\/\/www.pm.pb.gov.br\/portal\/#\/schema\/logo\/image\/\"}},{\"@type\":\"Person\",\"@id\":\"https:\/\/www.pm.pb.gov.br\/portal\/#\/schema\/person\/e8454f46651c3ecf0e1ba3c1666d9947\",\"name\":\"Assessoria de Imprensa da PMPB\",\"image\":{\"@type\":\"ImageObject\",\"inLanguage\":\"pt-BR\",\"@id\":\"https:\/\/www.pm.pb.gov.br\/portal\/#\/schema\/person\/image\/\",\"url\":\"https:\/\/secure.gravatar.com\/avatar\/2efe197438265d1e90bd98c4c8e1acf8?s=96&d=mm&r=g\",\"contentUrl\":\"https:\/\/secure.gravatar.com\/avatar\/2efe197438265d1e90bd98c4c8e1acf8?s=96&d=mm&r=g\",\"caption\":\"Assessoria de Imprensa da PMPB\"},\"url\":\"https:\/\/www.pm.pb.gov.br\/portal\/author\/assessoria\/\"}]}<\/script>\n<!-- \/ Yoast SEO plugin. -->","yoast_head_json":{"title":"Em condom\u00ednio privado: PM realiza tr\u00eas apreens\u00f5es de drogas - Pol\u00edcia Militar da Para\u00edba","robots":{"index":"index","follow":"follow","max-snippet":"max-snippet:-1","max-image-preview":"max-image-preview:large","max-video-preview":"max-video-preview:-1"},"canonical":"https:\/\/www.pm.pb.gov.br\/portal\/2014\/01\/24\/em_condominio_privado_pm_realiza_tres_apreensoes_de_drogas\/","og_locale":"pt_BR","og_type":"article","og_title":"Em condom\u00ednio privado: PM realiza tr\u00eas apreens\u00f5es de drogas - Pol\u00edcia Militar da Para\u00edba","og_description":"A Pol\u00edcia Militar apreendeu mais um montante de drogas no interior do Condom\u00ednio Boa Esperan\u00e7a (conhecido como Gadanhe), localizado no","og_url":"https:\/\/www.pm.pb.gov.br\/portal\/2014\/01\/24\/em_condominio_privado_pm_realiza_tres_apreensoes_de_drogas\/","og_site_name":"Pol\u00edcia Militar da Para\u00edba","article_published_time":"2014-01-24T14:01:16+00:00","og_image":[{"width":500,"height":332,"url":"https:\/\/www.pm.pb.gov.br\/portal\/wp-content\/uploads\/2014\/01\/9018_12259.jpg","type":"image\/jpeg"}],"author":"Assessoria de Imprensa da PMPB","twitter_card":"summary_large_image","twitter_misc":{"Escrito por":"Assessoria de Imprensa da PMPB","Est. tempo de leitura":"1 minuto"},"schema":{"@context":"https:\/\/schema.org","@graph":[{"@type":"Article","@id":"https:\/\/www.pm.pb.gov.br\/portal\/2014\/01\/24\/em_condominio_privado_pm_realiza_tres_apreensoes_de_drogas\/#article","isPartOf":{"@id":"https:\/\/www.pm.pb.gov.br\/portal\/2014\/01\/24\/em_condominio_privado_pm_realiza_tres_apreensoes_de_drogas\/"},"author":{"name":"Assessoria de Imprensa da PMPB","@id":"https:\/\/www.pm.pb.gov.br\/portal\/#\/schema\/person\/e8454f46651c3ecf0e1ba3c1666d9947"},"headline":"Em condom\u00ednio privado: PM realiza tr\u00eas apreens\u00f5es de drogas","datePublished":"2014-01-24T14:01:16+00:00","dateModified":"2014-01-24T14:01:16+00:00","mainEntityOfPage":{"@id":"https:\/\/www.pm.pb.gov.br\/portal\/2014\/01\/24\/em_condominio_privado_pm_realiza_tres_apreensoes_de_drogas\/"},"wordCount":303,"publisher":{"@id":"https:\/\/www.pm.pb.gov.br\/portal\/#organization"},"articleSection":["A\u00e7\u00f5es Policiais"],"inLanguage":"pt-BR"},{"@type":"WebPage","@id":"https:\/\/www.pm.pb.gov.br\/portal\/2014\/01\/24\/em_condominio_privado_pm_realiza_tres_apreensoes_de_drogas\/","url":"https:\/\/www.pm.pb.gov.br\/portal\/2014\/01\/24\/em_condominio_privado_pm_realiza_tres_apreensoes_de_drogas\/","name":"Em condom\u00ednio privado: PM realiza tr\u00eas apreens\u00f5es de drogas - Pol\u00edcia Militar da Para\u00edba","isPartOf":{"@id":"https:\/\/www.pm.pb.gov.br\/portal\/#website"},"datePublished":"2014-01-24T14:01:16+00:00","dateModified":"2014-01-24T14:01:16+00:00","breadcrumb":{"@id":"https:\/\/www.pm.pb.gov.br\/portal\/2014\/01\/24\/em_condominio_privado_pm_realiza_tres_apreensoes_de_drogas\/#breadcrumb"},"inLanguage":"pt-BR","potentialAction":[{"@type":"ReadAction","target":["https:\/\/www.pm.pb.gov.br\/portal\/2014\/01\/24\/em_condominio_privado_pm_realiza_tres_apreensoes_de_drogas\/"]}]},{"@type":"BreadcrumbList","@id":"https:\/\/www.pm.pb.gov.br\/portal\/2014\/01\/24\/em_condominio_privado_pm_realiza_tres_apreensoes_de_drogas\/#breadcrumb","itemListElement":[{"@type":"ListItem","position":1,"name":"In\u00edcio","item":"https:\/\/www.pm.pb.gov.br\/portal\/"},{"@type":"ListItem","position":2,"name":"Em condom\u00ednio privado: PM realiza tr\u00eas apreens\u00f5es de drogas"}]},{"@type":"WebSite","@id":"https:\/\/www.pm.pb.gov.br\/portal\/#website","url":"https:\/\/www.pm.pb.gov.br\/portal\/","name":"Pol\u00edcia Militar da Para\u00edba","description":"","publisher":{"@id":"https:\/\/www.pm.pb.gov.br\/portal\/#organization"},"potentialAction":[{"@type":"SearchAction","target":{"@type":"EntryPoint","urlTemplate":"https:\/\/www.pm.pb.gov.br\/portal\/?s={search_term_string}"},"query-input":"required name=search_term_string"}],"inLanguage":"pt-BR"},{"@type":"Organization","@id":"https:\/\/www.pm.pb.gov.br\/portal\/#organization","name":"Pol\u00edcia Militar da Para\u00edba","url":"https:\/\/www.pm.pb.gov.br\/portal\/","logo":{"@type":"ImageObject","inLanguage":"pt-BR","@id":"https:\/\/www.pm.pb.gov.br\/portal\/#\/schema\/logo\/image\/","url":"https:\/\/www.pm.pb.gov.br\/portal\/wp-content\/uploads\/2025\/03\/cropped-logo-site-mag2-1.png","contentUrl":"https:\/\/www.pm.pb.gov.br\/portal\/wp-content\/uploads\/2025\/03\/cropped-logo-site-mag2-1.png","width":320,"height":90,"caption":"Pol\u00edcia Militar da Para\u00edba"},"image":{"@id":"https:\/\/www.pm.pb.gov.br\/portal\/#\/schema\/logo\/image\/"}},{"@type":"Person","@id":"https:\/\/www.pm.pb.gov.br\/portal\/#\/schema\/person\/e8454f46651c3ecf0e1ba3c1666d9947","name":"Assessoria de Imprensa da PMPB","image":{"@type":"ImageObject","inLanguage":"pt-BR","@id":"https:\/\/www.pm.pb.gov.br\/portal\/#\/schema\/person\/image\/","url":"https:\/\/secure.gravatar.com\/avatar\/2efe197438265d1e90bd98c4c8e1acf8?s=96&d=mm&r=g","contentUrl":"https:\/\/secure.gravatar.com\/avatar\/2efe197438265d1e90bd98c4c8e1acf8?s=96&d=mm&r=g","caption":"Assessoria de Imprensa da PMPB"},"url":"https:\/\/www.pm.pb.gov.br\/portal\/author\/assessoria\/"}]}},"_links":{"self":[{"href":"https:\/\/www.pm.pb.gov.br\/portal\/wp-json\/wp\/v2\/posts\/9018"}],"collection":[{"href":"https:\/\/www.pm.pb.gov.br\/portal\/wp-json\/wp\/v2\/posts"}],"about":[{"href":"https:\/\/www.pm.pb.gov.br\/portal\/wp-json\/wp\/v2\/types\/post"}],"author":[{"embeddable":true,"href":"https:\/\/www.pm.pb.gov.br\/portal\/wp-json\/wp\/v2\/users\/5"}],"replies":[{"embeddable":true,"href":"https:\/\/www.pm.pb.gov.br\/portal\/wp-json\/wp\/v2\/comments?post=9018"}],"version-history":[{"count":0,"href":"https:\/\/www.pm.pb.gov.br\/portal\/wp-json\/wp\/v2\/posts\/9018\/revisions"}],"wp:featuredmedia":[{"embeddable":true,"href":"https:\/\/www.pm.pb.gov.br\/portal\/wp-json\/wp\/v2\/media\/12259"}],"wp:attachment":[{"href":"https:\/\/www.pm.pb.gov.br\/portal\/wp-json\/wp\/v2\/media?parent=9018"}],"wp:term":[{"taxonomy":"category","embeddable":true,"href":"https:\/\/www.pm.pb.gov.br\/portal\/wp-json\/wp\/v2\/categories?post=9018"},{"taxonomy":"post_tag","embeddable":true,"href":"https:\/\/www.pm.pb.gov.br\/portal\/wp-json\/wp\/v2\/tags?post=9018"}],"curies":[{"name":"wp","href":"https:\/\/api.w.org\/{rel}","templated":true}]}}