{"id":901638,"date":"2019-07-26T10:04:53","date_gmt":"2019-07-26T13:04:53","guid":{"rendered":"http:\/\/www.pm.pb.gov.br\/portal\/?p=901638"},"modified":"2019-07-26T10:04:54","modified_gmt":"2019-07-26T13:04:54","slug":"policia-militar-prende-suspeitos-de-trafico-de-drogas-em-joao-pessoa","status":"publish","type":"post","link":"https:\/\/www.pm.pb.gov.br\/portal\/2019\/07\/26\/policia-militar-prende-suspeitos-de-trafico-de-drogas-em-joao-pessoa\/","title":{"rendered":"Pol\u00edcia Militar prende suspeitos de tr\u00e1fico de drogas em Jo\u00e3o Pessoa"},"content":{"rendered":"\n<p>A Pol\u00edcia Militar ocupou, no in\u00edcio da manh\u00e3 desta sexta-feira (26), a\u00a0rua Pedro Ulisses, no bairro do Roger, em Jo\u00e3o Pessoa, onde estariam funcionando v\u00e1rios pontos de vendas de drogas. Na a\u00e7\u00e3o, os policiais da Ronda Ostensiva T\u00e1tica com Apoio de Motocicletas (ROTAM) do 1\u00ba Batalh\u00e3o prenderam dois suspeitos em flagrante.<br \/><br \/>O primeiro, um homem de 21 anos, estava em uma casa, usada como ponto de venda. No local, a PM apreendeu um caderno com toda a movimenta\u00e7\u00e3o financeira do tr\u00e1fico, 300 gramas de maconha, uma balan\u00e7a de precis\u00e3o e embalagens para drogas.<br \/><br \/>O segundo suspeito foi preso em outro local de venda de drogas, que funcionava tamb\u00e9m em uma resid\u00eancia. Ele foi flagrado com\u00a0dinheiro, oito por\u00e7\u00f5es de maconha, 11 pedras de crack de tamanhos variados e uma quantidade de coca\u00edna. O homem tem 55 anos j\u00e1 responde processos por tr\u00e1fico de drogas e furto.<br \/><br \/>Os dois suspeitos presos que atuavam no tr\u00e1fico foram apresentados na Central de Flagrantes, no Geisel.<\/p>\n","protected":false},"excerpt":{"rendered":"<p>A Pol\u00edcia Militar ocupou, no in\u00edcio da manh\u00e3 desta sexta-feira (26), a\u00a0rua Pedro Ulisses, no bairro do Roger, em Jo\u00e3o<\/p>\n","protected":false},"author":11,"featured_media":901639,"comment_status":"closed","ping_status":"closed","sticky":false,"template":"","format":"standard","meta":{"_exactmetrics_skip_tracking":false,"_exactmetrics_sitenote_active":false,"_exactmetrics_sitenote_note":"","_exactmetrics_sitenote_category":0,"footnotes":""},"categories":[4],"tags":[],"yoast_head":"<!-- This site is optimized with the Yoast SEO plugin v22.0 - https:\/\/yoast.com\/wordpress\/plugins\/seo\/ -->\n<title>Pol\u00edcia Militar prende suspeitos de tr\u00e1fico de drogas em Jo\u00e3o Pessoa - Pol\u00edcia Militar da Para\u00edba<\/title>\n<meta name=\"robots\" content=\"index, follow, max-snippet:-1, max-image-preview:large, max-video-preview:-1\" \/>\n<link rel=\"canonical\" href=\"https:\/\/www.pm.pb.gov.br\/portal\/2019\/07\/26\/policia-militar-prende-suspeitos-de-trafico-de-drogas-em-joao-pessoa\/\" \/>\n<meta property=\"og:locale\" content=\"pt_BR\" \/>\n<meta property=\"og:type\" content=\"article\" \/>\n<meta property=\"og:title\" content=\"Pol\u00edcia Militar prende suspeitos de tr\u00e1fico de drogas em Jo\u00e3o Pessoa - Pol\u00edcia Militar da Para\u00edba\" \/>\n<meta property=\"og:description\" content=\"A Pol\u00edcia Militar ocupou, no in\u00edcio da manh\u00e3 desta sexta-feira (26), a\u00a0rua Pedro Ulisses, no bairro do Roger, em Jo\u00e3o\" \/>\n<meta property=\"og:url\" content=\"https:\/\/www.pm.pb.gov.br\/portal\/2019\/07\/26\/policia-militar-prende-suspeitos-de-trafico-de-drogas-em-joao-pessoa\/\" \/>\n<meta property=\"og:site_name\" content=\"Pol\u00edcia Militar da Para\u00edba\" \/>\n<meta property=\"article:published_time\" content=\"2019-07-26T13:04:53+00:00\" \/>\n<meta property=\"article:modified_time\" content=\"2019-07-26T13:04:54+00:00\" \/>\n<meta property=\"og:image\" content=\"https:\/\/www.pm.pb.gov.br\/portal\/wp-content\/uploads\/2019\/07\/unnamed-1.jpg\" \/>\n\t<meta property=\"og:image:width\" content=\"1023\" \/>\n\t<meta property=\"og:image:height\" content=\"569\" \/>\n\t<meta property=\"og:image:type\" content=\"image\/jpeg\" \/>\n<meta name=\"author\" content=\"Hermerson Pedro\" \/>\n<meta name=\"twitter:card\" content=\"summary_large_image\" \/>\n<meta name=\"twitter:label1\" content=\"Escrito por\" \/>\n\t<meta name=\"twitter:data1\" content=\"Hermerson Pedro\" \/>\n\t<meta name=\"twitter:label2\" content=\"Est. tempo de leitura\" \/>\n\t<meta name=\"twitter:data2\" content=\"1 minuto\" \/>\n<script type=\"application\/ld+json\" class=\"yoast-schema-graph\">{\"@context\":\"https:\/\/schema.org\",\"@graph\":[{\"@type\":\"Article\",\"@id\":\"https:\/\/www.pm.pb.gov.br\/portal\/2019\/07\/26\/policia-militar-prende-suspeitos-de-trafico-de-drogas-em-joao-pessoa\/#article\",\"isPartOf\":{\"@id\":\"https:\/\/www.pm.pb.gov.br\/portal\/2019\/07\/26\/policia-militar-prende-suspeitos-de-trafico-de-drogas-em-joao-pessoa\/\"},\"author\":{\"name\":\"Hermerson Pedro\",\"@id\":\"https:\/\/www.pm.pb.gov.br\/portal\/#\/schema\/person\/d14ec57cfec6ba094c033291a557dc3b\"},\"headline\":\"Pol\u00edcia Militar prende suspeitos de tr\u00e1fico de drogas em Jo\u00e3o Pessoa\",\"datePublished\":\"2019-07-26T13:04:53+00:00\",\"dateModified\":\"2019-07-26T13:04:54+00:00\",\"mainEntityOfPage\":{\"@id\":\"https:\/\/www.pm.pb.gov.br\/portal\/2019\/07\/26\/policia-militar-prende-suspeitos-de-trafico-de-drogas-em-joao-pessoa\/\"},\"wordCount\":188,\"publisher\":{\"@id\":\"https:\/\/www.pm.pb.gov.br\/portal\/#organization\"},\"articleSection\":[\"A\u00e7\u00f5es Policiais\"],\"inLanguage\":\"pt-BR\"},{\"@type\":\"WebPage\",\"@id\":\"https:\/\/www.pm.pb.gov.br\/portal\/2019\/07\/26\/policia-militar-prende-suspeitos-de-trafico-de-drogas-em-joao-pessoa\/\",\"url\":\"https:\/\/www.pm.pb.gov.br\/portal\/2019\/07\/26\/policia-militar-prende-suspeitos-de-trafico-de-drogas-em-joao-pessoa\/\",\"name\":\"Pol\u00edcia Militar prende suspeitos de tr\u00e1fico de drogas em Jo\u00e3o Pessoa - Pol\u00edcia Militar da Para\u00edba\",\"isPartOf\":{\"@id\":\"https:\/\/www.pm.pb.gov.br\/portal\/#website\"},\"datePublished\":\"2019-07-26T13:04:53+00:00\",\"dateModified\":\"2019-07-26T13:04:54+00:00\",\"breadcrumb\":{\"@id\":\"https:\/\/www.pm.pb.gov.br\/portal\/2019\/07\/26\/policia-militar-prende-suspeitos-de-trafico-de-drogas-em-joao-pessoa\/#breadcrumb\"},\"inLanguage\":\"pt-BR\",\"potentialAction\":[{\"@type\":\"ReadAction\",\"target\":[\"https:\/\/www.pm.pb.gov.br\/portal\/2019\/07\/26\/policia-militar-prende-suspeitos-de-trafico-de-drogas-em-joao-pessoa\/\"]}]},{\"@type\":\"BreadcrumbList\",\"@id\":\"https:\/\/www.pm.pb.gov.br\/portal\/2019\/07\/26\/policia-militar-prende-suspeitos-de-trafico-de-drogas-em-joao-pessoa\/#breadcrumb\",\"itemListElement\":[{\"@type\":\"ListItem\",\"position\":1,\"name\":\"In\u00edcio\",\"item\":\"https:\/\/www.pm.pb.gov.br\/portal\/\"},{\"@type\":\"ListItem\",\"position\":2,\"name\":\"Pol\u00edcia Militar prende suspeitos de tr\u00e1fico de drogas em Jo\u00e3o Pessoa\"}]},{\"@type\":\"WebSite\",\"@id\":\"https:\/\/www.pm.pb.gov.br\/portal\/#website\",\"url\":\"https:\/\/www.pm.pb.gov.br\/portal\/\",\"name\":\"Pol\u00edcia Militar da Para\u00edba\",\"description\":\"\",\"publisher\":{\"@id\":\"https:\/\/www.pm.pb.gov.br\/portal\/#organization\"},\"potentialAction\":[{\"@type\":\"SearchAction\",\"target\":{\"@type\":\"EntryPoint\",\"urlTemplate\":\"https:\/\/www.pm.pb.gov.br\/portal\/?s={search_term_string}\"},\"query-input\":\"required name=search_term_string\"}],\"inLanguage\":\"pt-BR\"},{\"@type\":\"Organization\",\"@id\":\"https:\/\/www.pm.pb.gov.br\/portal\/#organization\",\"name\":\"Pol\u00edcia Militar da Para\u00edba\",\"url\":\"https:\/\/www.pm.pb.gov.br\/portal\/\",\"logo\":{\"@type\":\"ImageObject\",\"inLanguage\":\"pt-BR\",\"@id\":\"https:\/\/www.pm.pb.gov.br\/portal\/#\/schema\/logo\/image\/\",\"url\":\"https:\/\/www.pm.pb.gov.br\/portal\/wp-content\/uploads\/2025\/03\/cropped-logo-site-mag2-1.png\",\"contentUrl\":\"https:\/\/www.pm.pb.gov.br\/portal\/wp-content\/uploads\/2025\/03\/cropped-logo-site-mag2-1.png\",\"width\":320,\"height\":90,\"caption\":\"Pol\u00edcia Militar da Para\u00edba\"},\"image\":{\"@id\":\"https:\/\/www.pm.pb.gov.br\/portal\/#\/schema\/logo\/image\/\"}},{\"@type\":\"Person\",\"@id\":\"https:\/\/www.pm.pb.gov.br\/portal\/#\/schema\/person\/d14ec57cfec6ba094c033291a557dc3b\",\"name\":\"Hermerson Pedro\",\"image\":{\"@type\":\"ImageObject\",\"inLanguage\":\"pt-BR\",\"@id\":\"https:\/\/www.pm.pb.gov.br\/portal\/#\/schema\/person\/image\/\",\"url\":\"https:\/\/secure.gravatar.com\/avatar\/179290e0ec2caf97139df534dc3e55df?s=96&d=mm&r=g\",\"contentUrl\":\"https:\/\/secure.gravatar.com\/avatar\/179290e0ec2caf97139df534dc3e55df?s=96&d=mm&r=g\",\"caption\":\"Hermerson Pedro\"},\"url\":\"https:\/\/www.pm.pb.gov.br\/portal\/author\/hermerson\/\"}]}<\/script>\n<!-- \/ Yoast SEO plugin. -->","yoast_head_json":{"title":"Pol\u00edcia Militar prende suspeitos de tr\u00e1fico de drogas em Jo\u00e3o Pessoa - Pol\u00edcia Militar da Para\u00edba","robots":{"index":"index","follow":"follow","max-snippet":"max-snippet:-1","max-image-preview":"max-image-preview:large","max-video-preview":"max-video-preview:-1"},"canonical":"https:\/\/www.pm.pb.gov.br\/portal\/2019\/07\/26\/policia-militar-prende-suspeitos-de-trafico-de-drogas-em-joao-pessoa\/","og_locale":"pt_BR","og_type":"article","og_title":"Pol\u00edcia Militar prende suspeitos de tr\u00e1fico de drogas em Jo\u00e3o Pessoa - Pol\u00edcia Militar da Para\u00edba","og_description":"A Pol\u00edcia Militar ocupou, no in\u00edcio da manh\u00e3 desta sexta-feira (26), a\u00a0rua Pedro Ulisses, no bairro do Roger, em Jo\u00e3o","og_url":"https:\/\/www.pm.pb.gov.br\/portal\/2019\/07\/26\/policia-militar-prende-suspeitos-de-trafico-de-drogas-em-joao-pessoa\/","og_site_name":"Pol\u00edcia Militar da Para\u00edba","article_published_time":"2019-07-26T13:04:53+00:00","article_modified_time":"2019-07-26T13:04:54+00:00","og_image":[{"width":1023,"height":569,"url":"https:\/\/www.pm.pb.gov.br\/portal\/wp-content\/uploads\/2019\/07\/unnamed-1.jpg","type":"image\/jpeg"}],"author":"Hermerson Pedro","twitter_card":"summary_large_image","twitter_misc":{"Escrito por":"Hermerson Pedro","Est. tempo de leitura":"1 minuto"},"schema":{"@context":"https:\/\/schema.org","@graph":[{"@type":"Article","@id":"https:\/\/www.pm.pb.gov.br\/portal\/2019\/07\/26\/policia-militar-prende-suspeitos-de-trafico-de-drogas-em-joao-pessoa\/#article","isPartOf":{"@id":"https:\/\/www.pm.pb.gov.br\/portal\/2019\/07\/26\/policia-militar-prende-suspeitos-de-trafico-de-drogas-em-joao-pessoa\/"},"author":{"name":"Hermerson Pedro","@id":"https:\/\/www.pm.pb.gov.br\/portal\/#\/schema\/person\/d14ec57cfec6ba094c033291a557dc3b"},"headline":"Pol\u00edcia Militar prende suspeitos de tr\u00e1fico de drogas em Jo\u00e3o Pessoa","datePublished":"2019-07-26T13:04:53+00:00","dateModified":"2019-07-26T13:04:54+00:00","mainEntityOfPage":{"@id":"https:\/\/www.pm.pb.gov.br\/portal\/2019\/07\/26\/policia-militar-prende-suspeitos-de-trafico-de-drogas-em-joao-pessoa\/"},"wordCount":188,"publisher":{"@id":"https:\/\/www.pm.pb.gov.br\/portal\/#organization"},"articleSection":["A\u00e7\u00f5es Policiais"],"inLanguage":"pt-BR"},{"@type":"WebPage","@id":"https:\/\/www.pm.pb.gov.br\/portal\/2019\/07\/26\/policia-militar-prende-suspeitos-de-trafico-de-drogas-em-joao-pessoa\/","url":"https:\/\/www.pm.pb.gov.br\/portal\/2019\/07\/26\/policia-militar-prende-suspeitos-de-trafico-de-drogas-em-joao-pessoa\/","name":"Pol\u00edcia Militar prende suspeitos de tr\u00e1fico de drogas em Jo\u00e3o Pessoa - Pol\u00edcia Militar da Para\u00edba","isPartOf":{"@id":"https:\/\/www.pm.pb.gov.br\/portal\/#website"},"datePublished":"2019-07-26T13:04:53+00:00","dateModified":"2019-07-26T13:04:54+00:00","breadcrumb":{"@id":"https:\/\/www.pm.pb.gov.br\/portal\/2019\/07\/26\/policia-militar-prende-suspeitos-de-trafico-de-drogas-em-joao-pessoa\/#breadcrumb"},"inLanguage":"pt-BR","potentialAction":[{"@type":"ReadAction","target":["https:\/\/www.pm.pb.gov.br\/portal\/2019\/07\/26\/policia-militar-prende-suspeitos-de-trafico-de-drogas-em-joao-pessoa\/"]}]},{"@type":"BreadcrumbList","@id":"https:\/\/www.pm.pb.gov.br\/portal\/2019\/07\/26\/policia-militar-prende-suspeitos-de-trafico-de-drogas-em-joao-pessoa\/#breadcrumb","itemListElement":[{"@type":"ListItem","position":1,"name":"In\u00edcio","item":"https:\/\/www.pm.pb.gov.br\/portal\/"},{"@type":"ListItem","position":2,"name":"Pol\u00edcia Militar prende suspeitos de tr\u00e1fico de drogas em Jo\u00e3o Pessoa"}]},{"@type":"WebSite","@id":"https:\/\/www.pm.pb.gov.br\/portal\/#website","url":"https:\/\/www.pm.pb.gov.br\/portal\/","name":"Pol\u00edcia Militar da Para\u00edba","description":"","publisher":{"@id":"https:\/\/www.pm.pb.gov.br\/portal\/#organization"},"potentialAction":[{"@type":"SearchAction","target":{"@type":"EntryPoint","urlTemplate":"https:\/\/www.pm.pb.gov.br\/portal\/?s={search_term_string}"},"query-input":"required name=search_term_string"}],"inLanguage":"pt-BR"},{"@type":"Organization","@id":"https:\/\/www.pm.pb.gov.br\/portal\/#organization","name":"Pol\u00edcia Militar da Para\u00edba","url":"https:\/\/www.pm.pb.gov.br\/portal\/","logo":{"@type":"ImageObject","inLanguage":"pt-BR","@id":"https:\/\/www.pm.pb.gov.br\/portal\/#\/schema\/logo\/image\/","url":"https:\/\/www.pm.pb.gov.br\/portal\/wp-content\/uploads\/2025\/03\/cropped-logo-site-mag2-1.png","contentUrl":"https:\/\/www.pm.pb.gov.br\/portal\/wp-content\/uploads\/2025\/03\/cropped-logo-site-mag2-1.png","width":320,"height":90,"caption":"Pol\u00edcia Militar da Para\u00edba"},"image":{"@id":"https:\/\/www.pm.pb.gov.br\/portal\/#\/schema\/logo\/image\/"}},{"@type":"Person","@id":"https:\/\/www.pm.pb.gov.br\/portal\/#\/schema\/person\/d14ec57cfec6ba094c033291a557dc3b","name":"Hermerson Pedro","image":{"@type":"ImageObject","inLanguage":"pt-BR","@id":"https:\/\/www.pm.pb.gov.br\/portal\/#\/schema\/person\/image\/","url":"https:\/\/secure.gravatar.com\/avatar\/179290e0ec2caf97139df534dc3e55df?s=96&d=mm&r=g","contentUrl":"https:\/\/secure.gravatar.com\/avatar\/179290e0ec2caf97139df534dc3e55df?s=96&d=mm&r=g","caption":"Hermerson Pedro"},"url":"https:\/\/www.pm.pb.gov.br\/portal\/author\/hermerson\/"}]}},"_links":{"self":[{"href":"https:\/\/www.pm.pb.gov.br\/portal\/wp-json\/wp\/v2\/posts\/901638"}],"collection":[{"href":"https:\/\/www.pm.pb.gov.br\/portal\/wp-json\/wp\/v2\/posts"}],"about":[{"href":"https:\/\/www.pm.pb.gov.br\/portal\/wp-json\/wp\/v2\/types\/post"}],"author":[{"embeddable":true,"href":"https:\/\/www.pm.pb.gov.br\/portal\/wp-json\/wp\/v2\/users\/11"}],"replies":[{"embeddable":true,"href":"https:\/\/www.pm.pb.gov.br\/portal\/wp-json\/wp\/v2\/comments?post=901638"}],"version-history":[{"count":1,"href":"https:\/\/www.pm.pb.gov.br\/portal\/wp-json\/wp\/v2\/posts\/901638\/revisions"}],"predecessor-version":[{"id":901640,"href":"https:\/\/www.pm.pb.gov.br\/portal\/wp-json\/wp\/v2\/posts\/901638\/revisions\/901640"}],"wp:featuredmedia":[{"embeddable":true,"href":"https:\/\/www.pm.pb.gov.br\/portal\/wp-json\/wp\/v2\/media\/901639"}],"wp:attachment":[{"href":"https:\/\/www.pm.pb.gov.br\/portal\/wp-json\/wp\/v2\/media?parent=901638"}],"wp:term":[{"taxonomy":"category","embeddable":true,"href":"https:\/\/www.pm.pb.gov.br\/portal\/wp-json\/wp\/v2\/categories?post=901638"},{"taxonomy":"post_tag","embeddable":true,"href":"https:\/\/www.pm.pb.gov.br\/portal\/wp-json\/wp\/v2\/tags?post=901638"}],"curies":[{"name":"wp","href":"https:\/\/api.w.org\/{rel}","templated":true}]}}