{"id":901625,"date":"2019-07-24T17:21:24","date_gmt":"2019-07-24T20:21:24","guid":{"rendered":"http:\/\/www.pm.pb.gov.br\/portal\/?p=901625"},"modified":"2019-07-24T17:21:25","modified_gmt":"2019-07-24T20:21:25","slug":"policia-militar-prende-suspeita-de-trafico-e-apreende-mais-uma-arma-de-fogo-em-santa-rita","status":"publish","type":"post","link":"https:\/\/www.pm.pb.gov.br\/portal\/2019\/07\/24\/policia-militar-prende-suspeita-de-trafico-e-apreende-mais-uma-arma-de-fogo-em-santa-rita\/","title":{"rendered":"Pol\u00edcia Militar prende suspeita de tr\u00e1fico e apreende mais uma arma de fogo em Santa Rita"},"content":{"rendered":"\n<p><img loading=\"lazy\" decoding=\"async\" class=\" wp-image-901626 alignright\" src=\"http:\/\/www.pm.pb.gov.br\/portal\/wp-content\/uploads\/2019\/07\/WhatsApp-Image-2019-07-24-at-15.21.20-334x445.jpeg\" alt=\"\" width=\"241\" height=\"321\" srcset=\"https:\/\/www.pm.pb.gov.br\/portal\/wp-content\/uploads\/2019\/07\/WhatsApp-Image-2019-07-24-at-15.21.20-334x445.jpeg 334w, https:\/\/www.pm.pb.gov.br\/portal\/wp-content\/uploads\/2019\/07\/WhatsApp-Image-2019-07-24-at-15.21.20-768x1024.jpeg 768w, https:\/\/www.pm.pb.gov.br\/portal\/wp-content\/uploads\/2019\/07\/WhatsApp-Image-2019-07-24-at-15.21.20-428x570.jpeg 428w, https:\/\/www.pm.pb.gov.br\/portal\/wp-content\/uploads\/2019\/07\/WhatsApp-Image-2019-07-24-at-15.21.20.jpeg 864w\" sizes=\"(max-width: 241px) 100vw, 241px\" \/>As a\u00e7\u00f5es da Policia Militar no munic\u00edpio de Santa Rita seguem intensificadas e, no fim da manh\u00e3 desta quarta-feira (24), resultaram na apreens\u00e3o de mais uma arma de fogo com uma mulher suspeita de tr\u00e1fico de drogas. Um rev\u00f3lver calibre 38, com cinco muni\u00e7\u00f5es (foto ao lado), foi encontrado com uma mulher que estava com tr\u00eas por\u00e7\u00f5es de subst\u00e2ncia an\u00e1loga \u00e0 coca\u00edna e crack, no bairro de Marcos Moura.<br \/><br \/>Policiais da For\u00e7a T\u00e1tica do 7\u00ba Batalh\u00e3o chegaram at\u00e9 um ponto denunciado de tr\u00e1fico de drogas, por meio de orienta\u00e7\u00f5es da Coordenadoria de Intelig\u00eancia da PM (COInt), e conseguiram prender uma suspeita de 19 anos. Na casa dela os policiais localizaram a arma de fogo e os entorpecentes.<br \/><br \/>A suspeita foi encaminha para a 5\u00aa Delegacia Seccional da Policia Civil, em Santa Rita, onde foi autuada por tr\u00e1fico de drogas e posse ilegal de arma.<\/p>\n","protected":false},"excerpt":{"rendered":"<p>As a\u00e7\u00f5es da Policia Militar no munic\u00edpio de Santa Rita seguem intensificadas e, no fim da manh\u00e3 desta quarta-feira (24),<\/p>\n","protected":false},"author":12,"featured_media":898598,"comment_status":"closed","ping_status":"closed","sticky":false,"template":"","format":"standard","meta":{"_exactmetrics_skip_tracking":false,"_exactmetrics_sitenote_active":false,"_exactmetrics_sitenote_note":"","_exactmetrics_sitenote_category":0,"footnotes":""},"categories":[4],"tags":[],"yoast_head":"<!-- This site is optimized with the Yoast SEO plugin v22.0 - https:\/\/yoast.com\/wordpress\/plugins\/seo\/ -->\n<title>Pol\u00edcia Militar prende suspeita de tr\u00e1fico e apreende mais uma arma de fogo em Santa Rita - Pol\u00edcia Militar da Para\u00edba<\/title>\n<meta name=\"robots\" content=\"index, follow, max-snippet:-1, max-image-preview:large, max-video-preview:-1\" \/>\n<link rel=\"canonical\" href=\"https:\/\/www.pm.pb.gov.br\/portal\/2019\/07\/24\/policia-militar-prende-suspeita-de-trafico-e-apreende-mais-uma-arma-de-fogo-em-santa-rita\/\" \/>\n<meta property=\"og:locale\" content=\"pt_BR\" \/>\n<meta property=\"og:type\" content=\"article\" \/>\n<meta property=\"og:title\" content=\"Pol\u00edcia Militar prende suspeita de tr\u00e1fico e apreende mais uma arma de fogo em Santa Rita - Pol\u00edcia Militar da Para\u00edba\" \/>\n<meta property=\"og:description\" content=\"As a\u00e7\u00f5es da Policia Militar no munic\u00edpio de Santa Rita seguem intensificadas e, no fim da manh\u00e3 desta quarta-feira (24),\" \/>\n<meta property=\"og:url\" content=\"https:\/\/www.pm.pb.gov.br\/portal\/2019\/07\/24\/policia-militar-prende-suspeita-de-trafico-e-apreende-mais-uma-arma-de-fogo-em-santa-rita\/\" \/>\n<meta property=\"og:site_name\" content=\"Pol\u00edcia Militar da Para\u00edba\" \/>\n<meta property=\"article:published_time\" content=\"2019-07-24T20:21:24+00:00\" \/>\n<meta property=\"article:modified_time\" content=\"2019-07-24T20:21:25+00:00\" \/>\n<meta property=\"og:image\" content=\"https:\/\/www.pm.pb.gov.br\/portal\/wp-content\/uploads\/2018\/08\/2-1-1.jpg\" \/>\n\t<meta property=\"og:image:width\" content=\"800\" \/>\n\t<meta property=\"og:image:height\" content=\"445\" \/>\n\t<meta property=\"og:image:type\" content=\"image\/jpeg\" \/>\n<meta name=\"author\" content=\"Tarcisio Oliveira\" \/>\n<meta name=\"twitter:card\" content=\"summary_large_image\" \/>\n<meta name=\"twitter:label1\" content=\"Escrito por\" \/>\n\t<meta name=\"twitter:data1\" content=\"Tarcisio Oliveira\" \/>\n\t<meta name=\"twitter:label2\" content=\"Est. tempo de leitura\" \/>\n\t<meta name=\"twitter:data2\" content=\"1 minuto\" \/>\n<script type=\"application\/ld+json\" class=\"yoast-schema-graph\">{\"@context\":\"https:\/\/schema.org\",\"@graph\":[{\"@type\":\"Article\",\"@id\":\"https:\/\/www.pm.pb.gov.br\/portal\/2019\/07\/24\/policia-militar-prende-suspeita-de-trafico-e-apreende-mais-uma-arma-de-fogo-em-santa-rita\/#article\",\"isPartOf\":{\"@id\":\"https:\/\/www.pm.pb.gov.br\/portal\/2019\/07\/24\/policia-militar-prende-suspeita-de-trafico-e-apreende-mais-uma-arma-de-fogo-em-santa-rita\/\"},\"author\":{\"name\":\"Tarcisio Oliveira\",\"@id\":\"https:\/\/www.pm.pb.gov.br\/portal\/#\/schema\/person\/f84f56dcc78ce4357054da888b8247fd\"},\"headline\":\"Pol\u00edcia Militar prende suspeita de tr\u00e1fico e apreende mais uma arma de fogo em Santa Rita\",\"datePublished\":\"2019-07-24T20:21:24+00:00\",\"dateModified\":\"2019-07-24T20:21:25+00:00\",\"mainEntityOfPage\":{\"@id\":\"https:\/\/www.pm.pb.gov.br\/portal\/2019\/07\/24\/policia-militar-prende-suspeita-de-trafico-e-apreende-mais-uma-arma-de-fogo-em-santa-rita\/\"},\"wordCount\":174,\"publisher\":{\"@id\":\"https:\/\/www.pm.pb.gov.br\/portal\/#organization\"},\"articleSection\":[\"A\u00e7\u00f5es Policiais\"],\"inLanguage\":\"pt-BR\"},{\"@type\":\"WebPage\",\"@id\":\"https:\/\/www.pm.pb.gov.br\/portal\/2019\/07\/24\/policia-militar-prende-suspeita-de-trafico-e-apreende-mais-uma-arma-de-fogo-em-santa-rita\/\",\"url\":\"https:\/\/www.pm.pb.gov.br\/portal\/2019\/07\/24\/policia-militar-prende-suspeita-de-trafico-e-apreende-mais-uma-arma-de-fogo-em-santa-rita\/\",\"name\":\"Pol\u00edcia Militar prende suspeita de tr\u00e1fico e apreende mais uma arma de fogo em Santa Rita - Pol\u00edcia Militar da Para\u00edba\",\"isPartOf\":{\"@id\":\"https:\/\/www.pm.pb.gov.br\/portal\/#website\"},\"datePublished\":\"2019-07-24T20:21:24+00:00\",\"dateModified\":\"2019-07-24T20:21:25+00:00\",\"breadcrumb\":{\"@id\":\"https:\/\/www.pm.pb.gov.br\/portal\/2019\/07\/24\/policia-militar-prende-suspeita-de-trafico-e-apreende-mais-uma-arma-de-fogo-em-santa-rita\/#breadcrumb\"},\"inLanguage\":\"pt-BR\",\"potentialAction\":[{\"@type\":\"ReadAction\",\"target\":[\"https:\/\/www.pm.pb.gov.br\/portal\/2019\/07\/24\/policia-militar-prende-suspeita-de-trafico-e-apreende-mais-uma-arma-de-fogo-em-santa-rita\/\"]}]},{\"@type\":\"BreadcrumbList\",\"@id\":\"https:\/\/www.pm.pb.gov.br\/portal\/2019\/07\/24\/policia-militar-prende-suspeita-de-trafico-e-apreende-mais-uma-arma-de-fogo-em-santa-rita\/#breadcrumb\",\"itemListElement\":[{\"@type\":\"ListItem\",\"position\":1,\"name\":\"In\u00edcio\",\"item\":\"https:\/\/www.pm.pb.gov.br\/portal\/\"},{\"@type\":\"ListItem\",\"position\":2,\"name\":\"Pol\u00edcia Militar prende suspeita de tr\u00e1fico e apreende mais uma arma de fogo em Santa Rita\"}]},{\"@type\":\"WebSite\",\"@id\":\"https:\/\/www.pm.pb.gov.br\/portal\/#website\",\"url\":\"https:\/\/www.pm.pb.gov.br\/portal\/\",\"name\":\"Pol\u00edcia Militar da Para\u00edba\",\"description\":\"\",\"publisher\":{\"@id\":\"https:\/\/www.pm.pb.gov.br\/portal\/#organization\"},\"potentialAction\":[{\"@type\":\"SearchAction\",\"target\":{\"@type\":\"EntryPoint\",\"urlTemplate\":\"https:\/\/www.pm.pb.gov.br\/portal\/?s={search_term_string}\"},\"query-input\":\"required name=search_term_string\"}],\"inLanguage\":\"pt-BR\"},{\"@type\":\"Organization\",\"@id\":\"https:\/\/www.pm.pb.gov.br\/portal\/#organization\",\"name\":\"Pol\u00edcia Militar da Para\u00edba\",\"url\":\"https:\/\/www.pm.pb.gov.br\/portal\/\",\"logo\":{\"@type\":\"ImageObject\",\"inLanguage\":\"pt-BR\",\"@id\":\"https:\/\/www.pm.pb.gov.br\/portal\/#\/schema\/logo\/image\/\",\"url\":\"https:\/\/www.pm.pb.gov.br\/portal\/wp-content\/uploads\/2025\/03\/cropped-logo-site-mag2-1.png\",\"contentUrl\":\"https:\/\/www.pm.pb.gov.br\/portal\/wp-content\/uploads\/2025\/03\/cropped-logo-site-mag2-1.png\",\"width\":320,\"height\":90,\"caption\":\"Pol\u00edcia Militar da Para\u00edba\"},\"image\":{\"@id\":\"https:\/\/www.pm.pb.gov.br\/portal\/#\/schema\/logo\/image\/\"}},{\"@type\":\"Person\",\"@id\":\"https:\/\/www.pm.pb.gov.br\/portal\/#\/schema\/person\/f84f56dcc78ce4357054da888b8247fd\",\"name\":\"Tarcisio Oliveira\",\"image\":{\"@type\":\"ImageObject\",\"inLanguage\":\"pt-BR\",\"@id\":\"https:\/\/www.pm.pb.gov.br\/portal\/#\/schema\/person\/image\/\",\"url\":\"https:\/\/secure.gravatar.com\/avatar\/72917b630b69d31cd0297507f34bac97?s=96&d=mm&r=g\",\"contentUrl\":\"https:\/\/secure.gravatar.com\/avatar\/72917b630b69d31cd0297507f34bac97?s=96&d=mm&r=g\",\"caption\":\"Tarcisio Oliveira\"},\"url\":\"https:\/\/www.pm.pb.gov.br\/portal\/author\/tarcisio\/\"}]}<\/script>\n<!-- \/ Yoast SEO plugin. -->","yoast_head_json":{"title":"Pol\u00edcia Militar prende suspeita de tr\u00e1fico e apreende mais uma arma de fogo em Santa Rita - Pol\u00edcia Militar da Para\u00edba","robots":{"index":"index","follow":"follow","max-snippet":"max-snippet:-1","max-image-preview":"max-image-preview:large","max-video-preview":"max-video-preview:-1"},"canonical":"https:\/\/www.pm.pb.gov.br\/portal\/2019\/07\/24\/policia-militar-prende-suspeita-de-trafico-e-apreende-mais-uma-arma-de-fogo-em-santa-rita\/","og_locale":"pt_BR","og_type":"article","og_title":"Pol\u00edcia Militar prende suspeita de tr\u00e1fico e apreende mais uma arma de fogo em Santa Rita - Pol\u00edcia Militar da Para\u00edba","og_description":"As a\u00e7\u00f5es da Policia Militar no munic\u00edpio de Santa Rita seguem intensificadas e, no fim da manh\u00e3 desta quarta-feira (24),","og_url":"https:\/\/www.pm.pb.gov.br\/portal\/2019\/07\/24\/policia-militar-prende-suspeita-de-trafico-e-apreende-mais-uma-arma-de-fogo-em-santa-rita\/","og_site_name":"Pol\u00edcia Militar da Para\u00edba","article_published_time":"2019-07-24T20:21:24+00:00","article_modified_time":"2019-07-24T20:21:25+00:00","og_image":[{"width":800,"height":445,"url":"https:\/\/www.pm.pb.gov.br\/portal\/wp-content\/uploads\/2018\/08\/2-1-1.jpg","type":"image\/jpeg"}],"author":"Tarcisio Oliveira","twitter_card":"summary_large_image","twitter_misc":{"Escrito por":"Tarcisio Oliveira","Est. tempo de leitura":"1 minuto"},"schema":{"@context":"https:\/\/schema.org","@graph":[{"@type":"Article","@id":"https:\/\/www.pm.pb.gov.br\/portal\/2019\/07\/24\/policia-militar-prende-suspeita-de-trafico-e-apreende-mais-uma-arma-de-fogo-em-santa-rita\/#article","isPartOf":{"@id":"https:\/\/www.pm.pb.gov.br\/portal\/2019\/07\/24\/policia-militar-prende-suspeita-de-trafico-e-apreende-mais-uma-arma-de-fogo-em-santa-rita\/"},"author":{"name":"Tarcisio Oliveira","@id":"https:\/\/www.pm.pb.gov.br\/portal\/#\/schema\/person\/f84f56dcc78ce4357054da888b8247fd"},"headline":"Pol\u00edcia Militar prende suspeita de tr\u00e1fico e apreende mais uma arma de fogo em Santa Rita","datePublished":"2019-07-24T20:21:24+00:00","dateModified":"2019-07-24T20:21:25+00:00","mainEntityOfPage":{"@id":"https:\/\/www.pm.pb.gov.br\/portal\/2019\/07\/24\/policia-militar-prende-suspeita-de-trafico-e-apreende-mais-uma-arma-de-fogo-em-santa-rita\/"},"wordCount":174,"publisher":{"@id":"https:\/\/www.pm.pb.gov.br\/portal\/#organization"},"articleSection":["A\u00e7\u00f5es Policiais"],"inLanguage":"pt-BR"},{"@type":"WebPage","@id":"https:\/\/www.pm.pb.gov.br\/portal\/2019\/07\/24\/policia-militar-prende-suspeita-de-trafico-e-apreende-mais-uma-arma-de-fogo-em-santa-rita\/","url":"https:\/\/www.pm.pb.gov.br\/portal\/2019\/07\/24\/policia-militar-prende-suspeita-de-trafico-e-apreende-mais-uma-arma-de-fogo-em-santa-rita\/","name":"Pol\u00edcia Militar prende suspeita de tr\u00e1fico e apreende mais uma arma de fogo em Santa Rita - Pol\u00edcia Militar da Para\u00edba","isPartOf":{"@id":"https:\/\/www.pm.pb.gov.br\/portal\/#website"},"datePublished":"2019-07-24T20:21:24+00:00","dateModified":"2019-07-24T20:21:25+00:00","breadcrumb":{"@id":"https:\/\/www.pm.pb.gov.br\/portal\/2019\/07\/24\/policia-militar-prende-suspeita-de-trafico-e-apreende-mais-uma-arma-de-fogo-em-santa-rita\/#breadcrumb"},"inLanguage":"pt-BR","potentialAction":[{"@type":"ReadAction","target":["https:\/\/www.pm.pb.gov.br\/portal\/2019\/07\/24\/policia-militar-prende-suspeita-de-trafico-e-apreende-mais-uma-arma-de-fogo-em-santa-rita\/"]}]},{"@type":"BreadcrumbList","@id":"https:\/\/www.pm.pb.gov.br\/portal\/2019\/07\/24\/policia-militar-prende-suspeita-de-trafico-e-apreende-mais-uma-arma-de-fogo-em-santa-rita\/#breadcrumb","itemListElement":[{"@type":"ListItem","position":1,"name":"In\u00edcio","item":"https:\/\/www.pm.pb.gov.br\/portal\/"},{"@type":"ListItem","position":2,"name":"Pol\u00edcia Militar prende suspeita de tr\u00e1fico e apreende mais uma arma de fogo em Santa Rita"}]},{"@type":"WebSite","@id":"https:\/\/www.pm.pb.gov.br\/portal\/#website","url":"https:\/\/www.pm.pb.gov.br\/portal\/","name":"Pol\u00edcia Militar da Para\u00edba","description":"","publisher":{"@id":"https:\/\/www.pm.pb.gov.br\/portal\/#organization"},"potentialAction":[{"@type":"SearchAction","target":{"@type":"EntryPoint","urlTemplate":"https:\/\/www.pm.pb.gov.br\/portal\/?s={search_term_string}"},"query-input":"required name=search_term_string"}],"inLanguage":"pt-BR"},{"@type":"Organization","@id":"https:\/\/www.pm.pb.gov.br\/portal\/#organization","name":"Pol\u00edcia Militar da Para\u00edba","url":"https:\/\/www.pm.pb.gov.br\/portal\/","logo":{"@type":"ImageObject","inLanguage":"pt-BR","@id":"https:\/\/www.pm.pb.gov.br\/portal\/#\/schema\/logo\/image\/","url":"https:\/\/www.pm.pb.gov.br\/portal\/wp-content\/uploads\/2025\/03\/cropped-logo-site-mag2-1.png","contentUrl":"https:\/\/www.pm.pb.gov.br\/portal\/wp-content\/uploads\/2025\/03\/cropped-logo-site-mag2-1.png","width":320,"height":90,"caption":"Pol\u00edcia Militar da Para\u00edba"},"image":{"@id":"https:\/\/www.pm.pb.gov.br\/portal\/#\/schema\/logo\/image\/"}},{"@type":"Person","@id":"https:\/\/www.pm.pb.gov.br\/portal\/#\/schema\/person\/f84f56dcc78ce4357054da888b8247fd","name":"Tarcisio Oliveira","image":{"@type":"ImageObject","inLanguage":"pt-BR","@id":"https:\/\/www.pm.pb.gov.br\/portal\/#\/schema\/person\/image\/","url":"https:\/\/secure.gravatar.com\/avatar\/72917b630b69d31cd0297507f34bac97?s=96&d=mm&r=g","contentUrl":"https:\/\/secure.gravatar.com\/avatar\/72917b630b69d31cd0297507f34bac97?s=96&d=mm&r=g","caption":"Tarcisio Oliveira"},"url":"https:\/\/www.pm.pb.gov.br\/portal\/author\/tarcisio\/"}]}},"_links":{"self":[{"href":"https:\/\/www.pm.pb.gov.br\/portal\/wp-json\/wp\/v2\/posts\/901625"}],"collection":[{"href":"https:\/\/www.pm.pb.gov.br\/portal\/wp-json\/wp\/v2\/posts"}],"about":[{"href":"https:\/\/www.pm.pb.gov.br\/portal\/wp-json\/wp\/v2\/types\/post"}],"author":[{"embeddable":true,"href":"https:\/\/www.pm.pb.gov.br\/portal\/wp-json\/wp\/v2\/users\/12"}],"replies":[{"embeddable":true,"href":"https:\/\/www.pm.pb.gov.br\/portal\/wp-json\/wp\/v2\/comments?post=901625"}],"version-history":[{"count":1,"href":"https:\/\/www.pm.pb.gov.br\/portal\/wp-json\/wp\/v2\/posts\/901625\/revisions"}],"predecessor-version":[{"id":901627,"href":"https:\/\/www.pm.pb.gov.br\/portal\/wp-json\/wp\/v2\/posts\/901625\/revisions\/901627"}],"wp:featuredmedia":[{"embeddable":true,"href":"https:\/\/www.pm.pb.gov.br\/portal\/wp-json\/wp\/v2\/media\/898598"}],"wp:attachment":[{"href":"https:\/\/www.pm.pb.gov.br\/portal\/wp-json\/wp\/v2\/media?parent=901625"}],"wp:term":[{"taxonomy":"category","embeddable":true,"href":"https:\/\/www.pm.pb.gov.br\/portal\/wp-json\/wp\/v2\/categories?post=901625"},{"taxonomy":"post_tag","embeddable":true,"href":"https:\/\/www.pm.pb.gov.br\/portal\/wp-json\/wp\/v2\/tags?post=901625"}],"curies":[{"name":"wp","href":"https:\/\/api.w.org\/{rel}","templated":true}]}}