{"id":901616,"date":"2019-07-24T11:03:13","date_gmt":"2019-07-24T14:03:13","guid":{"rendered":"http:\/\/www.pm.pb.gov.br\/portal\/?p=901616"},"modified":"2019-08-01T16:53:13","modified_gmt":"2019-08-01T19:53:13","slug":"interessados-em-concorrer-no-cfo-da-policia-militar-so-tem-uma-semana-para-garantir-a-participacao-no-concurso","status":"publish","type":"post","link":"https:\/\/www.pm.pb.gov.br\/portal\/2019\/07\/24\/interessados-em-concorrer-no-cfo-da-policia-militar-so-tem-uma-semana-para-garantir-a-participacao-no-concurso\/","title":{"rendered":"Interessados em concorrer no CFO da Pol\u00edcia Militar t\u00eam menos de uma semana para garantir a participa\u00e7\u00e3o no concurso"},"content":{"rendered":"<p>O prazo das inscri\u00e7\u00f5es para o Curso de Forma\u00e7\u00e3o de Oficiais (CFO) da Pol\u00edcia Militar entrou na reta final e os interessados em concorrer a uma das vagas devem acessar o site da PM (www.pm.pb.gov.br), at\u00e9 \u00e0s 23h59min da pr\u00f3xima ter\u00e7a-feira (30), para garantir a participa\u00e7\u00e3o no concurso. A taxa cobrada \u00e9 a mesma do ano passado e custa 50 reais. O cargo tem remunera\u00e7\u00e3o inicial de mais de 7.200 reais, que \u00e9 o valor pago ao primeiro posto de oficial, o 2\u00ba tenente.<\/p>\n<p>No site, o candidato deve ir at\u00e9 a barra de menu, acessar o espa\u00e7o \u201cinforma\u00e7\u00f5es\u201d, depois clica em \u201cconcurso\u201d e, logo ap\u00f3s, em \u201cconcurso p\u00fablico\u201d. Esse procedimento vai direcionar o candidato para a p\u00e1gina do concurso CFO 2020. L\u00e1, vai ter um link na parte de inscri\u00e7\u00f5es para ser acessado, onde com o n\u00famero de CPF o interessado em concorrer come\u00e7a a fazer a inscri\u00e7\u00e3o. \u00c9 necess\u00e1rio j\u00e1 estar inscrito no Exame Nacional do Ensino M\u00e9dio (ENEM 2019), que \u00e9 a primeira etapa do concurso.<\/p>\n<p>Entre os requisitos exigidos para concorrer, est\u00e3o a idade &#8211; completar entre 18 e 32 anos no ano da matr\u00edcula no curso, que \u00e9 2020 &#8211; e a altura (1,65 m para homens e 1,60 m para mulheres). As outras exig\u00eancias podem ser consultadas no edital, dispon\u00edvel no site da PM.<\/p>\n<p>O concurso tem cinco fases: a intelectual, os exames de sa\u00fade, os de aptid\u00e3o f\u00edsica, psicol\u00f3gica e avalia\u00e7\u00e3o Social. A primeira etapa, o ENEM, acontecer\u00e1 nos dias 3 e 10 de novembro. Candidatos classificados em at\u00e9 5 vezes o n\u00famero de vagas, ser\u00e3o chamados para as demais fases do concurso. S\u00e3o 25 vagas para candidatos do sexo masculino e 5 para o feminino.<\/p>\n<p>O cargo &#8211; A forma\u00e7\u00e3o prepara o profissional para comandar e coordenar as a\u00e7\u00f5es de seguran\u00e7a p\u00fablica, al\u00e9m do assessoramento ao comando, gerenciando tamb\u00e9m os recursos humanos e log\u00edsticos. O oficial \u00e9 respons\u00e1vel tamb\u00e9m pelo planejamento de a\u00e7\u00f5es e opera\u00e7\u00f5es, desenvolvendo processos e procedimentos administrativos militares, de estudos t\u00e9cnicos e capacita\u00e7\u00e3o profissional, a fim de proteger e preservar a vida dos cidad\u00e3os e garantir o pleno exerc\u00edcio dos seus direitos.<\/p>\n","protected":false},"excerpt":{"rendered":"<p>O prazo das inscri\u00e7\u00f5es para o Curso de Forma\u00e7\u00e3o de Oficiais (CFO) da Pol\u00edcia Militar entrou na reta final e<\/p>\n","protected":false},"author":10,"featured_media":897978,"comment_status":"closed","ping_status":"closed","sticky":false,"template":"","format":"standard","meta":{"_exactmetrics_skip_tracking":false,"_exactmetrics_sitenote_active":false,"_exactmetrics_sitenote_note":"","_exactmetrics_sitenote_category":0,"footnotes":""},"categories":[6],"tags":[],"yoast_head":"<!-- This site is optimized with the Yoast SEO plugin v22.0 - https:\/\/yoast.com\/wordpress\/plugins\/seo\/ -->\n<title>Interessados em concorrer no CFO da Pol\u00edcia Militar t\u00eam menos de uma semana para garantir a participa\u00e7\u00e3o no concurso - Pol\u00edcia Militar da Para\u00edba<\/title>\n<meta name=\"robots\" content=\"index, follow, max-snippet:-1, max-image-preview:large, max-video-preview:-1\" \/>\n<link rel=\"canonical\" href=\"https:\/\/www.pm.pb.gov.br\/portal\/2019\/07\/24\/interessados-em-concorrer-no-cfo-da-policia-militar-so-tem-uma-semana-para-garantir-a-participacao-no-concurso\/\" \/>\n<meta property=\"og:locale\" content=\"pt_BR\" \/>\n<meta property=\"og:type\" content=\"article\" \/>\n<meta property=\"og:title\" content=\"Interessados em concorrer no CFO da Pol\u00edcia Militar t\u00eam menos de uma semana para garantir a participa\u00e7\u00e3o no concurso - Pol\u00edcia Militar da Para\u00edba\" \/>\n<meta property=\"og:description\" content=\"O prazo das inscri\u00e7\u00f5es para o Curso de Forma\u00e7\u00e3o de Oficiais (CFO) da Pol\u00edcia Militar entrou na reta final e\" \/>\n<meta property=\"og:url\" content=\"https:\/\/www.pm.pb.gov.br\/portal\/2019\/07\/24\/interessados-em-concorrer-no-cfo-da-policia-militar-so-tem-uma-semana-para-garantir-a-participacao-no-concurso\/\" \/>\n<meta property=\"og:site_name\" content=\"Pol\u00edcia Militar da Para\u00edba\" \/>\n<meta property=\"article:published_time\" content=\"2019-07-24T14:03:13+00:00\" \/>\n<meta property=\"article:modified_time\" content=\"2019-08-01T19:53:13+00:00\" \/>\n<meta property=\"og:image\" content=\"https:\/\/www.pm.pb.gov.br\/portal\/wp-content\/uploads\/2018\/05\/CFO.jpg\" \/>\n\t<meta property=\"og:image:width\" content=\"800\" \/>\n\t<meta property=\"og:image:height\" content=\"445\" \/>\n\t<meta property=\"og:image:type\" content=\"image\/jpeg\" \/>\n<meta name=\"author\" content=\"WAGNER HENRIQUE VARELA DA SILVA\" \/>\n<meta name=\"twitter:card\" content=\"summary_large_image\" \/>\n<meta name=\"twitter:label1\" content=\"Escrito por\" \/>\n\t<meta name=\"twitter:data1\" content=\"WAGNER HENRIQUE VARELA DA SILVA\" \/>\n\t<meta name=\"twitter:label2\" content=\"Est. tempo de leitura\" \/>\n\t<meta name=\"twitter:data2\" content=\"2 minutos\" \/>\n<script type=\"application\/ld+json\" class=\"yoast-schema-graph\">{\"@context\":\"https:\/\/schema.org\",\"@graph\":[{\"@type\":\"Article\",\"@id\":\"https:\/\/www.pm.pb.gov.br\/portal\/2019\/07\/24\/interessados-em-concorrer-no-cfo-da-policia-militar-so-tem-uma-semana-para-garantir-a-participacao-no-concurso\/#article\",\"isPartOf\":{\"@id\":\"https:\/\/www.pm.pb.gov.br\/portal\/2019\/07\/24\/interessados-em-concorrer-no-cfo-da-policia-militar-so-tem-uma-semana-para-garantir-a-participacao-no-concurso\/\"},\"author\":{\"name\":\"WAGNER HENRIQUE VARELA DA SILVA\",\"@id\":\"https:\/\/www.pm.pb.gov.br\/portal\/#\/schema\/person\/b169b297b8494dea236e315ed1a201d1\"},\"headline\":\"Interessados em concorrer no CFO da Pol\u00edcia Militar t\u00eam menos de uma semana para garantir a participa\u00e7\u00e3o no concurso\",\"datePublished\":\"2019-07-24T14:03:13+00:00\",\"dateModified\":\"2019-08-01T19:53:13+00:00\",\"mainEntityOfPage\":{\"@id\":\"https:\/\/www.pm.pb.gov.br\/portal\/2019\/07\/24\/interessados-em-concorrer-no-cfo-da-policia-militar-so-tem-uma-semana-para-garantir-a-participacao-no-concurso\/\"},\"wordCount\":403,\"publisher\":{\"@id\":\"https:\/\/www.pm.pb.gov.br\/portal\/#organization\"},\"articleSection\":[\"Cursos\"],\"inLanguage\":\"pt-BR\"},{\"@type\":\"WebPage\",\"@id\":\"https:\/\/www.pm.pb.gov.br\/portal\/2019\/07\/24\/interessados-em-concorrer-no-cfo-da-policia-militar-so-tem-uma-semana-para-garantir-a-participacao-no-concurso\/\",\"url\":\"https:\/\/www.pm.pb.gov.br\/portal\/2019\/07\/24\/interessados-em-concorrer-no-cfo-da-policia-militar-so-tem-uma-semana-para-garantir-a-participacao-no-concurso\/\",\"name\":\"Interessados em concorrer no CFO da Pol\u00edcia Militar t\u00eam menos de uma semana para garantir a participa\u00e7\u00e3o no concurso - Pol\u00edcia Militar da Para\u00edba\",\"isPartOf\":{\"@id\":\"https:\/\/www.pm.pb.gov.br\/portal\/#website\"},\"datePublished\":\"2019-07-24T14:03:13+00:00\",\"dateModified\":\"2019-08-01T19:53:13+00:00\",\"breadcrumb\":{\"@id\":\"https:\/\/www.pm.pb.gov.br\/portal\/2019\/07\/24\/interessados-em-concorrer-no-cfo-da-policia-militar-so-tem-uma-semana-para-garantir-a-participacao-no-concurso\/#breadcrumb\"},\"inLanguage\":\"pt-BR\",\"potentialAction\":[{\"@type\":\"ReadAction\",\"target\":[\"https:\/\/www.pm.pb.gov.br\/portal\/2019\/07\/24\/interessados-em-concorrer-no-cfo-da-policia-militar-so-tem-uma-semana-para-garantir-a-participacao-no-concurso\/\"]}]},{\"@type\":\"BreadcrumbList\",\"@id\":\"https:\/\/www.pm.pb.gov.br\/portal\/2019\/07\/24\/interessados-em-concorrer-no-cfo-da-policia-militar-so-tem-uma-semana-para-garantir-a-participacao-no-concurso\/#breadcrumb\",\"itemListElement\":[{\"@type\":\"ListItem\",\"position\":1,\"name\":\"In\u00edcio\",\"item\":\"https:\/\/www.pm.pb.gov.br\/portal\/\"},{\"@type\":\"ListItem\",\"position\":2,\"name\":\"Interessados em concorrer no CFO da Pol\u00edcia Militar t\u00eam menos de uma semana para garantir a participa\u00e7\u00e3o no concurso\"}]},{\"@type\":\"WebSite\",\"@id\":\"https:\/\/www.pm.pb.gov.br\/portal\/#website\",\"url\":\"https:\/\/www.pm.pb.gov.br\/portal\/\",\"name\":\"Pol\u00edcia Militar da Para\u00edba\",\"description\":\"\",\"publisher\":{\"@id\":\"https:\/\/www.pm.pb.gov.br\/portal\/#organization\"},\"potentialAction\":[{\"@type\":\"SearchAction\",\"target\":{\"@type\":\"EntryPoint\",\"urlTemplate\":\"https:\/\/www.pm.pb.gov.br\/portal\/?s={search_term_string}\"},\"query-input\":\"required name=search_term_string\"}],\"inLanguage\":\"pt-BR\"},{\"@type\":\"Organization\",\"@id\":\"https:\/\/www.pm.pb.gov.br\/portal\/#organization\",\"name\":\"Pol\u00edcia Militar da Para\u00edba\",\"url\":\"https:\/\/www.pm.pb.gov.br\/portal\/\",\"logo\":{\"@type\":\"ImageObject\",\"inLanguage\":\"pt-BR\",\"@id\":\"https:\/\/www.pm.pb.gov.br\/portal\/#\/schema\/logo\/image\/\",\"url\":\"https:\/\/www.pm.pb.gov.br\/portal\/wp-content\/uploads\/2025\/03\/cropped-logo-site-mag2-1.png\",\"contentUrl\":\"https:\/\/www.pm.pb.gov.br\/portal\/wp-content\/uploads\/2025\/03\/cropped-logo-site-mag2-1.png\",\"width\":320,\"height\":90,\"caption\":\"Pol\u00edcia Militar da Para\u00edba\"},\"image\":{\"@id\":\"https:\/\/www.pm.pb.gov.br\/portal\/#\/schema\/logo\/image\/\"}},{\"@type\":\"Person\",\"@id\":\"https:\/\/www.pm.pb.gov.br\/portal\/#\/schema\/person\/b169b297b8494dea236e315ed1a201d1\",\"name\":\"WAGNER HENRIQUE VARELA DA SILVA\",\"image\":{\"@type\":\"ImageObject\",\"inLanguage\":\"pt-BR\",\"@id\":\"https:\/\/www.pm.pb.gov.br\/portal\/#\/schema\/person\/image\/\",\"url\":\"https:\/\/secure.gravatar.com\/avatar\/e08af53176a66730df5c0706c6c31fd6?s=96&d=mm&r=g\",\"contentUrl\":\"https:\/\/secure.gravatar.com\/avatar\/e08af53176a66730df5c0706c6c31fd6?s=96&d=mm&r=g\",\"caption\":\"WAGNER HENRIQUE VARELA DA SILVA\"},\"url\":\"https:\/\/www.pm.pb.gov.br\/portal\/author\/varela\/\"}]}<\/script>\n<!-- \/ Yoast SEO plugin. -->","yoast_head_json":{"title":"Interessados em concorrer no CFO da Pol\u00edcia Militar t\u00eam menos de uma semana para garantir a participa\u00e7\u00e3o no concurso - Pol\u00edcia Militar da Para\u00edba","robots":{"index":"index","follow":"follow","max-snippet":"max-snippet:-1","max-image-preview":"max-image-preview:large","max-video-preview":"max-video-preview:-1"},"canonical":"https:\/\/www.pm.pb.gov.br\/portal\/2019\/07\/24\/interessados-em-concorrer-no-cfo-da-policia-militar-so-tem-uma-semana-para-garantir-a-participacao-no-concurso\/","og_locale":"pt_BR","og_type":"article","og_title":"Interessados em concorrer no CFO da Pol\u00edcia Militar t\u00eam menos de uma semana para garantir a participa\u00e7\u00e3o no concurso - Pol\u00edcia Militar da Para\u00edba","og_description":"O prazo das inscri\u00e7\u00f5es para o Curso de Forma\u00e7\u00e3o de Oficiais (CFO) da Pol\u00edcia Militar entrou na reta final e","og_url":"https:\/\/www.pm.pb.gov.br\/portal\/2019\/07\/24\/interessados-em-concorrer-no-cfo-da-policia-militar-so-tem-uma-semana-para-garantir-a-participacao-no-concurso\/","og_site_name":"Pol\u00edcia Militar da Para\u00edba","article_published_time":"2019-07-24T14:03:13+00:00","article_modified_time":"2019-08-01T19:53:13+00:00","og_image":[{"width":800,"height":445,"url":"https:\/\/www.pm.pb.gov.br\/portal\/wp-content\/uploads\/2018\/05\/CFO.jpg","type":"image\/jpeg"}],"author":"WAGNER HENRIQUE VARELA DA SILVA","twitter_card":"summary_large_image","twitter_misc":{"Escrito por":"WAGNER HENRIQUE VARELA DA SILVA","Est. tempo de leitura":"2 minutos"},"schema":{"@context":"https:\/\/schema.org","@graph":[{"@type":"Article","@id":"https:\/\/www.pm.pb.gov.br\/portal\/2019\/07\/24\/interessados-em-concorrer-no-cfo-da-policia-militar-so-tem-uma-semana-para-garantir-a-participacao-no-concurso\/#article","isPartOf":{"@id":"https:\/\/www.pm.pb.gov.br\/portal\/2019\/07\/24\/interessados-em-concorrer-no-cfo-da-policia-militar-so-tem-uma-semana-para-garantir-a-participacao-no-concurso\/"},"author":{"name":"WAGNER HENRIQUE VARELA DA SILVA","@id":"https:\/\/www.pm.pb.gov.br\/portal\/#\/schema\/person\/b169b297b8494dea236e315ed1a201d1"},"headline":"Interessados em concorrer no CFO da Pol\u00edcia Militar t\u00eam menos de uma semana para garantir a participa\u00e7\u00e3o no concurso","datePublished":"2019-07-24T14:03:13+00:00","dateModified":"2019-08-01T19:53:13+00:00","mainEntityOfPage":{"@id":"https:\/\/www.pm.pb.gov.br\/portal\/2019\/07\/24\/interessados-em-concorrer-no-cfo-da-policia-militar-so-tem-uma-semana-para-garantir-a-participacao-no-concurso\/"},"wordCount":403,"publisher":{"@id":"https:\/\/www.pm.pb.gov.br\/portal\/#organization"},"articleSection":["Cursos"],"inLanguage":"pt-BR"},{"@type":"WebPage","@id":"https:\/\/www.pm.pb.gov.br\/portal\/2019\/07\/24\/interessados-em-concorrer-no-cfo-da-policia-militar-so-tem-uma-semana-para-garantir-a-participacao-no-concurso\/","url":"https:\/\/www.pm.pb.gov.br\/portal\/2019\/07\/24\/interessados-em-concorrer-no-cfo-da-policia-militar-so-tem-uma-semana-para-garantir-a-participacao-no-concurso\/","name":"Interessados em concorrer no CFO da Pol\u00edcia Militar t\u00eam menos de uma semana para garantir a participa\u00e7\u00e3o no concurso - Pol\u00edcia Militar da Para\u00edba","isPartOf":{"@id":"https:\/\/www.pm.pb.gov.br\/portal\/#website"},"datePublished":"2019-07-24T14:03:13+00:00","dateModified":"2019-08-01T19:53:13+00:00","breadcrumb":{"@id":"https:\/\/www.pm.pb.gov.br\/portal\/2019\/07\/24\/interessados-em-concorrer-no-cfo-da-policia-militar-so-tem-uma-semana-para-garantir-a-participacao-no-concurso\/#breadcrumb"},"inLanguage":"pt-BR","potentialAction":[{"@type":"ReadAction","target":["https:\/\/www.pm.pb.gov.br\/portal\/2019\/07\/24\/interessados-em-concorrer-no-cfo-da-policia-militar-so-tem-uma-semana-para-garantir-a-participacao-no-concurso\/"]}]},{"@type":"BreadcrumbList","@id":"https:\/\/www.pm.pb.gov.br\/portal\/2019\/07\/24\/interessados-em-concorrer-no-cfo-da-policia-militar-so-tem-uma-semana-para-garantir-a-participacao-no-concurso\/#breadcrumb","itemListElement":[{"@type":"ListItem","position":1,"name":"In\u00edcio","item":"https:\/\/www.pm.pb.gov.br\/portal\/"},{"@type":"ListItem","position":2,"name":"Interessados em concorrer no CFO da Pol\u00edcia Militar t\u00eam menos de uma semana para garantir a participa\u00e7\u00e3o no concurso"}]},{"@type":"WebSite","@id":"https:\/\/www.pm.pb.gov.br\/portal\/#website","url":"https:\/\/www.pm.pb.gov.br\/portal\/","name":"Pol\u00edcia Militar da Para\u00edba","description":"","publisher":{"@id":"https:\/\/www.pm.pb.gov.br\/portal\/#organization"},"potentialAction":[{"@type":"SearchAction","target":{"@type":"EntryPoint","urlTemplate":"https:\/\/www.pm.pb.gov.br\/portal\/?s={search_term_string}"},"query-input":"required name=search_term_string"}],"inLanguage":"pt-BR"},{"@type":"Organization","@id":"https:\/\/www.pm.pb.gov.br\/portal\/#organization","name":"Pol\u00edcia Militar da Para\u00edba","url":"https:\/\/www.pm.pb.gov.br\/portal\/","logo":{"@type":"ImageObject","inLanguage":"pt-BR","@id":"https:\/\/www.pm.pb.gov.br\/portal\/#\/schema\/logo\/image\/","url":"https:\/\/www.pm.pb.gov.br\/portal\/wp-content\/uploads\/2025\/03\/cropped-logo-site-mag2-1.png","contentUrl":"https:\/\/www.pm.pb.gov.br\/portal\/wp-content\/uploads\/2025\/03\/cropped-logo-site-mag2-1.png","width":320,"height":90,"caption":"Pol\u00edcia Militar da Para\u00edba"},"image":{"@id":"https:\/\/www.pm.pb.gov.br\/portal\/#\/schema\/logo\/image\/"}},{"@type":"Person","@id":"https:\/\/www.pm.pb.gov.br\/portal\/#\/schema\/person\/b169b297b8494dea236e315ed1a201d1","name":"WAGNER HENRIQUE VARELA DA SILVA","image":{"@type":"ImageObject","inLanguage":"pt-BR","@id":"https:\/\/www.pm.pb.gov.br\/portal\/#\/schema\/person\/image\/","url":"https:\/\/secure.gravatar.com\/avatar\/e08af53176a66730df5c0706c6c31fd6?s=96&d=mm&r=g","contentUrl":"https:\/\/secure.gravatar.com\/avatar\/e08af53176a66730df5c0706c6c31fd6?s=96&d=mm&r=g","caption":"WAGNER HENRIQUE VARELA DA SILVA"},"url":"https:\/\/www.pm.pb.gov.br\/portal\/author\/varela\/"}]}},"_links":{"self":[{"href":"https:\/\/www.pm.pb.gov.br\/portal\/wp-json\/wp\/v2\/posts\/901616"}],"collection":[{"href":"https:\/\/www.pm.pb.gov.br\/portal\/wp-json\/wp\/v2\/posts"}],"about":[{"href":"https:\/\/www.pm.pb.gov.br\/portal\/wp-json\/wp\/v2\/types\/post"}],"author":[{"embeddable":true,"href":"https:\/\/www.pm.pb.gov.br\/portal\/wp-json\/wp\/v2\/users\/10"}],"replies":[{"embeddable":true,"href":"https:\/\/www.pm.pb.gov.br\/portal\/wp-json\/wp\/v2\/comments?post=901616"}],"version-history":[{"count":4,"href":"https:\/\/www.pm.pb.gov.br\/portal\/wp-json\/wp\/v2\/posts\/901616\/revisions"}],"predecessor-version":[{"id":901624,"href":"https:\/\/www.pm.pb.gov.br\/portal\/wp-json\/wp\/v2\/posts\/901616\/revisions\/901624"}],"wp:featuredmedia":[{"embeddable":true,"href":"https:\/\/www.pm.pb.gov.br\/portal\/wp-json\/wp\/v2\/media\/897978"}],"wp:attachment":[{"href":"https:\/\/www.pm.pb.gov.br\/portal\/wp-json\/wp\/v2\/media?parent=901616"}],"wp:term":[{"taxonomy":"category","embeddable":true,"href":"https:\/\/www.pm.pb.gov.br\/portal\/wp-json\/wp\/v2\/categories?post=901616"},{"taxonomy":"post_tag","embeddable":true,"href":"https:\/\/www.pm.pb.gov.br\/portal\/wp-json\/wp\/v2\/tags?post=901616"}],"curies":[{"name":"wp","href":"https:\/\/api.w.org\/{rel}","templated":true}]}}