{"id":901547,"date":"2019-07-17T17:34:07","date_gmt":"2019-07-17T20:34:07","guid":{"rendered":"http:\/\/www.pm.pb.gov.br\/portal\/?p=901547"},"modified":"2019-07-17T18:29:54","modified_gmt":"2019-07-17T21:29:54","slug":"policia-militar-prende-dupla-suspeita-de-homicidio-no-litoral-norte","status":"publish","type":"post","link":"https:\/\/www.pm.pb.gov.br\/portal\/2019\/07\/17\/policia-militar-prende-dupla-suspeita-de-homicidio-no-litoral-norte\/","title":{"rendered":"Policia Militar prende dupla suspeita de homic\u00eddio no Litoral Norte"},"content":{"rendered":"\n<p>Em cerca de 10 horas, a Pol\u00edcia Militar localizou e deteve uma dupla suspeita de cometer um homic\u00eddio ter\u00e7a-feira (16), na zona rural do munic\u00edpio de Mamanguape, Litoral Norte da Para\u00edba. Os dois suspeitos, um adulto de 27 anos de idade, e um menor de 16 anos, que j\u00e1 havia sido apreendido no in\u00edcio do ano por tr\u00e1fico, foram detidos no in\u00edcio da manh\u00e3 desta quarta-feira (17).<br \/><br \/>Os suspeitos foram localizados pela For\u00e7a T\u00e1tica da 2\u00aa Companhia Independente, que logo ap\u00f3s o crime realizou dilig\u00eancias e, a partir dos apontamentos da Coordenadoria de Intelig\u00eancia da PM, chegou \u00e0 autoria dos suspeitos. \u201cA principal motiva\u00e7\u00e3o que deve ser apontada nas investiga\u00e7\u00f5es \u00e9 a disputa pelo tr\u00e1fico. Chegamos \u00e0 localiza\u00e7\u00e3o do menor, no s\u00edtio Pindobal, e do adulto na cidade de Capim, ambos nessa regi\u00e3o do Litoral Norte\u201d, explicou o major Alberto Filho, comandante da 2\u00aa CIPM.<br \/><br \/>Ainda durante a pris\u00e3o, os suspeitos apontaram onde estariam escondidas as armas de fogo que provavelmente foram usadas no homic\u00eddio (foto abaixo), algo que ainda ser\u00e1 confirmado pela investiga\u00e7\u00e3o. Foram localizadas quatro espingardas de diversos calibres, em uma casa abandonada. \u00a0<\/p>\n<p><img loading=\"lazy\" decoding=\"async\" class=\"wp-image-901548 aligncenter\" src=\"http:\/\/www.pm.pb.gov.br\/portal\/wp-content\/uploads\/2019\/07\/unnamed-10-800x439.jpg\" alt=\"\" width=\"529\" height=\"290\" srcset=\"https:\/\/www.pm.pb.gov.br\/portal\/wp-content\/uploads\/2019\/07\/unnamed-10-800x439.jpg 800w, https:\/\/www.pm.pb.gov.br\/portal\/wp-content\/uploads\/2019\/07\/unnamed-10-768x421.jpg 768w, https:\/\/www.pm.pb.gov.br\/portal\/wp-content\/uploads\/2019\/07\/unnamed-10-1024x562.jpg 1024w, https:\/\/www.pm.pb.gov.br\/portal\/wp-content\/uploads\/2019\/07\/unnamed-10.jpg 1400w\" sizes=\"(max-width: 529px) 100vw, 529px\" \/><br \/><br \/>As armas e os suspeitos foram encaminhados para a delegacia de Mamanguape para os procedimentos cab\u00edveis.<\/p>\n","protected":false},"excerpt":{"rendered":"<p>Em cerca de 10 horas, a Pol\u00edcia Militar localizou e deteve uma dupla suspeita de cometer um homic\u00eddio ter\u00e7a-feira (16),<\/p>\n","protected":false},"author":15,"featured_media":900550,"comment_status":"closed","ping_status":"closed","sticky":false,"template":"","format":"standard","meta":{"_exactmetrics_skip_tracking":false,"_exactmetrics_sitenote_active":false,"_exactmetrics_sitenote_note":"","_exactmetrics_sitenote_category":0,"footnotes":""},"categories":[4],"tags":[],"yoast_head":"<!-- This site is optimized with the Yoast SEO plugin v22.0 - https:\/\/yoast.com\/wordpress\/plugins\/seo\/ -->\n<title>Policia Militar prende dupla suspeita de homic\u00eddio no Litoral Norte - Pol\u00edcia Militar da Para\u00edba<\/title>\n<meta name=\"robots\" content=\"index, follow, max-snippet:-1, max-image-preview:large, max-video-preview:-1\" \/>\n<link rel=\"canonical\" href=\"https:\/\/www.pm.pb.gov.br\/portal\/2019\/07\/17\/policia-militar-prende-dupla-suspeita-de-homicidio-no-litoral-norte\/\" \/>\n<meta property=\"og:locale\" content=\"pt_BR\" \/>\n<meta property=\"og:type\" content=\"article\" \/>\n<meta property=\"og:title\" content=\"Policia Militar prende dupla suspeita de homic\u00eddio no Litoral Norte - Pol\u00edcia Militar da Para\u00edba\" \/>\n<meta property=\"og:description\" content=\"Em cerca de 10 horas, a Pol\u00edcia Militar localizou e deteve uma dupla suspeita de cometer um homic\u00eddio ter\u00e7a-feira (16),\" \/>\n<meta property=\"og:url\" content=\"https:\/\/www.pm.pb.gov.br\/portal\/2019\/07\/17\/policia-militar-prende-dupla-suspeita-de-homicidio-no-litoral-norte\/\" \/>\n<meta property=\"og:site_name\" content=\"Pol\u00edcia Militar da Para\u00edba\" \/>\n<meta property=\"article:published_time\" content=\"2019-07-17T20:34:07+00:00\" \/>\n<meta property=\"article:modified_time\" content=\"2019-07-17T21:29:54+00:00\" \/>\n<meta property=\"og:image\" content=\"https:\/\/www.pm.pb.gov.br\/portal\/wp-content\/uploads\/2019\/04\/t\u00e1tica2cipm1.jpeg\" \/>\n\t<meta property=\"og:image:width\" content=\"800\" \/>\n\t<meta property=\"og:image:height\" content=\"445\" \/>\n\t<meta property=\"og:image:type\" content=\"image\/jpeg\" \/>\n<meta name=\"author\" content=\"Marcio Gomes dos Santos\" \/>\n<meta name=\"twitter:card\" content=\"summary_large_image\" \/>\n<meta name=\"twitter:label1\" content=\"Escrito por\" \/>\n\t<meta name=\"twitter:data1\" content=\"Marcio Gomes dos Santos\" \/>\n\t<meta name=\"twitter:label2\" content=\"Est. tempo de leitura\" \/>\n\t<meta name=\"twitter:data2\" content=\"1 minuto\" \/>\n<script type=\"application\/ld+json\" class=\"yoast-schema-graph\">{\"@context\":\"https:\/\/schema.org\",\"@graph\":[{\"@type\":\"Article\",\"@id\":\"https:\/\/www.pm.pb.gov.br\/portal\/2019\/07\/17\/policia-militar-prende-dupla-suspeita-de-homicidio-no-litoral-norte\/#article\",\"isPartOf\":{\"@id\":\"https:\/\/www.pm.pb.gov.br\/portal\/2019\/07\/17\/policia-militar-prende-dupla-suspeita-de-homicidio-no-litoral-norte\/\"},\"author\":{\"name\":\"Marcio Gomes dos Santos\",\"@id\":\"https:\/\/www.pm.pb.gov.br\/portal\/#\/schema\/person\/30d571652b38533c2211e4e89bf5a502\"},\"headline\":\"Policia Militar prende dupla suspeita de homic\u00eddio no Litoral Norte\",\"datePublished\":\"2019-07-17T20:34:07+00:00\",\"dateModified\":\"2019-07-17T21:29:54+00:00\",\"mainEntityOfPage\":{\"@id\":\"https:\/\/www.pm.pb.gov.br\/portal\/2019\/07\/17\/policia-militar-prende-dupla-suspeita-de-homicidio-no-litoral-norte\/\"},\"wordCount\":225,\"publisher\":{\"@id\":\"https:\/\/www.pm.pb.gov.br\/portal\/#organization\"},\"articleSection\":[\"A\u00e7\u00f5es Policiais\"],\"inLanguage\":\"pt-BR\"},{\"@type\":\"WebPage\",\"@id\":\"https:\/\/www.pm.pb.gov.br\/portal\/2019\/07\/17\/policia-militar-prende-dupla-suspeita-de-homicidio-no-litoral-norte\/\",\"url\":\"https:\/\/www.pm.pb.gov.br\/portal\/2019\/07\/17\/policia-militar-prende-dupla-suspeita-de-homicidio-no-litoral-norte\/\",\"name\":\"Policia Militar prende dupla suspeita de homic\u00eddio no Litoral Norte - Pol\u00edcia Militar da Para\u00edba\",\"isPartOf\":{\"@id\":\"https:\/\/www.pm.pb.gov.br\/portal\/#website\"},\"datePublished\":\"2019-07-17T20:34:07+00:00\",\"dateModified\":\"2019-07-17T21:29:54+00:00\",\"breadcrumb\":{\"@id\":\"https:\/\/www.pm.pb.gov.br\/portal\/2019\/07\/17\/policia-militar-prende-dupla-suspeita-de-homicidio-no-litoral-norte\/#breadcrumb\"},\"inLanguage\":\"pt-BR\",\"potentialAction\":[{\"@type\":\"ReadAction\",\"target\":[\"https:\/\/www.pm.pb.gov.br\/portal\/2019\/07\/17\/policia-militar-prende-dupla-suspeita-de-homicidio-no-litoral-norte\/\"]}]},{\"@type\":\"BreadcrumbList\",\"@id\":\"https:\/\/www.pm.pb.gov.br\/portal\/2019\/07\/17\/policia-militar-prende-dupla-suspeita-de-homicidio-no-litoral-norte\/#breadcrumb\",\"itemListElement\":[{\"@type\":\"ListItem\",\"position\":1,\"name\":\"In\u00edcio\",\"item\":\"https:\/\/www.pm.pb.gov.br\/portal\/\"},{\"@type\":\"ListItem\",\"position\":2,\"name\":\"Policia Militar prende dupla suspeita de homic\u00eddio no Litoral Norte\"}]},{\"@type\":\"WebSite\",\"@id\":\"https:\/\/www.pm.pb.gov.br\/portal\/#website\",\"url\":\"https:\/\/www.pm.pb.gov.br\/portal\/\",\"name\":\"Pol\u00edcia Militar da Para\u00edba\",\"description\":\"\",\"publisher\":{\"@id\":\"https:\/\/www.pm.pb.gov.br\/portal\/#organization\"},\"potentialAction\":[{\"@type\":\"SearchAction\",\"target\":{\"@type\":\"EntryPoint\",\"urlTemplate\":\"https:\/\/www.pm.pb.gov.br\/portal\/?s={search_term_string}\"},\"query-input\":\"required name=search_term_string\"}],\"inLanguage\":\"pt-BR\"},{\"@type\":\"Organization\",\"@id\":\"https:\/\/www.pm.pb.gov.br\/portal\/#organization\",\"name\":\"Pol\u00edcia Militar da Para\u00edba\",\"url\":\"https:\/\/www.pm.pb.gov.br\/portal\/\",\"logo\":{\"@type\":\"ImageObject\",\"inLanguage\":\"pt-BR\",\"@id\":\"https:\/\/www.pm.pb.gov.br\/portal\/#\/schema\/logo\/image\/\",\"url\":\"https:\/\/www.pm.pb.gov.br\/portal\/wp-content\/uploads\/2025\/03\/cropped-logo-site-mag2-1.png\",\"contentUrl\":\"https:\/\/www.pm.pb.gov.br\/portal\/wp-content\/uploads\/2025\/03\/cropped-logo-site-mag2-1.png\",\"width\":320,\"height\":90,\"caption\":\"Pol\u00edcia Militar da Para\u00edba\"},\"image\":{\"@id\":\"https:\/\/www.pm.pb.gov.br\/portal\/#\/schema\/logo\/image\/\"}},{\"@type\":\"Person\",\"@id\":\"https:\/\/www.pm.pb.gov.br\/portal\/#\/schema\/person\/30d571652b38533c2211e4e89bf5a502\",\"name\":\"Marcio Gomes dos Santos\",\"image\":{\"@type\":\"ImageObject\",\"inLanguage\":\"pt-BR\",\"@id\":\"https:\/\/www.pm.pb.gov.br\/portal\/#\/schema\/person\/image\/\",\"url\":\"https:\/\/secure.gravatar.com\/avatar\/cf4ec2cb690101e1581c7773aa350c19?s=96&d=mm&r=g\",\"contentUrl\":\"https:\/\/secure.gravatar.com\/avatar\/cf4ec2cb690101e1581c7773aa350c19?s=96&d=mm&r=g\",\"caption\":\"Marcio Gomes dos Santos\"},\"url\":\"https:\/\/www.pm.pb.gov.br\/portal\/author\/mgomes\/\"}]}<\/script>\n<!-- \/ Yoast SEO plugin. -->","yoast_head_json":{"title":"Policia Militar prende dupla suspeita de homic\u00eddio no Litoral Norte - Pol\u00edcia Militar da Para\u00edba","robots":{"index":"index","follow":"follow","max-snippet":"max-snippet:-1","max-image-preview":"max-image-preview:large","max-video-preview":"max-video-preview:-1"},"canonical":"https:\/\/www.pm.pb.gov.br\/portal\/2019\/07\/17\/policia-militar-prende-dupla-suspeita-de-homicidio-no-litoral-norte\/","og_locale":"pt_BR","og_type":"article","og_title":"Policia Militar prende dupla suspeita de homic\u00eddio no Litoral Norte - Pol\u00edcia Militar da Para\u00edba","og_description":"Em cerca de 10 horas, a Pol\u00edcia Militar localizou e deteve uma dupla suspeita de cometer um homic\u00eddio ter\u00e7a-feira (16),","og_url":"https:\/\/www.pm.pb.gov.br\/portal\/2019\/07\/17\/policia-militar-prende-dupla-suspeita-de-homicidio-no-litoral-norte\/","og_site_name":"Pol\u00edcia Militar da Para\u00edba","article_published_time":"2019-07-17T20:34:07+00:00","article_modified_time":"2019-07-17T21:29:54+00:00","og_image":[{"width":800,"height":445,"url":"https:\/\/www.pm.pb.gov.br\/portal\/wp-content\/uploads\/2019\/04\/t\u00e1tica2cipm1.jpeg","type":"image\/jpeg"}],"author":"Marcio Gomes dos Santos","twitter_card":"summary_large_image","twitter_misc":{"Escrito por":"Marcio Gomes dos Santos","Est. tempo de leitura":"1 minuto"},"schema":{"@context":"https:\/\/schema.org","@graph":[{"@type":"Article","@id":"https:\/\/www.pm.pb.gov.br\/portal\/2019\/07\/17\/policia-militar-prende-dupla-suspeita-de-homicidio-no-litoral-norte\/#article","isPartOf":{"@id":"https:\/\/www.pm.pb.gov.br\/portal\/2019\/07\/17\/policia-militar-prende-dupla-suspeita-de-homicidio-no-litoral-norte\/"},"author":{"name":"Marcio Gomes dos Santos","@id":"https:\/\/www.pm.pb.gov.br\/portal\/#\/schema\/person\/30d571652b38533c2211e4e89bf5a502"},"headline":"Policia Militar prende dupla suspeita de homic\u00eddio no Litoral Norte","datePublished":"2019-07-17T20:34:07+00:00","dateModified":"2019-07-17T21:29:54+00:00","mainEntityOfPage":{"@id":"https:\/\/www.pm.pb.gov.br\/portal\/2019\/07\/17\/policia-militar-prende-dupla-suspeita-de-homicidio-no-litoral-norte\/"},"wordCount":225,"publisher":{"@id":"https:\/\/www.pm.pb.gov.br\/portal\/#organization"},"articleSection":["A\u00e7\u00f5es Policiais"],"inLanguage":"pt-BR"},{"@type":"WebPage","@id":"https:\/\/www.pm.pb.gov.br\/portal\/2019\/07\/17\/policia-militar-prende-dupla-suspeita-de-homicidio-no-litoral-norte\/","url":"https:\/\/www.pm.pb.gov.br\/portal\/2019\/07\/17\/policia-militar-prende-dupla-suspeita-de-homicidio-no-litoral-norte\/","name":"Policia Militar prende dupla suspeita de homic\u00eddio no Litoral Norte - Pol\u00edcia Militar da Para\u00edba","isPartOf":{"@id":"https:\/\/www.pm.pb.gov.br\/portal\/#website"},"datePublished":"2019-07-17T20:34:07+00:00","dateModified":"2019-07-17T21:29:54+00:00","breadcrumb":{"@id":"https:\/\/www.pm.pb.gov.br\/portal\/2019\/07\/17\/policia-militar-prende-dupla-suspeita-de-homicidio-no-litoral-norte\/#breadcrumb"},"inLanguage":"pt-BR","potentialAction":[{"@type":"ReadAction","target":["https:\/\/www.pm.pb.gov.br\/portal\/2019\/07\/17\/policia-militar-prende-dupla-suspeita-de-homicidio-no-litoral-norte\/"]}]},{"@type":"BreadcrumbList","@id":"https:\/\/www.pm.pb.gov.br\/portal\/2019\/07\/17\/policia-militar-prende-dupla-suspeita-de-homicidio-no-litoral-norte\/#breadcrumb","itemListElement":[{"@type":"ListItem","position":1,"name":"In\u00edcio","item":"https:\/\/www.pm.pb.gov.br\/portal\/"},{"@type":"ListItem","position":2,"name":"Policia Militar prende dupla suspeita de homic\u00eddio no Litoral Norte"}]},{"@type":"WebSite","@id":"https:\/\/www.pm.pb.gov.br\/portal\/#website","url":"https:\/\/www.pm.pb.gov.br\/portal\/","name":"Pol\u00edcia Militar da Para\u00edba","description":"","publisher":{"@id":"https:\/\/www.pm.pb.gov.br\/portal\/#organization"},"potentialAction":[{"@type":"SearchAction","target":{"@type":"EntryPoint","urlTemplate":"https:\/\/www.pm.pb.gov.br\/portal\/?s={search_term_string}"},"query-input":"required name=search_term_string"}],"inLanguage":"pt-BR"},{"@type":"Organization","@id":"https:\/\/www.pm.pb.gov.br\/portal\/#organization","name":"Pol\u00edcia Militar da Para\u00edba","url":"https:\/\/www.pm.pb.gov.br\/portal\/","logo":{"@type":"ImageObject","inLanguage":"pt-BR","@id":"https:\/\/www.pm.pb.gov.br\/portal\/#\/schema\/logo\/image\/","url":"https:\/\/www.pm.pb.gov.br\/portal\/wp-content\/uploads\/2025\/03\/cropped-logo-site-mag2-1.png","contentUrl":"https:\/\/www.pm.pb.gov.br\/portal\/wp-content\/uploads\/2025\/03\/cropped-logo-site-mag2-1.png","width":320,"height":90,"caption":"Pol\u00edcia Militar da Para\u00edba"},"image":{"@id":"https:\/\/www.pm.pb.gov.br\/portal\/#\/schema\/logo\/image\/"}},{"@type":"Person","@id":"https:\/\/www.pm.pb.gov.br\/portal\/#\/schema\/person\/30d571652b38533c2211e4e89bf5a502","name":"Marcio Gomes dos Santos","image":{"@type":"ImageObject","inLanguage":"pt-BR","@id":"https:\/\/www.pm.pb.gov.br\/portal\/#\/schema\/person\/image\/","url":"https:\/\/secure.gravatar.com\/avatar\/cf4ec2cb690101e1581c7773aa350c19?s=96&d=mm&r=g","contentUrl":"https:\/\/secure.gravatar.com\/avatar\/cf4ec2cb690101e1581c7773aa350c19?s=96&d=mm&r=g","caption":"Marcio Gomes dos Santos"},"url":"https:\/\/www.pm.pb.gov.br\/portal\/author\/mgomes\/"}]}},"_links":{"self":[{"href":"https:\/\/www.pm.pb.gov.br\/portal\/wp-json\/wp\/v2\/posts\/901547"}],"collection":[{"href":"https:\/\/www.pm.pb.gov.br\/portal\/wp-json\/wp\/v2\/posts"}],"about":[{"href":"https:\/\/www.pm.pb.gov.br\/portal\/wp-json\/wp\/v2\/types\/post"}],"author":[{"embeddable":true,"href":"https:\/\/www.pm.pb.gov.br\/portal\/wp-json\/wp\/v2\/users\/15"}],"replies":[{"embeddable":true,"href":"https:\/\/www.pm.pb.gov.br\/portal\/wp-json\/wp\/v2\/comments?post=901547"}],"version-history":[{"count":2,"href":"https:\/\/www.pm.pb.gov.br\/portal\/wp-json\/wp\/v2\/posts\/901547\/revisions"}],"predecessor-version":[{"id":901554,"href":"https:\/\/www.pm.pb.gov.br\/portal\/wp-json\/wp\/v2\/posts\/901547\/revisions\/901554"}],"wp:featuredmedia":[{"embeddable":true,"href":"https:\/\/www.pm.pb.gov.br\/portal\/wp-json\/wp\/v2\/media\/900550"}],"wp:attachment":[{"href":"https:\/\/www.pm.pb.gov.br\/portal\/wp-json\/wp\/v2\/media?parent=901547"}],"wp:term":[{"taxonomy":"category","embeddable":true,"href":"https:\/\/www.pm.pb.gov.br\/portal\/wp-json\/wp\/v2\/categories?post=901547"},{"taxonomy":"post_tag","embeddable":true,"href":"https:\/\/www.pm.pb.gov.br\/portal\/wp-json\/wp\/v2\/tags?post=901547"}],"curies":[{"name":"wp","href":"https:\/\/api.w.org\/{rel}","templated":true}]}}