{"id":901502,"date":"2019-07-15T14:37:06","date_gmt":"2019-07-15T17:37:06","guid":{"rendered":"http:\/\/www.pm.pb.gov.br\/portal\/?p=901502"},"modified":"2019-07-15T17:21:40","modified_gmt":"2019-07-15T20:21:40","slug":"policia-militar-vai-reforcar-as-acoes-e-operacoes-nos-proximos-15-dias-em-varias-cidades-paraibanas","status":"publish","type":"post","link":"https:\/\/www.pm.pb.gov.br\/portal\/2019\/07\/15\/policia-militar-vai-reforcar-as-acoes-e-operacoes-nos-proximos-15-dias-em-varias-cidades-paraibanas\/","title":{"rendered":"Pol\u00edcia Militar vai refor\u00e7ar as a\u00e7\u00f5es e opera\u00e7\u00f5es nos pr\u00f3ximos 15 dias em v\u00e1rias cidades paraibanas"},"content":{"rendered":"\n<p style=\"font-weight: 400;\">Comandantes de v\u00e1rias \u00e1reas operacionais da Pol\u00edcia Militar definiram, na manh\u00e3 desta segunda-feira (15), o plano de a\u00e7\u00f5es e opera\u00e7\u00f5es para os \u00faltimos 15 dias do m\u00eas de julho, na Para\u00edba. Algumas \u00e1reas ter\u00e3o um refor\u00e7o maior, com apontamentos de informa\u00e7\u00f5es levantadas pelas Coordenadorias de Intelig\u00eancia e Estat\u00edstica, para chegar a um resultado mais efetivo. A reuni\u00e3o acontece todo in\u00edcio de semana, no quartel do comando-geral, com a presen\u00e7a do comandante da corpora\u00e7\u00e3o, coronel Euller Chaves.<\/p>\n<p style=\"font-weight: 400;\">Umas das \u00e1reas que ter\u00e1 um refor\u00e7o maior a partir desta segunda-feira \u00e9 Santa Rita, para prender suspeitos dos \u00faltimos homic\u00eddios ocorridos na cidade e continuar o trabalho de redu\u00e7\u00e3o dos indicadores criminais, como foi feito no primeiro semestre, atrav\u00e9s de um trabalho integrado das for\u00e7as de seguran\u00e7a da Para\u00edba. Na \u00faltima semana, a PM prendeu em flagrante, no munic\u00edpio, dois suspeitos de assassinatos e ainda fechou um laborat\u00f3rio de drogas, que estava movimentando mais de 700 mil reais em entorpecentes.<\/p>\n<p style=\"font-weight: 400;\">N\u00fameros do Estado \u2013 Na reuni\u00e3o, foi apresentado um balan\u00e7o das a\u00e7\u00f5es realizadas pela Pol\u00edcia Militar, nos \u00faltimos sete dias, no Estado, per\u00edodo em que 245 suspeitos foram conduzidos at\u00e9 as delegacias, 85 kg de drogas apreendidos e 43 armas de fogo retiradas de circula\u00e7\u00e3o.<\/p>\n<p style=\"font-weight: 400;\">Esta semana j\u00e1 come\u00e7ou com mais pris\u00f5es e apreens\u00f5es. Na madrugada desta segunda-feira (15), uma quadrilha que planejava atacar bancos foi interceptada, na serra de Teixeira, no Sert\u00e3o da Para\u00edba. No total, foram detidas tr\u00eas pessoas e apreendidas vinte e cinco bananas de dinamite, duas submetralhadores, duas pistolas, um fuzil, quase seiscentas muni\u00e7\u00f5es de armas de grosso calibre, espoletas, coletes bal\u00edsticos, touca ninja, motosserra, lixadeiras, alicate grande, discos de corte, um r\u00e1dio comunicador e outros materiais usados por quadrilhas que bandos que agem contra institui\u00e7\u00f5es financeiras.\u00a0<\/p>\n","protected":false},"excerpt":{"rendered":"<p>Comandantes de v\u00e1rias \u00e1reas operacionais da Pol\u00edcia Militar definiram, na manh\u00e3 desta segunda-feira (15), o plano de a\u00e7\u00f5es e opera\u00e7\u00f5es<\/p>\n","protected":false},"author":12,"featured_media":901501,"comment_status":"closed","ping_status":"closed","sticky":false,"template":"","format":"standard","meta":{"_exactmetrics_skip_tracking":false,"_exactmetrics_sitenote_active":false,"_exactmetrics_sitenote_note":"","_exactmetrics_sitenote_category":0,"footnotes":""},"categories":[4],"tags":[],"yoast_head":"<!-- This site is optimized with the Yoast SEO plugin v22.0 - https:\/\/yoast.com\/wordpress\/plugins\/seo\/ -->\n<title>Pol\u00edcia Militar vai refor\u00e7ar as a\u00e7\u00f5es e opera\u00e7\u00f5es nos pr\u00f3ximos 15 dias em v\u00e1rias cidades paraibanas - Pol\u00edcia Militar da Para\u00edba<\/title>\n<meta name=\"robots\" content=\"index, follow, max-snippet:-1, max-image-preview:large, max-video-preview:-1\" \/>\n<link rel=\"canonical\" href=\"https:\/\/www.pm.pb.gov.br\/portal\/2019\/07\/15\/policia-militar-vai-reforcar-as-acoes-e-operacoes-nos-proximos-15-dias-em-varias-cidades-paraibanas\/\" \/>\n<meta property=\"og:locale\" content=\"pt_BR\" \/>\n<meta property=\"og:type\" content=\"article\" \/>\n<meta property=\"og:title\" content=\"Pol\u00edcia Militar vai refor\u00e7ar as a\u00e7\u00f5es e opera\u00e7\u00f5es nos pr\u00f3ximos 15 dias em v\u00e1rias cidades paraibanas - Pol\u00edcia Militar da Para\u00edba\" \/>\n<meta property=\"og:description\" content=\"Comandantes de v\u00e1rias \u00e1reas operacionais da Pol\u00edcia Militar definiram, na manh\u00e3 desta segunda-feira (15), o plano de a\u00e7\u00f5es e opera\u00e7\u00f5es\" \/>\n<meta property=\"og:url\" content=\"https:\/\/www.pm.pb.gov.br\/portal\/2019\/07\/15\/policia-militar-vai-reforcar-as-acoes-e-operacoes-nos-proximos-15-dias-em-varias-cidades-paraibanas\/\" \/>\n<meta property=\"og:site_name\" content=\"Pol\u00edcia Militar da Para\u00edba\" \/>\n<meta property=\"article:published_time\" content=\"2019-07-15T17:37:06+00:00\" \/>\n<meta property=\"article:modified_time\" content=\"2019-07-15T20:21:40+00:00\" \/>\n<meta property=\"og:image\" content=\"https:\/\/www.pm.pb.gov.br\/portal\/wp-content\/uploads\/2019\/07\/reuniaogestores1.jpeg\" \/>\n\t<meta property=\"og:image:width\" content=\"800\" \/>\n\t<meta property=\"og:image:height\" content=\"445\" \/>\n\t<meta property=\"og:image:type\" content=\"image\/jpeg\" \/>\n<meta name=\"author\" content=\"Tarcisio Oliveira\" \/>\n<meta name=\"twitter:card\" content=\"summary_large_image\" \/>\n<meta name=\"twitter:label1\" content=\"Escrito por\" \/>\n\t<meta name=\"twitter:data1\" content=\"Tarcisio Oliveira\" \/>\n\t<meta name=\"twitter:label2\" content=\"Est. tempo de leitura\" \/>\n\t<meta name=\"twitter:data2\" content=\"2 minutos\" \/>\n<script type=\"application\/ld+json\" class=\"yoast-schema-graph\">{\"@context\":\"https:\/\/schema.org\",\"@graph\":[{\"@type\":\"Article\",\"@id\":\"https:\/\/www.pm.pb.gov.br\/portal\/2019\/07\/15\/policia-militar-vai-reforcar-as-acoes-e-operacoes-nos-proximos-15-dias-em-varias-cidades-paraibanas\/#article\",\"isPartOf\":{\"@id\":\"https:\/\/www.pm.pb.gov.br\/portal\/2019\/07\/15\/policia-militar-vai-reforcar-as-acoes-e-operacoes-nos-proximos-15-dias-em-varias-cidades-paraibanas\/\"},\"author\":{\"name\":\"Tarcisio Oliveira\",\"@id\":\"https:\/\/www.pm.pb.gov.br\/portal\/#\/schema\/person\/f84f56dcc78ce4357054da888b8247fd\"},\"headline\":\"Pol\u00edcia Militar vai refor\u00e7ar as a\u00e7\u00f5es e opera\u00e7\u00f5es nos pr\u00f3ximos 15 dias em v\u00e1rias cidades paraibanas\",\"datePublished\":\"2019-07-15T17:37:06+00:00\",\"dateModified\":\"2019-07-15T20:21:40+00:00\",\"mainEntityOfPage\":{\"@id\":\"https:\/\/www.pm.pb.gov.br\/portal\/2019\/07\/15\/policia-militar-vai-reforcar-as-acoes-e-operacoes-nos-proximos-15-dias-em-varias-cidades-paraibanas\/\"},\"wordCount\":341,\"publisher\":{\"@id\":\"https:\/\/www.pm.pb.gov.br\/portal\/#organization\"},\"articleSection\":[\"A\u00e7\u00f5es Policiais\"],\"inLanguage\":\"pt-BR\"},{\"@type\":\"WebPage\",\"@id\":\"https:\/\/www.pm.pb.gov.br\/portal\/2019\/07\/15\/policia-militar-vai-reforcar-as-acoes-e-operacoes-nos-proximos-15-dias-em-varias-cidades-paraibanas\/\",\"url\":\"https:\/\/www.pm.pb.gov.br\/portal\/2019\/07\/15\/policia-militar-vai-reforcar-as-acoes-e-operacoes-nos-proximos-15-dias-em-varias-cidades-paraibanas\/\",\"name\":\"Pol\u00edcia Militar vai refor\u00e7ar as a\u00e7\u00f5es e opera\u00e7\u00f5es nos pr\u00f3ximos 15 dias em v\u00e1rias cidades paraibanas - Pol\u00edcia Militar da Para\u00edba\",\"isPartOf\":{\"@id\":\"https:\/\/www.pm.pb.gov.br\/portal\/#website\"},\"datePublished\":\"2019-07-15T17:37:06+00:00\",\"dateModified\":\"2019-07-15T20:21:40+00:00\",\"breadcrumb\":{\"@id\":\"https:\/\/www.pm.pb.gov.br\/portal\/2019\/07\/15\/policia-militar-vai-reforcar-as-acoes-e-operacoes-nos-proximos-15-dias-em-varias-cidades-paraibanas\/#breadcrumb\"},\"inLanguage\":\"pt-BR\",\"potentialAction\":[{\"@type\":\"ReadAction\",\"target\":[\"https:\/\/www.pm.pb.gov.br\/portal\/2019\/07\/15\/policia-militar-vai-reforcar-as-acoes-e-operacoes-nos-proximos-15-dias-em-varias-cidades-paraibanas\/\"]}]},{\"@type\":\"BreadcrumbList\",\"@id\":\"https:\/\/www.pm.pb.gov.br\/portal\/2019\/07\/15\/policia-militar-vai-reforcar-as-acoes-e-operacoes-nos-proximos-15-dias-em-varias-cidades-paraibanas\/#breadcrumb\",\"itemListElement\":[{\"@type\":\"ListItem\",\"position\":1,\"name\":\"In\u00edcio\",\"item\":\"https:\/\/www.pm.pb.gov.br\/portal\/\"},{\"@type\":\"ListItem\",\"position\":2,\"name\":\"Pol\u00edcia Militar vai refor\u00e7ar as a\u00e7\u00f5es e opera\u00e7\u00f5es nos pr\u00f3ximos 15 dias em v\u00e1rias cidades paraibanas\"}]},{\"@type\":\"WebSite\",\"@id\":\"https:\/\/www.pm.pb.gov.br\/portal\/#website\",\"url\":\"https:\/\/www.pm.pb.gov.br\/portal\/\",\"name\":\"Pol\u00edcia Militar da Para\u00edba\",\"description\":\"\",\"publisher\":{\"@id\":\"https:\/\/www.pm.pb.gov.br\/portal\/#organization\"},\"potentialAction\":[{\"@type\":\"SearchAction\",\"target\":{\"@type\":\"EntryPoint\",\"urlTemplate\":\"https:\/\/www.pm.pb.gov.br\/portal\/?s={search_term_string}\"},\"query-input\":\"required name=search_term_string\"}],\"inLanguage\":\"pt-BR\"},{\"@type\":\"Organization\",\"@id\":\"https:\/\/www.pm.pb.gov.br\/portal\/#organization\",\"name\":\"Pol\u00edcia Militar da Para\u00edba\",\"url\":\"https:\/\/www.pm.pb.gov.br\/portal\/\",\"logo\":{\"@type\":\"ImageObject\",\"inLanguage\":\"pt-BR\",\"@id\":\"https:\/\/www.pm.pb.gov.br\/portal\/#\/schema\/logo\/image\/\",\"url\":\"https:\/\/www.pm.pb.gov.br\/portal\/wp-content\/uploads\/2025\/03\/cropped-logo-site-mag2-1.png\",\"contentUrl\":\"https:\/\/www.pm.pb.gov.br\/portal\/wp-content\/uploads\/2025\/03\/cropped-logo-site-mag2-1.png\",\"width\":320,\"height\":90,\"caption\":\"Pol\u00edcia Militar da Para\u00edba\"},\"image\":{\"@id\":\"https:\/\/www.pm.pb.gov.br\/portal\/#\/schema\/logo\/image\/\"}},{\"@type\":\"Person\",\"@id\":\"https:\/\/www.pm.pb.gov.br\/portal\/#\/schema\/person\/f84f56dcc78ce4357054da888b8247fd\",\"name\":\"Tarcisio Oliveira\",\"image\":{\"@type\":\"ImageObject\",\"inLanguage\":\"pt-BR\",\"@id\":\"https:\/\/www.pm.pb.gov.br\/portal\/#\/schema\/person\/image\/\",\"url\":\"https:\/\/secure.gravatar.com\/avatar\/72917b630b69d31cd0297507f34bac97?s=96&d=mm&r=g\",\"contentUrl\":\"https:\/\/secure.gravatar.com\/avatar\/72917b630b69d31cd0297507f34bac97?s=96&d=mm&r=g\",\"caption\":\"Tarcisio Oliveira\"},\"url\":\"https:\/\/www.pm.pb.gov.br\/portal\/author\/tarcisio\/\"}]}<\/script>\n<!-- \/ Yoast SEO plugin. -->","yoast_head_json":{"title":"Pol\u00edcia Militar vai refor\u00e7ar as a\u00e7\u00f5es e opera\u00e7\u00f5es nos pr\u00f3ximos 15 dias em v\u00e1rias cidades paraibanas - Pol\u00edcia Militar da Para\u00edba","robots":{"index":"index","follow":"follow","max-snippet":"max-snippet:-1","max-image-preview":"max-image-preview:large","max-video-preview":"max-video-preview:-1"},"canonical":"https:\/\/www.pm.pb.gov.br\/portal\/2019\/07\/15\/policia-militar-vai-reforcar-as-acoes-e-operacoes-nos-proximos-15-dias-em-varias-cidades-paraibanas\/","og_locale":"pt_BR","og_type":"article","og_title":"Pol\u00edcia Militar vai refor\u00e7ar as a\u00e7\u00f5es e opera\u00e7\u00f5es nos pr\u00f3ximos 15 dias em v\u00e1rias cidades paraibanas - Pol\u00edcia Militar da Para\u00edba","og_description":"Comandantes de v\u00e1rias \u00e1reas operacionais da Pol\u00edcia Militar definiram, na manh\u00e3 desta segunda-feira (15), o plano de a\u00e7\u00f5es e opera\u00e7\u00f5es","og_url":"https:\/\/www.pm.pb.gov.br\/portal\/2019\/07\/15\/policia-militar-vai-reforcar-as-acoes-e-operacoes-nos-proximos-15-dias-em-varias-cidades-paraibanas\/","og_site_name":"Pol\u00edcia Militar da Para\u00edba","article_published_time":"2019-07-15T17:37:06+00:00","article_modified_time":"2019-07-15T20:21:40+00:00","og_image":[{"width":800,"height":445,"url":"https:\/\/www.pm.pb.gov.br\/portal\/wp-content\/uploads\/2019\/07\/reuniaogestores1.jpeg","type":"image\/jpeg"}],"author":"Tarcisio Oliveira","twitter_card":"summary_large_image","twitter_misc":{"Escrito por":"Tarcisio Oliveira","Est. tempo de leitura":"2 minutos"},"schema":{"@context":"https:\/\/schema.org","@graph":[{"@type":"Article","@id":"https:\/\/www.pm.pb.gov.br\/portal\/2019\/07\/15\/policia-militar-vai-reforcar-as-acoes-e-operacoes-nos-proximos-15-dias-em-varias-cidades-paraibanas\/#article","isPartOf":{"@id":"https:\/\/www.pm.pb.gov.br\/portal\/2019\/07\/15\/policia-militar-vai-reforcar-as-acoes-e-operacoes-nos-proximos-15-dias-em-varias-cidades-paraibanas\/"},"author":{"name":"Tarcisio Oliveira","@id":"https:\/\/www.pm.pb.gov.br\/portal\/#\/schema\/person\/f84f56dcc78ce4357054da888b8247fd"},"headline":"Pol\u00edcia Militar vai refor\u00e7ar as a\u00e7\u00f5es e opera\u00e7\u00f5es nos pr\u00f3ximos 15 dias em v\u00e1rias cidades paraibanas","datePublished":"2019-07-15T17:37:06+00:00","dateModified":"2019-07-15T20:21:40+00:00","mainEntityOfPage":{"@id":"https:\/\/www.pm.pb.gov.br\/portal\/2019\/07\/15\/policia-militar-vai-reforcar-as-acoes-e-operacoes-nos-proximos-15-dias-em-varias-cidades-paraibanas\/"},"wordCount":341,"publisher":{"@id":"https:\/\/www.pm.pb.gov.br\/portal\/#organization"},"articleSection":["A\u00e7\u00f5es Policiais"],"inLanguage":"pt-BR"},{"@type":"WebPage","@id":"https:\/\/www.pm.pb.gov.br\/portal\/2019\/07\/15\/policia-militar-vai-reforcar-as-acoes-e-operacoes-nos-proximos-15-dias-em-varias-cidades-paraibanas\/","url":"https:\/\/www.pm.pb.gov.br\/portal\/2019\/07\/15\/policia-militar-vai-reforcar-as-acoes-e-operacoes-nos-proximos-15-dias-em-varias-cidades-paraibanas\/","name":"Pol\u00edcia Militar vai refor\u00e7ar as a\u00e7\u00f5es e opera\u00e7\u00f5es nos pr\u00f3ximos 15 dias em v\u00e1rias cidades paraibanas - Pol\u00edcia Militar da Para\u00edba","isPartOf":{"@id":"https:\/\/www.pm.pb.gov.br\/portal\/#website"},"datePublished":"2019-07-15T17:37:06+00:00","dateModified":"2019-07-15T20:21:40+00:00","breadcrumb":{"@id":"https:\/\/www.pm.pb.gov.br\/portal\/2019\/07\/15\/policia-militar-vai-reforcar-as-acoes-e-operacoes-nos-proximos-15-dias-em-varias-cidades-paraibanas\/#breadcrumb"},"inLanguage":"pt-BR","potentialAction":[{"@type":"ReadAction","target":["https:\/\/www.pm.pb.gov.br\/portal\/2019\/07\/15\/policia-militar-vai-reforcar-as-acoes-e-operacoes-nos-proximos-15-dias-em-varias-cidades-paraibanas\/"]}]},{"@type":"BreadcrumbList","@id":"https:\/\/www.pm.pb.gov.br\/portal\/2019\/07\/15\/policia-militar-vai-reforcar-as-acoes-e-operacoes-nos-proximos-15-dias-em-varias-cidades-paraibanas\/#breadcrumb","itemListElement":[{"@type":"ListItem","position":1,"name":"In\u00edcio","item":"https:\/\/www.pm.pb.gov.br\/portal\/"},{"@type":"ListItem","position":2,"name":"Pol\u00edcia Militar vai refor\u00e7ar as a\u00e7\u00f5es e opera\u00e7\u00f5es nos pr\u00f3ximos 15 dias em v\u00e1rias cidades paraibanas"}]},{"@type":"WebSite","@id":"https:\/\/www.pm.pb.gov.br\/portal\/#website","url":"https:\/\/www.pm.pb.gov.br\/portal\/","name":"Pol\u00edcia Militar da Para\u00edba","description":"","publisher":{"@id":"https:\/\/www.pm.pb.gov.br\/portal\/#organization"},"potentialAction":[{"@type":"SearchAction","target":{"@type":"EntryPoint","urlTemplate":"https:\/\/www.pm.pb.gov.br\/portal\/?s={search_term_string}"},"query-input":"required name=search_term_string"}],"inLanguage":"pt-BR"},{"@type":"Organization","@id":"https:\/\/www.pm.pb.gov.br\/portal\/#organization","name":"Pol\u00edcia Militar da Para\u00edba","url":"https:\/\/www.pm.pb.gov.br\/portal\/","logo":{"@type":"ImageObject","inLanguage":"pt-BR","@id":"https:\/\/www.pm.pb.gov.br\/portal\/#\/schema\/logo\/image\/","url":"https:\/\/www.pm.pb.gov.br\/portal\/wp-content\/uploads\/2025\/03\/cropped-logo-site-mag2-1.png","contentUrl":"https:\/\/www.pm.pb.gov.br\/portal\/wp-content\/uploads\/2025\/03\/cropped-logo-site-mag2-1.png","width":320,"height":90,"caption":"Pol\u00edcia Militar da Para\u00edba"},"image":{"@id":"https:\/\/www.pm.pb.gov.br\/portal\/#\/schema\/logo\/image\/"}},{"@type":"Person","@id":"https:\/\/www.pm.pb.gov.br\/portal\/#\/schema\/person\/f84f56dcc78ce4357054da888b8247fd","name":"Tarcisio Oliveira","image":{"@type":"ImageObject","inLanguage":"pt-BR","@id":"https:\/\/www.pm.pb.gov.br\/portal\/#\/schema\/person\/image\/","url":"https:\/\/secure.gravatar.com\/avatar\/72917b630b69d31cd0297507f34bac97?s=96&d=mm&r=g","contentUrl":"https:\/\/secure.gravatar.com\/avatar\/72917b630b69d31cd0297507f34bac97?s=96&d=mm&r=g","caption":"Tarcisio Oliveira"},"url":"https:\/\/www.pm.pb.gov.br\/portal\/author\/tarcisio\/"}]}},"_links":{"self":[{"href":"https:\/\/www.pm.pb.gov.br\/portal\/wp-json\/wp\/v2\/posts\/901502"}],"collection":[{"href":"https:\/\/www.pm.pb.gov.br\/portal\/wp-json\/wp\/v2\/posts"}],"about":[{"href":"https:\/\/www.pm.pb.gov.br\/portal\/wp-json\/wp\/v2\/types\/post"}],"author":[{"embeddable":true,"href":"https:\/\/www.pm.pb.gov.br\/portal\/wp-json\/wp\/v2\/users\/12"}],"replies":[{"embeddable":true,"href":"https:\/\/www.pm.pb.gov.br\/portal\/wp-json\/wp\/v2\/comments?post=901502"}],"version-history":[{"count":3,"href":"https:\/\/www.pm.pb.gov.br\/portal\/wp-json\/wp\/v2\/posts\/901502\/revisions"}],"predecessor-version":[{"id":901515,"href":"https:\/\/www.pm.pb.gov.br\/portal\/wp-json\/wp\/v2\/posts\/901502\/revisions\/901515"}],"wp:featuredmedia":[{"embeddable":true,"href":"https:\/\/www.pm.pb.gov.br\/portal\/wp-json\/wp\/v2\/media\/901501"}],"wp:attachment":[{"href":"https:\/\/www.pm.pb.gov.br\/portal\/wp-json\/wp\/v2\/media?parent=901502"}],"wp:term":[{"taxonomy":"category","embeddable":true,"href":"https:\/\/www.pm.pb.gov.br\/portal\/wp-json\/wp\/v2\/categories?post=901502"},{"taxonomy":"post_tag","embeddable":true,"href":"https:\/\/www.pm.pb.gov.br\/portal\/wp-json\/wp\/v2\/tags?post=901502"}],"curies":[{"name":"wp","href":"https:\/\/api.w.org\/{rel}","templated":true}]}}