{"id":901450,"date":"2019-07-09T21:05:52","date_gmt":"2019-07-10T00:05:52","guid":{"rendered":"http:\/\/www.pm.pb.gov.br\/portal\/?p=901450"},"modified":"2019-07-10T14:06:38","modified_gmt":"2019-07-10T17:06:38","slug":"maior-sao-joao-do-mundo-e-o-mais-seguro-dos-ultimos-anos-e-85-do-publico-aprova-atuacao-policial","status":"publish","type":"post","link":"https:\/\/www.pm.pb.gov.br\/portal\/2019\/07\/09\/maior-sao-joao-do-mundo-e-o-mais-seguro-dos-ultimos-anos-e-85-do-publico-aprova-atuacao-policial\/","title":{"rendered":"Maior S\u00e3o Jo\u00e3o do Mundo \u00e9 o mais seguro dos \u00faltimos anos e 85% do p\u00fablico aprova atua\u00e7\u00e3o policial"},"content":{"rendered":"\n<p>Mais de 600 horas de atua\u00e7\u00e3o das for\u00e7as de Seguran\u00e7a da Para\u00edba com uso de tecnologia resultaram em uma das festas de S\u00e3o Jo\u00e3o mais seguras j\u00e1 registrada em Campina Grande, com 85% de aprova\u00e7\u00e3o, na avalia\u00e7\u00e3o do p\u00fablico, segundo pesquisa Datavox. Os resultados positivos de 2019 foram apresentados na manh\u00e3 desta ter\u00e7a-feira (9), na sede do I Comando Regional de Pol\u00edcia Militar, com as presen\u00e7as do secret\u00e1rio da Seguran\u00e7a e da Defesa Social, Jean Nunes, e de gestores da Pol\u00edcia Militar, Pol\u00edcia Civil, Corpo de Bombeiros Militar, Pol\u00edcia Rodovi\u00e1ria Federal e Guarda Municipal de Campina Grande, al\u00e9m da secret\u00e1ria de Desenvolvimento e Articula\u00e7\u00e3o Municipal, Ana Cl\u00e1udia Vital do R\u00eago, que representou o governador Jo\u00e3o Azev\u00eado. Nos 30 dias de festa, n\u00e3o houve registro de ocorr\u00eancias graves na \u00e1rea do evento. Al\u00e9m disso, durante o m\u00eas de junho, as Pol\u00edcias contabilizaram uma redu\u00e7\u00e3o de aproximadamente 40% de roubos e uma queda de 70% nos homic\u00eddios.<\/p>\n<p>Al\u00e9m da presen\u00e7a no Parque do Povo, a Pol\u00edcia Militar tamb\u00e9m abrangeu outras \u00e1reas da cidade. Na Vila Cabral de Santa Terezinha e no Jos\u00e9 Pinheiro foram apreendidos mais de 260 litros de lol\u00f3, que seriam comercializados na festa, principalmente no fim de semana. Tiveram refor\u00e7o de efetivo a Vila Forr\u00f3, o Parque do Povo, a Vila do Artes\u00e3o, o Artesanato da Para\u00edba, o Trem do Forr\u00f3, a Vila Junina, Namoradrilha, o S\u00edtio S\u00e3o Jo\u00e3o, al\u00e9m de festividades em casas de show e clubes. Houve o emprego de 5.524 policiais militares, sendo de 92 a 224 empregos de militares diariamente no Parque do Povo, distribu\u00eddos entre os postos de comando, policiamento a p\u00e9, em viaturas, montado, motocicletas, \u00f4nibus, postos de observa\u00e7\u00e3o, al\u00e9m de um espa\u00e7o destinado ao Programa Educacional de Resist\u00eancia \u00e0s Drogas e \u00e0 Viol\u00eancia (Proerd).<\/p>\n<p>O Corpo de Bombeiros Militar realizou mais de 2.600 vistorias, que garantiram um evento sem incidentes relativos \u00e0 estrutura da festa. Foram distribu\u00eddos 3 mil panfletos de dicas de preven\u00e7\u00e3o, 3,5 mil com tecnologia de QR Code, para localiza\u00e7\u00e3o de postos de atendimento. As ocorr\u00eancias atendidas abrangeram casos de combate a inc\u00eandio (2), busca e salvamento (14), atendimento pr\u00e9-hospitalar (252), emerg\u00eancia em produtos perigosos (8), com a instala\u00e7\u00e3o de 169 pontos base de preven\u00e7\u00e3o. Um dos destaques foi o atendimento realizado no descarrilamento com o Trem do Forr\u00f3, no qual n\u00e3o houve v\u00edtimas graves. O efetivo m\u00e9dio foi de 45 homens e mulheres por dia no Parque do Povo e um total de 1.260 empregos de efetivo em todos os dias de evento.<\/p>\n<figure id=\"attachment_901453\" aria-describedby=\"caption-attachment-901453\" style=\"width: 543px\" class=\"wp-caption aligncenter\"><img loading=\"lazy\" decoding=\"async\" class=\"wp-image-901453\" src=\"http:\/\/www.pm.pb.gov.br\/portal\/wp-content\/uploads\/2019\/07\/unnamed-9-695x445.jpg\" alt=\"\" width=\"543\" height=\"348\" srcset=\"https:\/\/www.pm.pb.gov.br\/portal\/wp-content\/uploads\/2019\/07\/unnamed-9-695x445.jpg 695w, https:\/\/www.pm.pb.gov.br\/portal\/wp-content\/uploads\/2019\/07\/unnamed-9-768x492.jpg 768w, https:\/\/www.pm.pb.gov.br\/portal\/wp-content\/uploads\/2019\/07\/unnamed-9-891x570.jpg 891w\" sizes=\"(max-width: 543px) 100vw, 543px\" \/><figcaption id=\"caption-attachment-901453\" class=\"wp-caption-text\">Reuni\u00e3o aconteceu no sede do Comando de Policiamento Regional I<\/figcaption><\/figure>\n<p>A Pol\u00edcia Civil empregou mais de 700 policiais na festa, distribu\u00eddos em todas as \u00e1reas do evento, tanto em Campina Grande quanto em Galante e outras localidades. Com as delegacias abertas em regime de plant\u00e3o, incluindo o Parque do Povo, e Delegacias M\u00f3veis no evento, a institui\u00e7\u00e3o tamb\u00e9m ofereceu f\u00e1cil acesso da popula\u00e7\u00e3o \u00e0 pol\u00edcia judici\u00e1ria. Estiveram em funcionamento as 1\u00aa, 2\u00aa, 3\u00aa, 4\u00aa e 6\u00aa Delegacias Distritais, al\u00e9m da Central de Pol\u00edcia, localizada no bairro do Catol\u00e9. Tamb\u00e9m houve o trabalho das Delegacias Especializadas de Crimes contra ao Patrim\u00f4nio, contra a Pessoa, Repress\u00e3o a Entorpecentes, Defrauda\u00e7\u00f5es, Idoso, Acidentes de Tr\u00e2nsito, da Inf\u00e2ncia e Juventude e de Crimes contra a Inf\u00e2ncia e Juventude<\/p>\n<p><strong>Aprova\u00e7\u00e3o<\/strong>\u00a0&#8211; O secret\u00e1rio Jean Nunes destacou a aprova\u00e7\u00e3o do p\u00fablico no que se refere \u00e0 sensa\u00e7\u00e3o de seguran\u00e7a. Foi um dos melhores eventos dos \u00faltimos anos no Estado. \u201cO S\u00e3o Jo\u00e3o de Campina Grande \u00e9 um evento diferenciado, pelo p\u00fablico que recebe e pela proje\u00e7\u00e3o que d\u00e1 a cidade, em n\u00edvel nacional. A pesquisa de mais de 85% de aprova\u00e7\u00e3o sobre a sensa\u00e7\u00e3o de seguran\u00e7a das pessoas que vieram \u00e0 festa \u00e9 fruto de um trabalho integrado no qual todos, com muito empenho, conseguiram ter \u00eaxito e transmitir para a popula\u00e7\u00e3o essa energia, essa vontade, esse acerto que tivemos nas estrat\u00e9gias empregadas. Quero agradecer a todos os \u00f3rg\u00e3os envolvidos e \u00e0 imprensa tamb\u00e9m\u201d, frisou.<\/p>\n<p>\u201cA sensa\u00e7\u00e3o de todos n\u00f3s que compomos o Governo do Estado \u00e9 de dever cumprido. Em uma parceria importante que foi feita com a Prefeitura de Campina Grande, o Governo do Estado investiu mais de R$ 4 milh\u00f5es em todas as a\u00e7\u00f5es que foram desenvolvidas, tanto atrav\u00e9s de investimentos no Empreender, para os barraqueiros que foram prejudicados no ano passado em raz\u00e3o de um inc\u00eandio, no Sal\u00e3o do Artesanato, onde tivemos uma comercializa\u00e7\u00e3o superior a R$ 1,3 milh\u00e3o, como tamb\u00e9m em todo o planejamento e execu\u00e7\u00e3o do que foi feito pela Seguran\u00e7a. Houve a dedica\u00e7\u00e3o, a participa\u00e7\u00e3o, o empenho de todos. A gente percebia o amor dos que estavam todos os dias nas ruas e isso resulta no sucesso da festa\u201d, pontuou a secret\u00e1ria Ana Cl\u00e1udia Vital do R\u00eago, destacando os resultados da aprova\u00e7\u00e3o do trabalho, por parte da popula\u00e7\u00e3o.<\/p>\n<p><strong>Tecnologia \u2013\u00a0<\/strong>Ao todo, 11 pessoas foram presas por conta da tecnologia de reconhecimento facial utilizada pelos \u00f3rg\u00e3os de seguran\u00e7a na Central de Monitoramento instalada no Parque do Povo. Todos eram foragidos do Sistema Prisional ou tinham mandados de pris\u00e3o em aberto. Segundo a Pol\u00edcia Militar, houve mais de 200 reconhecimentos de pessoas cujas imagens constam nos bancos de dados dos \u00f3rg\u00e3os de seguran\u00e7a e as pris\u00f5es da Para\u00edba representam o maior n\u00famero j\u00e1 registrado no Brasil com uso dessa tecnologia, sendo \u2018case\u2019 de sucesso.<\/p>\n<p>Os \u00f3rg\u00e3os operativos de Seguran\u00e7a P\u00fablica do Estado tamb\u00e9m contaram com o uso da tecnologia de LTE port\u00e1til, dispositivo que cria uma \u201cbolha\u201d (\u00e1rea de cobertura definida), provendo no local uma rede totalmente aut\u00f4noma e independente das redes de celular comum. O equipamento tem a capacidade de envio e recebimento de dados (v\u00eddeo, mapas, \u00e1udios e demais informa\u00e7\u00f5es do centro de comando e controle para os agentes em campo, os agentes entre si e dos agentes para o Centro de Comando) em alta velocidade com integra\u00e7\u00e3o entre diferentes dispositivos.<\/p>\n","protected":false},"excerpt":{"rendered":"<p>Mais de 600 horas de atua\u00e7\u00e3o das for\u00e7as de Seguran\u00e7a da Para\u00edba com uso de tecnologia resultaram em uma das<\/p>\n","protected":false},"author":12,"featured_media":901452,"comment_status":"closed","ping_status":"closed","sticky":false,"template":"","format":"standard","meta":{"_exactmetrics_skip_tracking":false,"_exactmetrics_sitenote_active":false,"_exactmetrics_sitenote_note":"","_exactmetrics_sitenote_category":0,"footnotes":""},"categories":[9],"tags":[],"yoast_head":"<!-- This site is optimized with the Yoast SEO plugin v22.0 - https:\/\/yoast.com\/wordpress\/plugins\/seo\/ -->\n<title>Maior S\u00e3o Jo\u00e3o do Mundo \u00e9 o mais seguro dos \u00faltimos anos e 85% do p\u00fablico aprova atua\u00e7\u00e3o policial - Pol\u00edcia Militar da Para\u00edba<\/title>\n<meta name=\"robots\" content=\"index, follow, max-snippet:-1, max-image-preview:large, max-video-preview:-1\" \/>\n<link rel=\"canonical\" href=\"https:\/\/www.pm.pb.gov.br\/portal\/2019\/07\/09\/maior-sao-joao-do-mundo-e-o-mais-seguro-dos-ultimos-anos-e-85-do-publico-aprova-atuacao-policial\/\" \/>\n<meta property=\"og:locale\" content=\"pt_BR\" \/>\n<meta property=\"og:type\" content=\"article\" \/>\n<meta property=\"og:title\" content=\"Maior S\u00e3o Jo\u00e3o do Mundo \u00e9 o mais seguro dos \u00faltimos anos e 85% do p\u00fablico aprova atua\u00e7\u00e3o policial - Pol\u00edcia Militar da Para\u00edba\" \/>\n<meta property=\"og:description\" content=\"Mais de 600 horas de atua\u00e7\u00e3o das for\u00e7as de Seguran\u00e7a da Para\u00edba com uso de tecnologia resultaram em uma das\" \/>\n<meta property=\"og:url\" content=\"https:\/\/www.pm.pb.gov.br\/portal\/2019\/07\/09\/maior-sao-joao-do-mundo-e-o-mais-seguro-dos-ultimos-anos-e-85-do-publico-aprova-atuacao-policial\/\" \/>\n<meta property=\"og:site_name\" content=\"Pol\u00edcia Militar da Para\u00edba\" \/>\n<meta property=\"article:published_time\" content=\"2019-07-10T00:05:52+00:00\" \/>\n<meta property=\"article:modified_time\" content=\"2019-07-10T17:06:38+00:00\" \/>\n<meta property=\"og:image\" content=\"https:\/\/www.pm.pb.gov.br\/portal\/wp-content\/uploads\/2019\/07\/saojoao.jpg\" \/>\n\t<meta property=\"og:image:width\" content=\"800\" \/>\n\t<meta property=\"og:image:height\" content=\"445\" \/>\n\t<meta property=\"og:image:type\" content=\"image\/jpeg\" \/>\n<meta name=\"author\" content=\"Tarcisio Oliveira\" \/>\n<meta name=\"twitter:card\" content=\"summary_large_image\" \/>\n<meta name=\"twitter:label1\" content=\"Escrito por\" \/>\n\t<meta name=\"twitter:data1\" content=\"Tarcisio Oliveira\" \/>\n\t<meta name=\"twitter:label2\" content=\"Est. tempo de leitura\" \/>\n\t<meta name=\"twitter:data2\" content=\"5 minutos\" \/>\n<script type=\"application\/ld+json\" class=\"yoast-schema-graph\">{\"@context\":\"https:\/\/schema.org\",\"@graph\":[{\"@type\":\"Article\",\"@id\":\"https:\/\/www.pm.pb.gov.br\/portal\/2019\/07\/09\/maior-sao-joao-do-mundo-e-o-mais-seguro-dos-ultimos-anos-e-85-do-publico-aprova-atuacao-policial\/#article\",\"isPartOf\":{\"@id\":\"https:\/\/www.pm.pb.gov.br\/portal\/2019\/07\/09\/maior-sao-joao-do-mundo-e-o-mais-seguro-dos-ultimos-anos-e-85-do-publico-aprova-atuacao-policial\/\"},\"author\":{\"name\":\"Tarcisio Oliveira\",\"@id\":\"https:\/\/www.pm.pb.gov.br\/portal\/#\/schema\/person\/f84f56dcc78ce4357054da888b8247fd\"},\"headline\":\"Maior S\u00e3o Jo\u00e3o do Mundo \u00e9 o mais seguro dos \u00faltimos anos e 85% do p\u00fablico aprova atua\u00e7\u00e3o policial\",\"datePublished\":\"2019-07-10T00:05:52+00:00\",\"dateModified\":\"2019-07-10T17:06:38+00:00\",\"mainEntityOfPage\":{\"@id\":\"https:\/\/www.pm.pb.gov.br\/portal\/2019\/07\/09\/maior-sao-joao-do-mundo-e-o-mais-seguro-dos-ultimos-anos-e-85-do-publico-aprova-atuacao-policial\/\"},\"wordCount\":1090,\"publisher\":{\"@id\":\"https:\/\/www.pm.pb.gov.br\/portal\/#organization\"},\"articleSection\":[\"Eventos\"],\"inLanguage\":\"pt-BR\"},{\"@type\":\"WebPage\",\"@id\":\"https:\/\/www.pm.pb.gov.br\/portal\/2019\/07\/09\/maior-sao-joao-do-mundo-e-o-mais-seguro-dos-ultimos-anos-e-85-do-publico-aprova-atuacao-policial\/\",\"url\":\"https:\/\/www.pm.pb.gov.br\/portal\/2019\/07\/09\/maior-sao-joao-do-mundo-e-o-mais-seguro-dos-ultimos-anos-e-85-do-publico-aprova-atuacao-policial\/\",\"name\":\"Maior S\u00e3o Jo\u00e3o do Mundo \u00e9 o mais seguro dos \u00faltimos anos e 85% do p\u00fablico aprova atua\u00e7\u00e3o policial - Pol\u00edcia Militar da Para\u00edba\",\"isPartOf\":{\"@id\":\"https:\/\/www.pm.pb.gov.br\/portal\/#website\"},\"datePublished\":\"2019-07-10T00:05:52+00:00\",\"dateModified\":\"2019-07-10T17:06:38+00:00\",\"breadcrumb\":{\"@id\":\"https:\/\/www.pm.pb.gov.br\/portal\/2019\/07\/09\/maior-sao-joao-do-mundo-e-o-mais-seguro-dos-ultimos-anos-e-85-do-publico-aprova-atuacao-policial\/#breadcrumb\"},\"inLanguage\":\"pt-BR\",\"potentialAction\":[{\"@type\":\"ReadAction\",\"target\":[\"https:\/\/www.pm.pb.gov.br\/portal\/2019\/07\/09\/maior-sao-joao-do-mundo-e-o-mais-seguro-dos-ultimos-anos-e-85-do-publico-aprova-atuacao-policial\/\"]}]},{\"@type\":\"BreadcrumbList\",\"@id\":\"https:\/\/www.pm.pb.gov.br\/portal\/2019\/07\/09\/maior-sao-joao-do-mundo-e-o-mais-seguro-dos-ultimos-anos-e-85-do-publico-aprova-atuacao-policial\/#breadcrumb\",\"itemListElement\":[{\"@type\":\"ListItem\",\"position\":1,\"name\":\"In\u00edcio\",\"item\":\"https:\/\/www.pm.pb.gov.br\/portal\/\"},{\"@type\":\"ListItem\",\"position\":2,\"name\":\"Maior S\u00e3o Jo\u00e3o do Mundo \u00e9 o mais seguro dos \u00faltimos anos e 85% do p\u00fablico aprova atua\u00e7\u00e3o policial\"}]},{\"@type\":\"WebSite\",\"@id\":\"https:\/\/www.pm.pb.gov.br\/portal\/#website\",\"url\":\"https:\/\/www.pm.pb.gov.br\/portal\/\",\"name\":\"Pol\u00edcia Militar da Para\u00edba\",\"description\":\"\",\"publisher\":{\"@id\":\"https:\/\/www.pm.pb.gov.br\/portal\/#organization\"},\"potentialAction\":[{\"@type\":\"SearchAction\",\"target\":{\"@type\":\"EntryPoint\",\"urlTemplate\":\"https:\/\/www.pm.pb.gov.br\/portal\/?s={search_term_string}\"},\"query-input\":\"required name=search_term_string\"}],\"inLanguage\":\"pt-BR\"},{\"@type\":\"Organization\",\"@id\":\"https:\/\/www.pm.pb.gov.br\/portal\/#organization\",\"name\":\"Pol\u00edcia Militar da Para\u00edba\",\"url\":\"https:\/\/www.pm.pb.gov.br\/portal\/\",\"logo\":{\"@type\":\"ImageObject\",\"inLanguage\":\"pt-BR\",\"@id\":\"https:\/\/www.pm.pb.gov.br\/portal\/#\/schema\/logo\/image\/\",\"url\":\"https:\/\/www.pm.pb.gov.br\/portal\/wp-content\/uploads\/2025\/03\/cropped-logo-site-mag2-1.png\",\"contentUrl\":\"https:\/\/www.pm.pb.gov.br\/portal\/wp-content\/uploads\/2025\/03\/cropped-logo-site-mag2-1.png\",\"width\":320,\"height\":90,\"caption\":\"Pol\u00edcia Militar da Para\u00edba\"},\"image\":{\"@id\":\"https:\/\/www.pm.pb.gov.br\/portal\/#\/schema\/logo\/image\/\"}},{\"@type\":\"Person\",\"@id\":\"https:\/\/www.pm.pb.gov.br\/portal\/#\/schema\/person\/f84f56dcc78ce4357054da888b8247fd\",\"name\":\"Tarcisio Oliveira\",\"image\":{\"@type\":\"ImageObject\",\"inLanguage\":\"pt-BR\",\"@id\":\"https:\/\/www.pm.pb.gov.br\/portal\/#\/schema\/person\/image\/\",\"url\":\"https:\/\/secure.gravatar.com\/avatar\/72917b630b69d31cd0297507f34bac97?s=96&d=mm&r=g\",\"contentUrl\":\"https:\/\/secure.gravatar.com\/avatar\/72917b630b69d31cd0297507f34bac97?s=96&d=mm&r=g\",\"caption\":\"Tarcisio Oliveira\"},\"url\":\"https:\/\/www.pm.pb.gov.br\/portal\/author\/tarcisio\/\"}]}<\/script>\n<!-- \/ Yoast SEO plugin. -->","yoast_head_json":{"title":"Maior S\u00e3o Jo\u00e3o do Mundo \u00e9 o mais seguro dos \u00faltimos anos e 85% do p\u00fablico aprova atua\u00e7\u00e3o policial - Pol\u00edcia Militar da Para\u00edba","robots":{"index":"index","follow":"follow","max-snippet":"max-snippet:-1","max-image-preview":"max-image-preview:large","max-video-preview":"max-video-preview:-1"},"canonical":"https:\/\/www.pm.pb.gov.br\/portal\/2019\/07\/09\/maior-sao-joao-do-mundo-e-o-mais-seguro-dos-ultimos-anos-e-85-do-publico-aprova-atuacao-policial\/","og_locale":"pt_BR","og_type":"article","og_title":"Maior S\u00e3o Jo\u00e3o do Mundo \u00e9 o mais seguro dos \u00faltimos anos e 85% do p\u00fablico aprova atua\u00e7\u00e3o policial - Pol\u00edcia Militar da Para\u00edba","og_description":"Mais de 600 horas de atua\u00e7\u00e3o das for\u00e7as de Seguran\u00e7a da Para\u00edba com uso de tecnologia resultaram em uma das","og_url":"https:\/\/www.pm.pb.gov.br\/portal\/2019\/07\/09\/maior-sao-joao-do-mundo-e-o-mais-seguro-dos-ultimos-anos-e-85-do-publico-aprova-atuacao-policial\/","og_site_name":"Pol\u00edcia Militar da Para\u00edba","article_published_time":"2019-07-10T00:05:52+00:00","article_modified_time":"2019-07-10T17:06:38+00:00","og_image":[{"width":800,"height":445,"url":"https:\/\/www.pm.pb.gov.br\/portal\/wp-content\/uploads\/2019\/07\/saojoao.jpg","type":"image\/jpeg"}],"author":"Tarcisio Oliveira","twitter_card":"summary_large_image","twitter_misc":{"Escrito por":"Tarcisio Oliveira","Est. tempo de leitura":"5 minutos"},"schema":{"@context":"https:\/\/schema.org","@graph":[{"@type":"Article","@id":"https:\/\/www.pm.pb.gov.br\/portal\/2019\/07\/09\/maior-sao-joao-do-mundo-e-o-mais-seguro-dos-ultimos-anos-e-85-do-publico-aprova-atuacao-policial\/#article","isPartOf":{"@id":"https:\/\/www.pm.pb.gov.br\/portal\/2019\/07\/09\/maior-sao-joao-do-mundo-e-o-mais-seguro-dos-ultimos-anos-e-85-do-publico-aprova-atuacao-policial\/"},"author":{"name":"Tarcisio Oliveira","@id":"https:\/\/www.pm.pb.gov.br\/portal\/#\/schema\/person\/f84f56dcc78ce4357054da888b8247fd"},"headline":"Maior S\u00e3o Jo\u00e3o do Mundo \u00e9 o mais seguro dos \u00faltimos anos e 85% do p\u00fablico aprova atua\u00e7\u00e3o policial","datePublished":"2019-07-10T00:05:52+00:00","dateModified":"2019-07-10T17:06:38+00:00","mainEntityOfPage":{"@id":"https:\/\/www.pm.pb.gov.br\/portal\/2019\/07\/09\/maior-sao-joao-do-mundo-e-o-mais-seguro-dos-ultimos-anos-e-85-do-publico-aprova-atuacao-policial\/"},"wordCount":1090,"publisher":{"@id":"https:\/\/www.pm.pb.gov.br\/portal\/#organization"},"articleSection":["Eventos"],"inLanguage":"pt-BR"},{"@type":"WebPage","@id":"https:\/\/www.pm.pb.gov.br\/portal\/2019\/07\/09\/maior-sao-joao-do-mundo-e-o-mais-seguro-dos-ultimos-anos-e-85-do-publico-aprova-atuacao-policial\/","url":"https:\/\/www.pm.pb.gov.br\/portal\/2019\/07\/09\/maior-sao-joao-do-mundo-e-o-mais-seguro-dos-ultimos-anos-e-85-do-publico-aprova-atuacao-policial\/","name":"Maior S\u00e3o Jo\u00e3o do Mundo \u00e9 o mais seguro dos \u00faltimos anos e 85% do p\u00fablico aprova atua\u00e7\u00e3o policial - Pol\u00edcia Militar da Para\u00edba","isPartOf":{"@id":"https:\/\/www.pm.pb.gov.br\/portal\/#website"},"datePublished":"2019-07-10T00:05:52+00:00","dateModified":"2019-07-10T17:06:38+00:00","breadcrumb":{"@id":"https:\/\/www.pm.pb.gov.br\/portal\/2019\/07\/09\/maior-sao-joao-do-mundo-e-o-mais-seguro-dos-ultimos-anos-e-85-do-publico-aprova-atuacao-policial\/#breadcrumb"},"inLanguage":"pt-BR","potentialAction":[{"@type":"ReadAction","target":["https:\/\/www.pm.pb.gov.br\/portal\/2019\/07\/09\/maior-sao-joao-do-mundo-e-o-mais-seguro-dos-ultimos-anos-e-85-do-publico-aprova-atuacao-policial\/"]}]},{"@type":"BreadcrumbList","@id":"https:\/\/www.pm.pb.gov.br\/portal\/2019\/07\/09\/maior-sao-joao-do-mundo-e-o-mais-seguro-dos-ultimos-anos-e-85-do-publico-aprova-atuacao-policial\/#breadcrumb","itemListElement":[{"@type":"ListItem","position":1,"name":"In\u00edcio","item":"https:\/\/www.pm.pb.gov.br\/portal\/"},{"@type":"ListItem","position":2,"name":"Maior S\u00e3o Jo\u00e3o do Mundo \u00e9 o mais seguro dos \u00faltimos anos e 85% do p\u00fablico aprova atua\u00e7\u00e3o policial"}]},{"@type":"WebSite","@id":"https:\/\/www.pm.pb.gov.br\/portal\/#website","url":"https:\/\/www.pm.pb.gov.br\/portal\/","name":"Pol\u00edcia Militar da Para\u00edba","description":"","publisher":{"@id":"https:\/\/www.pm.pb.gov.br\/portal\/#organization"},"potentialAction":[{"@type":"SearchAction","target":{"@type":"EntryPoint","urlTemplate":"https:\/\/www.pm.pb.gov.br\/portal\/?s={search_term_string}"},"query-input":"required name=search_term_string"}],"inLanguage":"pt-BR"},{"@type":"Organization","@id":"https:\/\/www.pm.pb.gov.br\/portal\/#organization","name":"Pol\u00edcia Militar da Para\u00edba","url":"https:\/\/www.pm.pb.gov.br\/portal\/","logo":{"@type":"ImageObject","inLanguage":"pt-BR","@id":"https:\/\/www.pm.pb.gov.br\/portal\/#\/schema\/logo\/image\/","url":"https:\/\/www.pm.pb.gov.br\/portal\/wp-content\/uploads\/2025\/03\/cropped-logo-site-mag2-1.png","contentUrl":"https:\/\/www.pm.pb.gov.br\/portal\/wp-content\/uploads\/2025\/03\/cropped-logo-site-mag2-1.png","width":320,"height":90,"caption":"Pol\u00edcia Militar da Para\u00edba"},"image":{"@id":"https:\/\/www.pm.pb.gov.br\/portal\/#\/schema\/logo\/image\/"}},{"@type":"Person","@id":"https:\/\/www.pm.pb.gov.br\/portal\/#\/schema\/person\/f84f56dcc78ce4357054da888b8247fd","name":"Tarcisio Oliveira","image":{"@type":"ImageObject","inLanguage":"pt-BR","@id":"https:\/\/www.pm.pb.gov.br\/portal\/#\/schema\/person\/image\/","url":"https:\/\/secure.gravatar.com\/avatar\/72917b630b69d31cd0297507f34bac97?s=96&d=mm&r=g","contentUrl":"https:\/\/secure.gravatar.com\/avatar\/72917b630b69d31cd0297507f34bac97?s=96&d=mm&r=g","caption":"Tarcisio Oliveira"},"url":"https:\/\/www.pm.pb.gov.br\/portal\/author\/tarcisio\/"}]}},"_links":{"self":[{"href":"https:\/\/www.pm.pb.gov.br\/portal\/wp-json\/wp\/v2\/posts\/901450"}],"collection":[{"href":"https:\/\/www.pm.pb.gov.br\/portal\/wp-json\/wp\/v2\/posts"}],"about":[{"href":"https:\/\/www.pm.pb.gov.br\/portal\/wp-json\/wp\/v2\/types\/post"}],"author":[{"embeddable":true,"href":"https:\/\/www.pm.pb.gov.br\/portal\/wp-json\/wp\/v2\/users\/12"}],"replies":[{"embeddable":true,"href":"https:\/\/www.pm.pb.gov.br\/portal\/wp-json\/wp\/v2\/comments?post=901450"}],"version-history":[{"count":3,"href":"https:\/\/www.pm.pb.gov.br\/portal\/wp-json\/wp\/v2\/posts\/901450\/revisions"}],"predecessor-version":[{"id":901455,"href":"https:\/\/www.pm.pb.gov.br\/portal\/wp-json\/wp\/v2\/posts\/901450\/revisions\/901455"}],"wp:featuredmedia":[{"embeddable":true,"href":"https:\/\/www.pm.pb.gov.br\/portal\/wp-json\/wp\/v2\/media\/901452"}],"wp:attachment":[{"href":"https:\/\/www.pm.pb.gov.br\/portal\/wp-json\/wp\/v2\/media?parent=901450"}],"wp:term":[{"taxonomy":"category","embeddable":true,"href":"https:\/\/www.pm.pb.gov.br\/portal\/wp-json\/wp\/v2\/categories?post=901450"},{"taxonomy":"post_tag","embeddable":true,"href":"https:\/\/www.pm.pb.gov.br\/portal\/wp-json\/wp\/v2\/tags?post=901450"}],"curies":[{"name":"wp","href":"https:\/\/api.w.org\/{rel}","templated":true}]}}