{"id":901411,"date":"2019-07-04T19:44:29","date_gmt":"2019-07-04T22:44:29","guid":{"rendered":"http:\/\/www.pm.pb.gov.br\/portal\/?p=901411"},"modified":"2019-07-04T19:44:30","modified_gmt":"2019-07-04T22:44:30","slug":"comandante-geral-participa-de-aniversario-de-102-anos-do-corpo-de-bombeiros-militar-e-e-homenageado-na-solenidade","status":"publish","type":"post","link":"https:\/\/www.pm.pb.gov.br\/portal\/2019\/07\/04\/comandante-geral-participa-de-aniversario-de-102-anos-do-corpo-de-bombeiros-militar-e-e-homenageado-na-solenidade\/","title":{"rendered":"Comandante-geral participa de anivers\u00e1rio de 102 anos do Corpo de Bombeiros Militar e \u00e9 homenageado na solenidade"},"content":{"rendered":"\n<p>O comandante-geral da Pol\u00edcia Militar da Para\u00edba, coronel Euller Chaves, participou, nesta quinta-feira (4), da solenidade de 102 anos do Corpo de Bombeiros Militar da Para\u00edba, que contou com a presen\u00e7a do governador Jo\u00e3o Az\u00eavedo, no Quartel do Comando Geral do BM, em Jo\u00e3o Pessoa. O evento marcou a celebra\u00e7\u00e3o do anivers\u00e1rio da Corpora\u00e7\u00e3o, que aconteceu no dia 9 de junho, e do dia nacional do bombeiro, comemorado no \u00faltimo dia 2.<\/p>\n<p>Na oportunidade, o governador Jo\u00e3o Az\u00eavedo recebeu a mais alta comenda do Corpo de Bombeiros Militar, a Medalha do M\u00e9rito General Aristarcho Pessoa Cavalcanti de Albuquerque, grau Gr\u00e3 Cruz \u2013 que carrega o nome do patrono da corpora\u00e7\u00e3o paraibana.<\/p>\n<p>O coronel Euller tamb\u00e9m foi homenageado com a Medalha dos Servi\u00e7os Distintos, entregue pelo pr\u00f3prio governador \u00a0Estado. A comenda \u00e9 concedida \u00e0s personalidades que tenham contribu\u00eddo para elevar o conceito da corpora\u00e7\u00e3o.<\/p>\n","protected":false},"excerpt":{"rendered":"<p>O comandante-geral da Pol\u00edcia Militar da Para\u00edba, coronel Euller Chaves, participou, nesta quinta-feira (4), da solenidade de 102 anos do<\/p>\n","protected":false},"author":10,"featured_media":901412,"comment_status":"closed","ping_status":"closed","sticky":false,"template":"","format":"standard","meta":{"_exactmetrics_skip_tracking":false,"_exactmetrics_sitenote_active":false,"_exactmetrics_sitenote_note":"","_exactmetrics_sitenote_category":0,"footnotes":""},"categories":[5],"tags":[],"yoast_head":"<!-- This site is optimized with the Yoast SEO plugin v22.0 - https:\/\/yoast.com\/wordpress\/plugins\/seo\/ -->\n<title>Comandante-geral participa de anivers\u00e1rio de 102 anos do Corpo de Bombeiros Militar e \u00e9 homenageado na solenidade - Pol\u00edcia Militar da Para\u00edba<\/title>\n<meta name=\"robots\" content=\"index, follow, max-snippet:-1, max-image-preview:large, max-video-preview:-1\" \/>\n<link rel=\"canonical\" href=\"https:\/\/www.pm.pb.gov.br\/portal\/2019\/07\/04\/comandante-geral-participa-de-aniversario-de-102-anos-do-corpo-de-bombeiros-militar-e-e-homenageado-na-solenidade\/\" \/>\n<meta property=\"og:locale\" content=\"pt_BR\" \/>\n<meta property=\"og:type\" content=\"article\" \/>\n<meta property=\"og:title\" content=\"Comandante-geral participa de anivers\u00e1rio de 102 anos do Corpo de Bombeiros Militar e \u00e9 homenageado na solenidade - Pol\u00edcia Militar da Para\u00edba\" \/>\n<meta property=\"og:description\" content=\"O comandante-geral da Pol\u00edcia Militar da Para\u00edba, coronel Euller Chaves, participou, nesta quinta-feira (4), da solenidade de 102 anos do\" \/>\n<meta property=\"og:url\" content=\"https:\/\/www.pm.pb.gov.br\/portal\/2019\/07\/04\/comandante-geral-participa-de-aniversario-de-102-anos-do-corpo-de-bombeiros-militar-e-e-homenageado-na-solenidade\/\" \/>\n<meta property=\"og:site_name\" content=\"Pol\u00edcia Militar da Para\u00edba\" \/>\n<meta property=\"article:published_time\" content=\"2019-07-04T22:44:29+00:00\" \/>\n<meta property=\"article:modified_time\" content=\"2019-07-04T22:44:30+00:00\" \/>\n<meta property=\"og:image\" content=\"https:\/\/www.pm.pb.gov.br\/portal\/wp-content\/uploads\/2019\/07\/WhatsApp-Image-2019-07-04-at-18.48.06.jpeg\" \/>\n\t<meta property=\"og:image:width\" content=\"1280\" \/>\n\t<meta property=\"og:image:height\" content=\"854\" \/>\n\t<meta property=\"og:image:type\" content=\"image\/jpeg\" \/>\n<meta name=\"author\" content=\"WAGNER HENRIQUE VARELA DA SILVA\" \/>\n<meta name=\"twitter:card\" content=\"summary_large_image\" \/>\n<meta name=\"twitter:label1\" content=\"Escrito por\" \/>\n\t<meta name=\"twitter:data1\" content=\"WAGNER HENRIQUE VARELA DA SILVA\" \/>\n\t<meta name=\"twitter:label2\" content=\"Est. tempo de leitura\" \/>\n\t<meta name=\"twitter:data2\" content=\"1 minuto\" \/>\n<script type=\"application\/ld+json\" class=\"yoast-schema-graph\">{\"@context\":\"https:\/\/schema.org\",\"@graph\":[{\"@type\":\"Article\",\"@id\":\"https:\/\/www.pm.pb.gov.br\/portal\/2019\/07\/04\/comandante-geral-participa-de-aniversario-de-102-anos-do-corpo-de-bombeiros-militar-e-e-homenageado-na-solenidade\/#article\",\"isPartOf\":{\"@id\":\"https:\/\/www.pm.pb.gov.br\/portal\/2019\/07\/04\/comandante-geral-participa-de-aniversario-de-102-anos-do-corpo-de-bombeiros-militar-e-e-homenageado-na-solenidade\/\"},\"author\":{\"name\":\"WAGNER HENRIQUE VARELA DA SILVA\",\"@id\":\"https:\/\/www.pm.pb.gov.br\/portal\/#\/schema\/person\/b169b297b8494dea236e315ed1a201d1\"},\"headline\":\"Comandante-geral participa de anivers\u00e1rio de 102 anos do Corpo de Bombeiros Militar e \u00e9 homenageado na solenidade\",\"datePublished\":\"2019-07-04T22:44:29+00:00\",\"dateModified\":\"2019-07-04T22:44:30+00:00\",\"mainEntityOfPage\":{\"@id\":\"https:\/\/www.pm.pb.gov.br\/portal\/2019\/07\/04\/comandante-geral-participa-de-aniversario-de-102-anos-do-corpo-de-bombeiros-militar-e-e-homenageado-na-solenidade\/\"},\"wordCount\":172,\"publisher\":{\"@id\":\"https:\/\/www.pm.pb.gov.br\/portal\/#organization\"},\"articleSection\":[\"Homenagens\"],\"inLanguage\":\"pt-BR\"},{\"@type\":\"WebPage\",\"@id\":\"https:\/\/www.pm.pb.gov.br\/portal\/2019\/07\/04\/comandante-geral-participa-de-aniversario-de-102-anos-do-corpo-de-bombeiros-militar-e-e-homenageado-na-solenidade\/\",\"url\":\"https:\/\/www.pm.pb.gov.br\/portal\/2019\/07\/04\/comandante-geral-participa-de-aniversario-de-102-anos-do-corpo-de-bombeiros-militar-e-e-homenageado-na-solenidade\/\",\"name\":\"Comandante-geral participa de anivers\u00e1rio de 102 anos do Corpo de Bombeiros Militar e \u00e9 homenageado na solenidade - Pol\u00edcia Militar da Para\u00edba\",\"isPartOf\":{\"@id\":\"https:\/\/www.pm.pb.gov.br\/portal\/#website\"},\"datePublished\":\"2019-07-04T22:44:29+00:00\",\"dateModified\":\"2019-07-04T22:44:30+00:00\",\"breadcrumb\":{\"@id\":\"https:\/\/www.pm.pb.gov.br\/portal\/2019\/07\/04\/comandante-geral-participa-de-aniversario-de-102-anos-do-corpo-de-bombeiros-militar-e-e-homenageado-na-solenidade\/#breadcrumb\"},\"inLanguage\":\"pt-BR\",\"potentialAction\":[{\"@type\":\"ReadAction\",\"target\":[\"https:\/\/www.pm.pb.gov.br\/portal\/2019\/07\/04\/comandante-geral-participa-de-aniversario-de-102-anos-do-corpo-de-bombeiros-militar-e-e-homenageado-na-solenidade\/\"]}]},{\"@type\":\"BreadcrumbList\",\"@id\":\"https:\/\/www.pm.pb.gov.br\/portal\/2019\/07\/04\/comandante-geral-participa-de-aniversario-de-102-anos-do-corpo-de-bombeiros-militar-e-e-homenageado-na-solenidade\/#breadcrumb\",\"itemListElement\":[{\"@type\":\"ListItem\",\"position\":1,\"name\":\"In\u00edcio\",\"item\":\"https:\/\/www.pm.pb.gov.br\/portal\/\"},{\"@type\":\"ListItem\",\"position\":2,\"name\":\"Comandante-geral participa de anivers\u00e1rio de 102 anos do Corpo de Bombeiros Militar e \u00e9 homenageado na solenidade\"}]},{\"@type\":\"WebSite\",\"@id\":\"https:\/\/www.pm.pb.gov.br\/portal\/#website\",\"url\":\"https:\/\/www.pm.pb.gov.br\/portal\/\",\"name\":\"Pol\u00edcia Militar da Para\u00edba\",\"description\":\"\",\"publisher\":{\"@id\":\"https:\/\/www.pm.pb.gov.br\/portal\/#organization\"},\"potentialAction\":[{\"@type\":\"SearchAction\",\"target\":{\"@type\":\"EntryPoint\",\"urlTemplate\":\"https:\/\/www.pm.pb.gov.br\/portal\/?s={search_term_string}\"},\"query-input\":\"required name=search_term_string\"}],\"inLanguage\":\"pt-BR\"},{\"@type\":\"Organization\",\"@id\":\"https:\/\/www.pm.pb.gov.br\/portal\/#organization\",\"name\":\"Pol\u00edcia Militar da Para\u00edba\",\"url\":\"https:\/\/www.pm.pb.gov.br\/portal\/\",\"logo\":{\"@type\":\"ImageObject\",\"inLanguage\":\"pt-BR\",\"@id\":\"https:\/\/www.pm.pb.gov.br\/portal\/#\/schema\/logo\/image\/\",\"url\":\"https:\/\/www.pm.pb.gov.br\/portal\/wp-content\/uploads\/2025\/03\/cropped-logo-site-mag2-1.png\",\"contentUrl\":\"https:\/\/www.pm.pb.gov.br\/portal\/wp-content\/uploads\/2025\/03\/cropped-logo-site-mag2-1.png\",\"width\":320,\"height\":90,\"caption\":\"Pol\u00edcia Militar da Para\u00edba\"},\"image\":{\"@id\":\"https:\/\/www.pm.pb.gov.br\/portal\/#\/schema\/logo\/image\/\"}},{\"@type\":\"Person\",\"@id\":\"https:\/\/www.pm.pb.gov.br\/portal\/#\/schema\/person\/b169b297b8494dea236e315ed1a201d1\",\"name\":\"WAGNER HENRIQUE VARELA DA SILVA\",\"image\":{\"@type\":\"ImageObject\",\"inLanguage\":\"pt-BR\",\"@id\":\"https:\/\/www.pm.pb.gov.br\/portal\/#\/schema\/person\/image\/\",\"url\":\"https:\/\/secure.gravatar.com\/avatar\/e08af53176a66730df5c0706c6c31fd6?s=96&d=mm&r=g\",\"contentUrl\":\"https:\/\/secure.gravatar.com\/avatar\/e08af53176a66730df5c0706c6c31fd6?s=96&d=mm&r=g\",\"caption\":\"WAGNER HENRIQUE VARELA DA SILVA\"},\"url\":\"https:\/\/www.pm.pb.gov.br\/portal\/author\/varela\/\"}]}<\/script>\n<!-- \/ Yoast SEO plugin. -->","yoast_head_json":{"title":"Comandante-geral participa de anivers\u00e1rio de 102 anos do Corpo de Bombeiros Militar e \u00e9 homenageado na solenidade - Pol\u00edcia Militar da Para\u00edba","robots":{"index":"index","follow":"follow","max-snippet":"max-snippet:-1","max-image-preview":"max-image-preview:large","max-video-preview":"max-video-preview:-1"},"canonical":"https:\/\/www.pm.pb.gov.br\/portal\/2019\/07\/04\/comandante-geral-participa-de-aniversario-de-102-anos-do-corpo-de-bombeiros-militar-e-e-homenageado-na-solenidade\/","og_locale":"pt_BR","og_type":"article","og_title":"Comandante-geral participa de anivers\u00e1rio de 102 anos do Corpo de Bombeiros Militar e \u00e9 homenageado na solenidade - Pol\u00edcia Militar da Para\u00edba","og_description":"O comandante-geral da Pol\u00edcia Militar da Para\u00edba, coronel Euller Chaves, participou, nesta quinta-feira (4), da solenidade de 102 anos do","og_url":"https:\/\/www.pm.pb.gov.br\/portal\/2019\/07\/04\/comandante-geral-participa-de-aniversario-de-102-anos-do-corpo-de-bombeiros-militar-e-e-homenageado-na-solenidade\/","og_site_name":"Pol\u00edcia Militar da Para\u00edba","article_published_time":"2019-07-04T22:44:29+00:00","article_modified_time":"2019-07-04T22:44:30+00:00","og_image":[{"width":1280,"height":854,"url":"https:\/\/www.pm.pb.gov.br\/portal\/wp-content\/uploads\/2019\/07\/WhatsApp-Image-2019-07-04-at-18.48.06.jpeg","type":"image\/jpeg"}],"author":"WAGNER HENRIQUE VARELA DA SILVA","twitter_card":"summary_large_image","twitter_misc":{"Escrito por":"WAGNER HENRIQUE VARELA DA SILVA","Est. tempo de leitura":"1 minuto"},"schema":{"@context":"https:\/\/schema.org","@graph":[{"@type":"Article","@id":"https:\/\/www.pm.pb.gov.br\/portal\/2019\/07\/04\/comandante-geral-participa-de-aniversario-de-102-anos-do-corpo-de-bombeiros-militar-e-e-homenageado-na-solenidade\/#article","isPartOf":{"@id":"https:\/\/www.pm.pb.gov.br\/portal\/2019\/07\/04\/comandante-geral-participa-de-aniversario-de-102-anos-do-corpo-de-bombeiros-militar-e-e-homenageado-na-solenidade\/"},"author":{"name":"WAGNER HENRIQUE VARELA DA SILVA","@id":"https:\/\/www.pm.pb.gov.br\/portal\/#\/schema\/person\/b169b297b8494dea236e315ed1a201d1"},"headline":"Comandante-geral participa de anivers\u00e1rio de 102 anos do Corpo de Bombeiros Militar e \u00e9 homenageado na solenidade","datePublished":"2019-07-04T22:44:29+00:00","dateModified":"2019-07-04T22:44:30+00:00","mainEntityOfPage":{"@id":"https:\/\/www.pm.pb.gov.br\/portal\/2019\/07\/04\/comandante-geral-participa-de-aniversario-de-102-anos-do-corpo-de-bombeiros-militar-e-e-homenageado-na-solenidade\/"},"wordCount":172,"publisher":{"@id":"https:\/\/www.pm.pb.gov.br\/portal\/#organization"},"articleSection":["Homenagens"],"inLanguage":"pt-BR"},{"@type":"WebPage","@id":"https:\/\/www.pm.pb.gov.br\/portal\/2019\/07\/04\/comandante-geral-participa-de-aniversario-de-102-anos-do-corpo-de-bombeiros-militar-e-e-homenageado-na-solenidade\/","url":"https:\/\/www.pm.pb.gov.br\/portal\/2019\/07\/04\/comandante-geral-participa-de-aniversario-de-102-anos-do-corpo-de-bombeiros-militar-e-e-homenageado-na-solenidade\/","name":"Comandante-geral participa de anivers\u00e1rio de 102 anos do Corpo de Bombeiros Militar e \u00e9 homenageado na solenidade - Pol\u00edcia Militar da Para\u00edba","isPartOf":{"@id":"https:\/\/www.pm.pb.gov.br\/portal\/#website"},"datePublished":"2019-07-04T22:44:29+00:00","dateModified":"2019-07-04T22:44:30+00:00","breadcrumb":{"@id":"https:\/\/www.pm.pb.gov.br\/portal\/2019\/07\/04\/comandante-geral-participa-de-aniversario-de-102-anos-do-corpo-de-bombeiros-militar-e-e-homenageado-na-solenidade\/#breadcrumb"},"inLanguage":"pt-BR","potentialAction":[{"@type":"ReadAction","target":["https:\/\/www.pm.pb.gov.br\/portal\/2019\/07\/04\/comandante-geral-participa-de-aniversario-de-102-anos-do-corpo-de-bombeiros-militar-e-e-homenageado-na-solenidade\/"]}]},{"@type":"BreadcrumbList","@id":"https:\/\/www.pm.pb.gov.br\/portal\/2019\/07\/04\/comandante-geral-participa-de-aniversario-de-102-anos-do-corpo-de-bombeiros-militar-e-e-homenageado-na-solenidade\/#breadcrumb","itemListElement":[{"@type":"ListItem","position":1,"name":"In\u00edcio","item":"https:\/\/www.pm.pb.gov.br\/portal\/"},{"@type":"ListItem","position":2,"name":"Comandante-geral participa de anivers\u00e1rio de 102 anos do Corpo de Bombeiros Militar e \u00e9 homenageado na solenidade"}]},{"@type":"WebSite","@id":"https:\/\/www.pm.pb.gov.br\/portal\/#website","url":"https:\/\/www.pm.pb.gov.br\/portal\/","name":"Pol\u00edcia Militar da Para\u00edba","description":"","publisher":{"@id":"https:\/\/www.pm.pb.gov.br\/portal\/#organization"},"potentialAction":[{"@type":"SearchAction","target":{"@type":"EntryPoint","urlTemplate":"https:\/\/www.pm.pb.gov.br\/portal\/?s={search_term_string}"},"query-input":"required name=search_term_string"}],"inLanguage":"pt-BR"},{"@type":"Organization","@id":"https:\/\/www.pm.pb.gov.br\/portal\/#organization","name":"Pol\u00edcia Militar da Para\u00edba","url":"https:\/\/www.pm.pb.gov.br\/portal\/","logo":{"@type":"ImageObject","inLanguage":"pt-BR","@id":"https:\/\/www.pm.pb.gov.br\/portal\/#\/schema\/logo\/image\/","url":"https:\/\/www.pm.pb.gov.br\/portal\/wp-content\/uploads\/2025\/03\/cropped-logo-site-mag2-1.png","contentUrl":"https:\/\/www.pm.pb.gov.br\/portal\/wp-content\/uploads\/2025\/03\/cropped-logo-site-mag2-1.png","width":320,"height":90,"caption":"Pol\u00edcia Militar da Para\u00edba"},"image":{"@id":"https:\/\/www.pm.pb.gov.br\/portal\/#\/schema\/logo\/image\/"}},{"@type":"Person","@id":"https:\/\/www.pm.pb.gov.br\/portal\/#\/schema\/person\/b169b297b8494dea236e315ed1a201d1","name":"WAGNER HENRIQUE VARELA DA SILVA","image":{"@type":"ImageObject","inLanguage":"pt-BR","@id":"https:\/\/www.pm.pb.gov.br\/portal\/#\/schema\/person\/image\/","url":"https:\/\/secure.gravatar.com\/avatar\/e08af53176a66730df5c0706c6c31fd6?s=96&d=mm&r=g","contentUrl":"https:\/\/secure.gravatar.com\/avatar\/e08af53176a66730df5c0706c6c31fd6?s=96&d=mm&r=g","caption":"WAGNER HENRIQUE VARELA DA SILVA"},"url":"https:\/\/www.pm.pb.gov.br\/portal\/author\/varela\/"}]}},"_links":{"self":[{"href":"https:\/\/www.pm.pb.gov.br\/portal\/wp-json\/wp\/v2\/posts\/901411"}],"collection":[{"href":"https:\/\/www.pm.pb.gov.br\/portal\/wp-json\/wp\/v2\/posts"}],"about":[{"href":"https:\/\/www.pm.pb.gov.br\/portal\/wp-json\/wp\/v2\/types\/post"}],"author":[{"embeddable":true,"href":"https:\/\/www.pm.pb.gov.br\/portal\/wp-json\/wp\/v2\/users\/10"}],"replies":[{"embeddable":true,"href":"https:\/\/www.pm.pb.gov.br\/portal\/wp-json\/wp\/v2\/comments?post=901411"}],"version-history":[{"count":1,"href":"https:\/\/www.pm.pb.gov.br\/portal\/wp-json\/wp\/v2\/posts\/901411\/revisions"}],"predecessor-version":[{"id":901413,"href":"https:\/\/www.pm.pb.gov.br\/portal\/wp-json\/wp\/v2\/posts\/901411\/revisions\/901413"}],"wp:featuredmedia":[{"embeddable":true,"href":"https:\/\/www.pm.pb.gov.br\/portal\/wp-json\/wp\/v2\/media\/901412"}],"wp:attachment":[{"href":"https:\/\/www.pm.pb.gov.br\/portal\/wp-json\/wp\/v2\/media?parent=901411"}],"wp:term":[{"taxonomy":"category","embeddable":true,"href":"https:\/\/www.pm.pb.gov.br\/portal\/wp-json\/wp\/v2\/categories?post=901411"},{"taxonomy":"post_tag","embeddable":true,"href":"https:\/\/www.pm.pb.gov.br\/portal\/wp-json\/wp\/v2\/tags?post=901411"}],"curies":[{"name":"wp","href":"https:\/\/api.w.org\/{rel}","templated":true}]}}