{"id":901391,"date":"2019-07-04T12:05:55","date_gmt":"2019-07-04T15:05:55","guid":{"rendered":"http:\/\/www.pm.pb.gov.br\/portal\/?p=901391"},"modified":"2019-07-04T12:05:56","modified_gmt":"2019-07-04T15:05:56","slug":"policia-militar-apreende-armas-que-estariam-sendo-usadas-em-confrontos-de-envolvidos-com-o-trafico-de-drogas-na-capital","status":"publish","type":"post","link":"https:\/\/www.pm.pb.gov.br\/portal\/2019\/07\/04\/policia-militar-apreende-armas-que-estariam-sendo-usadas-em-confrontos-de-envolvidos-com-o-trafico-de-drogas-na-capital\/","title":{"rendered":"Pol\u00edcia Militar apreende armas que estariam sendo usadas em confrontos de envolvidos com o tr\u00e1fico de drogas na Capital"},"content":{"rendered":"\n<p style=\"font-weight: 400;\">A Pol\u00edcia Militar apreendeu duas armas de fogo que estariam sendo usadas em confrontos por grupos rivais ligados ao tr\u00e1fico de drogas, durante mais uma opera\u00e7\u00e3o realizada no in\u00edcio da manh\u00e3 desta quinta-feira (4), na zona oeste da Capital. As armas eram uma pistola e um rev\u00f3lver e estavam guardadas em uma casa, no bairro do Oitizeiro, onde um suspeito de 20 anos foi preso em flagrante.<\/p>\n<p style=\"font-weight: 400;\">\u00a0<\/p>\n<p style=\"font-weight: 400;\">O comandante da For\u00e7a Regional, major Giuseppe Bruno, disse que as opera\u00e7\u00f5es est\u00e3o sendo constantes na regi\u00e3o. \u201cPara combater uma poss\u00edvel disputa de grupos rivais ligados ao tr\u00e1fico de drogas, no bairro dos Funcion\u00e1rios I, especificamente. Estamos intensificando as a\u00e7\u00f5es para apreender as armas usadas pelos envolvidos e prend\u00ea-los prontamente, o que j\u00e1 vem tendo resultado nas \u00faltimas semanas, com v\u00e1rios acusados presos pela Pol\u00edcia Militar na regi\u00e3o e esse trabalho ir\u00e1 continuar\u201d, disse.<\/p>\n<p style=\"font-weight: 400;\">\u00a0<\/p>\n<p style=\"font-weight: 400;\">O preso na opera\u00e7\u00e3o desta quinta-feira foi apresentado na Central de Flagrantes, no Geisel.<\/p>\n<p style=\"font-weight: 400;\">\u00a0<\/p>\n<p style=\"font-weight: 400;\">Pris\u00f5es relacionadas \u2013 No \u00faltimo dia 28, a PM desarticulou parte de uma quadrilha que estaria se preparando para matar, de uma s\u00f3 vez, v\u00e1rios integrantes do grupo rival, nos Funcion\u00e1rios I. Foram detidos quatro suspeitos, na ocasi\u00e3o, com tr\u00eas armas de fogo, no bairro Jo\u00e3o Paulo II, em uma casa que eles tinham alugado para servir de base para planejamento dos crimes e tamb\u00e9m para ser o \u2018esconderijo\u2019 ap\u00f3s comet\u00ea-los. Os acusados t\u00eam 24, 20, 18 e 17 anos. Dois deles tinham sido presos no m\u00eas de maio.<\/p>\n","protected":false},"excerpt":{"rendered":"<p>A Pol\u00edcia Militar apreendeu duas armas de fogo que estariam sendo usadas em confrontos por grupos rivais ligados ao tr\u00e1fico<\/p>\n","protected":false},"author":10,"featured_media":901392,"comment_status":"closed","ping_status":"closed","sticky":false,"template":"","format":"standard","meta":{"_exactmetrics_skip_tracking":false,"_exactmetrics_sitenote_active":false,"_exactmetrics_sitenote_note":"","_exactmetrics_sitenote_category":0,"footnotes":""},"categories":[4],"tags":[],"yoast_head":"<!-- This site is optimized with the Yoast SEO plugin v22.0 - https:\/\/yoast.com\/wordpress\/plugins\/seo\/ -->\n<title>Pol\u00edcia Militar apreende armas que estariam sendo usadas em confrontos de envolvidos com o tr\u00e1fico de drogas na Capital - Pol\u00edcia Militar da Para\u00edba<\/title>\n<meta name=\"robots\" content=\"index, follow, max-snippet:-1, max-image-preview:large, max-video-preview:-1\" \/>\n<link rel=\"canonical\" href=\"https:\/\/www.pm.pb.gov.br\/portal\/2019\/07\/04\/policia-militar-apreende-armas-que-estariam-sendo-usadas-em-confrontos-de-envolvidos-com-o-trafico-de-drogas-na-capital\/\" \/>\n<meta property=\"og:locale\" content=\"pt_BR\" \/>\n<meta property=\"og:type\" content=\"article\" \/>\n<meta property=\"og:title\" content=\"Pol\u00edcia Militar apreende armas que estariam sendo usadas em confrontos de envolvidos com o tr\u00e1fico de drogas na Capital - Pol\u00edcia Militar da Para\u00edba\" \/>\n<meta property=\"og:description\" content=\"A Pol\u00edcia Militar apreendeu duas armas de fogo que estariam sendo usadas em confrontos por grupos rivais ligados ao tr\u00e1fico\" \/>\n<meta property=\"og:url\" content=\"https:\/\/www.pm.pb.gov.br\/portal\/2019\/07\/04\/policia-militar-apreende-armas-que-estariam-sendo-usadas-em-confrontos-de-envolvidos-com-o-trafico-de-drogas-na-capital\/\" \/>\n<meta property=\"og:site_name\" content=\"Pol\u00edcia Militar da Para\u00edba\" \/>\n<meta property=\"article:published_time\" content=\"2019-07-04T15:05:55+00:00\" \/>\n<meta property=\"article:modified_time\" content=\"2019-07-04T15:05:56+00:00\" \/>\n<meta property=\"og:image\" content=\"https:\/\/www.pm.pb.gov.br\/portal\/wp-content\/uploads\/2019\/07\/WhatsApp-Image-2019-07-04-at-11.23.11.jpeg\" \/>\n\t<meta property=\"og:image:width\" content=\"1280\" \/>\n\t<meta property=\"og:image:height\" content=\"720\" \/>\n\t<meta property=\"og:image:type\" content=\"image\/jpeg\" \/>\n<meta name=\"author\" content=\"WAGNER HENRIQUE VARELA DA SILVA\" \/>\n<meta name=\"twitter:card\" content=\"summary_large_image\" \/>\n<meta name=\"twitter:label1\" content=\"Escrito por\" \/>\n\t<meta name=\"twitter:data1\" content=\"WAGNER HENRIQUE VARELA DA SILVA\" \/>\n\t<meta name=\"twitter:label2\" content=\"Est. tempo de leitura\" \/>\n\t<meta name=\"twitter:data2\" content=\"1 minuto\" \/>\n<script type=\"application\/ld+json\" class=\"yoast-schema-graph\">{\"@context\":\"https:\/\/schema.org\",\"@graph\":[{\"@type\":\"Article\",\"@id\":\"https:\/\/www.pm.pb.gov.br\/portal\/2019\/07\/04\/policia-militar-apreende-armas-que-estariam-sendo-usadas-em-confrontos-de-envolvidos-com-o-trafico-de-drogas-na-capital\/#article\",\"isPartOf\":{\"@id\":\"https:\/\/www.pm.pb.gov.br\/portal\/2019\/07\/04\/policia-militar-apreende-armas-que-estariam-sendo-usadas-em-confrontos-de-envolvidos-com-o-trafico-de-drogas-na-capital\/\"},\"author\":{\"name\":\"WAGNER HENRIQUE VARELA DA SILVA\",\"@id\":\"https:\/\/www.pm.pb.gov.br\/portal\/#\/schema\/person\/b169b297b8494dea236e315ed1a201d1\"},\"headline\":\"Pol\u00edcia Militar apreende armas que estariam sendo usadas em confrontos de envolvidos com o tr\u00e1fico de drogas na Capital\",\"datePublished\":\"2019-07-04T15:05:55+00:00\",\"dateModified\":\"2019-07-04T15:05:56+00:00\",\"mainEntityOfPage\":{\"@id\":\"https:\/\/www.pm.pb.gov.br\/portal\/2019\/07\/04\/policia-militar-apreende-armas-que-estariam-sendo-usadas-em-confrontos-de-envolvidos-com-o-trafico-de-drogas-na-capital\/\"},\"wordCount\":286,\"publisher\":{\"@id\":\"https:\/\/www.pm.pb.gov.br\/portal\/#organization\"},\"articleSection\":[\"A\u00e7\u00f5es Policiais\"],\"inLanguage\":\"pt-BR\"},{\"@type\":\"WebPage\",\"@id\":\"https:\/\/www.pm.pb.gov.br\/portal\/2019\/07\/04\/policia-militar-apreende-armas-que-estariam-sendo-usadas-em-confrontos-de-envolvidos-com-o-trafico-de-drogas-na-capital\/\",\"url\":\"https:\/\/www.pm.pb.gov.br\/portal\/2019\/07\/04\/policia-militar-apreende-armas-que-estariam-sendo-usadas-em-confrontos-de-envolvidos-com-o-trafico-de-drogas-na-capital\/\",\"name\":\"Pol\u00edcia Militar apreende armas que estariam sendo usadas em confrontos de envolvidos com o tr\u00e1fico de drogas na Capital - Pol\u00edcia Militar da Para\u00edba\",\"isPartOf\":{\"@id\":\"https:\/\/www.pm.pb.gov.br\/portal\/#website\"},\"datePublished\":\"2019-07-04T15:05:55+00:00\",\"dateModified\":\"2019-07-04T15:05:56+00:00\",\"breadcrumb\":{\"@id\":\"https:\/\/www.pm.pb.gov.br\/portal\/2019\/07\/04\/policia-militar-apreende-armas-que-estariam-sendo-usadas-em-confrontos-de-envolvidos-com-o-trafico-de-drogas-na-capital\/#breadcrumb\"},\"inLanguage\":\"pt-BR\",\"potentialAction\":[{\"@type\":\"ReadAction\",\"target\":[\"https:\/\/www.pm.pb.gov.br\/portal\/2019\/07\/04\/policia-militar-apreende-armas-que-estariam-sendo-usadas-em-confrontos-de-envolvidos-com-o-trafico-de-drogas-na-capital\/\"]}]},{\"@type\":\"BreadcrumbList\",\"@id\":\"https:\/\/www.pm.pb.gov.br\/portal\/2019\/07\/04\/policia-militar-apreende-armas-que-estariam-sendo-usadas-em-confrontos-de-envolvidos-com-o-trafico-de-drogas-na-capital\/#breadcrumb\",\"itemListElement\":[{\"@type\":\"ListItem\",\"position\":1,\"name\":\"In\u00edcio\",\"item\":\"https:\/\/www.pm.pb.gov.br\/portal\/\"},{\"@type\":\"ListItem\",\"position\":2,\"name\":\"Pol\u00edcia Militar apreende armas que estariam sendo usadas em confrontos de envolvidos com o tr\u00e1fico de drogas na Capital\"}]},{\"@type\":\"WebSite\",\"@id\":\"https:\/\/www.pm.pb.gov.br\/portal\/#website\",\"url\":\"https:\/\/www.pm.pb.gov.br\/portal\/\",\"name\":\"Pol\u00edcia Militar da Para\u00edba\",\"description\":\"\",\"publisher\":{\"@id\":\"https:\/\/www.pm.pb.gov.br\/portal\/#organization\"},\"potentialAction\":[{\"@type\":\"SearchAction\",\"target\":{\"@type\":\"EntryPoint\",\"urlTemplate\":\"https:\/\/www.pm.pb.gov.br\/portal\/?s={search_term_string}\"},\"query-input\":\"required name=search_term_string\"}],\"inLanguage\":\"pt-BR\"},{\"@type\":\"Organization\",\"@id\":\"https:\/\/www.pm.pb.gov.br\/portal\/#organization\",\"name\":\"Pol\u00edcia Militar da Para\u00edba\",\"url\":\"https:\/\/www.pm.pb.gov.br\/portal\/\",\"logo\":{\"@type\":\"ImageObject\",\"inLanguage\":\"pt-BR\",\"@id\":\"https:\/\/www.pm.pb.gov.br\/portal\/#\/schema\/logo\/image\/\",\"url\":\"https:\/\/www.pm.pb.gov.br\/portal\/wp-content\/uploads\/2025\/03\/cropped-logo-site-mag2-1.png\",\"contentUrl\":\"https:\/\/www.pm.pb.gov.br\/portal\/wp-content\/uploads\/2025\/03\/cropped-logo-site-mag2-1.png\",\"width\":320,\"height\":90,\"caption\":\"Pol\u00edcia Militar da Para\u00edba\"},\"image\":{\"@id\":\"https:\/\/www.pm.pb.gov.br\/portal\/#\/schema\/logo\/image\/\"}},{\"@type\":\"Person\",\"@id\":\"https:\/\/www.pm.pb.gov.br\/portal\/#\/schema\/person\/b169b297b8494dea236e315ed1a201d1\",\"name\":\"WAGNER HENRIQUE VARELA DA SILVA\",\"image\":{\"@type\":\"ImageObject\",\"inLanguage\":\"pt-BR\",\"@id\":\"https:\/\/www.pm.pb.gov.br\/portal\/#\/schema\/person\/image\/\",\"url\":\"https:\/\/secure.gravatar.com\/avatar\/e08af53176a66730df5c0706c6c31fd6?s=96&d=mm&r=g\",\"contentUrl\":\"https:\/\/secure.gravatar.com\/avatar\/e08af53176a66730df5c0706c6c31fd6?s=96&d=mm&r=g\",\"caption\":\"WAGNER HENRIQUE VARELA DA SILVA\"},\"url\":\"https:\/\/www.pm.pb.gov.br\/portal\/author\/varela\/\"}]}<\/script>\n<!-- \/ Yoast SEO plugin. -->","yoast_head_json":{"title":"Pol\u00edcia Militar apreende armas que estariam sendo usadas em confrontos de envolvidos com o tr\u00e1fico de drogas na Capital - Pol\u00edcia Militar da Para\u00edba","robots":{"index":"index","follow":"follow","max-snippet":"max-snippet:-1","max-image-preview":"max-image-preview:large","max-video-preview":"max-video-preview:-1"},"canonical":"https:\/\/www.pm.pb.gov.br\/portal\/2019\/07\/04\/policia-militar-apreende-armas-que-estariam-sendo-usadas-em-confrontos-de-envolvidos-com-o-trafico-de-drogas-na-capital\/","og_locale":"pt_BR","og_type":"article","og_title":"Pol\u00edcia Militar apreende armas que estariam sendo usadas em confrontos de envolvidos com o tr\u00e1fico de drogas na Capital - Pol\u00edcia Militar da Para\u00edba","og_description":"A Pol\u00edcia Militar apreendeu duas armas de fogo que estariam sendo usadas em confrontos por grupos rivais ligados ao tr\u00e1fico","og_url":"https:\/\/www.pm.pb.gov.br\/portal\/2019\/07\/04\/policia-militar-apreende-armas-que-estariam-sendo-usadas-em-confrontos-de-envolvidos-com-o-trafico-de-drogas-na-capital\/","og_site_name":"Pol\u00edcia Militar da Para\u00edba","article_published_time":"2019-07-04T15:05:55+00:00","article_modified_time":"2019-07-04T15:05:56+00:00","og_image":[{"width":1280,"height":720,"url":"https:\/\/www.pm.pb.gov.br\/portal\/wp-content\/uploads\/2019\/07\/WhatsApp-Image-2019-07-04-at-11.23.11.jpeg","type":"image\/jpeg"}],"author":"WAGNER HENRIQUE VARELA DA SILVA","twitter_card":"summary_large_image","twitter_misc":{"Escrito por":"WAGNER HENRIQUE VARELA DA SILVA","Est. tempo de leitura":"1 minuto"},"schema":{"@context":"https:\/\/schema.org","@graph":[{"@type":"Article","@id":"https:\/\/www.pm.pb.gov.br\/portal\/2019\/07\/04\/policia-militar-apreende-armas-que-estariam-sendo-usadas-em-confrontos-de-envolvidos-com-o-trafico-de-drogas-na-capital\/#article","isPartOf":{"@id":"https:\/\/www.pm.pb.gov.br\/portal\/2019\/07\/04\/policia-militar-apreende-armas-que-estariam-sendo-usadas-em-confrontos-de-envolvidos-com-o-trafico-de-drogas-na-capital\/"},"author":{"name":"WAGNER HENRIQUE VARELA DA SILVA","@id":"https:\/\/www.pm.pb.gov.br\/portal\/#\/schema\/person\/b169b297b8494dea236e315ed1a201d1"},"headline":"Pol\u00edcia Militar apreende armas que estariam sendo usadas em confrontos de envolvidos com o tr\u00e1fico de drogas na Capital","datePublished":"2019-07-04T15:05:55+00:00","dateModified":"2019-07-04T15:05:56+00:00","mainEntityOfPage":{"@id":"https:\/\/www.pm.pb.gov.br\/portal\/2019\/07\/04\/policia-militar-apreende-armas-que-estariam-sendo-usadas-em-confrontos-de-envolvidos-com-o-trafico-de-drogas-na-capital\/"},"wordCount":286,"publisher":{"@id":"https:\/\/www.pm.pb.gov.br\/portal\/#organization"},"articleSection":["A\u00e7\u00f5es Policiais"],"inLanguage":"pt-BR"},{"@type":"WebPage","@id":"https:\/\/www.pm.pb.gov.br\/portal\/2019\/07\/04\/policia-militar-apreende-armas-que-estariam-sendo-usadas-em-confrontos-de-envolvidos-com-o-trafico-de-drogas-na-capital\/","url":"https:\/\/www.pm.pb.gov.br\/portal\/2019\/07\/04\/policia-militar-apreende-armas-que-estariam-sendo-usadas-em-confrontos-de-envolvidos-com-o-trafico-de-drogas-na-capital\/","name":"Pol\u00edcia Militar apreende armas que estariam sendo usadas em confrontos de envolvidos com o tr\u00e1fico de drogas na Capital - Pol\u00edcia Militar da Para\u00edba","isPartOf":{"@id":"https:\/\/www.pm.pb.gov.br\/portal\/#website"},"datePublished":"2019-07-04T15:05:55+00:00","dateModified":"2019-07-04T15:05:56+00:00","breadcrumb":{"@id":"https:\/\/www.pm.pb.gov.br\/portal\/2019\/07\/04\/policia-militar-apreende-armas-que-estariam-sendo-usadas-em-confrontos-de-envolvidos-com-o-trafico-de-drogas-na-capital\/#breadcrumb"},"inLanguage":"pt-BR","potentialAction":[{"@type":"ReadAction","target":["https:\/\/www.pm.pb.gov.br\/portal\/2019\/07\/04\/policia-militar-apreende-armas-que-estariam-sendo-usadas-em-confrontos-de-envolvidos-com-o-trafico-de-drogas-na-capital\/"]}]},{"@type":"BreadcrumbList","@id":"https:\/\/www.pm.pb.gov.br\/portal\/2019\/07\/04\/policia-militar-apreende-armas-que-estariam-sendo-usadas-em-confrontos-de-envolvidos-com-o-trafico-de-drogas-na-capital\/#breadcrumb","itemListElement":[{"@type":"ListItem","position":1,"name":"In\u00edcio","item":"https:\/\/www.pm.pb.gov.br\/portal\/"},{"@type":"ListItem","position":2,"name":"Pol\u00edcia Militar apreende armas que estariam sendo usadas em confrontos de envolvidos com o tr\u00e1fico de drogas na Capital"}]},{"@type":"WebSite","@id":"https:\/\/www.pm.pb.gov.br\/portal\/#website","url":"https:\/\/www.pm.pb.gov.br\/portal\/","name":"Pol\u00edcia Militar da Para\u00edba","description":"","publisher":{"@id":"https:\/\/www.pm.pb.gov.br\/portal\/#organization"},"potentialAction":[{"@type":"SearchAction","target":{"@type":"EntryPoint","urlTemplate":"https:\/\/www.pm.pb.gov.br\/portal\/?s={search_term_string}"},"query-input":"required name=search_term_string"}],"inLanguage":"pt-BR"},{"@type":"Organization","@id":"https:\/\/www.pm.pb.gov.br\/portal\/#organization","name":"Pol\u00edcia Militar da Para\u00edba","url":"https:\/\/www.pm.pb.gov.br\/portal\/","logo":{"@type":"ImageObject","inLanguage":"pt-BR","@id":"https:\/\/www.pm.pb.gov.br\/portal\/#\/schema\/logo\/image\/","url":"https:\/\/www.pm.pb.gov.br\/portal\/wp-content\/uploads\/2025\/03\/cropped-logo-site-mag2-1.png","contentUrl":"https:\/\/www.pm.pb.gov.br\/portal\/wp-content\/uploads\/2025\/03\/cropped-logo-site-mag2-1.png","width":320,"height":90,"caption":"Pol\u00edcia Militar da Para\u00edba"},"image":{"@id":"https:\/\/www.pm.pb.gov.br\/portal\/#\/schema\/logo\/image\/"}},{"@type":"Person","@id":"https:\/\/www.pm.pb.gov.br\/portal\/#\/schema\/person\/b169b297b8494dea236e315ed1a201d1","name":"WAGNER HENRIQUE VARELA DA SILVA","image":{"@type":"ImageObject","inLanguage":"pt-BR","@id":"https:\/\/www.pm.pb.gov.br\/portal\/#\/schema\/person\/image\/","url":"https:\/\/secure.gravatar.com\/avatar\/e08af53176a66730df5c0706c6c31fd6?s=96&d=mm&r=g","contentUrl":"https:\/\/secure.gravatar.com\/avatar\/e08af53176a66730df5c0706c6c31fd6?s=96&d=mm&r=g","caption":"WAGNER HENRIQUE VARELA DA SILVA"},"url":"https:\/\/www.pm.pb.gov.br\/portal\/author\/varela\/"}]}},"_links":{"self":[{"href":"https:\/\/www.pm.pb.gov.br\/portal\/wp-json\/wp\/v2\/posts\/901391"}],"collection":[{"href":"https:\/\/www.pm.pb.gov.br\/portal\/wp-json\/wp\/v2\/posts"}],"about":[{"href":"https:\/\/www.pm.pb.gov.br\/portal\/wp-json\/wp\/v2\/types\/post"}],"author":[{"embeddable":true,"href":"https:\/\/www.pm.pb.gov.br\/portal\/wp-json\/wp\/v2\/users\/10"}],"replies":[{"embeddable":true,"href":"https:\/\/www.pm.pb.gov.br\/portal\/wp-json\/wp\/v2\/comments?post=901391"}],"version-history":[{"count":1,"href":"https:\/\/www.pm.pb.gov.br\/portal\/wp-json\/wp\/v2\/posts\/901391\/revisions"}],"predecessor-version":[{"id":901393,"href":"https:\/\/www.pm.pb.gov.br\/portal\/wp-json\/wp\/v2\/posts\/901391\/revisions\/901393"}],"wp:featuredmedia":[{"embeddable":true,"href":"https:\/\/www.pm.pb.gov.br\/portal\/wp-json\/wp\/v2\/media\/901392"}],"wp:attachment":[{"href":"https:\/\/www.pm.pb.gov.br\/portal\/wp-json\/wp\/v2\/media?parent=901391"}],"wp:term":[{"taxonomy":"category","embeddable":true,"href":"https:\/\/www.pm.pb.gov.br\/portal\/wp-json\/wp\/v2\/categories?post=901391"},{"taxonomy":"post_tag","embeddable":true,"href":"https:\/\/www.pm.pb.gov.br\/portal\/wp-json\/wp\/v2\/tags?post=901391"}],"curies":[{"name":"wp","href":"https:\/\/api.w.org\/{rel}","templated":true}]}}