{"id":901372,"date":"2019-07-03T12:28:20","date_gmt":"2019-07-03T15:28:20","guid":{"rendered":"http:\/\/www.pm.pb.gov.br\/portal\/?p=901372"},"modified":"2019-07-03T12:28:21","modified_gmt":"2019-07-03T15:28:21","slug":"manha-desta-quarta-feira-tem-apreensoes-de-drogas-em-dois-bairros-de-joao-pessoa","status":"publish","type":"post","link":"https:\/\/www.pm.pb.gov.br\/portal\/2019\/07\/03\/manha-desta-quarta-feira-tem-apreensoes-de-drogas-em-dois-bairros-de-joao-pessoa\/","title":{"rendered":"Manh\u00e3 desta quarta-feira tem apreens\u00f5es de drogas em dois bairros de Jo\u00e3o Pessoa"},"content":{"rendered":"\n<p style=\"font-weight: 400;\">A Pol\u00edcia Militar continua intensificando as a\u00e7\u00f5es contra o tr\u00e1fico de drogas e realizou mais duas apreens\u00f5es, na manh\u00e3 desta quarta-feira (3), nos bairros do Rangel e Funcion\u00e1rios I, em Jo\u00e3o Pessoa. Somadas, as a\u00e7\u00f5es retiraram das ruas mais de 3 kg de crack, quase meio quilo de coca\u00edna, 50 g de maconha e outros materiais usados pelos traficantes.<\/p>\n<p style=\"font-weight: 400;\">No Rangel, um casal foi preso com tr\u00eas quilos de crack, duzentos e cinquenta gramas de coca\u00edna, cinquenta gramas de maconha e muni\u00e7\u00f5es de espingarda. Eles estavam em uma casa onde estaria funcionando um ponto de venda de drogas, na rua Jos\u00e9 de Melo Lula, conforme levantamentos feitos pela PM. O acusado, de 29 anos, ainda tentou fugir ao perceber que a resid\u00eancia estava cercada, mas foi preso em flagrante. A mulher, de 18 anos, \u00e9 companheira dele.<\/p>\n<p style=\"font-weight: 400;\">A outra a\u00e7\u00e3o, nos Funcion\u00e1rios I, resultou na apreens\u00e3o de duzentos e oito pinos com coca\u00edna, trezentos e noventa e uma embalagens para armazenar drogas e uma balan\u00e7a de precis\u00e3o. O material estava em um terreno baldio, enterrado em um saco pl\u00e1stico. O acusado que estaria traficando no local, que j\u00e1 foi identificado, est\u00e1 sendo procurado.<\/p>\n","protected":false},"excerpt":{"rendered":"<p>A Pol\u00edcia Militar continua intensificando as a\u00e7\u00f5es contra o tr\u00e1fico de drogas e realizou mais duas apreens\u00f5es, na manh\u00e3 desta<\/p>\n","protected":false},"author":10,"featured_media":901374,"comment_status":"closed","ping_status":"closed","sticky":false,"template":"","format":"standard","meta":{"_exactmetrics_skip_tracking":false,"_exactmetrics_sitenote_active":false,"_exactmetrics_sitenote_note":"","_exactmetrics_sitenote_category":0,"footnotes":""},"categories":[4],"tags":[],"yoast_head":"<!-- This site is optimized with the Yoast SEO plugin v22.0 - https:\/\/yoast.com\/wordpress\/plugins\/seo\/ -->\n<title>Manh\u00e3 desta quarta-feira tem apreens\u00f5es de drogas em dois bairros de Jo\u00e3o Pessoa - Pol\u00edcia Militar da Para\u00edba<\/title>\n<meta name=\"robots\" content=\"index, follow, max-snippet:-1, max-image-preview:large, max-video-preview:-1\" \/>\n<link rel=\"canonical\" href=\"https:\/\/www.pm.pb.gov.br\/portal\/2019\/07\/03\/manha-desta-quarta-feira-tem-apreensoes-de-drogas-em-dois-bairros-de-joao-pessoa\/\" \/>\n<meta property=\"og:locale\" content=\"pt_BR\" \/>\n<meta property=\"og:type\" content=\"article\" \/>\n<meta property=\"og:title\" content=\"Manh\u00e3 desta quarta-feira tem apreens\u00f5es de drogas em dois bairros de Jo\u00e3o Pessoa - Pol\u00edcia Militar da Para\u00edba\" \/>\n<meta property=\"og:description\" content=\"A Pol\u00edcia Militar continua intensificando as a\u00e7\u00f5es contra o tr\u00e1fico de drogas e realizou mais duas apreens\u00f5es, na manh\u00e3 desta\" \/>\n<meta property=\"og:url\" content=\"https:\/\/www.pm.pb.gov.br\/portal\/2019\/07\/03\/manha-desta-quarta-feira-tem-apreensoes-de-drogas-em-dois-bairros-de-joao-pessoa\/\" \/>\n<meta property=\"og:site_name\" content=\"Pol\u00edcia Militar da Para\u00edba\" \/>\n<meta property=\"article:published_time\" content=\"2019-07-03T15:28:20+00:00\" \/>\n<meta property=\"article:modified_time\" content=\"2019-07-03T15:28:21+00:00\" \/>\n<meta property=\"og:image\" content=\"https:\/\/www.pm.pb.gov.br\/portal\/wp-content\/uploads\/2019\/07\/rangel.jpg\" \/>\n\t<meta property=\"og:image:width\" content=\"800\" \/>\n\t<meta property=\"og:image:height\" content=\"446\" \/>\n\t<meta property=\"og:image:type\" content=\"image\/jpeg\" \/>\n<meta name=\"author\" content=\"WAGNER HENRIQUE VARELA DA SILVA\" \/>\n<meta name=\"twitter:card\" content=\"summary_large_image\" \/>\n<meta name=\"twitter:label1\" content=\"Escrito por\" \/>\n\t<meta name=\"twitter:data1\" content=\"WAGNER HENRIQUE VARELA DA SILVA\" \/>\n\t<meta name=\"twitter:label2\" content=\"Est. tempo de leitura\" \/>\n\t<meta name=\"twitter:data2\" content=\"1 minuto\" \/>\n<script type=\"application\/ld+json\" class=\"yoast-schema-graph\">{\"@context\":\"https:\/\/schema.org\",\"@graph\":[{\"@type\":\"Article\",\"@id\":\"https:\/\/www.pm.pb.gov.br\/portal\/2019\/07\/03\/manha-desta-quarta-feira-tem-apreensoes-de-drogas-em-dois-bairros-de-joao-pessoa\/#article\",\"isPartOf\":{\"@id\":\"https:\/\/www.pm.pb.gov.br\/portal\/2019\/07\/03\/manha-desta-quarta-feira-tem-apreensoes-de-drogas-em-dois-bairros-de-joao-pessoa\/\"},\"author\":{\"name\":\"WAGNER HENRIQUE VARELA DA SILVA\",\"@id\":\"https:\/\/www.pm.pb.gov.br\/portal\/#\/schema\/person\/b169b297b8494dea236e315ed1a201d1\"},\"headline\":\"Manh\u00e3 desta quarta-feira tem apreens\u00f5es de drogas em dois bairros de Jo\u00e3o Pessoa\",\"datePublished\":\"2019-07-03T15:28:20+00:00\",\"dateModified\":\"2019-07-03T15:28:21+00:00\",\"mainEntityOfPage\":{\"@id\":\"https:\/\/www.pm.pb.gov.br\/portal\/2019\/07\/03\/manha-desta-quarta-feira-tem-apreensoes-de-drogas-em-dois-bairros-de-joao-pessoa\/\"},\"wordCount\":221,\"publisher\":{\"@id\":\"https:\/\/www.pm.pb.gov.br\/portal\/#organization\"},\"articleSection\":[\"A\u00e7\u00f5es Policiais\"],\"inLanguage\":\"pt-BR\"},{\"@type\":\"WebPage\",\"@id\":\"https:\/\/www.pm.pb.gov.br\/portal\/2019\/07\/03\/manha-desta-quarta-feira-tem-apreensoes-de-drogas-em-dois-bairros-de-joao-pessoa\/\",\"url\":\"https:\/\/www.pm.pb.gov.br\/portal\/2019\/07\/03\/manha-desta-quarta-feira-tem-apreensoes-de-drogas-em-dois-bairros-de-joao-pessoa\/\",\"name\":\"Manh\u00e3 desta quarta-feira tem apreens\u00f5es de drogas em dois bairros de Jo\u00e3o Pessoa - Pol\u00edcia Militar da Para\u00edba\",\"isPartOf\":{\"@id\":\"https:\/\/www.pm.pb.gov.br\/portal\/#website\"},\"datePublished\":\"2019-07-03T15:28:20+00:00\",\"dateModified\":\"2019-07-03T15:28:21+00:00\",\"breadcrumb\":{\"@id\":\"https:\/\/www.pm.pb.gov.br\/portal\/2019\/07\/03\/manha-desta-quarta-feira-tem-apreensoes-de-drogas-em-dois-bairros-de-joao-pessoa\/#breadcrumb\"},\"inLanguage\":\"pt-BR\",\"potentialAction\":[{\"@type\":\"ReadAction\",\"target\":[\"https:\/\/www.pm.pb.gov.br\/portal\/2019\/07\/03\/manha-desta-quarta-feira-tem-apreensoes-de-drogas-em-dois-bairros-de-joao-pessoa\/\"]}]},{\"@type\":\"BreadcrumbList\",\"@id\":\"https:\/\/www.pm.pb.gov.br\/portal\/2019\/07\/03\/manha-desta-quarta-feira-tem-apreensoes-de-drogas-em-dois-bairros-de-joao-pessoa\/#breadcrumb\",\"itemListElement\":[{\"@type\":\"ListItem\",\"position\":1,\"name\":\"In\u00edcio\",\"item\":\"https:\/\/www.pm.pb.gov.br\/portal\/\"},{\"@type\":\"ListItem\",\"position\":2,\"name\":\"Manh\u00e3 desta quarta-feira tem apreens\u00f5es de drogas em dois bairros de Jo\u00e3o Pessoa\"}]},{\"@type\":\"WebSite\",\"@id\":\"https:\/\/www.pm.pb.gov.br\/portal\/#website\",\"url\":\"https:\/\/www.pm.pb.gov.br\/portal\/\",\"name\":\"Pol\u00edcia Militar da Para\u00edba\",\"description\":\"\",\"publisher\":{\"@id\":\"https:\/\/www.pm.pb.gov.br\/portal\/#organization\"},\"potentialAction\":[{\"@type\":\"SearchAction\",\"target\":{\"@type\":\"EntryPoint\",\"urlTemplate\":\"https:\/\/www.pm.pb.gov.br\/portal\/?s={search_term_string}\"},\"query-input\":\"required name=search_term_string\"}],\"inLanguage\":\"pt-BR\"},{\"@type\":\"Organization\",\"@id\":\"https:\/\/www.pm.pb.gov.br\/portal\/#organization\",\"name\":\"Pol\u00edcia Militar da Para\u00edba\",\"url\":\"https:\/\/www.pm.pb.gov.br\/portal\/\",\"logo\":{\"@type\":\"ImageObject\",\"inLanguage\":\"pt-BR\",\"@id\":\"https:\/\/www.pm.pb.gov.br\/portal\/#\/schema\/logo\/image\/\",\"url\":\"https:\/\/www.pm.pb.gov.br\/portal\/wp-content\/uploads\/2025\/03\/cropped-logo-site-mag2-1.png\",\"contentUrl\":\"https:\/\/www.pm.pb.gov.br\/portal\/wp-content\/uploads\/2025\/03\/cropped-logo-site-mag2-1.png\",\"width\":320,\"height\":90,\"caption\":\"Pol\u00edcia Militar da Para\u00edba\"},\"image\":{\"@id\":\"https:\/\/www.pm.pb.gov.br\/portal\/#\/schema\/logo\/image\/\"}},{\"@type\":\"Person\",\"@id\":\"https:\/\/www.pm.pb.gov.br\/portal\/#\/schema\/person\/b169b297b8494dea236e315ed1a201d1\",\"name\":\"WAGNER HENRIQUE VARELA DA SILVA\",\"image\":{\"@type\":\"ImageObject\",\"inLanguage\":\"pt-BR\",\"@id\":\"https:\/\/www.pm.pb.gov.br\/portal\/#\/schema\/person\/image\/\",\"url\":\"https:\/\/secure.gravatar.com\/avatar\/e08af53176a66730df5c0706c6c31fd6?s=96&d=mm&r=g\",\"contentUrl\":\"https:\/\/secure.gravatar.com\/avatar\/e08af53176a66730df5c0706c6c31fd6?s=96&d=mm&r=g\",\"caption\":\"WAGNER HENRIQUE VARELA DA SILVA\"},\"url\":\"https:\/\/www.pm.pb.gov.br\/portal\/author\/varela\/\"}]}<\/script>\n<!-- \/ Yoast SEO plugin. -->","yoast_head_json":{"title":"Manh\u00e3 desta quarta-feira tem apreens\u00f5es de drogas em dois bairros de Jo\u00e3o Pessoa - Pol\u00edcia Militar da Para\u00edba","robots":{"index":"index","follow":"follow","max-snippet":"max-snippet:-1","max-image-preview":"max-image-preview:large","max-video-preview":"max-video-preview:-1"},"canonical":"https:\/\/www.pm.pb.gov.br\/portal\/2019\/07\/03\/manha-desta-quarta-feira-tem-apreensoes-de-drogas-em-dois-bairros-de-joao-pessoa\/","og_locale":"pt_BR","og_type":"article","og_title":"Manh\u00e3 desta quarta-feira tem apreens\u00f5es de drogas em dois bairros de Jo\u00e3o Pessoa - Pol\u00edcia Militar da Para\u00edba","og_description":"A Pol\u00edcia Militar continua intensificando as a\u00e7\u00f5es contra o tr\u00e1fico de drogas e realizou mais duas apreens\u00f5es, na manh\u00e3 desta","og_url":"https:\/\/www.pm.pb.gov.br\/portal\/2019\/07\/03\/manha-desta-quarta-feira-tem-apreensoes-de-drogas-em-dois-bairros-de-joao-pessoa\/","og_site_name":"Pol\u00edcia Militar da Para\u00edba","article_published_time":"2019-07-03T15:28:20+00:00","article_modified_time":"2019-07-03T15:28:21+00:00","og_image":[{"width":800,"height":446,"url":"https:\/\/www.pm.pb.gov.br\/portal\/wp-content\/uploads\/2019\/07\/rangel.jpg","type":"image\/jpeg"}],"author":"WAGNER HENRIQUE VARELA DA SILVA","twitter_card":"summary_large_image","twitter_misc":{"Escrito por":"WAGNER HENRIQUE VARELA DA SILVA","Est. tempo de leitura":"1 minuto"},"schema":{"@context":"https:\/\/schema.org","@graph":[{"@type":"Article","@id":"https:\/\/www.pm.pb.gov.br\/portal\/2019\/07\/03\/manha-desta-quarta-feira-tem-apreensoes-de-drogas-em-dois-bairros-de-joao-pessoa\/#article","isPartOf":{"@id":"https:\/\/www.pm.pb.gov.br\/portal\/2019\/07\/03\/manha-desta-quarta-feira-tem-apreensoes-de-drogas-em-dois-bairros-de-joao-pessoa\/"},"author":{"name":"WAGNER HENRIQUE VARELA DA SILVA","@id":"https:\/\/www.pm.pb.gov.br\/portal\/#\/schema\/person\/b169b297b8494dea236e315ed1a201d1"},"headline":"Manh\u00e3 desta quarta-feira tem apreens\u00f5es de drogas em dois bairros de Jo\u00e3o Pessoa","datePublished":"2019-07-03T15:28:20+00:00","dateModified":"2019-07-03T15:28:21+00:00","mainEntityOfPage":{"@id":"https:\/\/www.pm.pb.gov.br\/portal\/2019\/07\/03\/manha-desta-quarta-feira-tem-apreensoes-de-drogas-em-dois-bairros-de-joao-pessoa\/"},"wordCount":221,"publisher":{"@id":"https:\/\/www.pm.pb.gov.br\/portal\/#organization"},"articleSection":["A\u00e7\u00f5es Policiais"],"inLanguage":"pt-BR"},{"@type":"WebPage","@id":"https:\/\/www.pm.pb.gov.br\/portal\/2019\/07\/03\/manha-desta-quarta-feira-tem-apreensoes-de-drogas-em-dois-bairros-de-joao-pessoa\/","url":"https:\/\/www.pm.pb.gov.br\/portal\/2019\/07\/03\/manha-desta-quarta-feira-tem-apreensoes-de-drogas-em-dois-bairros-de-joao-pessoa\/","name":"Manh\u00e3 desta quarta-feira tem apreens\u00f5es de drogas em dois bairros de Jo\u00e3o Pessoa - Pol\u00edcia Militar da Para\u00edba","isPartOf":{"@id":"https:\/\/www.pm.pb.gov.br\/portal\/#website"},"datePublished":"2019-07-03T15:28:20+00:00","dateModified":"2019-07-03T15:28:21+00:00","breadcrumb":{"@id":"https:\/\/www.pm.pb.gov.br\/portal\/2019\/07\/03\/manha-desta-quarta-feira-tem-apreensoes-de-drogas-em-dois-bairros-de-joao-pessoa\/#breadcrumb"},"inLanguage":"pt-BR","potentialAction":[{"@type":"ReadAction","target":["https:\/\/www.pm.pb.gov.br\/portal\/2019\/07\/03\/manha-desta-quarta-feira-tem-apreensoes-de-drogas-em-dois-bairros-de-joao-pessoa\/"]}]},{"@type":"BreadcrumbList","@id":"https:\/\/www.pm.pb.gov.br\/portal\/2019\/07\/03\/manha-desta-quarta-feira-tem-apreensoes-de-drogas-em-dois-bairros-de-joao-pessoa\/#breadcrumb","itemListElement":[{"@type":"ListItem","position":1,"name":"In\u00edcio","item":"https:\/\/www.pm.pb.gov.br\/portal\/"},{"@type":"ListItem","position":2,"name":"Manh\u00e3 desta quarta-feira tem apreens\u00f5es de drogas em dois bairros de Jo\u00e3o Pessoa"}]},{"@type":"WebSite","@id":"https:\/\/www.pm.pb.gov.br\/portal\/#website","url":"https:\/\/www.pm.pb.gov.br\/portal\/","name":"Pol\u00edcia Militar da Para\u00edba","description":"","publisher":{"@id":"https:\/\/www.pm.pb.gov.br\/portal\/#organization"},"potentialAction":[{"@type":"SearchAction","target":{"@type":"EntryPoint","urlTemplate":"https:\/\/www.pm.pb.gov.br\/portal\/?s={search_term_string}"},"query-input":"required name=search_term_string"}],"inLanguage":"pt-BR"},{"@type":"Organization","@id":"https:\/\/www.pm.pb.gov.br\/portal\/#organization","name":"Pol\u00edcia Militar da Para\u00edba","url":"https:\/\/www.pm.pb.gov.br\/portal\/","logo":{"@type":"ImageObject","inLanguage":"pt-BR","@id":"https:\/\/www.pm.pb.gov.br\/portal\/#\/schema\/logo\/image\/","url":"https:\/\/www.pm.pb.gov.br\/portal\/wp-content\/uploads\/2025\/03\/cropped-logo-site-mag2-1.png","contentUrl":"https:\/\/www.pm.pb.gov.br\/portal\/wp-content\/uploads\/2025\/03\/cropped-logo-site-mag2-1.png","width":320,"height":90,"caption":"Pol\u00edcia Militar da Para\u00edba"},"image":{"@id":"https:\/\/www.pm.pb.gov.br\/portal\/#\/schema\/logo\/image\/"}},{"@type":"Person","@id":"https:\/\/www.pm.pb.gov.br\/portal\/#\/schema\/person\/b169b297b8494dea236e315ed1a201d1","name":"WAGNER HENRIQUE VARELA DA SILVA","image":{"@type":"ImageObject","inLanguage":"pt-BR","@id":"https:\/\/www.pm.pb.gov.br\/portal\/#\/schema\/person\/image\/","url":"https:\/\/secure.gravatar.com\/avatar\/e08af53176a66730df5c0706c6c31fd6?s=96&d=mm&r=g","contentUrl":"https:\/\/secure.gravatar.com\/avatar\/e08af53176a66730df5c0706c6c31fd6?s=96&d=mm&r=g","caption":"WAGNER HENRIQUE VARELA DA SILVA"},"url":"https:\/\/www.pm.pb.gov.br\/portal\/author\/varela\/"}]}},"_links":{"self":[{"href":"https:\/\/www.pm.pb.gov.br\/portal\/wp-json\/wp\/v2\/posts\/901372"}],"collection":[{"href":"https:\/\/www.pm.pb.gov.br\/portal\/wp-json\/wp\/v2\/posts"}],"about":[{"href":"https:\/\/www.pm.pb.gov.br\/portal\/wp-json\/wp\/v2\/types\/post"}],"author":[{"embeddable":true,"href":"https:\/\/www.pm.pb.gov.br\/portal\/wp-json\/wp\/v2\/users\/10"}],"replies":[{"embeddable":true,"href":"https:\/\/www.pm.pb.gov.br\/portal\/wp-json\/wp\/v2\/comments?post=901372"}],"version-history":[{"count":1,"href":"https:\/\/www.pm.pb.gov.br\/portal\/wp-json\/wp\/v2\/posts\/901372\/revisions"}],"predecessor-version":[{"id":901373,"href":"https:\/\/www.pm.pb.gov.br\/portal\/wp-json\/wp\/v2\/posts\/901372\/revisions\/901373"}],"wp:featuredmedia":[{"embeddable":true,"href":"https:\/\/www.pm.pb.gov.br\/portal\/wp-json\/wp\/v2\/media\/901374"}],"wp:attachment":[{"href":"https:\/\/www.pm.pb.gov.br\/portal\/wp-json\/wp\/v2\/media?parent=901372"}],"wp:term":[{"taxonomy":"category","embeddable":true,"href":"https:\/\/www.pm.pb.gov.br\/portal\/wp-json\/wp\/v2\/categories?post=901372"},{"taxonomy":"post_tag","embeddable":true,"href":"https:\/\/www.pm.pb.gov.br\/portal\/wp-json\/wp\/v2\/tags?post=901372"}],"curies":[{"name":"wp","href":"https:\/\/api.w.org\/{rel}","templated":true}]}}