{"id":901340,"date":"2019-06-28T15:50:44","date_gmt":"2019-06-28T18:50:44","guid":{"rendered":"http:\/\/www.pm.pb.gov.br\/portal\/?p=901340"},"modified":"2019-06-28T15:50:45","modified_gmt":"2019-06-28T18:50:45","slug":"comandantes-gerais-planejam-maior-integracao-nacional-das-inteligencias-e-da-area-tecnologica-durante-reuniao-do-cncg-em-sao-paulo","status":"publish","type":"post","link":"https:\/\/www.pm.pb.gov.br\/portal\/2019\/06\/28\/comandantes-gerais-planejam-maior-integracao-nacional-das-inteligencias-e-da-area-tecnologica-durante-reuniao-do-cncg-em-sao-paulo\/","title":{"rendered":"Comandantes-gerais planejam maior integra\u00e7\u00e3o nacional das intelig\u00eancias e da \u00e1rea tecnol\u00f3gica durante reuni\u00e3o do CNCG em S\u00e3o Paulo"},"content":{"rendered":"\n<p>A proposta de uma maior integra\u00e7\u00e3o tecnol\u00f3gica e das intelig\u00eancias das Pol\u00edcias e Bombeiros Militares do Brasil foi tratada durante essa semana, na I Reuni\u00e3o Extraordin\u00e1ria do Conselho Nacional de Comandantes Gerais das Pol\u00edcias e Corpos de Bombeiros Militares do Brasil (CNCG), que aconteceu na cidade de S\u00e3o Paulo. Na oportunidade, os comandantes-gerais participaram tamb\u00e9m do congresso ISC BRASIL, evento de atualiza\u00e7\u00e3o profissional e capacita\u00e7\u00e3o t\u00e9cnica para os usu\u00e1rios finais corporativos.<\/p>\n<p>O conselho tem como 2\u00ba vice-presidente o comandante-geral da Pol\u00edcia Militar da Para\u00edba, coronel Euller Chaves, que nas reuni\u00f5es fez v\u00e1rios encaminhamentos para promover uma maior identidade e integra\u00e7\u00e3o nacional das institui\u00e7\u00f5es militares estaduais. \u201cTratamos de v\u00e1rias tem\u00e1ticas, entre elas, a previd\u00eancia dos militares estaduais, intelig\u00eancia integrada e muita tecnologia, al\u00e9m de interagir no contexto da ISC &#8211; Brasil, Feira e Confer\u00eancia de Seguran\u00e7a\u201d, destacou o comandante da PM paraibana.<\/p>\n<p>O CNCG debate os principais temas relacionados \u00e0 seguran\u00e7a p\u00fablica e a atua\u00e7\u00e3o das for\u00e7as militares estaduais. Uma das pautas que foi analisada nas reuni\u00f5es, foi o resultado da opera\u00e7\u00e3o Tiradentes, realizada neste primeiro semestre.<\/p>\n","protected":false},"excerpt":{"rendered":"<p>A proposta de uma maior integra\u00e7\u00e3o tecnol\u00f3gica e das intelig\u00eancias das Pol\u00edcias e Bombeiros Militares do Brasil foi tratada durante<\/p>\n","protected":false},"author":12,"featured_media":901341,"comment_status":"closed","ping_status":"closed","sticky":false,"template":"","format":"standard","meta":{"_exactmetrics_skip_tracking":false,"_exactmetrics_sitenote_active":false,"_exactmetrics_sitenote_note":"","_exactmetrics_sitenote_category":0,"footnotes":""},"categories":[9],"tags":[],"yoast_head":"<!-- This site is optimized with the Yoast SEO plugin v22.0 - https:\/\/yoast.com\/wordpress\/plugins\/seo\/ -->\n<title>Comandantes-gerais planejam maior integra\u00e7\u00e3o nacional das intelig\u00eancias e da \u00e1rea tecnol\u00f3gica durante reuni\u00e3o do CNCG em S\u00e3o Paulo - Pol\u00edcia Militar da Para\u00edba<\/title>\n<meta name=\"robots\" content=\"index, follow, max-snippet:-1, max-image-preview:large, max-video-preview:-1\" \/>\n<link rel=\"canonical\" href=\"https:\/\/www.pm.pb.gov.br\/portal\/2019\/06\/28\/comandantes-gerais-planejam-maior-integracao-nacional-das-inteligencias-e-da-area-tecnologica-durante-reuniao-do-cncg-em-sao-paulo\/\" \/>\n<meta property=\"og:locale\" content=\"pt_BR\" \/>\n<meta property=\"og:type\" content=\"article\" \/>\n<meta property=\"og:title\" content=\"Comandantes-gerais planejam maior integra\u00e7\u00e3o nacional das intelig\u00eancias e da \u00e1rea tecnol\u00f3gica durante reuni\u00e3o do CNCG em S\u00e3o Paulo - Pol\u00edcia Militar da Para\u00edba\" \/>\n<meta property=\"og:description\" content=\"A proposta de uma maior integra\u00e7\u00e3o tecnol\u00f3gica e das intelig\u00eancias das Pol\u00edcias e Bombeiros Militares do Brasil foi tratada durante\" \/>\n<meta property=\"og:url\" content=\"https:\/\/www.pm.pb.gov.br\/portal\/2019\/06\/28\/comandantes-gerais-planejam-maior-integracao-nacional-das-inteligencias-e-da-area-tecnologica-durante-reuniao-do-cncg-em-sao-paulo\/\" \/>\n<meta property=\"og:site_name\" content=\"Pol\u00edcia Militar da Para\u00edba\" \/>\n<meta property=\"article:published_time\" content=\"2019-06-28T18:50:44+00:00\" \/>\n<meta property=\"article:modified_time\" content=\"2019-06-28T18:50:45+00:00\" \/>\n<meta property=\"og:image\" content=\"https:\/\/www.pm.pb.gov.br\/portal\/wp-content\/uploads\/2019\/06\/cncg.jpeg\" \/>\n\t<meta property=\"og:image:width\" content=\"800\" \/>\n\t<meta property=\"og:image:height\" content=\"445\" \/>\n\t<meta property=\"og:image:type\" content=\"image\/jpeg\" \/>\n<meta name=\"author\" content=\"Tarcisio Oliveira\" \/>\n<meta name=\"twitter:card\" content=\"summary_large_image\" \/>\n<meta name=\"twitter:label1\" content=\"Escrito por\" \/>\n\t<meta name=\"twitter:data1\" content=\"Tarcisio Oliveira\" \/>\n\t<meta name=\"twitter:label2\" content=\"Est. tempo de leitura\" \/>\n\t<meta name=\"twitter:data2\" content=\"1 minuto\" \/>\n<script type=\"application\/ld+json\" class=\"yoast-schema-graph\">{\"@context\":\"https:\/\/schema.org\",\"@graph\":[{\"@type\":\"Article\",\"@id\":\"https:\/\/www.pm.pb.gov.br\/portal\/2019\/06\/28\/comandantes-gerais-planejam-maior-integracao-nacional-das-inteligencias-e-da-area-tecnologica-durante-reuniao-do-cncg-em-sao-paulo\/#article\",\"isPartOf\":{\"@id\":\"https:\/\/www.pm.pb.gov.br\/portal\/2019\/06\/28\/comandantes-gerais-planejam-maior-integracao-nacional-das-inteligencias-e-da-area-tecnologica-durante-reuniao-do-cncg-em-sao-paulo\/\"},\"author\":{\"name\":\"Tarcisio Oliveira\",\"@id\":\"https:\/\/www.pm.pb.gov.br\/portal\/#\/schema\/person\/f84f56dcc78ce4357054da888b8247fd\"},\"headline\":\"Comandantes-gerais planejam maior integra\u00e7\u00e3o nacional das intelig\u00eancias e da \u00e1rea tecnol\u00f3gica durante reuni\u00e3o do CNCG em S\u00e3o Paulo\",\"datePublished\":\"2019-06-28T18:50:44+00:00\",\"dateModified\":\"2019-06-28T18:50:45+00:00\",\"mainEntityOfPage\":{\"@id\":\"https:\/\/www.pm.pb.gov.br\/portal\/2019\/06\/28\/comandantes-gerais-planejam-maior-integracao-nacional-das-inteligencias-e-da-area-tecnologica-durante-reuniao-do-cncg-em-sao-paulo\/\"},\"wordCount\":229,\"publisher\":{\"@id\":\"https:\/\/www.pm.pb.gov.br\/portal\/#organization\"},\"articleSection\":[\"Eventos\"],\"inLanguage\":\"pt-BR\"},{\"@type\":\"WebPage\",\"@id\":\"https:\/\/www.pm.pb.gov.br\/portal\/2019\/06\/28\/comandantes-gerais-planejam-maior-integracao-nacional-das-inteligencias-e-da-area-tecnologica-durante-reuniao-do-cncg-em-sao-paulo\/\",\"url\":\"https:\/\/www.pm.pb.gov.br\/portal\/2019\/06\/28\/comandantes-gerais-planejam-maior-integracao-nacional-das-inteligencias-e-da-area-tecnologica-durante-reuniao-do-cncg-em-sao-paulo\/\",\"name\":\"Comandantes-gerais planejam maior integra\u00e7\u00e3o nacional das intelig\u00eancias e da \u00e1rea tecnol\u00f3gica durante reuni\u00e3o do CNCG em S\u00e3o Paulo - Pol\u00edcia Militar da Para\u00edba\",\"isPartOf\":{\"@id\":\"https:\/\/www.pm.pb.gov.br\/portal\/#website\"},\"datePublished\":\"2019-06-28T18:50:44+00:00\",\"dateModified\":\"2019-06-28T18:50:45+00:00\",\"breadcrumb\":{\"@id\":\"https:\/\/www.pm.pb.gov.br\/portal\/2019\/06\/28\/comandantes-gerais-planejam-maior-integracao-nacional-das-inteligencias-e-da-area-tecnologica-durante-reuniao-do-cncg-em-sao-paulo\/#breadcrumb\"},\"inLanguage\":\"pt-BR\",\"potentialAction\":[{\"@type\":\"ReadAction\",\"target\":[\"https:\/\/www.pm.pb.gov.br\/portal\/2019\/06\/28\/comandantes-gerais-planejam-maior-integracao-nacional-das-inteligencias-e-da-area-tecnologica-durante-reuniao-do-cncg-em-sao-paulo\/\"]}]},{\"@type\":\"BreadcrumbList\",\"@id\":\"https:\/\/www.pm.pb.gov.br\/portal\/2019\/06\/28\/comandantes-gerais-planejam-maior-integracao-nacional-das-inteligencias-e-da-area-tecnologica-durante-reuniao-do-cncg-em-sao-paulo\/#breadcrumb\",\"itemListElement\":[{\"@type\":\"ListItem\",\"position\":1,\"name\":\"In\u00edcio\",\"item\":\"https:\/\/www.pm.pb.gov.br\/portal\/\"},{\"@type\":\"ListItem\",\"position\":2,\"name\":\"Comandantes-gerais planejam maior integra\u00e7\u00e3o nacional das intelig\u00eancias e da \u00e1rea tecnol\u00f3gica durante reuni\u00e3o do CNCG em S\u00e3o Paulo\"}]},{\"@type\":\"WebSite\",\"@id\":\"https:\/\/www.pm.pb.gov.br\/portal\/#website\",\"url\":\"https:\/\/www.pm.pb.gov.br\/portal\/\",\"name\":\"Pol\u00edcia Militar da Para\u00edba\",\"description\":\"\",\"publisher\":{\"@id\":\"https:\/\/www.pm.pb.gov.br\/portal\/#organization\"},\"potentialAction\":[{\"@type\":\"SearchAction\",\"target\":{\"@type\":\"EntryPoint\",\"urlTemplate\":\"https:\/\/www.pm.pb.gov.br\/portal\/?s={search_term_string}\"},\"query-input\":\"required name=search_term_string\"}],\"inLanguage\":\"pt-BR\"},{\"@type\":\"Organization\",\"@id\":\"https:\/\/www.pm.pb.gov.br\/portal\/#organization\",\"name\":\"Pol\u00edcia Militar da Para\u00edba\",\"url\":\"https:\/\/www.pm.pb.gov.br\/portal\/\",\"logo\":{\"@type\":\"ImageObject\",\"inLanguage\":\"pt-BR\",\"@id\":\"https:\/\/www.pm.pb.gov.br\/portal\/#\/schema\/logo\/image\/\",\"url\":\"https:\/\/www.pm.pb.gov.br\/portal\/wp-content\/uploads\/2025\/03\/cropped-logo-site-mag2-1.png\",\"contentUrl\":\"https:\/\/www.pm.pb.gov.br\/portal\/wp-content\/uploads\/2025\/03\/cropped-logo-site-mag2-1.png\",\"width\":320,\"height\":90,\"caption\":\"Pol\u00edcia Militar da Para\u00edba\"},\"image\":{\"@id\":\"https:\/\/www.pm.pb.gov.br\/portal\/#\/schema\/logo\/image\/\"}},{\"@type\":\"Person\",\"@id\":\"https:\/\/www.pm.pb.gov.br\/portal\/#\/schema\/person\/f84f56dcc78ce4357054da888b8247fd\",\"name\":\"Tarcisio Oliveira\",\"image\":{\"@type\":\"ImageObject\",\"inLanguage\":\"pt-BR\",\"@id\":\"https:\/\/www.pm.pb.gov.br\/portal\/#\/schema\/person\/image\/\",\"url\":\"https:\/\/secure.gravatar.com\/avatar\/72917b630b69d31cd0297507f34bac97?s=96&d=mm&r=g\",\"contentUrl\":\"https:\/\/secure.gravatar.com\/avatar\/72917b630b69d31cd0297507f34bac97?s=96&d=mm&r=g\",\"caption\":\"Tarcisio Oliveira\"},\"url\":\"https:\/\/www.pm.pb.gov.br\/portal\/author\/tarcisio\/\"}]}<\/script>\n<!-- \/ Yoast SEO plugin. -->","yoast_head_json":{"title":"Comandantes-gerais planejam maior integra\u00e7\u00e3o nacional das intelig\u00eancias e da \u00e1rea tecnol\u00f3gica durante reuni\u00e3o do CNCG em S\u00e3o Paulo - Pol\u00edcia Militar da Para\u00edba","robots":{"index":"index","follow":"follow","max-snippet":"max-snippet:-1","max-image-preview":"max-image-preview:large","max-video-preview":"max-video-preview:-1"},"canonical":"https:\/\/www.pm.pb.gov.br\/portal\/2019\/06\/28\/comandantes-gerais-planejam-maior-integracao-nacional-das-inteligencias-e-da-area-tecnologica-durante-reuniao-do-cncg-em-sao-paulo\/","og_locale":"pt_BR","og_type":"article","og_title":"Comandantes-gerais planejam maior integra\u00e7\u00e3o nacional das intelig\u00eancias e da \u00e1rea tecnol\u00f3gica durante reuni\u00e3o do CNCG em S\u00e3o Paulo - Pol\u00edcia Militar da Para\u00edba","og_description":"A proposta de uma maior integra\u00e7\u00e3o tecnol\u00f3gica e das intelig\u00eancias das Pol\u00edcias e Bombeiros Militares do Brasil foi tratada durante","og_url":"https:\/\/www.pm.pb.gov.br\/portal\/2019\/06\/28\/comandantes-gerais-planejam-maior-integracao-nacional-das-inteligencias-e-da-area-tecnologica-durante-reuniao-do-cncg-em-sao-paulo\/","og_site_name":"Pol\u00edcia Militar da Para\u00edba","article_published_time":"2019-06-28T18:50:44+00:00","article_modified_time":"2019-06-28T18:50:45+00:00","og_image":[{"width":800,"height":445,"url":"https:\/\/www.pm.pb.gov.br\/portal\/wp-content\/uploads\/2019\/06\/cncg.jpeg","type":"image\/jpeg"}],"author":"Tarcisio Oliveira","twitter_card":"summary_large_image","twitter_misc":{"Escrito por":"Tarcisio Oliveira","Est. tempo de leitura":"1 minuto"},"schema":{"@context":"https:\/\/schema.org","@graph":[{"@type":"Article","@id":"https:\/\/www.pm.pb.gov.br\/portal\/2019\/06\/28\/comandantes-gerais-planejam-maior-integracao-nacional-das-inteligencias-e-da-area-tecnologica-durante-reuniao-do-cncg-em-sao-paulo\/#article","isPartOf":{"@id":"https:\/\/www.pm.pb.gov.br\/portal\/2019\/06\/28\/comandantes-gerais-planejam-maior-integracao-nacional-das-inteligencias-e-da-area-tecnologica-durante-reuniao-do-cncg-em-sao-paulo\/"},"author":{"name":"Tarcisio Oliveira","@id":"https:\/\/www.pm.pb.gov.br\/portal\/#\/schema\/person\/f84f56dcc78ce4357054da888b8247fd"},"headline":"Comandantes-gerais planejam maior integra\u00e7\u00e3o nacional das intelig\u00eancias e da \u00e1rea tecnol\u00f3gica durante reuni\u00e3o do CNCG em S\u00e3o Paulo","datePublished":"2019-06-28T18:50:44+00:00","dateModified":"2019-06-28T18:50:45+00:00","mainEntityOfPage":{"@id":"https:\/\/www.pm.pb.gov.br\/portal\/2019\/06\/28\/comandantes-gerais-planejam-maior-integracao-nacional-das-inteligencias-e-da-area-tecnologica-durante-reuniao-do-cncg-em-sao-paulo\/"},"wordCount":229,"publisher":{"@id":"https:\/\/www.pm.pb.gov.br\/portal\/#organization"},"articleSection":["Eventos"],"inLanguage":"pt-BR"},{"@type":"WebPage","@id":"https:\/\/www.pm.pb.gov.br\/portal\/2019\/06\/28\/comandantes-gerais-planejam-maior-integracao-nacional-das-inteligencias-e-da-area-tecnologica-durante-reuniao-do-cncg-em-sao-paulo\/","url":"https:\/\/www.pm.pb.gov.br\/portal\/2019\/06\/28\/comandantes-gerais-planejam-maior-integracao-nacional-das-inteligencias-e-da-area-tecnologica-durante-reuniao-do-cncg-em-sao-paulo\/","name":"Comandantes-gerais planejam maior integra\u00e7\u00e3o nacional das intelig\u00eancias e da \u00e1rea tecnol\u00f3gica durante reuni\u00e3o do CNCG em S\u00e3o Paulo - Pol\u00edcia Militar da Para\u00edba","isPartOf":{"@id":"https:\/\/www.pm.pb.gov.br\/portal\/#website"},"datePublished":"2019-06-28T18:50:44+00:00","dateModified":"2019-06-28T18:50:45+00:00","breadcrumb":{"@id":"https:\/\/www.pm.pb.gov.br\/portal\/2019\/06\/28\/comandantes-gerais-planejam-maior-integracao-nacional-das-inteligencias-e-da-area-tecnologica-durante-reuniao-do-cncg-em-sao-paulo\/#breadcrumb"},"inLanguage":"pt-BR","potentialAction":[{"@type":"ReadAction","target":["https:\/\/www.pm.pb.gov.br\/portal\/2019\/06\/28\/comandantes-gerais-planejam-maior-integracao-nacional-das-inteligencias-e-da-area-tecnologica-durante-reuniao-do-cncg-em-sao-paulo\/"]}]},{"@type":"BreadcrumbList","@id":"https:\/\/www.pm.pb.gov.br\/portal\/2019\/06\/28\/comandantes-gerais-planejam-maior-integracao-nacional-das-inteligencias-e-da-area-tecnologica-durante-reuniao-do-cncg-em-sao-paulo\/#breadcrumb","itemListElement":[{"@type":"ListItem","position":1,"name":"In\u00edcio","item":"https:\/\/www.pm.pb.gov.br\/portal\/"},{"@type":"ListItem","position":2,"name":"Comandantes-gerais planejam maior integra\u00e7\u00e3o nacional das intelig\u00eancias e da \u00e1rea tecnol\u00f3gica durante reuni\u00e3o do CNCG em S\u00e3o Paulo"}]},{"@type":"WebSite","@id":"https:\/\/www.pm.pb.gov.br\/portal\/#website","url":"https:\/\/www.pm.pb.gov.br\/portal\/","name":"Pol\u00edcia Militar da Para\u00edba","description":"","publisher":{"@id":"https:\/\/www.pm.pb.gov.br\/portal\/#organization"},"potentialAction":[{"@type":"SearchAction","target":{"@type":"EntryPoint","urlTemplate":"https:\/\/www.pm.pb.gov.br\/portal\/?s={search_term_string}"},"query-input":"required name=search_term_string"}],"inLanguage":"pt-BR"},{"@type":"Organization","@id":"https:\/\/www.pm.pb.gov.br\/portal\/#organization","name":"Pol\u00edcia Militar da Para\u00edba","url":"https:\/\/www.pm.pb.gov.br\/portal\/","logo":{"@type":"ImageObject","inLanguage":"pt-BR","@id":"https:\/\/www.pm.pb.gov.br\/portal\/#\/schema\/logo\/image\/","url":"https:\/\/www.pm.pb.gov.br\/portal\/wp-content\/uploads\/2025\/03\/cropped-logo-site-mag2-1.png","contentUrl":"https:\/\/www.pm.pb.gov.br\/portal\/wp-content\/uploads\/2025\/03\/cropped-logo-site-mag2-1.png","width":320,"height":90,"caption":"Pol\u00edcia Militar da Para\u00edba"},"image":{"@id":"https:\/\/www.pm.pb.gov.br\/portal\/#\/schema\/logo\/image\/"}},{"@type":"Person","@id":"https:\/\/www.pm.pb.gov.br\/portal\/#\/schema\/person\/f84f56dcc78ce4357054da888b8247fd","name":"Tarcisio Oliveira","image":{"@type":"ImageObject","inLanguage":"pt-BR","@id":"https:\/\/www.pm.pb.gov.br\/portal\/#\/schema\/person\/image\/","url":"https:\/\/secure.gravatar.com\/avatar\/72917b630b69d31cd0297507f34bac97?s=96&d=mm&r=g","contentUrl":"https:\/\/secure.gravatar.com\/avatar\/72917b630b69d31cd0297507f34bac97?s=96&d=mm&r=g","caption":"Tarcisio Oliveira"},"url":"https:\/\/www.pm.pb.gov.br\/portal\/author\/tarcisio\/"}]}},"_links":{"self":[{"href":"https:\/\/www.pm.pb.gov.br\/portal\/wp-json\/wp\/v2\/posts\/901340"}],"collection":[{"href":"https:\/\/www.pm.pb.gov.br\/portal\/wp-json\/wp\/v2\/posts"}],"about":[{"href":"https:\/\/www.pm.pb.gov.br\/portal\/wp-json\/wp\/v2\/types\/post"}],"author":[{"embeddable":true,"href":"https:\/\/www.pm.pb.gov.br\/portal\/wp-json\/wp\/v2\/users\/12"}],"replies":[{"embeddable":true,"href":"https:\/\/www.pm.pb.gov.br\/portal\/wp-json\/wp\/v2\/comments?post=901340"}],"version-history":[{"count":1,"href":"https:\/\/www.pm.pb.gov.br\/portal\/wp-json\/wp\/v2\/posts\/901340\/revisions"}],"predecessor-version":[{"id":901342,"href":"https:\/\/www.pm.pb.gov.br\/portal\/wp-json\/wp\/v2\/posts\/901340\/revisions\/901342"}],"wp:featuredmedia":[{"embeddable":true,"href":"https:\/\/www.pm.pb.gov.br\/portal\/wp-json\/wp\/v2\/media\/901341"}],"wp:attachment":[{"href":"https:\/\/www.pm.pb.gov.br\/portal\/wp-json\/wp\/v2\/media?parent=901340"}],"wp:term":[{"taxonomy":"category","embeddable":true,"href":"https:\/\/www.pm.pb.gov.br\/portal\/wp-json\/wp\/v2\/categories?post=901340"},{"taxonomy":"post_tag","embeddable":true,"href":"https:\/\/www.pm.pb.gov.br\/portal\/wp-json\/wp\/v2\/tags?post=901340"}],"curies":[{"name":"wp","href":"https:\/\/api.w.org\/{rel}","templated":true}]}}