{"id":901219,"date":"2019-06-17T16:19:43","date_gmt":"2019-06-17T19:19:43","guid":{"rendered":"http:\/\/www.pm.pb.gov.br\/portal\/?p=901219"},"modified":"2019-06-17T16:19:44","modified_gmt":"2019-06-17T19:19:44","slug":"policia-militar-prende-suspeitos-de-tentar-arremessar-drogas-para-dentro-do-presidio-do-serrotao","status":"publish","type":"post","link":"https:\/\/www.pm.pb.gov.br\/portal\/2019\/06\/17\/policia-militar-prende-suspeitos-de-tentar-arremessar-drogas-para-dentro-do-presidio-do-serrotao\/","title":{"rendered":"Pol\u00edcia Militar prende suspeitos de tentar arremessar drogas para dentro do pres\u00eddio do Serrot\u00e3o"},"content":{"rendered":"\n<p>Mais dois suspeitos foram presos por tentar arremessar drogas para dentro da penitenci\u00e1ria do Serrot\u00e3o, nesse domingo (16), em Campina Grande, durante uma a\u00e7\u00e3o integrada entre os policiais militares que fazem a seguran\u00e7a externa da unidade e a For\u00e7a T\u00e1tica do 2\u00ba Batalh\u00e3o. Os homens, de 23 e 21 anos, planejavam que 1 kg de coca\u00edna chegasse at\u00e9 as m\u00e3os dos presos. A droga estava distribu\u00edda em 17 por\u00e7\u00f5es, juntamente com uma balan\u00e7a de precis\u00e3o.<br \/><br \/>A pris\u00e3o da dupla aconteceu depois que os policiais da guarda do pres\u00eddio perceberam a aproxima\u00e7\u00e3o dos suspeitos, que estavam em uma moto. Eles ainda chegaram a tentar lan\u00e7ar o material e fugiram, mas foi enviado apoio policial e os acusados foram presos em flagrante com o ve\u00edculo, que tinha queixa de roubo.<img loading=\"lazy\" decoding=\"async\" class=\"wp-image-901220 aligncenter\" src=\"http:\/\/www.pm.pb.gov.br\/portal\/wp-content\/uploads\/2019\/06\/unnamed-5-547x445.jpg\" alt=\"\" width=\"435\" height=\"355\" srcset=\"https:\/\/www.pm.pb.gov.br\/portal\/wp-content\/uploads\/2019\/06\/unnamed-5-547x445.jpg 547w, https:\/\/www.pm.pb.gov.br\/portal\/wp-content\/uploads\/2019\/06\/unnamed-5-768x625.jpg 768w, https:\/\/www.pm.pb.gov.br\/portal\/wp-content\/uploads\/2019\/06\/unnamed-5-700x570.jpg 700w, https:\/\/www.pm.pb.gov.br\/portal\/wp-content\/uploads\/2019\/06\/unnamed-5.jpg 1086w\" sizes=\"(max-width: 435px) 100vw, 435px\" \/><br \/>A apreens\u00e3o aconteceu um dia ap\u00f3s a PM prender um suspeito de 22 anos tentando arremessar quase dois quilos de maconha. Ele disse que estava realizando o servi\u00e7o em troca de entorpecentes para consumir. Na \u00faltima quarta-feira (12), outros dois acusados, de 22 e 24 anos, foram interceptados quando planejavam arremessar seis celulares, duas baterias, nove fones de ouvido, maconha, coca\u00edna e potes com suplemento natural.<\/p>\n","protected":false},"excerpt":{"rendered":"<p>Mais dois suspeitos foram presos por tentar arremessar drogas para dentro da penitenci\u00e1ria do Serrot\u00e3o, nesse domingo (16), em Campina<\/p>\n","protected":false},"author":15,"featured_media":898247,"comment_status":"closed","ping_status":"closed","sticky":false,"template":"","format":"standard","meta":{"_exactmetrics_skip_tracking":false,"_exactmetrics_sitenote_active":false,"_exactmetrics_sitenote_note":"","_exactmetrics_sitenote_category":0,"footnotes":""},"categories":[4],"tags":[],"yoast_head":"<!-- This site is optimized with the Yoast SEO plugin v22.0 - https:\/\/yoast.com\/wordpress\/plugins\/seo\/ -->\n<title>Pol\u00edcia Militar prende suspeitos de tentar arremessar drogas para dentro do pres\u00eddio do Serrot\u00e3o - Pol\u00edcia Militar da Para\u00edba<\/title>\n<meta name=\"robots\" content=\"index, follow, max-snippet:-1, max-image-preview:large, max-video-preview:-1\" \/>\n<link rel=\"canonical\" href=\"https:\/\/www.pm.pb.gov.br\/portal\/2019\/06\/17\/policia-militar-prende-suspeitos-de-tentar-arremessar-drogas-para-dentro-do-presidio-do-serrotao\/\" \/>\n<meta property=\"og:locale\" content=\"pt_BR\" \/>\n<meta property=\"og:type\" content=\"article\" \/>\n<meta property=\"og:title\" content=\"Pol\u00edcia Militar prende suspeitos de tentar arremessar drogas para dentro do pres\u00eddio do Serrot\u00e3o - Pol\u00edcia Militar da Para\u00edba\" \/>\n<meta property=\"og:description\" content=\"Mais dois suspeitos foram presos por tentar arremessar drogas para dentro da penitenci\u00e1ria do Serrot\u00e3o, nesse domingo (16), em Campina\" \/>\n<meta property=\"og:url\" content=\"https:\/\/www.pm.pb.gov.br\/portal\/2019\/06\/17\/policia-militar-prende-suspeitos-de-tentar-arremessar-drogas-para-dentro-do-presidio-do-serrotao\/\" \/>\n<meta property=\"og:site_name\" content=\"Pol\u00edcia Militar da Para\u00edba\" \/>\n<meta property=\"article:published_time\" content=\"2019-06-17T19:19:43+00:00\" \/>\n<meta property=\"article:modified_time\" content=\"2019-06-17T19:19:44+00:00\" \/>\n<meta property=\"og:image\" content=\"https:\/\/www.pm.pb.gov.br\/portal\/wp-content\/uploads\/2018\/06\/2\u00ba-BPM.jpg\" \/>\n\t<meta property=\"og:image:width\" content=\"800\" \/>\n\t<meta property=\"og:image:height\" content=\"426\" \/>\n\t<meta property=\"og:image:type\" content=\"image\/jpeg\" \/>\n<meta name=\"author\" content=\"Marcio Gomes dos Santos\" \/>\n<meta name=\"twitter:card\" content=\"summary_large_image\" \/>\n<meta name=\"twitter:label1\" content=\"Escrito por\" \/>\n\t<meta name=\"twitter:data1\" content=\"Marcio Gomes dos Santos\" \/>\n\t<meta name=\"twitter:label2\" content=\"Est. tempo de leitura\" \/>\n\t<meta name=\"twitter:data2\" content=\"1 minuto\" \/>\n<script type=\"application\/ld+json\" class=\"yoast-schema-graph\">{\"@context\":\"https:\/\/schema.org\",\"@graph\":[{\"@type\":\"Article\",\"@id\":\"https:\/\/www.pm.pb.gov.br\/portal\/2019\/06\/17\/policia-militar-prende-suspeitos-de-tentar-arremessar-drogas-para-dentro-do-presidio-do-serrotao\/#article\",\"isPartOf\":{\"@id\":\"https:\/\/www.pm.pb.gov.br\/portal\/2019\/06\/17\/policia-militar-prende-suspeitos-de-tentar-arremessar-drogas-para-dentro-do-presidio-do-serrotao\/\"},\"author\":{\"name\":\"Marcio Gomes dos Santos\",\"@id\":\"https:\/\/www.pm.pb.gov.br\/portal\/#\/schema\/person\/30d571652b38533c2211e4e89bf5a502\"},\"headline\":\"Pol\u00edcia Militar prende suspeitos de tentar arremessar drogas para dentro do pres\u00eddio do Serrot\u00e3o\",\"datePublished\":\"2019-06-17T19:19:43+00:00\",\"dateModified\":\"2019-06-17T19:19:44+00:00\",\"mainEntityOfPage\":{\"@id\":\"https:\/\/www.pm.pb.gov.br\/portal\/2019\/06\/17\/policia-militar-prende-suspeitos-de-tentar-arremessar-drogas-para-dentro-do-presidio-do-serrotao\/\"},\"wordCount\":223,\"publisher\":{\"@id\":\"https:\/\/www.pm.pb.gov.br\/portal\/#organization\"},\"articleSection\":[\"A\u00e7\u00f5es Policiais\"],\"inLanguage\":\"pt-BR\"},{\"@type\":\"WebPage\",\"@id\":\"https:\/\/www.pm.pb.gov.br\/portal\/2019\/06\/17\/policia-militar-prende-suspeitos-de-tentar-arremessar-drogas-para-dentro-do-presidio-do-serrotao\/\",\"url\":\"https:\/\/www.pm.pb.gov.br\/portal\/2019\/06\/17\/policia-militar-prende-suspeitos-de-tentar-arremessar-drogas-para-dentro-do-presidio-do-serrotao\/\",\"name\":\"Pol\u00edcia Militar prende suspeitos de tentar arremessar drogas para dentro do pres\u00eddio do Serrot\u00e3o - Pol\u00edcia Militar da Para\u00edba\",\"isPartOf\":{\"@id\":\"https:\/\/www.pm.pb.gov.br\/portal\/#website\"},\"datePublished\":\"2019-06-17T19:19:43+00:00\",\"dateModified\":\"2019-06-17T19:19:44+00:00\",\"breadcrumb\":{\"@id\":\"https:\/\/www.pm.pb.gov.br\/portal\/2019\/06\/17\/policia-militar-prende-suspeitos-de-tentar-arremessar-drogas-para-dentro-do-presidio-do-serrotao\/#breadcrumb\"},\"inLanguage\":\"pt-BR\",\"potentialAction\":[{\"@type\":\"ReadAction\",\"target\":[\"https:\/\/www.pm.pb.gov.br\/portal\/2019\/06\/17\/policia-militar-prende-suspeitos-de-tentar-arremessar-drogas-para-dentro-do-presidio-do-serrotao\/\"]}]},{\"@type\":\"BreadcrumbList\",\"@id\":\"https:\/\/www.pm.pb.gov.br\/portal\/2019\/06\/17\/policia-militar-prende-suspeitos-de-tentar-arremessar-drogas-para-dentro-do-presidio-do-serrotao\/#breadcrumb\",\"itemListElement\":[{\"@type\":\"ListItem\",\"position\":1,\"name\":\"In\u00edcio\",\"item\":\"https:\/\/www.pm.pb.gov.br\/portal\/\"},{\"@type\":\"ListItem\",\"position\":2,\"name\":\"Pol\u00edcia Militar prende suspeitos de tentar arremessar drogas para dentro do pres\u00eddio do Serrot\u00e3o\"}]},{\"@type\":\"WebSite\",\"@id\":\"https:\/\/www.pm.pb.gov.br\/portal\/#website\",\"url\":\"https:\/\/www.pm.pb.gov.br\/portal\/\",\"name\":\"Pol\u00edcia Militar da Para\u00edba\",\"description\":\"\",\"publisher\":{\"@id\":\"https:\/\/www.pm.pb.gov.br\/portal\/#organization\"},\"potentialAction\":[{\"@type\":\"SearchAction\",\"target\":{\"@type\":\"EntryPoint\",\"urlTemplate\":\"https:\/\/www.pm.pb.gov.br\/portal\/?s={search_term_string}\"},\"query-input\":\"required name=search_term_string\"}],\"inLanguage\":\"pt-BR\"},{\"@type\":\"Organization\",\"@id\":\"https:\/\/www.pm.pb.gov.br\/portal\/#organization\",\"name\":\"Pol\u00edcia Militar da Para\u00edba\",\"url\":\"https:\/\/www.pm.pb.gov.br\/portal\/\",\"logo\":{\"@type\":\"ImageObject\",\"inLanguage\":\"pt-BR\",\"@id\":\"https:\/\/www.pm.pb.gov.br\/portal\/#\/schema\/logo\/image\/\",\"url\":\"https:\/\/www.pm.pb.gov.br\/portal\/wp-content\/uploads\/2025\/03\/cropped-logo-site-mag2-1.png\",\"contentUrl\":\"https:\/\/www.pm.pb.gov.br\/portal\/wp-content\/uploads\/2025\/03\/cropped-logo-site-mag2-1.png\",\"width\":320,\"height\":90,\"caption\":\"Pol\u00edcia Militar da Para\u00edba\"},\"image\":{\"@id\":\"https:\/\/www.pm.pb.gov.br\/portal\/#\/schema\/logo\/image\/\"}},{\"@type\":\"Person\",\"@id\":\"https:\/\/www.pm.pb.gov.br\/portal\/#\/schema\/person\/30d571652b38533c2211e4e89bf5a502\",\"name\":\"Marcio Gomes dos Santos\",\"image\":{\"@type\":\"ImageObject\",\"inLanguage\":\"pt-BR\",\"@id\":\"https:\/\/www.pm.pb.gov.br\/portal\/#\/schema\/person\/image\/\",\"url\":\"https:\/\/secure.gravatar.com\/avatar\/cf4ec2cb690101e1581c7773aa350c19?s=96&d=mm&r=g\",\"contentUrl\":\"https:\/\/secure.gravatar.com\/avatar\/cf4ec2cb690101e1581c7773aa350c19?s=96&d=mm&r=g\",\"caption\":\"Marcio Gomes dos Santos\"},\"url\":\"https:\/\/www.pm.pb.gov.br\/portal\/author\/mgomes\/\"}]}<\/script>\n<!-- \/ Yoast SEO plugin. -->","yoast_head_json":{"title":"Pol\u00edcia Militar prende suspeitos de tentar arremessar drogas para dentro do pres\u00eddio do Serrot\u00e3o - Pol\u00edcia Militar da Para\u00edba","robots":{"index":"index","follow":"follow","max-snippet":"max-snippet:-1","max-image-preview":"max-image-preview:large","max-video-preview":"max-video-preview:-1"},"canonical":"https:\/\/www.pm.pb.gov.br\/portal\/2019\/06\/17\/policia-militar-prende-suspeitos-de-tentar-arremessar-drogas-para-dentro-do-presidio-do-serrotao\/","og_locale":"pt_BR","og_type":"article","og_title":"Pol\u00edcia Militar prende suspeitos de tentar arremessar drogas para dentro do pres\u00eddio do Serrot\u00e3o - Pol\u00edcia Militar da Para\u00edba","og_description":"Mais dois suspeitos foram presos por tentar arremessar drogas para dentro da penitenci\u00e1ria do Serrot\u00e3o, nesse domingo (16), em Campina","og_url":"https:\/\/www.pm.pb.gov.br\/portal\/2019\/06\/17\/policia-militar-prende-suspeitos-de-tentar-arremessar-drogas-para-dentro-do-presidio-do-serrotao\/","og_site_name":"Pol\u00edcia Militar da Para\u00edba","article_published_time":"2019-06-17T19:19:43+00:00","article_modified_time":"2019-06-17T19:19:44+00:00","og_image":[{"width":800,"height":426,"url":"https:\/\/www.pm.pb.gov.br\/portal\/wp-content\/uploads\/2018\/06\/2\u00ba-BPM.jpg","type":"image\/jpeg"}],"author":"Marcio Gomes dos Santos","twitter_card":"summary_large_image","twitter_misc":{"Escrito por":"Marcio Gomes dos Santos","Est. tempo de leitura":"1 minuto"},"schema":{"@context":"https:\/\/schema.org","@graph":[{"@type":"Article","@id":"https:\/\/www.pm.pb.gov.br\/portal\/2019\/06\/17\/policia-militar-prende-suspeitos-de-tentar-arremessar-drogas-para-dentro-do-presidio-do-serrotao\/#article","isPartOf":{"@id":"https:\/\/www.pm.pb.gov.br\/portal\/2019\/06\/17\/policia-militar-prende-suspeitos-de-tentar-arremessar-drogas-para-dentro-do-presidio-do-serrotao\/"},"author":{"name":"Marcio Gomes dos Santos","@id":"https:\/\/www.pm.pb.gov.br\/portal\/#\/schema\/person\/30d571652b38533c2211e4e89bf5a502"},"headline":"Pol\u00edcia Militar prende suspeitos de tentar arremessar drogas para dentro do pres\u00eddio do Serrot\u00e3o","datePublished":"2019-06-17T19:19:43+00:00","dateModified":"2019-06-17T19:19:44+00:00","mainEntityOfPage":{"@id":"https:\/\/www.pm.pb.gov.br\/portal\/2019\/06\/17\/policia-militar-prende-suspeitos-de-tentar-arremessar-drogas-para-dentro-do-presidio-do-serrotao\/"},"wordCount":223,"publisher":{"@id":"https:\/\/www.pm.pb.gov.br\/portal\/#organization"},"articleSection":["A\u00e7\u00f5es Policiais"],"inLanguage":"pt-BR"},{"@type":"WebPage","@id":"https:\/\/www.pm.pb.gov.br\/portal\/2019\/06\/17\/policia-militar-prende-suspeitos-de-tentar-arremessar-drogas-para-dentro-do-presidio-do-serrotao\/","url":"https:\/\/www.pm.pb.gov.br\/portal\/2019\/06\/17\/policia-militar-prende-suspeitos-de-tentar-arremessar-drogas-para-dentro-do-presidio-do-serrotao\/","name":"Pol\u00edcia Militar prende suspeitos de tentar arremessar drogas para dentro do pres\u00eddio do Serrot\u00e3o - Pol\u00edcia Militar da Para\u00edba","isPartOf":{"@id":"https:\/\/www.pm.pb.gov.br\/portal\/#website"},"datePublished":"2019-06-17T19:19:43+00:00","dateModified":"2019-06-17T19:19:44+00:00","breadcrumb":{"@id":"https:\/\/www.pm.pb.gov.br\/portal\/2019\/06\/17\/policia-militar-prende-suspeitos-de-tentar-arremessar-drogas-para-dentro-do-presidio-do-serrotao\/#breadcrumb"},"inLanguage":"pt-BR","potentialAction":[{"@type":"ReadAction","target":["https:\/\/www.pm.pb.gov.br\/portal\/2019\/06\/17\/policia-militar-prende-suspeitos-de-tentar-arremessar-drogas-para-dentro-do-presidio-do-serrotao\/"]}]},{"@type":"BreadcrumbList","@id":"https:\/\/www.pm.pb.gov.br\/portal\/2019\/06\/17\/policia-militar-prende-suspeitos-de-tentar-arremessar-drogas-para-dentro-do-presidio-do-serrotao\/#breadcrumb","itemListElement":[{"@type":"ListItem","position":1,"name":"In\u00edcio","item":"https:\/\/www.pm.pb.gov.br\/portal\/"},{"@type":"ListItem","position":2,"name":"Pol\u00edcia Militar prende suspeitos de tentar arremessar drogas para dentro do pres\u00eddio do Serrot\u00e3o"}]},{"@type":"WebSite","@id":"https:\/\/www.pm.pb.gov.br\/portal\/#website","url":"https:\/\/www.pm.pb.gov.br\/portal\/","name":"Pol\u00edcia Militar da Para\u00edba","description":"","publisher":{"@id":"https:\/\/www.pm.pb.gov.br\/portal\/#organization"},"potentialAction":[{"@type":"SearchAction","target":{"@type":"EntryPoint","urlTemplate":"https:\/\/www.pm.pb.gov.br\/portal\/?s={search_term_string}"},"query-input":"required name=search_term_string"}],"inLanguage":"pt-BR"},{"@type":"Organization","@id":"https:\/\/www.pm.pb.gov.br\/portal\/#organization","name":"Pol\u00edcia Militar da Para\u00edba","url":"https:\/\/www.pm.pb.gov.br\/portal\/","logo":{"@type":"ImageObject","inLanguage":"pt-BR","@id":"https:\/\/www.pm.pb.gov.br\/portal\/#\/schema\/logo\/image\/","url":"https:\/\/www.pm.pb.gov.br\/portal\/wp-content\/uploads\/2025\/03\/cropped-logo-site-mag2-1.png","contentUrl":"https:\/\/www.pm.pb.gov.br\/portal\/wp-content\/uploads\/2025\/03\/cropped-logo-site-mag2-1.png","width":320,"height":90,"caption":"Pol\u00edcia Militar da Para\u00edba"},"image":{"@id":"https:\/\/www.pm.pb.gov.br\/portal\/#\/schema\/logo\/image\/"}},{"@type":"Person","@id":"https:\/\/www.pm.pb.gov.br\/portal\/#\/schema\/person\/30d571652b38533c2211e4e89bf5a502","name":"Marcio Gomes dos Santos","image":{"@type":"ImageObject","inLanguage":"pt-BR","@id":"https:\/\/www.pm.pb.gov.br\/portal\/#\/schema\/person\/image\/","url":"https:\/\/secure.gravatar.com\/avatar\/cf4ec2cb690101e1581c7773aa350c19?s=96&d=mm&r=g","contentUrl":"https:\/\/secure.gravatar.com\/avatar\/cf4ec2cb690101e1581c7773aa350c19?s=96&d=mm&r=g","caption":"Marcio Gomes dos Santos"},"url":"https:\/\/www.pm.pb.gov.br\/portal\/author\/mgomes\/"}]}},"_links":{"self":[{"href":"https:\/\/www.pm.pb.gov.br\/portal\/wp-json\/wp\/v2\/posts\/901219"}],"collection":[{"href":"https:\/\/www.pm.pb.gov.br\/portal\/wp-json\/wp\/v2\/posts"}],"about":[{"href":"https:\/\/www.pm.pb.gov.br\/portal\/wp-json\/wp\/v2\/types\/post"}],"author":[{"embeddable":true,"href":"https:\/\/www.pm.pb.gov.br\/portal\/wp-json\/wp\/v2\/users\/15"}],"replies":[{"embeddable":true,"href":"https:\/\/www.pm.pb.gov.br\/portal\/wp-json\/wp\/v2\/comments?post=901219"}],"version-history":[{"count":1,"href":"https:\/\/www.pm.pb.gov.br\/portal\/wp-json\/wp\/v2\/posts\/901219\/revisions"}],"predecessor-version":[{"id":901221,"href":"https:\/\/www.pm.pb.gov.br\/portal\/wp-json\/wp\/v2\/posts\/901219\/revisions\/901221"}],"wp:featuredmedia":[{"embeddable":true,"href":"https:\/\/www.pm.pb.gov.br\/portal\/wp-json\/wp\/v2\/media\/898247"}],"wp:attachment":[{"href":"https:\/\/www.pm.pb.gov.br\/portal\/wp-json\/wp\/v2\/media?parent=901219"}],"wp:term":[{"taxonomy":"category","embeddable":true,"href":"https:\/\/www.pm.pb.gov.br\/portal\/wp-json\/wp\/v2\/categories?post=901219"},{"taxonomy":"post_tag","embeddable":true,"href":"https:\/\/www.pm.pb.gov.br\/portal\/wp-json\/wp\/v2\/tags?post=901219"}],"curies":[{"name":"wp","href":"https:\/\/api.w.org\/{rel}","templated":true}]}}