{"id":901214,"date":"2019-06-15T16:26:37","date_gmt":"2019-06-15T19:26:37","guid":{"rendered":"http:\/\/www.pm.pb.gov.br\/portal\/?p=901214"},"modified":"2019-06-15T16:26:38","modified_gmt":"2019-06-15T19:26:38","slug":"policia-militar-intercepta-carro-que-estava-transportando-drogas-do-agreste-de-pernambuco-para-a-capital-da-paraiba","status":"publish","type":"post","link":"https:\/\/www.pm.pb.gov.br\/portal\/2019\/06\/15\/policia-militar-intercepta-carro-que-estava-transportando-drogas-do-agreste-de-pernambuco-para-a-capital-da-paraiba\/","title":{"rendered":"Pol\u00edcia Militar intercepta carro que estava transportando drogas do Agreste de Pernambuco para a Capital da Para\u00edba"},"content":{"rendered":"\n<p style=\"font-weight: 400;\">A Pol\u00edcia Militar, por meio da 3\u00aa Companhia do Batalh\u00e3o de Policiamento de Tr\u00e2nsito (BPtran), prendeu em flagrante duas mulheres que estavam transportando mais de 50 kg de maconha, no fim da manh\u00e3 deste s\u00e1bado (15), da cidade de Caruaru, no Agreste de Pernambuco, para a Capital da Para\u00edba. As suspeitas, de 38 e 28 anos, estavam em um carro e foram interceptadas quando passavam no Distrito de Galante, em Campina Grande, onde os policiais realizavam uma blitz.<\/p>\n<p style=\"font-weight: 400;\"><img loading=\"lazy\" decoding=\"async\" class=\"size-medium wp-image-901216 alignright\" src=\"http:\/\/www.pm.pb.gov.br\/portal\/wp-content\/uploads\/2019\/06\/2804ae8f-be88-4ac9-bc64-6e5e9d86f22a-334x445.jpeg\" alt=\"\" width=\"334\" height=\"445\" srcset=\"https:\/\/www.pm.pb.gov.br\/portal\/wp-content\/uploads\/2019\/06\/2804ae8f-be88-4ac9-bc64-6e5e9d86f22a-334x445.jpeg 334w, https:\/\/www.pm.pb.gov.br\/portal\/wp-content\/uploads\/2019\/06\/2804ae8f-be88-4ac9-bc64-6e5e9d86f22a-768x1024.jpeg 768w, https:\/\/www.pm.pb.gov.br\/portal\/wp-content\/uploads\/2019\/06\/2804ae8f-be88-4ac9-bc64-6e5e9d86f22a-428x570.jpeg 428w, https:\/\/www.pm.pb.gov.br\/portal\/wp-content\/uploads\/2019\/06\/2804ae8f-be88-4ac9-bc64-6e5e9d86f22a.jpeg 774w\" sizes=\"(max-width: 334px) 100vw, 334px\" \/>A droga estava separada em quatro sacos, dentro do porta-malas do ve\u00edculo. Uma das presas, a de 38 anos, j\u00e1 cumpre pena por tr\u00e1fico de drogas e usa uma tornozeleira eletr\u00f4nica.\u00a0 A maconha ainda seria \u2018tratada\u2019 para a venda, segunda as presas, que n\u00e3o revelaram qual bairro iriam fazer a entrega.<\/p>\n<p style=\"font-weight: 400;\">De acordo com o comandante da 3\u00aa Companhia do Policiamento de Tr\u00e2nsito do BPTran, capit\u00e3o Ralisson Andrade, as duas atuavam no tr\u00e1fico como transportadoras de drogas, conforme as informa\u00e7\u00f5es que foram levantadas a partir do momento da pris\u00e3o da dupla. \u201cElas s\u00e3o paraibanas e estariam atuando nesse transporte de drogas. Elas usavam GPS para escolher rotas alternativas, com o objetivo de evitar vias movimentadas nas cidades e tentar n\u00e3o passar por fiscaliza\u00e7\u00f5es, mas foram surpreendidas com uma blitz da 3\u00aa CPTran, que abordou o ve\u00edculo e encontrou as drogas no carro\u201d, disse.<\/p>\n<p style=\"font-weight: 400;\">Al\u00e9m das drogas, os policiais encontraram com as acusadas um caderno de anota\u00e7\u00f5es com todas as despesas financeiras da viagem, desde combust\u00edvel at\u00e9 a alimenta\u00e7\u00e3o. Elas foram apresentadas com todo o material apreendido a Central de Pol\u00edcia Civil, em Campina Grande.<\/p>\n","protected":false},"excerpt":{"rendered":"<p>A Pol\u00edcia Militar, por meio da 3\u00aa Companhia do Batalh\u00e3o de Policiamento de Tr\u00e2nsito (BPtran), prendeu em flagrante duas mulheres<\/p>\n","protected":false},"author":12,"featured_media":901215,"comment_status":"closed","ping_status":"closed","sticky":false,"template":"","format":"standard","meta":{"_exactmetrics_skip_tracking":false,"_exactmetrics_sitenote_active":false,"_exactmetrics_sitenote_note":"","_exactmetrics_sitenote_category":0,"footnotes":""},"categories":[4],"tags":[],"yoast_head":"<!-- This site is optimized with the Yoast SEO plugin v22.0 - https:\/\/yoast.com\/wordpress\/plugins\/seo\/ -->\n<title>Pol\u00edcia Militar intercepta carro que estava transportando drogas do Agreste de Pernambuco para a Capital da Para\u00edba - Pol\u00edcia Militar da Para\u00edba<\/title>\n<meta name=\"robots\" content=\"index, follow, max-snippet:-1, max-image-preview:large, max-video-preview:-1\" \/>\n<link rel=\"canonical\" href=\"https:\/\/www.pm.pb.gov.br\/portal\/2019\/06\/15\/policia-militar-intercepta-carro-que-estava-transportando-drogas-do-agreste-de-pernambuco-para-a-capital-da-paraiba\/\" \/>\n<meta property=\"og:locale\" content=\"pt_BR\" \/>\n<meta property=\"og:type\" content=\"article\" \/>\n<meta property=\"og:title\" content=\"Pol\u00edcia Militar intercepta carro que estava transportando drogas do Agreste de Pernambuco para a Capital da Para\u00edba - Pol\u00edcia Militar da Para\u00edba\" \/>\n<meta property=\"og:description\" content=\"A Pol\u00edcia Militar, por meio da 3\u00aa Companhia do Batalh\u00e3o de Policiamento de Tr\u00e2nsito (BPtran), prendeu em flagrante duas mulheres\" \/>\n<meta property=\"og:url\" content=\"https:\/\/www.pm.pb.gov.br\/portal\/2019\/06\/15\/policia-militar-intercepta-carro-que-estava-transportando-drogas-do-agreste-de-pernambuco-para-a-capital-da-paraiba\/\" \/>\n<meta property=\"og:site_name\" content=\"Pol\u00edcia Militar da Para\u00edba\" \/>\n<meta property=\"article:published_time\" content=\"2019-06-15T19:26:37+00:00\" \/>\n<meta property=\"article:modified_time\" content=\"2019-06-15T19:26:38+00:00\" \/>\n<meta property=\"og:image\" content=\"https:\/\/www.pm.pb.gov.br\/portal\/wp-content\/uploads\/2019\/06\/a0e87c86-c30f-44e7-bd02-1dbacb38912c1.jpg\" \/>\n\t<meta property=\"og:image:width\" content=\"800\" \/>\n\t<meta property=\"og:image:height\" content=\"445\" \/>\n\t<meta property=\"og:image:type\" content=\"image\/jpeg\" \/>\n<meta name=\"author\" content=\"Tarcisio Oliveira\" \/>\n<meta name=\"twitter:card\" content=\"summary_large_image\" \/>\n<meta name=\"twitter:label1\" content=\"Escrito por\" \/>\n\t<meta name=\"twitter:data1\" content=\"Tarcisio Oliveira\" \/>\n\t<meta name=\"twitter:label2\" content=\"Est. tempo de leitura\" \/>\n\t<meta name=\"twitter:data2\" content=\"1 minuto\" \/>\n<script type=\"application\/ld+json\" class=\"yoast-schema-graph\">{\"@context\":\"https:\/\/schema.org\",\"@graph\":[{\"@type\":\"Article\",\"@id\":\"https:\/\/www.pm.pb.gov.br\/portal\/2019\/06\/15\/policia-militar-intercepta-carro-que-estava-transportando-drogas-do-agreste-de-pernambuco-para-a-capital-da-paraiba\/#article\",\"isPartOf\":{\"@id\":\"https:\/\/www.pm.pb.gov.br\/portal\/2019\/06\/15\/policia-militar-intercepta-carro-que-estava-transportando-drogas-do-agreste-de-pernambuco-para-a-capital-da-paraiba\/\"},\"author\":{\"name\":\"Tarcisio Oliveira\",\"@id\":\"https:\/\/www.pm.pb.gov.br\/portal\/#\/schema\/person\/f84f56dcc78ce4357054da888b8247fd\"},\"headline\":\"Pol\u00edcia Militar intercepta carro que estava transportando drogas do Agreste de Pernambuco para a Capital da Para\u00edba\",\"datePublished\":\"2019-06-15T19:26:37+00:00\",\"dateModified\":\"2019-06-15T19:26:38+00:00\",\"mainEntityOfPage\":{\"@id\":\"https:\/\/www.pm.pb.gov.br\/portal\/2019\/06\/15\/policia-militar-intercepta-carro-que-estava-transportando-drogas-do-agreste-de-pernambuco-para-a-capital-da-paraiba\/\"},\"wordCount\":296,\"publisher\":{\"@id\":\"https:\/\/www.pm.pb.gov.br\/portal\/#organization\"},\"articleSection\":[\"A\u00e7\u00f5es Policiais\"],\"inLanguage\":\"pt-BR\"},{\"@type\":\"WebPage\",\"@id\":\"https:\/\/www.pm.pb.gov.br\/portal\/2019\/06\/15\/policia-militar-intercepta-carro-que-estava-transportando-drogas-do-agreste-de-pernambuco-para-a-capital-da-paraiba\/\",\"url\":\"https:\/\/www.pm.pb.gov.br\/portal\/2019\/06\/15\/policia-militar-intercepta-carro-que-estava-transportando-drogas-do-agreste-de-pernambuco-para-a-capital-da-paraiba\/\",\"name\":\"Pol\u00edcia Militar intercepta carro que estava transportando drogas do Agreste de Pernambuco para a Capital da Para\u00edba - Pol\u00edcia Militar da Para\u00edba\",\"isPartOf\":{\"@id\":\"https:\/\/www.pm.pb.gov.br\/portal\/#website\"},\"datePublished\":\"2019-06-15T19:26:37+00:00\",\"dateModified\":\"2019-06-15T19:26:38+00:00\",\"breadcrumb\":{\"@id\":\"https:\/\/www.pm.pb.gov.br\/portal\/2019\/06\/15\/policia-militar-intercepta-carro-que-estava-transportando-drogas-do-agreste-de-pernambuco-para-a-capital-da-paraiba\/#breadcrumb\"},\"inLanguage\":\"pt-BR\",\"potentialAction\":[{\"@type\":\"ReadAction\",\"target\":[\"https:\/\/www.pm.pb.gov.br\/portal\/2019\/06\/15\/policia-militar-intercepta-carro-que-estava-transportando-drogas-do-agreste-de-pernambuco-para-a-capital-da-paraiba\/\"]}]},{\"@type\":\"BreadcrumbList\",\"@id\":\"https:\/\/www.pm.pb.gov.br\/portal\/2019\/06\/15\/policia-militar-intercepta-carro-que-estava-transportando-drogas-do-agreste-de-pernambuco-para-a-capital-da-paraiba\/#breadcrumb\",\"itemListElement\":[{\"@type\":\"ListItem\",\"position\":1,\"name\":\"In\u00edcio\",\"item\":\"https:\/\/www.pm.pb.gov.br\/portal\/\"},{\"@type\":\"ListItem\",\"position\":2,\"name\":\"Pol\u00edcia Militar intercepta carro que estava transportando drogas do Agreste de Pernambuco para a Capital da Para\u00edba\"}]},{\"@type\":\"WebSite\",\"@id\":\"https:\/\/www.pm.pb.gov.br\/portal\/#website\",\"url\":\"https:\/\/www.pm.pb.gov.br\/portal\/\",\"name\":\"Pol\u00edcia Militar da Para\u00edba\",\"description\":\"\",\"publisher\":{\"@id\":\"https:\/\/www.pm.pb.gov.br\/portal\/#organization\"},\"potentialAction\":[{\"@type\":\"SearchAction\",\"target\":{\"@type\":\"EntryPoint\",\"urlTemplate\":\"https:\/\/www.pm.pb.gov.br\/portal\/?s={search_term_string}\"},\"query-input\":\"required name=search_term_string\"}],\"inLanguage\":\"pt-BR\"},{\"@type\":\"Organization\",\"@id\":\"https:\/\/www.pm.pb.gov.br\/portal\/#organization\",\"name\":\"Pol\u00edcia Militar da Para\u00edba\",\"url\":\"https:\/\/www.pm.pb.gov.br\/portal\/\",\"logo\":{\"@type\":\"ImageObject\",\"inLanguage\":\"pt-BR\",\"@id\":\"https:\/\/www.pm.pb.gov.br\/portal\/#\/schema\/logo\/image\/\",\"url\":\"https:\/\/www.pm.pb.gov.br\/portal\/wp-content\/uploads\/2025\/03\/cropped-logo-site-mag2-1.png\",\"contentUrl\":\"https:\/\/www.pm.pb.gov.br\/portal\/wp-content\/uploads\/2025\/03\/cropped-logo-site-mag2-1.png\",\"width\":320,\"height\":90,\"caption\":\"Pol\u00edcia Militar da Para\u00edba\"},\"image\":{\"@id\":\"https:\/\/www.pm.pb.gov.br\/portal\/#\/schema\/logo\/image\/\"}},{\"@type\":\"Person\",\"@id\":\"https:\/\/www.pm.pb.gov.br\/portal\/#\/schema\/person\/f84f56dcc78ce4357054da888b8247fd\",\"name\":\"Tarcisio Oliveira\",\"image\":{\"@type\":\"ImageObject\",\"inLanguage\":\"pt-BR\",\"@id\":\"https:\/\/www.pm.pb.gov.br\/portal\/#\/schema\/person\/image\/\",\"url\":\"https:\/\/secure.gravatar.com\/avatar\/72917b630b69d31cd0297507f34bac97?s=96&d=mm&r=g\",\"contentUrl\":\"https:\/\/secure.gravatar.com\/avatar\/72917b630b69d31cd0297507f34bac97?s=96&d=mm&r=g\",\"caption\":\"Tarcisio Oliveira\"},\"url\":\"https:\/\/www.pm.pb.gov.br\/portal\/author\/tarcisio\/\"}]}<\/script>\n<!-- \/ Yoast SEO plugin. -->","yoast_head_json":{"title":"Pol\u00edcia Militar intercepta carro que estava transportando drogas do Agreste de Pernambuco para a Capital da Para\u00edba - Pol\u00edcia Militar da Para\u00edba","robots":{"index":"index","follow":"follow","max-snippet":"max-snippet:-1","max-image-preview":"max-image-preview:large","max-video-preview":"max-video-preview:-1"},"canonical":"https:\/\/www.pm.pb.gov.br\/portal\/2019\/06\/15\/policia-militar-intercepta-carro-que-estava-transportando-drogas-do-agreste-de-pernambuco-para-a-capital-da-paraiba\/","og_locale":"pt_BR","og_type":"article","og_title":"Pol\u00edcia Militar intercepta carro que estava transportando drogas do Agreste de Pernambuco para a Capital da Para\u00edba - Pol\u00edcia Militar da Para\u00edba","og_description":"A Pol\u00edcia Militar, por meio da 3\u00aa Companhia do Batalh\u00e3o de Policiamento de Tr\u00e2nsito (BPtran), prendeu em flagrante duas mulheres","og_url":"https:\/\/www.pm.pb.gov.br\/portal\/2019\/06\/15\/policia-militar-intercepta-carro-que-estava-transportando-drogas-do-agreste-de-pernambuco-para-a-capital-da-paraiba\/","og_site_name":"Pol\u00edcia Militar da Para\u00edba","article_published_time":"2019-06-15T19:26:37+00:00","article_modified_time":"2019-06-15T19:26:38+00:00","og_image":[{"width":800,"height":445,"url":"https:\/\/www.pm.pb.gov.br\/portal\/wp-content\/uploads\/2019\/06\/a0e87c86-c30f-44e7-bd02-1dbacb38912c1.jpg","type":"image\/jpeg"}],"author":"Tarcisio Oliveira","twitter_card":"summary_large_image","twitter_misc":{"Escrito por":"Tarcisio Oliveira","Est. tempo de leitura":"1 minuto"},"schema":{"@context":"https:\/\/schema.org","@graph":[{"@type":"Article","@id":"https:\/\/www.pm.pb.gov.br\/portal\/2019\/06\/15\/policia-militar-intercepta-carro-que-estava-transportando-drogas-do-agreste-de-pernambuco-para-a-capital-da-paraiba\/#article","isPartOf":{"@id":"https:\/\/www.pm.pb.gov.br\/portal\/2019\/06\/15\/policia-militar-intercepta-carro-que-estava-transportando-drogas-do-agreste-de-pernambuco-para-a-capital-da-paraiba\/"},"author":{"name":"Tarcisio Oliveira","@id":"https:\/\/www.pm.pb.gov.br\/portal\/#\/schema\/person\/f84f56dcc78ce4357054da888b8247fd"},"headline":"Pol\u00edcia Militar intercepta carro que estava transportando drogas do Agreste de Pernambuco para a Capital da Para\u00edba","datePublished":"2019-06-15T19:26:37+00:00","dateModified":"2019-06-15T19:26:38+00:00","mainEntityOfPage":{"@id":"https:\/\/www.pm.pb.gov.br\/portal\/2019\/06\/15\/policia-militar-intercepta-carro-que-estava-transportando-drogas-do-agreste-de-pernambuco-para-a-capital-da-paraiba\/"},"wordCount":296,"publisher":{"@id":"https:\/\/www.pm.pb.gov.br\/portal\/#organization"},"articleSection":["A\u00e7\u00f5es Policiais"],"inLanguage":"pt-BR"},{"@type":"WebPage","@id":"https:\/\/www.pm.pb.gov.br\/portal\/2019\/06\/15\/policia-militar-intercepta-carro-que-estava-transportando-drogas-do-agreste-de-pernambuco-para-a-capital-da-paraiba\/","url":"https:\/\/www.pm.pb.gov.br\/portal\/2019\/06\/15\/policia-militar-intercepta-carro-que-estava-transportando-drogas-do-agreste-de-pernambuco-para-a-capital-da-paraiba\/","name":"Pol\u00edcia Militar intercepta carro que estava transportando drogas do Agreste de Pernambuco para a Capital da Para\u00edba - Pol\u00edcia Militar da Para\u00edba","isPartOf":{"@id":"https:\/\/www.pm.pb.gov.br\/portal\/#website"},"datePublished":"2019-06-15T19:26:37+00:00","dateModified":"2019-06-15T19:26:38+00:00","breadcrumb":{"@id":"https:\/\/www.pm.pb.gov.br\/portal\/2019\/06\/15\/policia-militar-intercepta-carro-que-estava-transportando-drogas-do-agreste-de-pernambuco-para-a-capital-da-paraiba\/#breadcrumb"},"inLanguage":"pt-BR","potentialAction":[{"@type":"ReadAction","target":["https:\/\/www.pm.pb.gov.br\/portal\/2019\/06\/15\/policia-militar-intercepta-carro-que-estava-transportando-drogas-do-agreste-de-pernambuco-para-a-capital-da-paraiba\/"]}]},{"@type":"BreadcrumbList","@id":"https:\/\/www.pm.pb.gov.br\/portal\/2019\/06\/15\/policia-militar-intercepta-carro-que-estava-transportando-drogas-do-agreste-de-pernambuco-para-a-capital-da-paraiba\/#breadcrumb","itemListElement":[{"@type":"ListItem","position":1,"name":"In\u00edcio","item":"https:\/\/www.pm.pb.gov.br\/portal\/"},{"@type":"ListItem","position":2,"name":"Pol\u00edcia Militar intercepta carro que estava transportando drogas do Agreste de Pernambuco para a Capital da Para\u00edba"}]},{"@type":"WebSite","@id":"https:\/\/www.pm.pb.gov.br\/portal\/#website","url":"https:\/\/www.pm.pb.gov.br\/portal\/","name":"Pol\u00edcia Militar da Para\u00edba","description":"","publisher":{"@id":"https:\/\/www.pm.pb.gov.br\/portal\/#organization"},"potentialAction":[{"@type":"SearchAction","target":{"@type":"EntryPoint","urlTemplate":"https:\/\/www.pm.pb.gov.br\/portal\/?s={search_term_string}"},"query-input":"required name=search_term_string"}],"inLanguage":"pt-BR"},{"@type":"Organization","@id":"https:\/\/www.pm.pb.gov.br\/portal\/#organization","name":"Pol\u00edcia Militar da Para\u00edba","url":"https:\/\/www.pm.pb.gov.br\/portal\/","logo":{"@type":"ImageObject","inLanguage":"pt-BR","@id":"https:\/\/www.pm.pb.gov.br\/portal\/#\/schema\/logo\/image\/","url":"https:\/\/www.pm.pb.gov.br\/portal\/wp-content\/uploads\/2025\/03\/cropped-logo-site-mag2-1.png","contentUrl":"https:\/\/www.pm.pb.gov.br\/portal\/wp-content\/uploads\/2025\/03\/cropped-logo-site-mag2-1.png","width":320,"height":90,"caption":"Pol\u00edcia Militar da Para\u00edba"},"image":{"@id":"https:\/\/www.pm.pb.gov.br\/portal\/#\/schema\/logo\/image\/"}},{"@type":"Person","@id":"https:\/\/www.pm.pb.gov.br\/portal\/#\/schema\/person\/f84f56dcc78ce4357054da888b8247fd","name":"Tarcisio Oliveira","image":{"@type":"ImageObject","inLanguage":"pt-BR","@id":"https:\/\/www.pm.pb.gov.br\/portal\/#\/schema\/person\/image\/","url":"https:\/\/secure.gravatar.com\/avatar\/72917b630b69d31cd0297507f34bac97?s=96&d=mm&r=g","contentUrl":"https:\/\/secure.gravatar.com\/avatar\/72917b630b69d31cd0297507f34bac97?s=96&d=mm&r=g","caption":"Tarcisio Oliveira"},"url":"https:\/\/www.pm.pb.gov.br\/portal\/author\/tarcisio\/"}]}},"_links":{"self":[{"href":"https:\/\/www.pm.pb.gov.br\/portal\/wp-json\/wp\/v2\/posts\/901214"}],"collection":[{"href":"https:\/\/www.pm.pb.gov.br\/portal\/wp-json\/wp\/v2\/posts"}],"about":[{"href":"https:\/\/www.pm.pb.gov.br\/portal\/wp-json\/wp\/v2\/types\/post"}],"author":[{"embeddable":true,"href":"https:\/\/www.pm.pb.gov.br\/portal\/wp-json\/wp\/v2\/users\/12"}],"replies":[{"embeddable":true,"href":"https:\/\/www.pm.pb.gov.br\/portal\/wp-json\/wp\/v2\/comments?post=901214"}],"version-history":[{"count":2,"href":"https:\/\/www.pm.pb.gov.br\/portal\/wp-json\/wp\/v2\/posts\/901214\/revisions"}],"predecessor-version":[{"id":901218,"href":"https:\/\/www.pm.pb.gov.br\/portal\/wp-json\/wp\/v2\/posts\/901214\/revisions\/901218"}],"wp:featuredmedia":[{"embeddable":true,"href":"https:\/\/www.pm.pb.gov.br\/portal\/wp-json\/wp\/v2\/media\/901215"}],"wp:attachment":[{"href":"https:\/\/www.pm.pb.gov.br\/portal\/wp-json\/wp\/v2\/media?parent=901214"}],"wp:term":[{"taxonomy":"category","embeddable":true,"href":"https:\/\/www.pm.pb.gov.br\/portal\/wp-json\/wp\/v2\/categories?post=901214"},{"taxonomy":"post_tag","embeddable":true,"href":"https:\/\/www.pm.pb.gov.br\/portal\/wp-json\/wp\/v2\/tags?post=901214"}],"curies":[{"name":"wp","href":"https:\/\/api.w.org\/{rel}","templated":true}]}}