{"id":901209,"date":"2019-06-14T22:00:04","date_gmt":"2019-06-15T01:00:04","guid":{"rendered":"http:\/\/www.pm.pb.gov.br\/portal\/?p=901209"},"modified":"2019-06-15T16:23:07","modified_gmt":"2019-06-15T19:23:07","slug":"preso-que-foi-alvo-do-resgate-no-ataque-ao-pb1-e-recapturado-no-ceara","status":"publish","type":"post","link":"https:\/\/www.pm.pb.gov.br\/portal\/2019\/06\/14\/preso-que-foi-alvo-do-resgate-no-ataque-ao-pb1-e-recapturado-no-ceara\/","title":{"rendered":"Preso que foi alvo do resgate no ataque ao PB1 \u00e9 recapturado no Cear\u00e1"},"content":{"rendered":"\n<p>As Pol\u00edcias Federal e Militares da Para\u00edba e do Cear\u00e1 recapturaram, nesta sexta-feira (14), o preso que foi alvo do resgate no ataque ao pres\u00eddio PB1, em setembro do ano passado, em Jacarap\u00e9, na capital paraibana. Rom\u00e1rio Gomes Silveira, de 30 anos, foi preso em um shopping da cidade de Fortaleza, no Cear\u00e1.<br \/><br \/>A pris\u00e3o dele \u00e9 resultado de uma opera\u00e7\u00e3o integrada entre os dois estados, tanto na esfera federal quanto estadual. Ele \u00e9 o 69\u00ba foragido do PB1 recapturado.\u00a0<br \/><br \/>Rom\u00e1rio Gomes, alvo o resgate, tinha sido preso pela Pol\u00edcia Militar da Para\u00edba no dia 6 de agosto, na cidade de Lucena, ap\u00f3s atacar um carro-forte juntamente com comparsas, na BR 230, em Cruz do Esp\u00edrito Santo. Entre o arsenal apreendido com ele, \u00e0 \u00e9poca, estavam cinco fuzis de grosso calibre, muni\u00e7\u00e3o, material explosivo e coletes.\u00a0<br \/><br \/>Ele foi apresentado na Delegacia de Capturas, no centro de Fortaleza. A Justi\u00e7a vai decidir onde ele ficar\u00e1 preso.<\/p>\n","protected":false},"excerpt":{"rendered":"<p>As Pol\u00edcias Federal e Militares da Para\u00edba e do Cear\u00e1 recapturaram, nesta sexta-feira (14), o preso que foi alvo do<\/p>\n","protected":false},"author":12,"featured_media":895708,"comment_status":"closed","ping_status":"closed","sticky":false,"template":"","format":"standard","meta":{"_exactmetrics_skip_tracking":false,"_exactmetrics_sitenote_active":false,"_exactmetrics_sitenote_note":"","_exactmetrics_sitenote_category":0,"footnotes":""},"categories":[4],"tags":[],"yoast_head":"<!-- This site is optimized with the Yoast SEO plugin v22.0 - https:\/\/yoast.com\/wordpress\/plugins\/seo\/ -->\n<title>Preso que foi alvo do resgate no ataque ao PB1 \u00e9 recapturado no Cear\u00e1 - Pol\u00edcia Militar da Para\u00edba<\/title>\n<meta name=\"robots\" content=\"index, follow, max-snippet:-1, max-image-preview:large, max-video-preview:-1\" \/>\n<link rel=\"canonical\" href=\"https:\/\/www.pm.pb.gov.br\/portal\/2019\/06\/14\/preso-que-foi-alvo-do-resgate-no-ataque-ao-pb1-e-recapturado-no-ceara\/\" \/>\n<meta property=\"og:locale\" content=\"pt_BR\" \/>\n<meta property=\"og:type\" content=\"article\" \/>\n<meta property=\"og:title\" content=\"Preso que foi alvo do resgate no ataque ao PB1 \u00e9 recapturado no Cear\u00e1 - Pol\u00edcia Militar da Para\u00edba\" \/>\n<meta property=\"og:description\" content=\"As Pol\u00edcias Federal e Militares da Para\u00edba e do Cear\u00e1 recapturaram, nesta sexta-feira (14), o preso que foi alvo do\" \/>\n<meta property=\"og:url\" content=\"https:\/\/www.pm.pb.gov.br\/portal\/2019\/06\/14\/preso-que-foi-alvo-do-resgate-no-ataque-ao-pb1-e-recapturado-no-ceara\/\" \/>\n<meta property=\"og:site_name\" content=\"Pol\u00edcia Militar da Para\u00edba\" \/>\n<meta property=\"article:published_time\" content=\"2019-06-15T01:00:04+00:00\" \/>\n<meta property=\"article:modified_time\" content=\"2019-06-15T19:23:07+00:00\" \/>\n<meta property=\"og:image\" content=\"https:\/\/www.pm.pb.gov.br\/portal\/wp-content\/uploads\/2017\/10\/Imagems-Ilustrativa-Site-Novo.jpg\" \/>\n\t<meta property=\"og:image:width\" content=\"800\" \/>\n\t<meta property=\"og:image:height\" content=\"445\" \/>\n\t<meta property=\"og:image:type\" content=\"image\/jpeg\" \/>\n<meta name=\"author\" content=\"Tarcisio Oliveira\" \/>\n<meta name=\"twitter:card\" content=\"summary_large_image\" \/>\n<meta name=\"twitter:label1\" content=\"Escrito por\" \/>\n\t<meta name=\"twitter:data1\" content=\"Tarcisio Oliveira\" \/>\n\t<meta name=\"twitter:label2\" content=\"Est. tempo de leitura\" \/>\n\t<meta name=\"twitter:data2\" content=\"1 minuto\" \/>\n<script type=\"application\/ld+json\" class=\"yoast-schema-graph\">{\"@context\":\"https:\/\/schema.org\",\"@graph\":[{\"@type\":\"Article\",\"@id\":\"https:\/\/www.pm.pb.gov.br\/portal\/2019\/06\/14\/preso-que-foi-alvo-do-resgate-no-ataque-ao-pb1-e-recapturado-no-ceara\/#article\",\"isPartOf\":{\"@id\":\"https:\/\/www.pm.pb.gov.br\/portal\/2019\/06\/14\/preso-que-foi-alvo-do-resgate-no-ataque-ao-pb1-e-recapturado-no-ceara\/\"},\"author\":{\"name\":\"Tarcisio Oliveira\",\"@id\":\"https:\/\/www.pm.pb.gov.br\/portal\/#\/schema\/person\/f84f56dcc78ce4357054da888b8247fd\"},\"headline\":\"Preso que foi alvo do resgate no ataque ao PB1 \u00e9 recapturado no Cear\u00e1\",\"datePublished\":\"2019-06-15T01:00:04+00:00\",\"dateModified\":\"2019-06-15T19:23:07+00:00\",\"mainEntityOfPage\":{\"@id\":\"https:\/\/www.pm.pb.gov.br\/portal\/2019\/06\/14\/preso-que-foi-alvo-do-resgate-no-ataque-ao-pb1-e-recapturado-no-ceara\/\"},\"wordCount\":173,\"publisher\":{\"@id\":\"https:\/\/www.pm.pb.gov.br\/portal\/#organization\"},\"articleSection\":[\"A\u00e7\u00f5es Policiais\"],\"inLanguage\":\"pt-BR\"},{\"@type\":\"WebPage\",\"@id\":\"https:\/\/www.pm.pb.gov.br\/portal\/2019\/06\/14\/preso-que-foi-alvo-do-resgate-no-ataque-ao-pb1-e-recapturado-no-ceara\/\",\"url\":\"https:\/\/www.pm.pb.gov.br\/portal\/2019\/06\/14\/preso-que-foi-alvo-do-resgate-no-ataque-ao-pb1-e-recapturado-no-ceara\/\",\"name\":\"Preso que foi alvo do resgate no ataque ao PB1 \u00e9 recapturado no Cear\u00e1 - Pol\u00edcia Militar da Para\u00edba\",\"isPartOf\":{\"@id\":\"https:\/\/www.pm.pb.gov.br\/portal\/#website\"},\"datePublished\":\"2019-06-15T01:00:04+00:00\",\"dateModified\":\"2019-06-15T19:23:07+00:00\",\"breadcrumb\":{\"@id\":\"https:\/\/www.pm.pb.gov.br\/portal\/2019\/06\/14\/preso-que-foi-alvo-do-resgate-no-ataque-ao-pb1-e-recapturado-no-ceara\/#breadcrumb\"},\"inLanguage\":\"pt-BR\",\"potentialAction\":[{\"@type\":\"ReadAction\",\"target\":[\"https:\/\/www.pm.pb.gov.br\/portal\/2019\/06\/14\/preso-que-foi-alvo-do-resgate-no-ataque-ao-pb1-e-recapturado-no-ceara\/\"]}]},{\"@type\":\"BreadcrumbList\",\"@id\":\"https:\/\/www.pm.pb.gov.br\/portal\/2019\/06\/14\/preso-que-foi-alvo-do-resgate-no-ataque-ao-pb1-e-recapturado-no-ceara\/#breadcrumb\",\"itemListElement\":[{\"@type\":\"ListItem\",\"position\":1,\"name\":\"In\u00edcio\",\"item\":\"https:\/\/www.pm.pb.gov.br\/portal\/\"},{\"@type\":\"ListItem\",\"position\":2,\"name\":\"Preso que foi alvo do resgate no ataque ao PB1 \u00e9 recapturado no Cear\u00e1\"}]},{\"@type\":\"WebSite\",\"@id\":\"https:\/\/www.pm.pb.gov.br\/portal\/#website\",\"url\":\"https:\/\/www.pm.pb.gov.br\/portal\/\",\"name\":\"Pol\u00edcia Militar da Para\u00edba\",\"description\":\"\",\"publisher\":{\"@id\":\"https:\/\/www.pm.pb.gov.br\/portal\/#organization\"},\"potentialAction\":[{\"@type\":\"SearchAction\",\"target\":{\"@type\":\"EntryPoint\",\"urlTemplate\":\"https:\/\/www.pm.pb.gov.br\/portal\/?s={search_term_string}\"},\"query-input\":\"required name=search_term_string\"}],\"inLanguage\":\"pt-BR\"},{\"@type\":\"Organization\",\"@id\":\"https:\/\/www.pm.pb.gov.br\/portal\/#organization\",\"name\":\"Pol\u00edcia Militar da Para\u00edba\",\"url\":\"https:\/\/www.pm.pb.gov.br\/portal\/\",\"logo\":{\"@type\":\"ImageObject\",\"inLanguage\":\"pt-BR\",\"@id\":\"https:\/\/www.pm.pb.gov.br\/portal\/#\/schema\/logo\/image\/\",\"url\":\"https:\/\/www.pm.pb.gov.br\/portal\/wp-content\/uploads\/2025\/03\/cropped-logo-site-mag2-1.png\",\"contentUrl\":\"https:\/\/www.pm.pb.gov.br\/portal\/wp-content\/uploads\/2025\/03\/cropped-logo-site-mag2-1.png\",\"width\":320,\"height\":90,\"caption\":\"Pol\u00edcia Militar da Para\u00edba\"},\"image\":{\"@id\":\"https:\/\/www.pm.pb.gov.br\/portal\/#\/schema\/logo\/image\/\"}},{\"@type\":\"Person\",\"@id\":\"https:\/\/www.pm.pb.gov.br\/portal\/#\/schema\/person\/f84f56dcc78ce4357054da888b8247fd\",\"name\":\"Tarcisio Oliveira\",\"image\":{\"@type\":\"ImageObject\",\"inLanguage\":\"pt-BR\",\"@id\":\"https:\/\/www.pm.pb.gov.br\/portal\/#\/schema\/person\/image\/\",\"url\":\"https:\/\/secure.gravatar.com\/avatar\/72917b630b69d31cd0297507f34bac97?s=96&d=mm&r=g\",\"contentUrl\":\"https:\/\/secure.gravatar.com\/avatar\/72917b630b69d31cd0297507f34bac97?s=96&d=mm&r=g\",\"caption\":\"Tarcisio Oliveira\"},\"url\":\"https:\/\/www.pm.pb.gov.br\/portal\/author\/tarcisio\/\"}]}<\/script>\n<!-- \/ Yoast SEO plugin. -->","yoast_head_json":{"title":"Preso que foi alvo do resgate no ataque ao PB1 \u00e9 recapturado no Cear\u00e1 - Pol\u00edcia Militar da Para\u00edba","robots":{"index":"index","follow":"follow","max-snippet":"max-snippet:-1","max-image-preview":"max-image-preview:large","max-video-preview":"max-video-preview:-1"},"canonical":"https:\/\/www.pm.pb.gov.br\/portal\/2019\/06\/14\/preso-que-foi-alvo-do-resgate-no-ataque-ao-pb1-e-recapturado-no-ceara\/","og_locale":"pt_BR","og_type":"article","og_title":"Preso que foi alvo do resgate no ataque ao PB1 \u00e9 recapturado no Cear\u00e1 - Pol\u00edcia Militar da Para\u00edba","og_description":"As Pol\u00edcias Federal e Militares da Para\u00edba e do Cear\u00e1 recapturaram, nesta sexta-feira (14), o preso que foi alvo do","og_url":"https:\/\/www.pm.pb.gov.br\/portal\/2019\/06\/14\/preso-que-foi-alvo-do-resgate-no-ataque-ao-pb1-e-recapturado-no-ceara\/","og_site_name":"Pol\u00edcia Militar da Para\u00edba","article_published_time":"2019-06-15T01:00:04+00:00","article_modified_time":"2019-06-15T19:23:07+00:00","og_image":[{"width":800,"height":445,"url":"https:\/\/www.pm.pb.gov.br\/portal\/wp-content\/uploads\/2017\/10\/Imagems-Ilustrativa-Site-Novo.jpg","type":"image\/jpeg"}],"author":"Tarcisio Oliveira","twitter_card":"summary_large_image","twitter_misc":{"Escrito por":"Tarcisio Oliveira","Est. tempo de leitura":"1 minuto"},"schema":{"@context":"https:\/\/schema.org","@graph":[{"@type":"Article","@id":"https:\/\/www.pm.pb.gov.br\/portal\/2019\/06\/14\/preso-que-foi-alvo-do-resgate-no-ataque-ao-pb1-e-recapturado-no-ceara\/#article","isPartOf":{"@id":"https:\/\/www.pm.pb.gov.br\/portal\/2019\/06\/14\/preso-que-foi-alvo-do-resgate-no-ataque-ao-pb1-e-recapturado-no-ceara\/"},"author":{"name":"Tarcisio Oliveira","@id":"https:\/\/www.pm.pb.gov.br\/portal\/#\/schema\/person\/f84f56dcc78ce4357054da888b8247fd"},"headline":"Preso que foi alvo do resgate no ataque ao PB1 \u00e9 recapturado no Cear\u00e1","datePublished":"2019-06-15T01:00:04+00:00","dateModified":"2019-06-15T19:23:07+00:00","mainEntityOfPage":{"@id":"https:\/\/www.pm.pb.gov.br\/portal\/2019\/06\/14\/preso-que-foi-alvo-do-resgate-no-ataque-ao-pb1-e-recapturado-no-ceara\/"},"wordCount":173,"publisher":{"@id":"https:\/\/www.pm.pb.gov.br\/portal\/#organization"},"articleSection":["A\u00e7\u00f5es Policiais"],"inLanguage":"pt-BR"},{"@type":"WebPage","@id":"https:\/\/www.pm.pb.gov.br\/portal\/2019\/06\/14\/preso-que-foi-alvo-do-resgate-no-ataque-ao-pb1-e-recapturado-no-ceara\/","url":"https:\/\/www.pm.pb.gov.br\/portal\/2019\/06\/14\/preso-que-foi-alvo-do-resgate-no-ataque-ao-pb1-e-recapturado-no-ceara\/","name":"Preso que foi alvo do resgate no ataque ao PB1 \u00e9 recapturado no Cear\u00e1 - Pol\u00edcia Militar da Para\u00edba","isPartOf":{"@id":"https:\/\/www.pm.pb.gov.br\/portal\/#website"},"datePublished":"2019-06-15T01:00:04+00:00","dateModified":"2019-06-15T19:23:07+00:00","breadcrumb":{"@id":"https:\/\/www.pm.pb.gov.br\/portal\/2019\/06\/14\/preso-que-foi-alvo-do-resgate-no-ataque-ao-pb1-e-recapturado-no-ceara\/#breadcrumb"},"inLanguage":"pt-BR","potentialAction":[{"@type":"ReadAction","target":["https:\/\/www.pm.pb.gov.br\/portal\/2019\/06\/14\/preso-que-foi-alvo-do-resgate-no-ataque-ao-pb1-e-recapturado-no-ceara\/"]}]},{"@type":"BreadcrumbList","@id":"https:\/\/www.pm.pb.gov.br\/portal\/2019\/06\/14\/preso-que-foi-alvo-do-resgate-no-ataque-ao-pb1-e-recapturado-no-ceara\/#breadcrumb","itemListElement":[{"@type":"ListItem","position":1,"name":"In\u00edcio","item":"https:\/\/www.pm.pb.gov.br\/portal\/"},{"@type":"ListItem","position":2,"name":"Preso que foi alvo do resgate no ataque ao PB1 \u00e9 recapturado no Cear\u00e1"}]},{"@type":"WebSite","@id":"https:\/\/www.pm.pb.gov.br\/portal\/#website","url":"https:\/\/www.pm.pb.gov.br\/portal\/","name":"Pol\u00edcia Militar da Para\u00edba","description":"","publisher":{"@id":"https:\/\/www.pm.pb.gov.br\/portal\/#organization"},"potentialAction":[{"@type":"SearchAction","target":{"@type":"EntryPoint","urlTemplate":"https:\/\/www.pm.pb.gov.br\/portal\/?s={search_term_string}"},"query-input":"required name=search_term_string"}],"inLanguage":"pt-BR"},{"@type":"Organization","@id":"https:\/\/www.pm.pb.gov.br\/portal\/#organization","name":"Pol\u00edcia Militar da Para\u00edba","url":"https:\/\/www.pm.pb.gov.br\/portal\/","logo":{"@type":"ImageObject","inLanguage":"pt-BR","@id":"https:\/\/www.pm.pb.gov.br\/portal\/#\/schema\/logo\/image\/","url":"https:\/\/www.pm.pb.gov.br\/portal\/wp-content\/uploads\/2025\/03\/cropped-logo-site-mag2-1.png","contentUrl":"https:\/\/www.pm.pb.gov.br\/portal\/wp-content\/uploads\/2025\/03\/cropped-logo-site-mag2-1.png","width":320,"height":90,"caption":"Pol\u00edcia Militar da Para\u00edba"},"image":{"@id":"https:\/\/www.pm.pb.gov.br\/portal\/#\/schema\/logo\/image\/"}},{"@type":"Person","@id":"https:\/\/www.pm.pb.gov.br\/portal\/#\/schema\/person\/f84f56dcc78ce4357054da888b8247fd","name":"Tarcisio Oliveira","image":{"@type":"ImageObject","inLanguage":"pt-BR","@id":"https:\/\/www.pm.pb.gov.br\/portal\/#\/schema\/person\/image\/","url":"https:\/\/secure.gravatar.com\/avatar\/72917b630b69d31cd0297507f34bac97?s=96&d=mm&r=g","contentUrl":"https:\/\/secure.gravatar.com\/avatar\/72917b630b69d31cd0297507f34bac97?s=96&d=mm&r=g","caption":"Tarcisio Oliveira"},"url":"https:\/\/www.pm.pb.gov.br\/portal\/author\/tarcisio\/"}]}},"_links":{"self":[{"href":"https:\/\/www.pm.pb.gov.br\/portal\/wp-json\/wp\/v2\/posts\/901209"}],"collection":[{"href":"https:\/\/www.pm.pb.gov.br\/portal\/wp-json\/wp\/v2\/posts"}],"about":[{"href":"https:\/\/www.pm.pb.gov.br\/portal\/wp-json\/wp\/v2\/types\/post"}],"author":[{"embeddable":true,"href":"https:\/\/www.pm.pb.gov.br\/portal\/wp-json\/wp\/v2\/users\/12"}],"replies":[{"embeddable":true,"href":"https:\/\/www.pm.pb.gov.br\/portal\/wp-json\/wp\/v2\/comments?post=901209"}],"version-history":[{"count":1,"href":"https:\/\/www.pm.pb.gov.br\/portal\/wp-json\/wp\/v2\/posts\/901209\/revisions"}],"predecessor-version":[{"id":901210,"href":"https:\/\/www.pm.pb.gov.br\/portal\/wp-json\/wp\/v2\/posts\/901209\/revisions\/901210"}],"wp:featuredmedia":[{"embeddable":true,"href":"https:\/\/www.pm.pb.gov.br\/portal\/wp-json\/wp\/v2\/media\/895708"}],"wp:attachment":[{"href":"https:\/\/www.pm.pb.gov.br\/portal\/wp-json\/wp\/v2\/media?parent=901209"}],"wp:term":[{"taxonomy":"category","embeddable":true,"href":"https:\/\/www.pm.pb.gov.br\/portal\/wp-json\/wp\/v2\/categories?post=901209"},{"taxonomy":"post_tag","embeddable":true,"href":"https:\/\/www.pm.pb.gov.br\/portal\/wp-json\/wp\/v2\/tags?post=901209"}],"curies":[{"name":"wp","href":"https:\/\/api.w.org\/{rel}","templated":true}]}}