{"id":901205,"date":"2019-06-14T16:33:22","date_gmt":"2019-06-14T19:33:22","guid":{"rendered":"http:\/\/www.pm.pb.gov.br\/portal\/?p=901205"},"modified":"2019-06-14T16:33:23","modified_gmt":"2019-06-14T19:33:23","slug":"numeros-de-assassinatos-continuam-em-queda-na-paraiba-em-2019","status":"publish","type":"post","link":"https:\/\/www.pm.pb.gov.br\/portal\/2019\/06\/14\/numeros-de-assassinatos-continuam-em-queda-na-paraiba-em-2019\/","title":{"rendered":"N\u00fameros de assassinatos continuam em queda na Para\u00edba em 2019"},"content":{"rendered":"\n<p>A Secretaria da Seguran\u00e7a e da Defesa Social (Sesds) apresentou ao governador Jo\u00e3o Azev\u00eado, na tarde desta quinta-feira (13), a\u00a0<span class=\"il\">redu\u00e7\u00e3o<\/span>\u00a0de \u00edndices de criminalidade obtida nos cinco primeiros meses do ano. Em reuni\u00e3o que aconteceu no Pal\u00e1cio da Reden\u00e7\u00e3o, em Jo\u00e3o Pessoa, com a presen\u00e7a de gestores da Pol\u00edcia Militar, Pol\u00edcia Civil e do Corpo de Bombeiros Militar e ainda da Administra\u00e7\u00e3o Penitenci\u00e1ria, o secret\u00e1rio da Seguran\u00e7a, Jean Nunes, exp\u00f4s a diminui\u00e7\u00e3o no n\u00famero total de assassinatos (-21%), assassinatos de mulheres (-27%) e feminic\u00eddios (-16%) de janeiro a maio de 2019 em rela\u00e7\u00e3o ao mesmo per\u00edodo do ano passado, e ainda apresentou dados relativos \u00e0 diminui\u00e7\u00e3o de crimes contra o patrim\u00f4nio, como ataques contra institui\u00e7\u00f5es financeiras, roubos a pessoa, em transportes coletivos, contra estabelecimentos comerciais, roubos de carros, entre outros.<br \/>\u00a0<br \/>Na ocasi\u00e3o, o governador Jo\u00e3o Azev\u00eado destacou que a\u00a0<span class=\"il\">redu\u00e7\u00e3o<\/span>\u00a0nos \u00edndices de criminalidade mostra que as a\u00e7\u00f5es adotadas na Seguran\u00e7a P\u00fablica pelo Governo do Estado est\u00e3o no caminho certo. &#8220;Todas as a\u00e7\u00f5es que temos adotado est\u00e3o exatamente na dire\u00e7\u00e3o daquilo que acreditamos que seja necess\u00e1rio ser feito&#8221;, afirmou. &#8220;Mais uma vez constatamos n\u00fameros importantes, mais uma\u00a0<span class=\"il\">redu\u00e7\u00e3o<\/span>\u00a0significativa, demonstrando claramente que n\u00f3s estamos no caminho certo&#8221;, acrescentou.<br \/>\u00a0<br \/>&#8220;A Seguran\u00e7a \u00e9 &#8211; e continuar\u00e1 sendo &#8211; uma pol\u00edtica de Governo extremamente importante. Vamos at\u00e9 os limites deste Estado para que tenhamos a melhor seguran\u00e7a poss\u00edvel&#8221;, ressaltou Jo\u00e3o Azev\u00eado.<br \/>\u00a0<br \/>O secret\u00e1rio de Estado da Seguran\u00e7a P\u00fablica e Defesa Social, Jean Nunes, afirmou que a integra\u00e7\u00e3o realizada pelo Programa Para\u00edba Unida Pela Paz \u00e9 um dos fatores que explicam a\u00a0<span class=\"il\">redu\u00e7\u00e3o<\/span>\u00a0em 20% no n\u00famero de homic\u00eddios. &#8220;Isso \u00e9 fruto de muito trabalho, de muito esfor\u00e7o, de integra\u00e7\u00e3o, opera\u00e7\u00e3o conjunta e a\u00e7\u00e3o articulada com intelig\u00eancia, al\u00e9m do envolvimento de outras secretarias&#8221;, afirmou, lembrando a\u00a0<span class=\"il\">redu\u00e7\u00e3o<\/span>\u00a0tamb\u00e9m no n\u00famero de crimes patrimoniais, devolvendo paz \u00e0 popula\u00e7\u00e3o.<br \/>\u00a0<br \/>Por sua vez, o delegado-geral de Pol\u00edcia Civil, Isa\u00edas Gualberto, ressaltou que a Para\u00edba \u00e9 o \u00fanico Estado que consegue manter\u00a0<span class=\"il\">redu\u00e7\u00e3o<\/span>\u00a0em cima de\u00a0<span class=\"il\">redu\u00e7\u00e3o<\/span>. &#8220;Isso \u00e9 muito importante, j\u00e1 que\u00a0<span class=\"il\">reduzir<\/span>\u00a0em cima de um aumento \u00e9 muito importante. Isso mostra que estamos no caminho certo&#8221;, completou.<br \/>\u00a0<br \/>O comandante-geral da Pol\u00edcia Militar, coronel Euller Chaves, ressaltou a\u00a0<span class=\"il\">redu\u00e7\u00e3o<\/span>\u00a0no n\u00famero de homic\u00eddios pelo oitavo ano consecutivo. &#8220;\u00c9 uma queda progressiva e verdadeira da viol\u00eancia na Para\u00edba. Entramos no oitavo ano consecutivo de\u00a0<span class=\"il\">redu\u00e7\u00e3o<\/span>\u00a0nos crimes violentos letais e intencionais,\u00a0<span class=\"il\">redu\u00e7\u00e3o<\/span>\u00a0nos crimes contra o patrim\u00f4nio. Tudo isso resultado de um trabalho cont\u00ednuo e progressivo, que envolve valoriza\u00e7\u00e3o e capacita\u00e7\u00e3o dos profissionais que integram as for\u00e7as policiais deste Estado&#8221;, disse.<br \/>\u00a0<br \/><strong>Dados<\/strong>\u00a0&#8211; Segundo o N\u00facleo de An\u00e1lise Criminal e Estat\u00edstica (Nace) da Sesds, em rela\u00e7\u00e3o aos Crimes Violentos Letais Intencionais (CVLI), que s\u00e3o os homic\u00eddios dolosos ou qualquer outro crime doloso que resulte em morte, nos cinco primeiros meses do ano foram contabilizados 397 homic\u00eddios, contra 502 ocorridos no mesmo per\u00edodo de 2018. Ao todo, s\u00e3o 105 casos a menos, colocando a Para\u00edba como \u00fanico estado do pa\u00eds a alcan\u00e7ar sete anos de\u00a0<span class=\"il\">redu\u00e7\u00e3o<\/span>\u00a0consecutiva na ocorr\u00eancia de assassinatos, com continuidade durante todos os meses de 2019.<br \/>\u00a0<br \/>Em rela\u00e7\u00e3o aos crimes contra a vida de mulheres, tamb\u00e9m houve\u00a0<span class=\"il\">redu\u00e7\u00e3o<\/span>\u00a0nas ocorr\u00eancias. De janeiro a maio de 2019 foram contabilizados 30 casos, uma\u00a0<span class=\"il\">redu\u00e7\u00e3o<\/span>\u00a0de 27% em rela\u00e7\u00e3o ao mesmo per\u00edodo do ano anterior, quando foram registrados 41 crimes com v\u00edtimas do sexo feminino. Dentre os CVLI de mulheres ocorridos este ano, 16 se caracterizam como feminic\u00eddios, demonstrando tamb\u00e9m\u00a0<span class=\"il\">redu\u00e7\u00e3o<\/span>\u00a0de 16% no que se refere aos cinco primeiros meses de 2018, que tiveram 19 ocorr\u00eancias desse tipo.<br \/>\u00a0<br \/><strong><span class=\"il\">Redu\u00e7\u00e3o<\/span>\u00a0de ataques a banco<\/strong>\u00a0\u2013 Outro dado de destaque apresentado durante a reuni\u00e3o foi o de\u00a0<span class=\"il\">redu\u00e7\u00e3o<\/span>\u00a0nas ocorr\u00eancias contra institui\u00e7\u00f5es financeiras. Segundo o Nace, a queda foi de 67%, com 14 ataques de janeiro a maio deste ano e 42 no ano passado, em igual per\u00edodo. Em rela\u00e7\u00e3o \u00e0s explos\u00f5es, a diminui\u00e7\u00e3o chegou a 80%, sendo sete casos este ano e 35 de janeiro a maio de 2018.<br \/>\u00a0<br \/><strong>Menos roubos em JP e CG<\/strong>\u00a0\u2013 Os n\u00fameros do relat\u00f3rio da Seguran\u00e7a P\u00fablica tamb\u00e9m apontam menos crimes de roubos em Jo\u00e3o Pessoa (-35%) e Campina Grande (-25%), as duas maiores cidades do Estado. De forma estratificada, a maior\u00a0<span class=\"il\">redu\u00e7\u00e3o<\/span>\u00a0na capital paraibana aconteceu nos crimes em transportes coletivos (-45%), seguida por roubo a pessoa (-37%) e contra estabelecimentos comerciais (-4%). J\u00e1 em Campina Grande, a maior queda foi relativa aos estabelecimentos comerciais (-42%), seguida de roubo em transportes coletivos (-29%), roubos contra resid\u00eancias (-21%) e roubos a pessoa (-19%).<br \/>\u00a0<br \/><strong>Menos ve\u00edculos roubados e mais recuperados<\/strong>\u00a0\u2013 Os esfor\u00e7os dos \u00f3rg\u00e3os operativos da Seguran\u00e7a P\u00fablica contra os roubos e furtos de ve\u00edculos na Para\u00edba teve como resultado a diminui\u00e7\u00e3o nas ocorr\u00eancias desse tipo de crime e o aumento na quantidade de bens recuperados. Em todo o Estado, um total de 1.122 ve\u00edculos foram devolvidos aos seus propriet\u00e1rios de janeiro a maio deste ano, representando 59% dos que foram roubados. Essa pr\u00e1tica de crime teve queda em Jo\u00e3o Pessoa (-2%) e Campina Grande (-26).<br \/>\u00a0<br \/><strong>Pris\u00f5es de Interesse Estrat\u00e9gico<\/strong>\u00a0\u2013 Com todas as a\u00e7\u00f5es desenvolvidas pelas For\u00e7as de Seguran\u00e7a, um total de 1.473 pris\u00f5es de interesse estrat\u00e9gico foram realizadas de janeiro a maio, incluindo suspeitos da pr\u00e1tica de assassinatos, roubos e furtos de ve\u00edculos, outros crimes contra o patrim\u00f4nio, suspeitos de ataques a banco e pessoas contra as quais havia mandados de pris\u00e3o em aberto. Desde in\u00edcio de 2019, um total de 8.200 pris\u00f5es realizadas no Estado, de forma geral.<br \/>\u00a0<br \/><strong>Apreens\u00f5es de armas e drogas<\/strong>\u00a0&#8211; Dentro dessas a\u00e7\u00f5es, se destaca ainda a apreens\u00e3o de armas de fogo, que na Para\u00edba teve um aumento de 52% no acumulado de janeiro a maio deste ano em rela\u00e7\u00e3o ao mesmo per\u00edodo de 2018. Foram 1.659 rev\u00f3lveres, pistolas, espingardas e outros tipos de armamentos retirados das ruas em 2019, contra 1.092.<br \/>\u00a0<br \/>No enfrentamento do tr\u00e1fico, 223 quilos de drogas foram apreendidos, sendo 177,7 de maconha; 21,5 de crack e 23,7 de coca\u00edna.<br \/>\u00a0<br \/><strong>Bombeiros<\/strong>\u00a0&#8211; De janeiro a maio, foram realizados 1.370 resgates no tr\u00e2nsito, com condu\u00e7\u00e3o das v\u00edtimas para unidades hospitalares, e 52 v\u00edtimas de tentativas de homic\u00eddio foram socorridas.<\/p>\n","protected":false},"excerpt":{"rendered":"<p>A Secretaria da Seguran\u00e7a e da Defesa Social (Sesds) apresentou ao governador Jo\u00e3o Azev\u00eado, na tarde desta quinta-feira (13), a\u00a0redu\u00e7\u00e3o\u00a0de<\/p>\n","protected":false},"author":15,"featured_media":901206,"comment_status":"closed","ping_status":"closed","sticky":false,"template":"","format":"standard","meta":{"_exactmetrics_skip_tracking":false,"_exactmetrics_sitenote_active":false,"_exactmetrics_sitenote_note":"","_exactmetrics_sitenote_category":0,"footnotes":""},"categories":[15],"tags":[],"yoast_head":"<!-- This site is optimized with the Yoast SEO plugin v22.0 - https:\/\/yoast.com\/wordpress\/plugins\/seo\/ -->\n<title>N\u00fameros de assassinatos continuam em queda na Para\u00edba em 2019 - Pol\u00edcia Militar da Para\u00edba<\/title>\n<meta name=\"robots\" content=\"index, follow, max-snippet:-1, max-image-preview:large, max-video-preview:-1\" \/>\n<link rel=\"canonical\" href=\"https:\/\/www.pm.pb.gov.br\/portal\/2019\/06\/14\/numeros-de-assassinatos-continuam-em-queda-na-paraiba-em-2019\/\" \/>\n<meta property=\"og:locale\" content=\"pt_BR\" \/>\n<meta property=\"og:type\" content=\"article\" \/>\n<meta property=\"og:title\" content=\"N\u00fameros de assassinatos continuam em queda na Para\u00edba em 2019 - Pol\u00edcia Militar da Para\u00edba\" \/>\n<meta property=\"og:description\" content=\"A Secretaria da Seguran\u00e7a e da Defesa Social (Sesds) apresentou ao governador Jo\u00e3o Azev\u00eado, na tarde desta quinta-feira (13), a\u00a0redu\u00e7\u00e3o\u00a0de\" \/>\n<meta property=\"og:url\" content=\"https:\/\/www.pm.pb.gov.br\/portal\/2019\/06\/14\/numeros-de-assassinatos-continuam-em-queda-na-paraiba-em-2019\/\" \/>\n<meta property=\"og:site_name\" content=\"Pol\u00edcia Militar da Para\u00edba\" \/>\n<meta property=\"article:published_time\" content=\"2019-06-14T19:33:22+00:00\" \/>\n<meta property=\"article:modified_time\" content=\"2019-06-14T19:33:23+00:00\" \/>\n<meta property=\"og:image\" content=\"https:\/\/www.pm.pb.gov.br\/portal\/wp-content\/uploads\/2019\/06\/unnamed-4.jpg\" \/>\n\t<meta property=\"og:image:width\" content=\"1300\" \/>\n\t<meta property=\"og:image:height\" content=\"800\" \/>\n\t<meta property=\"og:image:type\" content=\"image\/jpeg\" \/>\n<meta name=\"author\" content=\"Marcio Gomes dos Santos\" \/>\n<meta name=\"twitter:card\" content=\"summary_large_image\" \/>\n<meta name=\"twitter:label1\" content=\"Escrito por\" \/>\n\t<meta name=\"twitter:data1\" content=\"Marcio Gomes dos Santos\" \/>\n\t<meta name=\"twitter:label2\" content=\"Est. tempo de leitura\" \/>\n\t<meta name=\"twitter:data2\" content=\"6 minutos\" \/>\n<script type=\"application\/ld+json\" class=\"yoast-schema-graph\">{\"@context\":\"https:\/\/schema.org\",\"@graph\":[{\"@type\":\"Article\",\"@id\":\"https:\/\/www.pm.pb.gov.br\/portal\/2019\/06\/14\/numeros-de-assassinatos-continuam-em-queda-na-paraiba-em-2019\/#article\",\"isPartOf\":{\"@id\":\"https:\/\/www.pm.pb.gov.br\/portal\/2019\/06\/14\/numeros-de-assassinatos-continuam-em-queda-na-paraiba-em-2019\/\"},\"author\":{\"name\":\"Marcio Gomes dos Santos\",\"@id\":\"https:\/\/www.pm.pb.gov.br\/portal\/#\/schema\/person\/30d571652b38533c2211e4e89bf5a502\"},\"headline\":\"N\u00fameros de assassinatos continuam em queda na Para\u00edba em 2019\",\"datePublished\":\"2019-06-14T19:33:22+00:00\",\"dateModified\":\"2019-06-14T19:33:23+00:00\",\"mainEntityOfPage\":{\"@id\":\"https:\/\/www.pm.pb.gov.br\/portal\/2019\/06\/14\/numeros-de-assassinatos-continuam-em-queda-na-paraiba-em-2019\/\"},\"wordCount\":1141,\"publisher\":{\"@id\":\"https:\/\/www.pm.pb.gov.br\/portal\/#organization\"},\"articleSection\":[\"Informativo\"],\"inLanguage\":\"pt-BR\"},{\"@type\":\"WebPage\",\"@id\":\"https:\/\/www.pm.pb.gov.br\/portal\/2019\/06\/14\/numeros-de-assassinatos-continuam-em-queda-na-paraiba-em-2019\/\",\"url\":\"https:\/\/www.pm.pb.gov.br\/portal\/2019\/06\/14\/numeros-de-assassinatos-continuam-em-queda-na-paraiba-em-2019\/\",\"name\":\"N\u00fameros de assassinatos continuam em queda na Para\u00edba em 2019 - Pol\u00edcia Militar da Para\u00edba\",\"isPartOf\":{\"@id\":\"https:\/\/www.pm.pb.gov.br\/portal\/#website\"},\"datePublished\":\"2019-06-14T19:33:22+00:00\",\"dateModified\":\"2019-06-14T19:33:23+00:00\",\"breadcrumb\":{\"@id\":\"https:\/\/www.pm.pb.gov.br\/portal\/2019\/06\/14\/numeros-de-assassinatos-continuam-em-queda-na-paraiba-em-2019\/#breadcrumb\"},\"inLanguage\":\"pt-BR\",\"potentialAction\":[{\"@type\":\"ReadAction\",\"target\":[\"https:\/\/www.pm.pb.gov.br\/portal\/2019\/06\/14\/numeros-de-assassinatos-continuam-em-queda-na-paraiba-em-2019\/\"]}]},{\"@type\":\"BreadcrumbList\",\"@id\":\"https:\/\/www.pm.pb.gov.br\/portal\/2019\/06\/14\/numeros-de-assassinatos-continuam-em-queda-na-paraiba-em-2019\/#breadcrumb\",\"itemListElement\":[{\"@type\":\"ListItem\",\"position\":1,\"name\":\"In\u00edcio\",\"item\":\"https:\/\/www.pm.pb.gov.br\/portal\/\"},{\"@type\":\"ListItem\",\"position\":2,\"name\":\"N\u00fameros de assassinatos continuam em queda na Para\u00edba em 2019\"}]},{\"@type\":\"WebSite\",\"@id\":\"https:\/\/www.pm.pb.gov.br\/portal\/#website\",\"url\":\"https:\/\/www.pm.pb.gov.br\/portal\/\",\"name\":\"Pol\u00edcia Militar da Para\u00edba\",\"description\":\"\",\"publisher\":{\"@id\":\"https:\/\/www.pm.pb.gov.br\/portal\/#organization\"},\"potentialAction\":[{\"@type\":\"SearchAction\",\"target\":{\"@type\":\"EntryPoint\",\"urlTemplate\":\"https:\/\/www.pm.pb.gov.br\/portal\/?s={search_term_string}\"},\"query-input\":\"required name=search_term_string\"}],\"inLanguage\":\"pt-BR\"},{\"@type\":\"Organization\",\"@id\":\"https:\/\/www.pm.pb.gov.br\/portal\/#organization\",\"name\":\"Pol\u00edcia Militar da Para\u00edba\",\"url\":\"https:\/\/www.pm.pb.gov.br\/portal\/\",\"logo\":{\"@type\":\"ImageObject\",\"inLanguage\":\"pt-BR\",\"@id\":\"https:\/\/www.pm.pb.gov.br\/portal\/#\/schema\/logo\/image\/\",\"url\":\"https:\/\/www.pm.pb.gov.br\/portal\/wp-content\/uploads\/2025\/03\/cropped-logo-site-mag2-1.png\",\"contentUrl\":\"https:\/\/www.pm.pb.gov.br\/portal\/wp-content\/uploads\/2025\/03\/cropped-logo-site-mag2-1.png\",\"width\":320,\"height\":90,\"caption\":\"Pol\u00edcia Militar da Para\u00edba\"},\"image\":{\"@id\":\"https:\/\/www.pm.pb.gov.br\/portal\/#\/schema\/logo\/image\/\"}},{\"@type\":\"Person\",\"@id\":\"https:\/\/www.pm.pb.gov.br\/portal\/#\/schema\/person\/30d571652b38533c2211e4e89bf5a502\",\"name\":\"Marcio Gomes dos Santos\",\"image\":{\"@type\":\"ImageObject\",\"inLanguage\":\"pt-BR\",\"@id\":\"https:\/\/www.pm.pb.gov.br\/portal\/#\/schema\/person\/image\/\",\"url\":\"https:\/\/secure.gravatar.com\/avatar\/cf4ec2cb690101e1581c7773aa350c19?s=96&d=mm&r=g\",\"contentUrl\":\"https:\/\/secure.gravatar.com\/avatar\/cf4ec2cb690101e1581c7773aa350c19?s=96&d=mm&r=g\",\"caption\":\"Marcio Gomes dos Santos\"},\"url\":\"https:\/\/www.pm.pb.gov.br\/portal\/author\/mgomes\/\"}]}<\/script>\n<!-- \/ Yoast SEO plugin. -->","yoast_head_json":{"title":"N\u00fameros de assassinatos continuam em queda na Para\u00edba em 2019 - Pol\u00edcia Militar da Para\u00edba","robots":{"index":"index","follow":"follow","max-snippet":"max-snippet:-1","max-image-preview":"max-image-preview:large","max-video-preview":"max-video-preview:-1"},"canonical":"https:\/\/www.pm.pb.gov.br\/portal\/2019\/06\/14\/numeros-de-assassinatos-continuam-em-queda-na-paraiba-em-2019\/","og_locale":"pt_BR","og_type":"article","og_title":"N\u00fameros de assassinatos continuam em queda na Para\u00edba em 2019 - Pol\u00edcia Militar da Para\u00edba","og_description":"A Secretaria da Seguran\u00e7a e da Defesa Social (Sesds) apresentou ao governador Jo\u00e3o Azev\u00eado, na tarde desta quinta-feira (13), a\u00a0redu\u00e7\u00e3o\u00a0de","og_url":"https:\/\/www.pm.pb.gov.br\/portal\/2019\/06\/14\/numeros-de-assassinatos-continuam-em-queda-na-paraiba-em-2019\/","og_site_name":"Pol\u00edcia Militar da Para\u00edba","article_published_time":"2019-06-14T19:33:22+00:00","article_modified_time":"2019-06-14T19:33:23+00:00","og_image":[{"width":1300,"height":800,"url":"https:\/\/www.pm.pb.gov.br\/portal\/wp-content\/uploads\/2019\/06\/unnamed-4.jpg","type":"image\/jpeg"}],"author":"Marcio Gomes dos Santos","twitter_card":"summary_large_image","twitter_misc":{"Escrito por":"Marcio Gomes dos Santos","Est. tempo de leitura":"6 minutos"},"schema":{"@context":"https:\/\/schema.org","@graph":[{"@type":"Article","@id":"https:\/\/www.pm.pb.gov.br\/portal\/2019\/06\/14\/numeros-de-assassinatos-continuam-em-queda-na-paraiba-em-2019\/#article","isPartOf":{"@id":"https:\/\/www.pm.pb.gov.br\/portal\/2019\/06\/14\/numeros-de-assassinatos-continuam-em-queda-na-paraiba-em-2019\/"},"author":{"name":"Marcio Gomes dos Santos","@id":"https:\/\/www.pm.pb.gov.br\/portal\/#\/schema\/person\/30d571652b38533c2211e4e89bf5a502"},"headline":"N\u00fameros de assassinatos continuam em queda na Para\u00edba em 2019","datePublished":"2019-06-14T19:33:22+00:00","dateModified":"2019-06-14T19:33:23+00:00","mainEntityOfPage":{"@id":"https:\/\/www.pm.pb.gov.br\/portal\/2019\/06\/14\/numeros-de-assassinatos-continuam-em-queda-na-paraiba-em-2019\/"},"wordCount":1141,"publisher":{"@id":"https:\/\/www.pm.pb.gov.br\/portal\/#organization"},"articleSection":["Informativo"],"inLanguage":"pt-BR"},{"@type":"WebPage","@id":"https:\/\/www.pm.pb.gov.br\/portal\/2019\/06\/14\/numeros-de-assassinatos-continuam-em-queda-na-paraiba-em-2019\/","url":"https:\/\/www.pm.pb.gov.br\/portal\/2019\/06\/14\/numeros-de-assassinatos-continuam-em-queda-na-paraiba-em-2019\/","name":"N\u00fameros de assassinatos continuam em queda na Para\u00edba em 2019 - Pol\u00edcia Militar da Para\u00edba","isPartOf":{"@id":"https:\/\/www.pm.pb.gov.br\/portal\/#website"},"datePublished":"2019-06-14T19:33:22+00:00","dateModified":"2019-06-14T19:33:23+00:00","breadcrumb":{"@id":"https:\/\/www.pm.pb.gov.br\/portal\/2019\/06\/14\/numeros-de-assassinatos-continuam-em-queda-na-paraiba-em-2019\/#breadcrumb"},"inLanguage":"pt-BR","potentialAction":[{"@type":"ReadAction","target":["https:\/\/www.pm.pb.gov.br\/portal\/2019\/06\/14\/numeros-de-assassinatos-continuam-em-queda-na-paraiba-em-2019\/"]}]},{"@type":"BreadcrumbList","@id":"https:\/\/www.pm.pb.gov.br\/portal\/2019\/06\/14\/numeros-de-assassinatos-continuam-em-queda-na-paraiba-em-2019\/#breadcrumb","itemListElement":[{"@type":"ListItem","position":1,"name":"In\u00edcio","item":"https:\/\/www.pm.pb.gov.br\/portal\/"},{"@type":"ListItem","position":2,"name":"N\u00fameros de assassinatos continuam em queda na Para\u00edba em 2019"}]},{"@type":"WebSite","@id":"https:\/\/www.pm.pb.gov.br\/portal\/#website","url":"https:\/\/www.pm.pb.gov.br\/portal\/","name":"Pol\u00edcia Militar da Para\u00edba","description":"","publisher":{"@id":"https:\/\/www.pm.pb.gov.br\/portal\/#organization"},"potentialAction":[{"@type":"SearchAction","target":{"@type":"EntryPoint","urlTemplate":"https:\/\/www.pm.pb.gov.br\/portal\/?s={search_term_string}"},"query-input":"required name=search_term_string"}],"inLanguage":"pt-BR"},{"@type":"Organization","@id":"https:\/\/www.pm.pb.gov.br\/portal\/#organization","name":"Pol\u00edcia Militar da Para\u00edba","url":"https:\/\/www.pm.pb.gov.br\/portal\/","logo":{"@type":"ImageObject","inLanguage":"pt-BR","@id":"https:\/\/www.pm.pb.gov.br\/portal\/#\/schema\/logo\/image\/","url":"https:\/\/www.pm.pb.gov.br\/portal\/wp-content\/uploads\/2025\/03\/cropped-logo-site-mag2-1.png","contentUrl":"https:\/\/www.pm.pb.gov.br\/portal\/wp-content\/uploads\/2025\/03\/cropped-logo-site-mag2-1.png","width":320,"height":90,"caption":"Pol\u00edcia Militar da Para\u00edba"},"image":{"@id":"https:\/\/www.pm.pb.gov.br\/portal\/#\/schema\/logo\/image\/"}},{"@type":"Person","@id":"https:\/\/www.pm.pb.gov.br\/portal\/#\/schema\/person\/30d571652b38533c2211e4e89bf5a502","name":"Marcio Gomes dos Santos","image":{"@type":"ImageObject","inLanguage":"pt-BR","@id":"https:\/\/www.pm.pb.gov.br\/portal\/#\/schema\/person\/image\/","url":"https:\/\/secure.gravatar.com\/avatar\/cf4ec2cb690101e1581c7773aa350c19?s=96&d=mm&r=g","contentUrl":"https:\/\/secure.gravatar.com\/avatar\/cf4ec2cb690101e1581c7773aa350c19?s=96&d=mm&r=g","caption":"Marcio Gomes dos Santos"},"url":"https:\/\/www.pm.pb.gov.br\/portal\/author\/mgomes\/"}]}},"_links":{"self":[{"href":"https:\/\/www.pm.pb.gov.br\/portal\/wp-json\/wp\/v2\/posts\/901205"}],"collection":[{"href":"https:\/\/www.pm.pb.gov.br\/portal\/wp-json\/wp\/v2\/posts"}],"about":[{"href":"https:\/\/www.pm.pb.gov.br\/portal\/wp-json\/wp\/v2\/types\/post"}],"author":[{"embeddable":true,"href":"https:\/\/www.pm.pb.gov.br\/portal\/wp-json\/wp\/v2\/users\/15"}],"replies":[{"embeddable":true,"href":"https:\/\/www.pm.pb.gov.br\/portal\/wp-json\/wp\/v2\/comments?post=901205"}],"version-history":[{"count":1,"href":"https:\/\/www.pm.pb.gov.br\/portal\/wp-json\/wp\/v2\/posts\/901205\/revisions"}],"predecessor-version":[{"id":901207,"href":"https:\/\/www.pm.pb.gov.br\/portal\/wp-json\/wp\/v2\/posts\/901205\/revisions\/901207"}],"wp:featuredmedia":[{"embeddable":true,"href":"https:\/\/www.pm.pb.gov.br\/portal\/wp-json\/wp\/v2\/media\/901206"}],"wp:attachment":[{"href":"https:\/\/www.pm.pb.gov.br\/portal\/wp-json\/wp\/v2\/media?parent=901205"}],"wp:term":[{"taxonomy":"category","embeddable":true,"href":"https:\/\/www.pm.pb.gov.br\/portal\/wp-json\/wp\/v2\/categories?post=901205"},{"taxonomy":"post_tag","embeddable":true,"href":"https:\/\/www.pm.pb.gov.br\/portal\/wp-json\/wp\/v2\/tags?post=901205"}],"curies":[{"name":"wp","href":"https:\/\/api.w.org\/{rel}","templated":true}]}}