{"id":9012,"date":"2014-01-22T09:01:54","date_gmt":"2014-01-22T12:01:54","guid":{"rendered":"http:\/\/www.pm.pb.gov.br\/portal\/2014\/01\/pm_em_picui_homenageia_militares_recem_promovidos_da_regiao\/"},"modified":"2014-01-22T09:01:54","modified_gmt":"2014-01-22T12:01:54","slug":"pm_em_picui_homenageia_militares_recem_promovidos_da_regiao","status":"publish","type":"post","link":"https:\/\/www.pm.pb.gov.br\/portal\/2014\/01\/22\/pm_em_picui_homenageia_militares_recem_promovidos_da_regiao\/","title":{"rendered":"PM em Picu\u00ed homenageia militares rec\u00e9m-promovidos da regi\u00e3o"},"content":{"rendered":"<figure style=\"width: 500px\" class=\"wp-caption alignnone\"><img decoding=\"async\" class=\"alignnone size-medium\" src=\"http:\/\/www.pm.pb.gov.br\/portal\/wp-content\/uploads\/2014\/01\/9012_12249.jpg\" title=\"Solenidade de homenagem aconteceu na C\u00e2mara Municipal de Cuit\u00e9\" width=\"100%\" \/><figcaption class=\"wp-caption-text\">Solenidade de homenagem aconteceu na C\u00e2mara Municipal de Cuit\u00e9<\/figcaption><\/figure>\n<div style=\"text-align: justify;\">O Comando do 9\u00ba Batalh\u00e3o de Pol\u00edcia Militar, sediado em Picu\u00ed (na regi\u00e3o da Borborema),  homenageou, nesta ter\u00e7a-feira (21), os militares rec\u00e9m-promovidos e que pertencem \u00e0 unidade. A solenidade aconteceu na C\u00e2mara Municipal de Cuit\u00e9 e contou com a entrega de um certificado de honra ao m\u00e9rito aos promovidos.<\/p>\n<p>\u0093Esse documento \u00e9 um reconhecimento do bom servi\u00e7o prestado por esse PMs\u0094, comentou o major Galv\u00e3o, comandante do 9\u00ba BPM. Um dos beneficiados com as promo\u00e7\u00f5es, o sargento batista, tamb\u00e9m falou e destacou a import\u00e2ncia da ascens\u00e3o na carreira militar. \u0093Trata-se do reconhecimento a mais de duas d\u00e9cadas de servi\u00e7os prestados \u00e0 sociedade paraibana. Sinto-me bastante motivado para dar continuidade a minha miss\u00e3o\u0094, disse ele.<\/p>\n<p>Do efetivo que integra o 9\u00ba Batalh\u00e3o de Pol\u00edcia Milita, foram  promovidos \u00e0 gradua\u00e7\u00e3o de Cabo os seguintes policiais: Jefferson de Fran\u00e7a Costa, Josivaldo de Lima, Nierton de Souto Silva e Jos\u00e9 Regis Silva.<\/p>\n<p>Conseguiram a ascens\u00e3o a gradua\u00e7\u00e3o de Sargento os policiais Jos\u00e9 de Vasconcelos Ferreira Silva, Jurandir Guedes da Costa, Adriel Fernando Paiva, Manoel dos Santos, Walter Vitorino da Silva, Luiz Carlos Batista da Silva, Francisco de Assis do Nascimento, Wellington Campos de Sousa, David Amorim da Silva, Sebasti\u00e3o Jos\u00e9 da Silva, Edcarlos Ribeiro Cunha e Jos\u00e9 Francisco Cordeiro de Oliveira.<\/p>\n<div class=\"row\" align=\"center\"><a href=\"http:\/\/www.pm.pb.gov.br\/portal\/wp-content\/uploads\/2014\/01\/9012_12250.jpg\"><figure style=\"width: 500px\" class=\"wp-caption alignnone\"><img decoding=\"async\" class=\"image-responsive\" src=\"http:\/\/www.pm.pb.gov.br\/portal\/wp-content\/uploads\/2014\/01\/9012_12250.jpg\" title=\"Militares receberam um certificado de honra ao m\u00e9rito\" width=\"100%\" \/><figcaption class=\"wp-caption-text\">Militares receberam um certificado de honra ao m\u00e9rito<\/figcaption><\/figure><\/a><\/div>\n<\/div>\n","protected":false},"excerpt":{"rendered":"<p>O Comando do 9\u00ba Batalh\u00e3o de Pol\u00edcia Militar, sediado em Picu\u00ed (na regi\u00e3o da Borborema), homenageou, nesta ter\u00e7a-feira (21), os<\/p>\n","protected":false},"author":5,"featured_media":12249,"comment_status":"closed","ping_status":"closed","sticky":false,"template":"","format":"standard","meta":{"_exactmetrics_skip_tracking":false,"_exactmetrics_sitenote_active":false,"_exactmetrics_sitenote_note":"","_exactmetrics_sitenote_category":0,"footnotes":""},"categories":[4],"tags":[],"yoast_head":"<!-- This site is optimized with the Yoast SEO plugin v22.0 - https:\/\/yoast.com\/wordpress\/plugins\/seo\/ -->\n<title>PM em Picu\u00ed homenageia militares rec\u00e9m-promovidos da regi\u00e3o - Pol\u00edcia Militar da Para\u00edba<\/title>\n<meta name=\"robots\" content=\"index, follow, max-snippet:-1, max-image-preview:large, max-video-preview:-1\" \/>\n<link rel=\"canonical\" href=\"https:\/\/www.pm.pb.gov.br\/portal\/2014\/01\/22\/pm_em_picui_homenageia_militares_recem_promovidos_da_regiao\/\" \/>\n<meta property=\"og:locale\" content=\"pt_BR\" \/>\n<meta property=\"og:type\" content=\"article\" \/>\n<meta property=\"og:title\" content=\"PM em Picu\u00ed homenageia militares rec\u00e9m-promovidos da regi\u00e3o - Pol\u00edcia Militar da Para\u00edba\" \/>\n<meta property=\"og:description\" content=\"O Comando do 9\u00ba Batalh\u00e3o de Pol\u00edcia Militar, sediado em Picu\u00ed (na regi\u00e3o da Borborema), homenageou, nesta ter\u00e7a-feira (21), os\" \/>\n<meta property=\"og:url\" content=\"https:\/\/www.pm.pb.gov.br\/portal\/2014\/01\/22\/pm_em_picui_homenageia_militares_recem_promovidos_da_regiao\/\" \/>\n<meta property=\"og:site_name\" content=\"Pol\u00edcia Militar da Para\u00edba\" \/>\n<meta property=\"article:published_time\" content=\"2014-01-22T12:01:54+00:00\" \/>\n<meta property=\"og:image\" content=\"https:\/\/www.pm.pb.gov.br\/portal\/wp-content\/uploads\/2014\/01\/9012_12249.jpg\" \/>\n\t<meta property=\"og:image:width\" content=\"500\" \/>\n\t<meta property=\"og:image:height\" content=\"375\" \/>\n\t<meta property=\"og:image:type\" content=\"image\/jpeg\" \/>\n<meta name=\"author\" content=\"Assessoria de Imprensa da PMPB\" \/>\n<meta name=\"twitter:card\" content=\"summary_large_image\" \/>\n<meta name=\"twitter:label1\" content=\"Escrito por\" \/>\n\t<meta name=\"twitter:data1\" content=\"Assessoria de Imprensa da PMPB\" \/>\n\t<meta name=\"twitter:label2\" content=\"Est. tempo de leitura\" \/>\n\t<meta name=\"twitter:data2\" content=\"1 minuto\" \/>\n<script type=\"application\/ld+json\" class=\"yoast-schema-graph\">{\"@context\":\"https:\/\/schema.org\",\"@graph\":[{\"@type\":\"Article\",\"@id\":\"https:\/\/www.pm.pb.gov.br\/portal\/2014\/01\/22\/pm_em_picui_homenageia_militares_recem_promovidos_da_regiao\/#article\",\"isPartOf\":{\"@id\":\"https:\/\/www.pm.pb.gov.br\/portal\/2014\/01\/22\/pm_em_picui_homenageia_militares_recem_promovidos_da_regiao\/\"},\"author\":{\"name\":\"Assessoria de Imprensa da PMPB\",\"@id\":\"https:\/\/www.pm.pb.gov.br\/portal\/#\/schema\/person\/e8454f46651c3ecf0e1ba3c1666d9947\"},\"headline\":\"PM em Picu\u00ed homenageia militares rec\u00e9m-promovidos da regi\u00e3o\",\"datePublished\":\"2014-01-22T12:01:54+00:00\",\"dateModified\":\"2014-01-22T12:01:54+00:00\",\"mainEntityOfPage\":{\"@id\":\"https:\/\/www.pm.pb.gov.br\/portal\/2014\/01\/22\/pm_em_picui_homenageia_militares_recem_promovidos_da_regiao\/\"},\"wordCount\":263,\"publisher\":{\"@id\":\"https:\/\/www.pm.pb.gov.br\/portal\/#organization\"},\"articleSection\":[\"A\u00e7\u00f5es Policiais\"],\"inLanguage\":\"pt-BR\"},{\"@type\":\"WebPage\",\"@id\":\"https:\/\/www.pm.pb.gov.br\/portal\/2014\/01\/22\/pm_em_picui_homenageia_militares_recem_promovidos_da_regiao\/\",\"url\":\"https:\/\/www.pm.pb.gov.br\/portal\/2014\/01\/22\/pm_em_picui_homenageia_militares_recem_promovidos_da_regiao\/\",\"name\":\"PM em Picu\u00ed homenageia militares rec\u00e9m-promovidos da regi\u00e3o - Pol\u00edcia Militar da Para\u00edba\",\"isPartOf\":{\"@id\":\"https:\/\/www.pm.pb.gov.br\/portal\/#website\"},\"datePublished\":\"2014-01-22T12:01:54+00:00\",\"dateModified\":\"2014-01-22T12:01:54+00:00\",\"breadcrumb\":{\"@id\":\"https:\/\/www.pm.pb.gov.br\/portal\/2014\/01\/22\/pm_em_picui_homenageia_militares_recem_promovidos_da_regiao\/#breadcrumb\"},\"inLanguage\":\"pt-BR\",\"potentialAction\":[{\"@type\":\"ReadAction\",\"target\":[\"https:\/\/www.pm.pb.gov.br\/portal\/2014\/01\/22\/pm_em_picui_homenageia_militares_recem_promovidos_da_regiao\/\"]}]},{\"@type\":\"BreadcrumbList\",\"@id\":\"https:\/\/www.pm.pb.gov.br\/portal\/2014\/01\/22\/pm_em_picui_homenageia_militares_recem_promovidos_da_regiao\/#breadcrumb\",\"itemListElement\":[{\"@type\":\"ListItem\",\"position\":1,\"name\":\"In\u00edcio\",\"item\":\"https:\/\/www.pm.pb.gov.br\/portal\/\"},{\"@type\":\"ListItem\",\"position\":2,\"name\":\"PM em Picu\u00ed homenageia militares rec\u00e9m-promovidos da regi\u00e3o\"}]},{\"@type\":\"WebSite\",\"@id\":\"https:\/\/www.pm.pb.gov.br\/portal\/#website\",\"url\":\"https:\/\/www.pm.pb.gov.br\/portal\/\",\"name\":\"Pol\u00edcia Militar da Para\u00edba\",\"description\":\"\",\"publisher\":{\"@id\":\"https:\/\/www.pm.pb.gov.br\/portal\/#organization\"},\"potentialAction\":[{\"@type\":\"SearchAction\",\"target\":{\"@type\":\"EntryPoint\",\"urlTemplate\":\"https:\/\/www.pm.pb.gov.br\/portal\/?s={search_term_string}\"},\"query-input\":\"required name=search_term_string\"}],\"inLanguage\":\"pt-BR\"},{\"@type\":\"Organization\",\"@id\":\"https:\/\/www.pm.pb.gov.br\/portal\/#organization\",\"name\":\"Pol\u00edcia Militar da Para\u00edba\",\"url\":\"https:\/\/www.pm.pb.gov.br\/portal\/\",\"logo\":{\"@type\":\"ImageObject\",\"inLanguage\":\"pt-BR\",\"@id\":\"https:\/\/www.pm.pb.gov.br\/portal\/#\/schema\/logo\/image\/\",\"url\":\"https:\/\/www.pm.pb.gov.br\/portal\/wp-content\/uploads\/2025\/03\/cropped-logo-site-mag2-1.png\",\"contentUrl\":\"https:\/\/www.pm.pb.gov.br\/portal\/wp-content\/uploads\/2025\/03\/cropped-logo-site-mag2-1.png\",\"width\":320,\"height\":90,\"caption\":\"Pol\u00edcia Militar da Para\u00edba\"},\"image\":{\"@id\":\"https:\/\/www.pm.pb.gov.br\/portal\/#\/schema\/logo\/image\/\"}},{\"@type\":\"Person\",\"@id\":\"https:\/\/www.pm.pb.gov.br\/portal\/#\/schema\/person\/e8454f46651c3ecf0e1ba3c1666d9947\",\"name\":\"Assessoria de Imprensa da PMPB\",\"image\":{\"@type\":\"ImageObject\",\"inLanguage\":\"pt-BR\",\"@id\":\"https:\/\/www.pm.pb.gov.br\/portal\/#\/schema\/person\/image\/\",\"url\":\"https:\/\/secure.gravatar.com\/avatar\/2efe197438265d1e90bd98c4c8e1acf8?s=96&d=mm&r=g\",\"contentUrl\":\"https:\/\/secure.gravatar.com\/avatar\/2efe197438265d1e90bd98c4c8e1acf8?s=96&d=mm&r=g\",\"caption\":\"Assessoria de Imprensa da PMPB\"},\"url\":\"https:\/\/www.pm.pb.gov.br\/portal\/author\/assessoria\/\"}]}<\/script>\n<!-- \/ Yoast SEO plugin. -->","yoast_head_json":{"title":"PM em Picu\u00ed homenageia militares rec\u00e9m-promovidos da regi\u00e3o - Pol\u00edcia Militar da Para\u00edba","robots":{"index":"index","follow":"follow","max-snippet":"max-snippet:-1","max-image-preview":"max-image-preview:large","max-video-preview":"max-video-preview:-1"},"canonical":"https:\/\/www.pm.pb.gov.br\/portal\/2014\/01\/22\/pm_em_picui_homenageia_militares_recem_promovidos_da_regiao\/","og_locale":"pt_BR","og_type":"article","og_title":"PM em Picu\u00ed homenageia militares rec\u00e9m-promovidos da regi\u00e3o - Pol\u00edcia Militar da Para\u00edba","og_description":"O Comando do 9\u00ba Batalh\u00e3o de Pol\u00edcia Militar, sediado em Picu\u00ed (na regi\u00e3o da Borborema), homenageou, nesta ter\u00e7a-feira (21), os","og_url":"https:\/\/www.pm.pb.gov.br\/portal\/2014\/01\/22\/pm_em_picui_homenageia_militares_recem_promovidos_da_regiao\/","og_site_name":"Pol\u00edcia Militar da Para\u00edba","article_published_time":"2014-01-22T12:01:54+00:00","og_image":[{"width":500,"height":375,"url":"https:\/\/www.pm.pb.gov.br\/portal\/wp-content\/uploads\/2014\/01\/9012_12249.jpg","type":"image\/jpeg"}],"author":"Assessoria de Imprensa da PMPB","twitter_card":"summary_large_image","twitter_misc":{"Escrito por":"Assessoria de Imprensa da PMPB","Est. tempo de leitura":"1 minuto"},"schema":{"@context":"https:\/\/schema.org","@graph":[{"@type":"Article","@id":"https:\/\/www.pm.pb.gov.br\/portal\/2014\/01\/22\/pm_em_picui_homenageia_militares_recem_promovidos_da_regiao\/#article","isPartOf":{"@id":"https:\/\/www.pm.pb.gov.br\/portal\/2014\/01\/22\/pm_em_picui_homenageia_militares_recem_promovidos_da_regiao\/"},"author":{"name":"Assessoria de Imprensa da PMPB","@id":"https:\/\/www.pm.pb.gov.br\/portal\/#\/schema\/person\/e8454f46651c3ecf0e1ba3c1666d9947"},"headline":"PM em Picu\u00ed homenageia militares rec\u00e9m-promovidos da regi\u00e3o","datePublished":"2014-01-22T12:01:54+00:00","dateModified":"2014-01-22T12:01:54+00:00","mainEntityOfPage":{"@id":"https:\/\/www.pm.pb.gov.br\/portal\/2014\/01\/22\/pm_em_picui_homenageia_militares_recem_promovidos_da_regiao\/"},"wordCount":263,"publisher":{"@id":"https:\/\/www.pm.pb.gov.br\/portal\/#organization"},"articleSection":["A\u00e7\u00f5es Policiais"],"inLanguage":"pt-BR"},{"@type":"WebPage","@id":"https:\/\/www.pm.pb.gov.br\/portal\/2014\/01\/22\/pm_em_picui_homenageia_militares_recem_promovidos_da_regiao\/","url":"https:\/\/www.pm.pb.gov.br\/portal\/2014\/01\/22\/pm_em_picui_homenageia_militares_recem_promovidos_da_regiao\/","name":"PM em Picu\u00ed homenageia militares rec\u00e9m-promovidos da regi\u00e3o - Pol\u00edcia Militar da Para\u00edba","isPartOf":{"@id":"https:\/\/www.pm.pb.gov.br\/portal\/#website"},"datePublished":"2014-01-22T12:01:54+00:00","dateModified":"2014-01-22T12:01:54+00:00","breadcrumb":{"@id":"https:\/\/www.pm.pb.gov.br\/portal\/2014\/01\/22\/pm_em_picui_homenageia_militares_recem_promovidos_da_regiao\/#breadcrumb"},"inLanguage":"pt-BR","potentialAction":[{"@type":"ReadAction","target":["https:\/\/www.pm.pb.gov.br\/portal\/2014\/01\/22\/pm_em_picui_homenageia_militares_recem_promovidos_da_regiao\/"]}]},{"@type":"BreadcrumbList","@id":"https:\/\/www.pm.pb.gov.br\/portal\/2014\/01\/22\/pm_em_picui_homenageia_militares_recem_promovidos_da_regiao\/#breadcrumb","itemListElement":[{"@type":"ListItem","position":1,"name":"In\u00edcio","item":"https:\/\/www.pm.pb.gov.br\/portal\/"},{"@type":"ListItem","position":2,"name":"PM em Picu\u00ed homenageia militares rec\u00e9m-promovidos da regi\u00e3o"}]},{"@type":"WebSite","@id":"https:\/\/www.pm.pb.gov.br\/portal\/#website","url":"https:\/\/www.pm.pb.gov.br\/portal\/","name":"Pol\u00edcia Militar da Para\u00edba","description":"","publisher":{"@id":"https:\/\/www.pm.pb.gov.br\/portal\/#organization"},"potentialAction":[{"@type":"SearchAction","target":{"@type":"EntryPoint","urlTemplate":"https:\/\/www.pm.pb.gov.br\/portal\/?s={search_term_string}"},"query-input":"required name=search_term_string"}],"inLanguage":"pt-BR"},{"@type":"Organization","@id":"https:\/\/www.pm.pb.gov.br\/portal\/#organization","name":"Pol\u00edcia Militar da Para\u00edba","url":"https:\/\/www.pm.pb.gov.br\/portal\/","logo":{"@type":"ImageObject","inLanguage":"pt-BR","@id":"https:\/\/www.pm.pb.gov.br\/portal\/#\/schema\/logo\/image\/","url":"https:\/\/www.pm.pb.gov.br\/portal\/wp-content\/uploads\/2025\/03\/cropped-logo-site-mag2-1.png","contentUrl":"https:\/\/www.pm.pb.gov.br\/portal\/wp-content\/uploads\/2025\/03\/cropped-logo-site-mag2-1.png","width":320,"height":90,"caption":"Pol\u00edcia Militar da Para\u00edba"},"image":{"@id":"https:\/\/www.pm.pb.gov.br\/portal\/#\/schema\/logo\/image\/"}},{"@type":"Person","@id":"https:\/\/www.pm.pb.gov.br\/portal\/#\/schema\/person\/e8454f46651c3ecf0e1ba3c1666d9947","name":"Assessoria de Imprensa da PMPB","image":{"@type":"ImageObject","inLanguage":"pt-BR","@id":"https:\/\/www.pm.pb.gov.br\/portal\/#\/schema\/person\/image\/","url":"https:\/\/secure.gravatar.com\/avatar\/2efe197438265d1e90bd98c4c8e1acf8?s=96&d=mm&r=g","contentUrl":"https:\/\/secure.gravatar.com\/avatar\/2efe197438265d1e90bd98c4c8e1acf8?s=96&d=mm&r=g","caption":"Assessoria de Imprensa da PMPB"},"url":"https:\/\/www.pm.pb.gov.br\/portal\/author\/assessoria\/"}]}},"_links":{"self":[{"href":"https:\/\/www.pm.pb.gov.br\/portal\/wp-json\/wp\/v2\/posts\/9012"}],"collection":[{"href":"https:\/\/www.pm.pb.gov.br\/portal\/wp-json\/wp\/v2\/posts"}],"about":[{"href":"https:\/\/www.pm.pb.gov.br\/portal\/wp-json\/wp\/v2\/types\/post"}],"author":[{"embeddable":true,"href":"https:\/\/www.pm.pb.gov.br\/portal\/wp-json\/wp\/v2\/users\/5"}],"replies":[{"embeddable":true,"href":"https:\/\/www.pm.pb.gov.br\/portal\/wp-json\/wp\/v2\/comments?post=9012"}],"version-history":[{"count":0,"href":"https:\/\/www.pm.pb.gov.br\/portal\/wp-json\/wp\/v2\/posts\/9012\/revisions"}],"wp:featuredmedia":[{"embeddable":true,"href":"https:\/\/www.pm.pb.gov.br\/portal\/wp-json\/wp\/v2\/media\/12249"}],"wp:attachment":[{"href":"https:\/\/www.pm.pb.gov.br\/portal\/wp-json\/wp\/v2\/media?parent=9012"}],"wp:term":[{"taxonomy":"category","embeddable":true,"href":"https:\/\/www.pm.pb.gov.br\/portal\/wp-json\/wp\/v2\/categories?post=9012"},{"taxonomy":"post_tag","embeddable":true,"href":"https:\/\/www.pm.pb.gov.br\/portal\/wp-json\/wp\/v2\/tags?post=9012"}],"curies":[{"name":"wp","href":"https:\/\/api.w.org\/{rel}","templated":true}]}}