{"id":901165,"date":"2019-06-09T18:00:57","date_gmt":"2019-06-09T21:00:57","guid":{"rendered":"http:\/\/www.pm.pb.gov.br\/portal\/?p=901165"},"modified":"2019-06-09T22:58:06","modified_gmt":"2019-06-10T01:58:06","slug":"operacao-festas-juninas-prende-suspeitos-de-diversos-crimes-no-sertao","status":"publish","type":"post","link":"https:\/\/www.pm.pb.gov.br\/portal\/2019\/06\/09\/operacao-festas-juninas-prende-suspeitos-de-diversos-crimes-no-sertao\/","title":{"rendered":"Opera\u00e7\u00e3o Festas Juninas prende suspeitos de diversos crimes no Sert\u00e3o"},"content":{"rendered":"\n<p>A Pol\u00edcia Militar segue com a\u00e7\u00f5es em todo o estado durante a Opera\u00e7\u00e3o Festas Juninas, que visa combater os crimes patrimoniais e contra a vida, e refor\u00e7ar a\u00e7\u00f5es preventivas no per\u00edodo do S\u00e3o Jo\u00e3o. No Sert\u00e3o do estado, a PM prendeu suspeitos por crimes de homic\u00eddio, patrimoniais, com drogas, e durante cumprimento de mandado de pris\u00e3o nesse fim de semana. Uma arma de fogo tamb\u00e9m foi apreendida (foto acima ilustrativa).<br \/><br \/>Na ocorr\u00eancia mais recente, policiais do 12\u00ba Batalh\u00e3o chegaram ao suspeito de arrombar e furtar objetos em uma \u00f3tica no centro da cidade de Catol\u00e9 do Rocha. O crime aconteceu pouco depois da meia-noite desse domingo (9), e com a ajuda das imagens das c\u00e2meras de seguran\u00e7a, a PM identificou o homem de 23 anos de idade e o prendeu durante a manh\u00e3.<br \/><br \/><strong>Preso envolvido em homic\u00eddio &#8211;<\/strong>\u00a0Na noite de s\u00e1bado (8), policiais do 13\u00ba Batalh\u00e3o efetuaram a pris\u00e3o de um dos homens suspeitos de cometer um homic\u00eddio na cidade de Ibiara. De acordo com informa\u00e7\u00f5es preliminares, ele e um comparsa teriam matado a v\u00edtima utilizando uma faca, logo ap\u00f3s sa\u00edrem de um bar em que bebiam. Os dois suspeitos fugiram em uma motocicleta.<br \/><br \/>Imediatamente a PM realizou dilig\u00eancias e localizou, na cidade de Diamante, o suspeito de 22 anos de idade, e a moto usada durante a a\u00e7\u00e3o criminosa. Ele foi preso e encaminhado para a Delegacia da Pol\u00edcia Civil de Concei\u00e7\u00e3o.<br \/><br \/><strong>A\u00e7\u00f5es em Sousa &#8211;<\/strong>\u00a0Em Sousa, na tarde de s\u00e1bado, policias da Rondas T\u00e1ticas com Apoio de Motocicletas (Rotam) do 14\u00ba Batalh\u00e3o, cumpriram um mandado de pris\u00e3o contra um homem de 42 anos de idade que estava em um bar, embriagado, e provocando desordem. Durante a abordagem, a PM identificou que contra ele havia um mandado de pris\u00e3o pelos crimes de roubo e extors\u00e3o.<br \/><br \/>Ainda na mesma cidade, uma dupla de 24 e 20 anos, foi abordada nas proximidades do contorno que d\u00e1 acesso \u00e0 cidade de Aparecida. Eles estavam com seis papelotes de subst\u00e2ncia an\u00e1loga \u00e0 maconha e foram conduzidos \u00e0 delegacia para os procedimentos legais.<br \/><br \/><strong>Arma de fogo \u2013<\/strong>\u00a0Durante as a\u00e7\u00f5es da Opera\u00e7\u00e3o Festas Juninas, que ocorrem at\u00e9 o t\u00e9rmino das festividades t\u00edpicas do per\u00edodo, a PM tamb\u00e9m apreendeu uma arma de fogo na cidade de Cachoeira dos \u00cdndios na madrugada de s\u00e1bado (8). Um rev\u00f3lver calibre 32 estava com um homem, que foi abordado pelos policiais do 6\u00ba Batalh\u00e3o, ap\u00f3s uma briga durante uma festa em uma quadra poliesportiva.<br \/><br \/>Ele foi preso em flagrante e encaminhado para a Delegacia da Pol\u00edcia Civil em Cajazeiras, e est\u00e1 \u00e0 disposi\u00e7\u00e3o da Justi\u00e7a.<\/p>\n","protected":false},"excerpt":{"rendered":"<p>A Pol\u00edcia Militar segue com a\u00e7\u00f5es em todo o estado durante a Opera\u00e7\u00e3o Festas Juninas, que visa combater os crimes<\/p>\n","protected":false},"author":12,"featured_media":900537,"comment_status":"closed","ping_status":"closed","sticky":false,"template":"","format":"standard","meta":{"_exactmetrics_skip_tracking":false,"_exactmetrics_sitenote_active":false,"_exactmetrics_sitenote_note":"","_exactmetrics_sitenote_category":0,"footnotes":""},"categories":[4],"tags":[],"yoast_head":"<!-- This site is optimized with the Yoast SEO plugin v22.0 - https:\/\/yoast.com\/wordpress\/plugins\/seo\/ -->\n<title>Opera\u00e7\u00e3o Festas Juninas prende suspeitos de diversos crimes no Sert\u00e3o - Pol\u00edcia Militar da Para\u00edba<\/title>\n<meta name=\"robots\" content=\"index, follow, max-snippet:-1, max-image-preview:large, max-video-preview:-1\" \/>\n<link rel=\"canonical\" href=\"https:\/\/www.pm.pb.gov.br\/portal\/2019\/06\/09\/operacao-festas-juninas-prende-suspeitos-de-diversos-crimes-no-sertao\/\" \/>\n<meta property=\"og:locale\" content=\"pt_BR\" \/>\n<meta property=\"og:type\" content=\"article\" \/>\n<meta property=\"og:title\" content=\"Opera\u00e7\u00e3o Festas Juninas prende suspeitos de diversos crimes no Sert\u00e3o - Pol\u00edcia Militar da Para\u00edba\" \/>\n<meta property=\"og:description\" content=\"A Pol\u00edcia Militar segue com a\u00e7\u00f5es em todo o estado durante a Opera\u00e7\u00e3o Festas Juninas, que visa combater os crimes\" \/>\n<meta property=\"og:url\" content=\"https:\/\/www.pm.pb.gov.br\/portal\/2019\/06\/09\/operacao-festas-juninas-prende-suspeitos-de-diversos-crimes-no-sertao\/\" \/>\n<meta property=\"og:site_name\" content=\"Pol\u00edcia Militar da Para\u00edba\" \/>\n<meta property=\"article:published_time\" content=\"2019-06-09T21:00:57+00:00\" \/>\n<meta property=\"article:modified_time\" content=\"2019-06-10T01:58:06+00:00\" \/>\n<meta property=\"og:image\" content=\"https:\/\/www.pm.pb.gov.br\/portal\/wp-content\/uploads\/2019\/04\/catoledorochasite.jpeg\" \/>\n\t<meta property=\"og:image:width\" content=\"800\" \/>\n\t<meta property=\"og:image:height\" content=\"445\" \/>\n\t<meta property=\"og:image:type\" content=\"image\/jpeg\" \/>\n<meta name=\"author\" content=\"Tarcisio Oliveira\" \/>\n<meta name=\"twitter:card\" content=\"summary_large_image\" \/>\n<meta name=\"twitter:label1\" content=\"Escrito por\" \/>\n\t<meta name=\"twitter:data1\" content=\"Tarcisio Oliveira\" \/>\n\t<meta name=\"twitter:label2\" content=\"Est. tempo de leitura\" \/>\n\t<meta name=\"twitter:data2\" content=\"2 minutos\" \/>\n<script type=\"application\/ld+json\" class=\"yoast-schema-graph\">{\"@context\":\"https:\/\/schema.org\",\"@graph\":[{\"@type\":\"Article\",\"@id\":\"https:\/\/www.pm.pb.gov.br\/portal\/2019\/06\/09\/operacao-festas-juninas-prende-suspeitos-de-diversos-crimes-no-sertao\/#article\",\"isPartOf\":{\"@id\":\"https:\/\/www.pm.pb.gov.br\/portal\/2019\/06\/09\/operacao-festas-juninas-prende-suspeitos-de-diversos-crimes-no-sertao\/\"},\"author\":{\"name\":\"Tarcisio Oliveira\",\"@id\":\"https:\/\/www.pm.pb.gov.br\/portal\/#\/schema\/person\/f84f56dcc78ce4357054da888b8247fd\"},\"headline\":\"Opera\u00e7\u00e3o Festas Juninas prende suspeitos de diversos crimes no Sert\u00e3o\",\"datePublished\":\"2019-06-09T21:00:57+00:00\",\"dateModified\":\"2019-06-10T01:58:06+00:00\",\"mainEntityOfPage\":{\"@id\":\"https:\/\/www.pm.pb.gov.br\/portal\/2019\/06\/09\/operacao-festas-juninas-prende-suspeitos-de-diversos-crimes-no-sertao\/\"},\"wordCount\":473,\"publisher\":{\"@id\":\"https:\/\/www.pm.pb.gov.br\/portal\/#organization\"},\"articleSection\":[\"A\u00e7\u00f5es Policiais\"],\"inLanguage\":\"pt-BR\"},{\"@type\":\"WebPage\",\"@id\":\"https:\/\/www.pm.pb.gov.br\/portal\/2019\/06\/09\/operacao-festas-juninas-prende-suspeitos-de-diversos-crimes-no-sertao\/\",\"url\":\"https:\/\/www.pm.pb.gov.br\/portal\/2019\/06\/09\/operacao-festas-juninas-prende-suspeitos-de-diversos-crimes-no-sertao\/\",\"name\":\"Opera\u00e7\u00e3o Festas Juninas prende suspeitos de diversos crimes no Sert\u00e3o - Pol\u00edcia Militar da Para\u00edba\",\"isPartOf\":{\"@id\":\"https:\/\/www.pm.pb.gov.br\/portal\/#website\"},\"datePublished\":\"2019-06-09T21:00:57+00:00\",\"dateModified\":\"2019-06-10T01:58:06+00:00\",\"breadcrumb\":{\"@id\":\"https:\/\/www.pm.pb.gov.br\/portal\/2019\/06\/09\/operacao-festas-juninas-prende-suspeitos-de-diversos-crimes-no-sertao\/#breadcrumb\"},\"inLanguage\":\"pt-BR\",\"potentialAction\":[{\"@type\":\"ReadAction\",\"target\":[\"https:\/\/www.pm.pb.gov.br\/portal\/2019\/06\/09\/operacao-festas-juninas-prende-suspeitos-de-diversos-crimes-no-sertao\/\"]}]},{\"@type\":\"BreadcrumbList\",\"@id\":\"https:\/\/www.pm.pb.gov.br\/portal\/2019\/06\/09\/operacao-festas-juninas-prende-suspeitos-de-diversos-crimes-no-sertao\/#breadcrumb\",\"itemListElement\":[{\"@type\":\"ListItem\",\"position\":1,\"name\":\"In\u00edcio\",\"item\":\"https:\/\/www.pm.pb.gov.br\/portal\/\"},{\"@type\":\"ListItem\",\"position\":2,\"name\":\"Opera\u00e7\u00e3o Festas Juninas prende suspeitos de diversos crimes no Sert\u00e3o\"}]},{\"@type\":\"WebSite\",\"@id\":\"https:\/\/www.pm.pb.gov.br\/portal\/#website\",\"url\":\"https:\/\/www.pm.pb.gov.br\/portal\/\",\"name\":\"Pol\u00edcia Militar da Para\u00edba\",\"description\":\"\",\"publisher\":{\"@id\":\"https:\/\/www.pm.pb.gov.br\/portal\/#organization\"},\"potentialAction\":[{\"@type\":\"SearchAction\",\"target\":{\"@type\":\"EntryPoint\",\"urlTemplate\":\"https:\/\/www.pm.pb.gov.br\/portal\/?s={search_term_string}\"},\"query-input\":\"required name=search_term_string\"}],\"inLanguage\":\"pt-BR\"},{\"@type\":\"Organization\",\"@id\":\"https:\/\/www.pm.pb.gov.br\/portal\/#organization\",\"name\":\"Pol\u00edcia Militar da Para\u00edba\",\"url\":\"https:\/\/www.pm.pb.gov.br\/portal\/\",\"logo\":{\"@type\":\"ImageObject\",\"inLanguage\":\"pt-BR\",\"@id\":\"https:\/\/www.pm.pb.gov.br\/portal\/#\/schema\/logo\/image\/\",\"url\":\"https:\/\/www.pm.pb.gov.br\/portal\/wp-content\/uploads\/2025\/03\/cropped-logo-site-mag2-1.png\",\"contentUrl\":\"https:\/\/www.pm.pb.gov.br\/portal\/wp-content\/uploads\/2025\/03\/cropped-logo-site-mag2-1.png\",\"width\":320,\"height\":90,\"caption\":\"Pol\u00edcia Militar da Para\u00edba\"},\"image\":{\"@id\":\"https:\/\/www.pm.pb.gov.br\/portal\/#\/schema\/logo\/image\/\"}},{\"@type\":\"Person\",\"@id\":\"https:\/\/www.pm.pb.gov.br\/portal\/#\/schema\/person\/f84f56dcc78ce4357054da888b8247fd\",\"name\":\"Tarcisio Oliveira\",\"image\":{\"@type\":\"ImageObject\",\"inLanguage\":\"pt-BR\",\"@id\":\"https:\/\/www.pm.pb.gov.br\/portal\/#\/schema\/person\/image\/\",\"url\":\"https:\/\/secure.gravatar.com\/avatar\/72917b630b69d31cd0297507f34bac97?s=96&d=mm&r=g\",\"contentUrl\":\"https:\/\/secure.gravatar.com\/avatar\/72917b630b69d31cd0297507f34bac97?s=96&d=mm&r=g\",\"caption\":\"Tarcisio Oliveira\"},\"url\":\"https:\/\/www.pm.pb.gov.br\/portal\/author\/tarcisio\/\"}]}<\/script>\n<!-- \/ Yoast SEO plugin. -->","yoast_head_json":{"title":"Opera\u00e7\u00e3o Festas Juninas prende suspeitos de diversos crimes no Sert\u00e3o - Pol\u00edcia Militar da Para\u00edba","robots":{"index":"index","follow":"follow","max-snippet":"max-snippet:-1","max-image-preview":"max-image-preview:large","max-video-preview":"max-video-preview:-1"},"canonical":"https:\/\/www.pm.pb.gov.br\/portal\/2019\/06\/09\/operacao-festas-juninas-prende-suspeitos-de-diversos-crimes-no-sertao\/","og_locale":"pt_BR","og_type":"article","og_title":"Opera\u00e7\u00e3o Festas Juninas prende suspeitos de diversos crimes no Sert\u00e3o - Pol\u00edcia Militar da Para\u00edba","og_description":"A Pol\u00edcia Militar segue com a\u00e7\u00f5es em todo o estado durante a Opera\u00e7\u00e3o Festas Juninas, que visa combater os crimes","og_url":"https:\/\/www.pm.pb.gov.br\/portal\/2019\/06\/09\/operacao-festas-juninas-prende-suspeitos-de-diversos-crimes-no-sertao\/","og_site_name":"Pol\u00edcia Militar da Para\u00edba","article_published_time":"2019-06-09T21:00:57+00:00","article_modified_time":"2019-06-10T01:58:06+00:00","og_image":[{"width":800,"height":445,"url":"https:\/\/www.pm.pb.gov.br\/portal\/wp-content\/uploads\/2019\/04\/catoledorochasite.jpeg","type":"image\/jpeg"}],"author":"Tarcisio Oliveira","twitter_card":"summary_large_image","twitter_misc":{"Escrito por":"Tarcisio Oliveira","Est. tempo de leitura":"2 minutos"},"schema":{"@context":"https:\/\/schema.org","@graph":[{"@type":"Article","@id":"https:\/\/www.pm.pb.gov.br\/portal\/2019\/06\/09\/operacao-festas-juninas-prende-suspeitos-de-diversos-crimes-no-sertao\/#article","isPartOf":{"@id":"https:\/\/www.pm.pb.gov.br\/portal\/2019\/06\/09\/operacao-festas-juninas-prende-suspeitos-de-diversos-crimes-no-sertao\/"},"author":{"name":"Tarcisio Oliveira","@id":"https:\/\/www.pm.pb.gov.br\/portal\/#\/schema\/person\/f84f56dcc78ce4357054da888b8247fd"},"headline":"Opera\u00e7\u00e3o Festas Juninas prende suspeitos de diversos crimes no Sert\u00e3o","datePublished":"2019-06-09T21:00:57+00:00","dateModified":"2019-06-10T01:58:06+00:00","mainEntityOfPage":{"@id":"https:\/\/www.pm.pb.gov.br\/portal\/2019\/06\/09\/operacao-festas-juninas-prende-suspeitos-de-diversos-crimes-no-sertao\/"},"wordCount":473,"publisher":{"@id":"https:\/\/www.pm.pb.gov.br\/portal\/#organization"},"articleSection":["A\u00e7\u00f5es Policiais"],"inLanguage":"pt-BR"},{"@type":"WebPage","@id":"https:\/\/www.pm.pb.gov.br\/portal\/2019\/06\/09\/operacao-festas-juninas-prende-suspeitos-de-diversos-crimes-no-sertao\/","url":"https:\/\/www.pm.pb.gov.br\/portal\/2019\/06\/09\/operacao-festas-juninas-prende-suspeitos-de-diversos-crimes-no-sertao\/","name":"Opera\u00e7\u00e3o Festas Juninas prende suspeitos de diversos crimes no Sert\u00e3o - Pol\u00edcia Militar da Para\u00edba","isPartOf":{"@id":"https:\/\/www.pm.pb.gov.br\/portal\/#website"},"datePublished":"2019-06-09T21:00:57+00:00","dateModified":"2019-06-10T01:58:06+00:00","breadcrumb":{"@id":"https:\/\/www.pm.pb.gov.br\/portal\/2019\/06\/09\/operacao-festas-juninas-prende-suspeitos-de-diversos-crimes-no-sertao\/#breadcrumb"},"inLanguage":"pt-BR","potentialAction":[{"@type":"ReadAction","target":["https:\/\/www.pm.pb.gov.br\/portal\/2019\/06\/09\/operacao-festas-juninas-prende-suspeitos-de-diversos-crimes-no-sertao\/"]}]},{"@type":"BreadcrumbList","@id":"https:\/\/www.pm.pb.gov.br\/portal\/2019\/06\/09\/operacao-festas-juninas-prende-suspeitos-de-diversos-crimes-no-sertao\/#breadcrumb","itemListElement":[{"@type":"ListItem","position":1,"name":"In\u00edcio","item":"https:\/\/www.pm.pb.gov.br\/portal\/"},{"@type":"ListItem","position":2,"name":"Opera\u00e7\u00e3o Festas Juninas prende suspeitos de diversos crimes no Sert\u00e3o"}]},{"@type":"WebSite","@id":"https:\/\/www.pm.pb.gov.br\/portal\/#website","url":"https:\/\/www.pm.pb.gov.br\/portal\/","name":"Pol\u00edcia Militar da Para\u00edba","description":"","publisher":{"@id":"https:\/\/www.pm.pb.gov.br\/portal\/#organization"},"potentialAction":[{"@type":"SearchAction","target":{"@type":"EntryPoint","urlTemplate":"https:\/\/www.pm.pb.gov.br\/portal\/?s={search_term_string}"},"query-input":"required name=search_term_string"}],"inLanguage":"pt-BR"},{"@type":"Organization","@id":"https:\/\/www.pm.pb.gov.br\/portal\/#organization","name":"Pol\u00edcia Militar da Para\u00edba","url":"https:\/\/www.pm.pb.gov.br\/portal\/","logo":{"@type":"ImageObject","inLanguage":"pt-BR","@id":"https:\/\/www.pm.pb.gov.br\/portal\/#\/schema\/logo\/image\/","url":"https:\/\/www.pm.pb.gov.br\/portal\/wp-content\/uploads\/2025\/03\/cropped-logo-site-mag2-1.png","contentUrl":"https:\/\/www.pm.pb.gov.br\/portal\/wp-content\/uploads\/2025\/03\/cropped-logo-site-mag2-1.png","width":320,"height":90,"caption":"Pol\u00edcia Militar da Para\u00edba"},"image":{"@id":"https:\/\/www.pm.pb.gov.br\/portal\/#\/schema\/logo\/image\/"}},{"@type":"Person","@id":"https:\/\/www.pm.pb.gov.br\/portal\/#\/schema\/person\/f84f56dcc78ce4357054da888b8247fd","name":"Tarcisio Oliveira","image":{"@type":"ImageObject","inLanguage":"pt-BR","@id":"https:\/\/www.pm.pb.gov.br\/portal\/#\/schema\/person\/image\/","url":"https:\/\/secure.gravatar.com\/avatar\/72917b630b69d31cd0297507f34bac97?s=96&d=mm&r=g","contentUrl":"https:\/\/secure.gravatar.com\/avatar\/72917b630b69d31cd0297507f34bac97?s=96&d=mm&r=g","caption":"Tarcisio Oliveira"},"url":"https:\/\/www.pm.pb.gov.br\/portal\/author\/tarcisio\/"}]}},"_links":{"self":[{"href":"https:\/\/www.pm.pb.gov.br\/portal\/wp-json\/wp\/v2\/posts\/901165"}],"collection":[{"href":"https:\/\/www.pm.pb.gov.br\/portal\/wp-json\/wp\/v2\/posts"}],"about":[{"href":"https:\/\/www.pm.pb.gov.br\/portal\/wp-json\/wp\/v2\/types\/post"}],"author":[{"embeddable":true,"href":"https:\/\/www.pm.pb.gov.br\/portal\/wp-json\/wp\/v2\/users\/12"}],"replies":[{"embeddable":true,"href":"https:\/\/www.pm.pb.gov.br\/portal\/wp-json\/wp\/v2\/comments?post=901165"}],"version-history":[{"count":2,"href":"https:\/\/www.pm.pb.gov.br\/portal\/wp-json\/wp\/v2\/posts\/901165\/revisions"}],"predecessor-version":[{"id":901167,"href":"https:\/\/www.pm.pb.gov.br\/portal\/wp-json\/wp\/v2\/posts\/901165\/revisions\/901167"}],"wp:featuredmedia":[{"embeddable":true,"href":"https:\/\/www.pm.pb.gov.br\/portal\/wp-json\/wp\/v2\/media\/900537"}],"wp:attachment":[{"href":"https:\/\/www.pm.pb.gov.br\/portal\/wp-json\/wp\/v2\/media?parent=901165"}],"wp:term":[{"taxonomy":"category","embeddable":true,"href":"https:\/\/www.pm.pb.gov.br\/portal\/wp-json\/wp\/v2\/categories?post=901165"},{"taxonomy":"post_tag","embeddable":true,"href":"https:\/\/www.pm.pb.gov.br\/portal\/wp-json\/wp\/v2\/tags?post=901165"}],"curies":[{"name":"wp","href":"https:\/\/api.w.org\/{rel}","templated":true}]}}