{"id":901156,"date":"2019-06-08T18:11:30","date_gmt":"2019-06-08T21:11:30","guid":{"rendered":"http:\/\/www.pm.pb.gov.br\/portal\/?p=901156"},"modified":"2019-06-09T01:12:11","modified_gmt":"2019-06-09T04:12:11","slug":"operacao-festas-juninas-policia-militar-realiza-a-maior-apreensao-de-armas-de-fogo-e-desarticula-oficina-de-armas-no-cariri","status":"publish","type":"post","link":"https:\/\/www.pm.pb.gov.br\/portal\/2019\/06\/08\/operacao-festas-juninas-policia-militar-realiza-a-maior-apreensao-de-armas-de-fogo-e-desarticula-oficina-de-armas-no-cariri\/","title":{"rendered":"OPERA\u00c7\u00c3O FESTAS JUNINAS: Pol\u00edcia Militar realiza a maior apreens\u00e3o de armas de fogo e desarticula \u201coficina de armas\u201d no Cariri"},"content":{"rendered":"\n<p>A Pol\u00edcia Militar realizou a maior apreens\u00e3o de armas de fogo, em uma \u00fanica ocorr\u00eancia, at\u00e9 ent\u00e3o neste ano de 2019. Foram 29 armas entre espingardas de diversos calibres, pistola, armas curtas, cartuchos e v\u00e1rios materiais para manuten\u00e7\u00e3o e conserto que foram apreendidos nesse s\u00e1bado (08), na zona rural de Serra Branca, regi\u00e3o do cariri ocidental paraibano. A a\u00e7\u00e3o fez parte da Opera\u00e7\u00e3o Festas Juninas, deflagrada pela PM nessa \u00faltima sexta-feira.<\/p>\n<p>Todo o material estava em uma \u201coficina de armas\u201d que foi desarticulada pela a\u00e7\u00e3o dos policiais da Rondas Ostensivas T\u00e1ticas com Apoio de Motocicletas (Rotam), do 11\u00ba Batalh\u00e3o. \u201cA partir de uma den\u00fancia an\u00f4nima, chegamos a um s\u00edtio na zona rural de Serra Branca, em uma localidade de dif\u00edcil acesso, e identificamos o estabelecimento que servia para conserto e manuten\u00e7\u00e3o de armas\u201d, explicou o sargento Cleudo Caldeira, que comandou a a\u00e7\u00e3o.<\/p>\n<p>Um homem de 71 anos de idade, dono da propriedade, foi preso. \u201cEle n\u00e3o reagiu \u00e0 pris\u00e3o, disse que v\u00e1rias daquelas armas haviam sido deixadas ali h\u00e1 muito tempo, e que n\u00e3o lembrava quem eram os donos\u201d, disse o policial. No local, a PM encontrou ainda v\u00e1rias pe\u00e7as de armas desmontadas, como coronhas, canos, al\u00e9m de cartuchos, p\u00f3lvoras, chumbo e espoleta, materiais que s\u00e3o comumente usados para fabrica\u00e7\u00e3o de muni\u00e7\u00f5es.<\/p>\n<p><img loading=\"lazy\" decoding=\"async\" class=\"alignnone size-medium wp-image-901158\" src=\"http:\/\/www.pm.pb.gov.br\/portal\/wp-content\/uploads\/2019\/06\/WhatsApp-Image-2019-06-08-at-23.07.19-11-800x333.jpeg\" alt=\"\" width=\"800\" height=\"333\" srcset=\"https:\/\/www.pm.pb.gov.br\/portal\/wp-content\/uploads\/2019\/06\/WhatsApp-Image-2019-06-08-at-23.07.19-11-800x333.jpeg 800w, https:\/\/www.pm.pb.gov.br\/portal\/wp-content\/uploads\/2019\/06\/WhatsApp-Image-2019-06-08-at-23.07.19-11-768x320.jpeg 768w, https:\/\/www.pm.pb.gov.br\/portal\/wp-content\/uploads\/2019\/06\/WhatsApp-Image-2019-06-08-at-23.07.19-11-1024x426.jpeg 1024w, https:\/\/www.pm.pb.gov.br\/portal\/wp-content\/uploads\/2019\/06\/WhatsApp-Image-2019-06-08-at-23.07.19-11.jpeg 1280w\" sizes=\"(max-width: 800px) 100vw, 800px\" \/><\/p>\n<p>Todo o material, o suspeito preso, e as armas apreendidas foram encaminhados para a Delegacia de Monteiro e dever\u00e3o ser investigados.<\/p>\n","protected":false},"excerpt":{"rendered":"<p>A Pol\u00edcia Militar realizou a maior apreens\u00e3o de armas de fogo, em uma \u00fanica ocorr\u00eancia, at\u00e9 ent\u00e3o neste ano de<\/p>\n","protected":false},"author":12,"featured_media":901157,"comment_status":"closed","ping_status":"closed","sticky":false,"template":"","format":"standard","meta":{"_exactmetrics_skip_tracking":false,"_exactmetrics_sitenote_active":false,"_exactmetrics_sitenote_note":"","_exactmetrics_sitenote_category":0,"footnotes":""},"categories":[4],"tags":[],"yoast_head":"<!-- This site is optimized with the Yoast SEO plugin v22.0 - https:\/\/yoast.com\/wordpress\/plugins\/seo\/ -->\n<title>OPERA\u00c7\u00c3O FESTAS JUNINAS: Pol\u00edcia Militar realiza a maior apreens\u00e3o de armas de fogo e desarticula \u201coficina de armas\u201d no Cariri - Pol\u00edcia Militar da Para\u00edba<\/title>\n<meta name=\"robots\" content=\"index, follow, max-snippet:-1, max-image-preview:large, max-video-preview:-1\" \/>\n<link rel=\"canonical\" href=\"https:\/\/www.pm.pb.gov.br\/portal\/2019\/06\/08\/operacao-festas-juninas-policia-militar-realiza-a-maior-apreensao-de-armas-de-fogo-e-desarticula-oficina-de-armas-no-cariri\/\" \/>\n<meta property=\"og:locale\" content=\"pt_BR\" \/>\n<meta property=\"og:type\" content=\"article\" \/>\n<meta property=\"og:title\" content=\"OPERA\u00c7\u00c3O FESTAS JUNINAS: Pol\u00edcia Militar realiza a maior apreens\u00e3o de armas de fogo e desarticula \u201coficina de armas\u201d no Cariri - Pol\u00edcia Militar da Para\u00edba\" \/>\n<meta property=\"og:description\" content=\"A Pol\u00edcia Militar realizou a maior apreens\u00e3o de armas de fogo, em uma \u00fanica ocorr\u00eancia, at\u00e9 ent\u00e3o neste ano de\" \/>\n<meta property=\"og:url\" content=\"https:\/\/www.pm.pb.gov.br\/portal\/2019\/06\/08\/operacao-festas-juninas-policia-militar-realiza-a-maior-apreensao-de-armas-de-fogo-e-desarticula-oficina-de-armas-no-cariri\/\" \/>\n<meta property=\"og:site_name\" content=\"Pol\u00edcia Militar da Para\u00edba\" \/>\n<meta property=\"article:published_time\" content=\"2019-06-08T21:11:30+00:00\" \/>\n<meta property=\"article:modified_time\" content=\"2019-06-09T04:12:11+00:00\" \/>\n<meta property=\"og:image\" content=\"https:\/\/www.pm.pb.gov.br\/portal\/wp-content\/uploads\/2019\/06\/principal.jpeg\" \/>\n\t<meta property=\"og:image:width\" content=\"800\" \/>\n\t<meta property=\"og:image:height\" content=\"445\" \/>\n\t<meta property=\"og:image:type\" content=\"image\/jpeg\" \/>\n<meta name=\"author\" content=\"Tarcisio Oliveira\" \/>\n<meta name=\"twitter:card\" content=\"summary_large_image\" \/>\n<meta name=\"twitter:label1\" content=\"Escrito por\" \/>\n\t<meta name=\"twitter:data1\" content=\"Tarcisio Oliveira\" \/>\n\t<meta name=\"twitter:label2\" content=\"Est. tempo de leitura\" \/>\n\t<meta name=\"twitter:data2\" content=\"1 minuto\" \/>\n<script type=\"application\/ld+json\" class=\"yoast-schema-graph\">{\"@context\":\"https:\/\/schema.org\",\"@graph\":[{\"@type\":\"Article\",\"@id\":\"https:\/\/www.pm.pb.gov.br\/portal\/2019\/06\/08\/operacao-festas-juninas-policia-militar-realiza-a-maior-apreensao-de-armas-de-fogo-e-desarticula-oficina-de-armas-no-cariri\/#article\",\"isPartOf\":{\"@id\":\"https:\/\/www.pm.pb.gov.br\/portal\/2019\/06\/08\/operacao-festas-juninas-policia-militar-realiza-a-maior-apreensao-de-armas-de-fogo-e-desarticula-oficina-de-armas-no-cariri\/\"},\"author\":{\"name\":\"Tarcisio Oliveira\",\"@id\":\"https:\/\/www.pm.pb.gov.br\/portal\/#\/schema\/person\/f84f56dcc78ce4357054da888b8247fd\"},\"headline\":\"OPERA\u00c7\u00c3O FESTAS JUNINAS: Pol\u00edcia Militar realiza a maior apreens\u00e3o de armas de fogo e desarticula \u201coficina de armas\u201d no Cariri\",\"datePublished\":\"2019-06-08T21:11:30+00:00\",\"dateModified\":\"2019-06-09T04:12:11+00:00\",\"mainEntityOfPage\":{\"@id\":\"https:\/\/www.pm.pb.gov.br\/portal\/2019\/06\/08\/operacao-festas-juninas-policia-militar-realiza-a-maior-apreensao-de-armas-de-fogo-e-desarticula-oficina-de-armas-no-cariri\/\"},\"wordCount\":281,\"publisher\":{\"@id\":\"https:\/\/www.pm.pb.gov.br\/portal\/#organization\"},\"articleSection\":[\"A\u00e7\u00f5es Policiais\"],\"inLanguage\":\"pt-BR\"},{\"@type\":\"WebPage\",\"@id\":\"https:\/\/www.pm.pb.gov.br\/portal\/2019\/06\/08\/operacao-festas-juninas-policia-militar-realiza-a-maior-apreensao-de-armas-de-fogo-e-desarticula-oficina-de-armas-no-cariri\/\",\"url\":\"https:\/\/www.pm.pb.gov.br\/portal\/2019\/06\/08\/operacao-festas-juninas-policia-militar-realiza-a-maior-apreensao-de-armas-de-fogo-e-desarticula-oficina-de-armas-no-cariri\/\",\"name\":\"OPERA\u00c7\u00c3O FESTAS JUNINAS: Pol\u00edcia Militar realiza a maior apreens\u00e3o de armas de fogo e desarticula \u201coficina de armas\u201d no Cariri - Pol\u00edcia Militar da Para\u00edba\",\"isPartOf\":{\"@id\":\"https:\/\/www.pm.pb.gov.br\/portal\/#website\"},\"datePublished\":\"2019-06-08T21:11:30+00:00\",\"dateModified\":\"2019-06-09T04:12:11+00:00\",\"breadcrumb\":{\"@id\":\"https:\/\/www.pm.pb.gov.br\/portal\/2019\/06\/08\/operacao-festas-juninas-policia-militar-realiza-a-maior-apreensao-de-armas-de-fogo-e-desarticula-oficina-de-armas-no-cariri\/#breadcrumb\"},\"inLanguage\":\"pt-BR\",\"potentialAction\":[{\"@type\":\"ReadAction\",\"target\":[\"https:\/\/www.pm.pb.gov.br\/portal\/2019\/06\/08\/operacao-festas-juninas-policia-militar-realiza-a-maior-apreensao-de-armas-de-fogo-e-desarticula-oficina-de-armas-no-cariri\/\"]}]},{\"@type\":\"BreadcrumbList\",\"@id\":\"https:\/\/www.pm.pb.gov.br\/portal\/2019\/06\/08\/operacao-festas-juninas-policia-militar-realiza-a-maior-apreensao-de-armas-de-fogo-e-desarticula-oficina-de-armas-no-cariri\/#breadcrumb\",\"itemListElement\":[{\"@type\":\"ListItem\",\"position\":1,\"name\":\"In\u00edcio\",\"item\":\"https:\/\/www.pm.pb.gov.br\/portal\/\"},{\"@type\":\"ListItem\",\"position\":2,\"name\":\"OPERA\u00c7\u00c3O FESTAS JUNINAS: Pol\u00edcia Militar realiza a maior apreens\u00e3o de armas de fogo e desarticula \u201coficina de armas\u201d no Cariri\"}]},{\"@type\":\"WebSite\",\"@id\":\"https:\/\/www.pm.pb.gov.br\/portal\/#website\",\"url\":\"https:\/\/www.pm.pb.gov.br\/portal\/\",\"name\":\"Pol\u00edcia Militar da Para\u00edba\",\"description\":\"\",\"publisher\":{\"@id\":\"https:\/\/www.pm.pb.gov.br\/portal\/#organization\"},\"potentialAction\":[{\"@type\":\"SearchAction\",\"target\":{\"@type\":\"EntryPoint\",\"urlTemplate\":\"https:\/\/www.pm.pb.gov.br\/portal\/?s={search_term_string}\"},\"query-input\":\"required name=search_term_string\"}],\"inLanguage\":\"pt-BR\"},{\"@type\":\"Organization\",\"@id\":\"https:\/\/www.pm.pb.gov.br\/portal\/#organization\",\"name\":\"Pol\u00edcia Militar da Para\u00edba\",\"url\":\"https:\/\/www.pm.pb.gov.br\/portal\/\",\"logo\":{\"@type\":\"ImageObject\",\"inLanguage\":\"pt-BR\",\"@id\":\"https:\/\/www.pm.pb.gov.br\/portal\/#\/schema\/logo\/image\/\",\"url\":\"https:\/\/www.pm.pb.gov.br\/portal\/wp-content\/uploads\/2025\/03\/cropped-logo-site-mag2-1.png\",\"contentUrl\":\"https:\/\/www.pm.pb.gov.br\/portal\/wp-content\/uploads\/2025\/03\/cropped-logo-site-mag2-1.png\",\"width\":320,\"height\":90,\"caption\":\"Pol\u00edcia Militar da Para\u00edba\"},\"image\":{\"@id\":\"https:\/\/www.pm.pb.gov.br\/portal\/#\/schema\/logo\/image\/\"}},{\"@type\":\"Person\",\"@id\":\"https:\/\/www.pm.pb.gov.br\/portal\/#\/schema\/person\/f84f56dcc78ce4357054da888b8247fd\",\"name\":\"Tarcisio Oliveira\",\"image\":{\"@type\":\"ImageObject\",\"inLanguage\":\"pt-BR\",\"@id\":\"https:\/\/www.pm.pb.gov.br\/portal\/#\/schema\/person\/image\/\",\"url\":\"https:\/\/secure.gravatar.com\/avatar\/72917b630b69d31cd0297507f34bac97?s=96&d=mm&r=g\",\"contentUrl\":\"https:\/\/secure.gravatar.com\/avatar\/72917b630b69d31cd0297507f34bac97?s=96&d=mm&r=g\",\"caption\":\"Tarcisio Oliveira\"},\"url\":\"https:\/\/www.pm.pb.gov.br\/portal\/author\/tarcisio\/\"}]}<\/script>\n<!-- \/ Yoast SEO plugin. -->","yoast_head_json":{"title":"OPERA\u00c7\u00c3O FESTAS JUNINAS: Pol\u00edcia Militar realiza a maior apreens\u00e3o de armas de fogo e desarticula \u201coficina de armas\u201d no Cariri - Pol\u00edcia Militar da Para\u00edba","robots":{"index":"index","follow":"follow","max-snippet":"max-snippet:-1","max-image-preview":"max-image-preview:large","max-video-preview":"max-video-preview:-1"},"canonical":"https:\/\/www.pm.pb.gov.br\/portal\/2019\/06\/08\/operacao-festas-juninas-policia-militar-realiza-a-maior-apreensao-de-armas-de-fogo-e-desarticula-oficina-de-armas-no-cariri\/","og_locale":"pt_BR","og_type":"article","og_title":"OPERA\u00c7\u00c3O FESTAS JUNINAS: Pol\u00edcia Militar realiza a maior apreens\u00e3o de armas de fogo e desarticula \u201coficina de armas\u201d no Cariri - Pol\u00edcia Militar da Para\u00edba","og_description":"A Pol\u00edcia Militar realizou a maior apreens\u00e3o de armas de fogo, em uma \u00fanica ocorr\u00eancia, at\u00e9 ent\u00e3o neste ano de","og_url":"https:\/\/www.pm.pb.gov.br\/portal\/2019\/06\/08\/operacao-festas-juninas-policia-militar-realiza-a-maior-apreensao-de-armas-de-fogo-e-desarticula-oficina-de-armas-no-cariri\/","og_site_name":"Pol\u00edcia Militar da Para\u00edba","article_published_time":"2019-06-08T21:11:30+00:00","article_modified_time":"2019-06-09T04:12:11+00:00","og_image":[{"width":800,"height":445,"url":"https:\/\/www.pm.pb.gov.br\/portal\/wp-content\/uploads\/2019\/06\/principal.jpeg","type":"image\/jpeg"}],"author":"Tarcisio Oliveira","twitter_card":"summary_large_image","twitter_misc":{"Escrito por":"Tarcisio Oliveira","Est. tempo de leitura":"1 minuto"},"schema":{"@context":"https:\/\/schema.org","@graph":[{"@type":"Article","@id":"https:\/\/www.pm.pb.gov.br\/portal\/2019\/06\/08\/operacao-festas-juninas-policia-militar-realiza-a-maior-apreensao-de-armas-de-fogo-e-desarticula-oficina-de-armas-no-cariri\/#article","isPartOf":{"@id":"https:\/\/www.pm.pb.gov.br\/portal\/2019\/06\/08\/operacao-festas-juninas-policia-militar-realiza-a-maior-apreensao-de-armas-de-fogo-e-desarticula-oficina-de-armas-no-cariri\/"},"author":{"name":"Tarcisio Oliveira","@id":"https:\/\/www.pm.pb.gov.br\/portal\/#\/schema\/person\/f84f56dcc78ce4357054da888b8247fd"},"headline":"OPERA\u00c7\u00c3O FESTAS JUNINAS: Pol\u00edcia Militar realiza a maior apreens\u00e3o de armas de fogo e desarticula \u201coficina de armas\u201d no Cariri","datePublished":"2019-06-08T21:11:30+00:00","dateModified":"2019-06-09T04:12:11+00:00","mainEntityOfPage":{"@id":"https:\/\/www.pm.pb.gov.br\/portal\/2019\/06\/08\/operacao-festas-juninas-policia-militar-realiza-a-maior-apreensao-de-armas-de-fogo-e-desarticula-oficina-de-armas-no-cariri\/"},"wordCount":281,"publisher":{"@id":"https:\/\/www.pm.pb.gov.br\/portal\/#organization"},"articleSection":["A\u00e7\u00f5es Policiais"],"inLanguage":"pt-BR"},{"@type":"WebPage","@id":"https:\/\/www.pm.pb.gov.br\/portal\/2019\/06\/08\/operacao-festas-juninas-policia-militar-realiza-a-maior-apreensao-de-armas-de-fogo-e-desarticula-oficina-de-armas-no-cariri\/","url":"https:\/\/www.pm.pb.gov.br\/portal\/2019\/06\/08\/operacao-festas-juninas-policia-militar-realiza-a-maior-apreensao-de-armas-de-fogo-e-desarticula-oficina-de-armas-no-cariri\/","name":"OPERA\u00c7\u00c3O FESTAS JUNINAS: Pol\u00edcia Militar realiza a maior apreens\u00e3o de armas de fogo e desarticula \u201coficina de armas\u201d no Cariri - Pol\u00edcia Militar da Para\u00edba","isPartOf":{"@id":"https:\/\/www.pm.pb.gov.br\/portal\/#website"},"datePublished":"2019-06-08T21:11:30+00:00","dateModified":"2019-06-09T04:12:11+00:00","breadcrumb":{"@id":"https:\/\/www.pm.pb.gov.br\/portal\/2019\/06\/08\/operacao-festas-juninas-policia-militar-realiza-a-maior-apreensao-de-armas-de-fogo-e-desarticula-oficina-de-armas-no-cariri\/#breadcrumb"},"inLanguage":"pt-BR","potentialAction":[{"@type":"ReadAction","target":["https:\/\/www.pm.pb.gov.br\/portal\/2019\/06\/08\/operacao-festas-juninas-policia-militar-realiza-a-maior-apreensao-de-armas-de-fogo-e-desarticula-oficina-de-armas-no-cariri\/"]}]},{"@type":"BreadcrumbList","@id":"https:\/\/www.pm.pb.gov.br\/portal\/2019\/06\/08\/operacao-festas-juninas-policia-militar-realiza-a-maior-apreensao-de-armas-de-fogo-e-desarticula-oficina-de-armas-no-cariri\/#breadcrumb","itemListElement":[{"@type":"ListItem","position":1,"name":"In\u00edcio","item":"https:\/\/www.pm.pb.gov.br\/portal\/"},{"@type":"ListItem","position":2,"name":"OPERA\u00c7\u00c3O FESTAS JUNINAS: Pol\u00edcia Militar realiza a maior apreens\u00e3o de armas de fogo e desarticula \u201coficina de armas\u201d no Cariri"}]},{"@type":"WebSite","@id":"https:\/\/www.pm.pb.gov.br\/portal\/#website","url":"https:\/\/www.pm.pb.gov.br\/portal\/","name":"Pol\u00edcia Militar da Para\u00edba","description":"","publisher":{"@id":"https:\/\/www.pm.pb.gov.br\/portal\/#organization"},"potentialAction":[{"@type":"SearchAction","target":{"@type":"EntryPoint","urlTemplate":"https:\/\/www.pm.pb.gov.br\/portal\/?s={search_term_string}"},"query-input":"required name=search_term_string"}],"inLanguage":"pt-BR"},{"@type":"Organization","@id":"https:\/\/www.pm.pb.gov.br\/portal\/#organization","name":"Pol\u00edcia Militar da Para\u00edba","url":"https:\/\/www.pm.pb.gov.br\/portal\/","logo":{"@type":"ImageObject","inLanguage":"pt-BR","@id":"https:\/\/www.pm.pb.gov.br\/portal\/#\/schema\/logo\/image\/","url":"https:\/\/www.pm.pb.gov.br\/portal\/wp-content\/uploads\/2025\/03\/cropped-logo-site-mag2-1.png","contentUrl":"https:\/\/www.pm.pb.gov.br\/portal\/wp-content\/uploads\/2025\/03\/cropped-logo-site-mag2-1.png","width":320,"height":90,"caption":"Pol\u00edcia Militar da Para\u00edba"},"image":{"@id":"https:\/\/www.pm.pb.gov.br\/portal\/#\/schema\/logo\/image\/"}},{"@type":"Person","@id":"https:\/\/www.pm.pb.gov.br\/portal\/#\/schema\/person\/f84f56dcc78ce4357054da888b8247fd","name":"Tarcisio Oliveira","image":{"@type":"ImageObject","inLanguage":"pt-BR","@id":"https:\/\/www.pm.pb.gov.br\/portal\/#\/schema\/person\/image\/","url":"https:\/\/secure.gravatar.com\/avatar\/72917b630b69d31cd0297507f34bac97?s=96&d=mm&r=g","contentUrl":"https:\/\/secure.gravatar.com\/avatar\/72917b630b69d31cd0297507f34bac97?s=96&d=mm&r=g","caption":"Tarcisio Oliveira"},"url":"https:\/\/www.pm.pb.gov.br\/portal\/author\/tarcisio\/"}]}},"_links":{"self":[{"href":"https:\/\/www.pm.pb.gov.br\/portal\/wp-json\/wp\/v2\/posts\/901156"}],"collection":[{"href":"https:\/\/www.pm.pb.gov.br\/portal\/wp-json\/wp\/v2\/posts"}],"about":[{"href":"https:\/\/www.pm.pb.gov.br\/portal\/wp-json\/wp\/v2\/types\/post"}],"author":[{"embeddable":true,"href":"https:\/\/www.pm.pb.gov.br\/portal\/wp-json\/wp\/v2\/users\/12"}],"replies":[{"embeddable":true,"href":"https:\/\/www.pm.pb.gov.br\/portal\/wp-json\/wp\/v2\/comments?post=901156"}],"version-history":[{"count":2,"href":"https:\/\/www.pm.pb.gov.br\/portal\/wp-json\/wp\/v2\/posts\/901156\/revisions"}],"predecessor-version":[{"id":901160,"href":"https:\/\/www.pm.pb.gov.br\/portal\/wp-json\/wp\/v2\/posts\/901156\/revisions\/901160"}],"wp:featuredmedia":[{"embeddable":true,"href":"https:\/\/www.pm.pb.gov.br\/portal\/wp-json\/wp\/v2\/media\/901157"}],"wp:attachment":[{"href":"https:\/\/www.pm.pb.gov.br\/portal\/wp-json\/wp\/v2\/media?parent=901156"}],"wp:term":[{"taxonomy":"category","embeddable":true,"href":"https:\/\/www.pm.pb.gov.br\/portal\/wp-json\/wp\/v2\/categories?post=901156"},{"taxonomy":"post_tag","embeddable":true,"href":"https:\/\/www.pm.pb.gov.br\/portal\/wp-json\/wp\/v2\/tags?post=901156"}],"curies":[{"name":"wp","href":"https:\/\/api.w.org\/{rel}","templated":true}]}}