{"id":901144,"date":"2019-06-07T18:26:24","date_gmt":"2019-06-07T21:26:24","guid":{"rendered":"http:\/\/www.pm.pb.gov.br\/portal\/?p=901144"},"modified":"2019-06-07T18:26:25","modified_gmt":"2019-06-07T21:26:25","slug":"governo-lanca-operacao-sao-joao-entrega-viaturas-e-promove-militares","status":"publish","type":"post","link":"https:\/\/www.pm.pb.gov.br\/portal\/2019\/06\/07\/governo-lanca-operacao-sao-joao-entrega-viaturas-e-promove-militares\/","title":{"rendered":"Governo lan\u00e7a Opera\u00e7\u00e3o S\u00e3o Jo\u00e3o, entrega viaturas e promove militares"},"content":{"rendered":"\n<p>O governador Jo\u00e3o Azev\u00eado lan\u00e7ou, nesta sexta-feira (7), no Sesc Campina Grande, o planejamento operacional do S\u00e3o Jo\u00e3o 2019. Na ocasi\u00e3o, ele anunciou as promo\u00e7\u00f5es de mais de 600 policiais militares e de bombeiros militares e entregou 13 novas viaturas e 18 motos para a Pol\u00edcia Militar &#8211; um investimento superior a R$ 1,2 milh\u00e3o -, duas viaturas de combate a inc\u00eandio para o Corpo de Bombeiros, novos ve\u00edculos para a Pol\u00edcia Civil, sendo 32 substitu\u00eddos em todo o Estado, e armamentos para a Secretaria da Administra\u00e7\u00e3o Penitenci\u00e1ria.<br \/>\u00a0\u00a0\u00a0\u00a0\u00a0\u00a0\u00a0\u00a0\u00a0\u00a0\u00a0\u00a0\u00a0\u00a0\u00a0\u00a0\u00a0\u00a0\u00a0\u00a0\u00a0\u00a0\u00a0\u00a0\u00a0\u00a0\u00a0\u00a0\u00a0\u00a0<wbr \/>\u00a0\u00a0\u00a0\u00a0\u00a0\u00a0\u00a0\u00a0\u00a0\u00a0\u00a0\u00a0\u00a0<br \/>A solenidade foi prestigiada pela vice-governadora L\u00edgia Feliciano, pelo senador Veneziano Vital do R\u00eago, por deputados estaduais, vereadores e auxiliares do Governo da Para\u00edba.<br \/>\u00a0<br \/>Na ocasi\u00e3o, o chefe do Executivo estadual destacou que o Governo tem promovido grandes investimentos e valorizado os homens e mulheres que integram as for\u00e7as de Seguran\u00e7a. \u201cTodas essas a\u00e7\u00f5es t\u00eam feito a diferen\u00e7a na Para\u00edba e um grande aparato de seguran\u00e7a estar\u00e1 voltado para todas as cidades que realizam festas juninas\u201d, assegurou.<br \/>\u00a0<br \/>Ele tamb\u00e9m evidenciou que o S\u00e3o Jo\u00e3o de Campina Grande contar\u00e1 com o aux\u00edlio do sistema de monitoramento e do helic\u00f3ptero Acau\u00e3 2. \u201cAl\u00e9m disso e da presen\u00e7a da Pol\u00edcia Militar e do Corpo de Bombeiros, n\u00f3s refor\u00e7amos o Hospital de Trauma e destinamos R$ 2 milh\u00f5es para os comerciantes do Parque do Povo, por meio do programa Empreender; \u00e9 assim que demonstramos o respeito pelo povo paraibano e por Campina Grande\u201d, completou.<br \/>\u00a0<br \/>O secret\u00e1rio da Seguran\u00e7a e da Defesa Social, Jean Francisco Nunes, ressaltou que o planejamento operacional apresentado nesta sexta-feira tem o objetivo de garantir a tranquilidade da popula\u00e7\u00e3o da Para\u00edba e dos turistas. \u201cFazer o lan\u00e7amento da Opera\u00e7\u00e3o S\u00e3o Jo\u00e3o em Campina Grande tem um simbolismo por conta da grandiosidade do evento realizado na cidade e n\u00f3s chegamos com toda nossa for\u00e7a para usar a tecnologia a favor da seguran\u00e7a com o teste do sistema de monitoramento\u201d, frisou.<br \/>\u00a0<br \/>O secret\u00e1rio da Administra\u00e7\u00e3o Penitenci\u00e1ria, S\u00e9rgio Fonseca, afirmou que os fuzis e pistolas entregues ser\u00e3o destinados ao Complexo Prisional de Campina Grande. \u201cN\u00f3s tamb\u00e9m integramos essa Opera\u00e7\u00e3o voltada para os festejos juninos da Para\u00edba e iremos trabalhar em conjunto com os outros \u00f3rg\u00e3os para refor\u00e7ar os pres\u00eddios com os nossos agentes\u201d, pontuou.<br \/>\u00a0<br \/>O comandante-geral da Pol\u00edcia Militar, coronel Euller Chaves, enalteceu o compromisso do Governo do Estado de investir nas pessoas que integram as for\u00e7as de Seguran\u00e7a ao assegurar as promo\u00e7\u00f5es dos militares. \u201cEssa \u00e9 uma a\u00e7\u00e3o fundamental para o trabalho do policial que precisa estar motivado para exercer um servi\u00e7o adequado. Eu agrade\u00e7o a sensibilidade do governador Jo\u00e3o Azev\u00eado de viabilizar essas ascens\u00f5es e iremos cumprir com o nosso dever com foco e respeito\u201d, garantiu.<\/p>\n<p><img loading=\"lazy\" decoding=\"async\" class=\"wp-image-901147 aligncenter\" src=\"http:\/\/www.pm.pb.gov.br\/portal\/wp-content\/uploads\/2019\/06\/WhatsApp-Image-2019-06-07-at-13.30.29-668x445.jpeg\" alt=\"\" width=\"505\" height=\"336\" srcset=\"https:\/\/www.pm.pb.gov.br\/portal\/wp-content\/uploads\/2019\/06\/WhatsApp-Image-2019-06-07-at-13.30.29-668x445.jpeg 668w, https:\/\/www.pm.pb.gov.br\/portal\/wp-content\/uploads\/2019\/06\/WhatsApp-Image-2019-06-07-at-13.30.29-768x512.jpeg 768w, https:\/\/www.pm.pb.gov.br\/portal\/wp-content\/uploads\/2019\/06\/WhatsApp-Image-2019-06-07-at-13.30.29-855x570.jpeg 855w, https:\/\/www.pm.pb.gov.br\/portal\/wp-content\/uploads\/2019\/06\/WhatsApp-Image-2019-06-07-at-13.30.29-272x182.jpeg 272w, https:\/\/www.pm.pb.gov.br\/portal\/wp-content\/uploads\/2019\/06\/WhatsApp-Image-2019-06-07-at-13.30.29.jpeg 1280w\" sizes=\"(max-width: 505px) 100vw, 505px\" \/>O comandante-geral do Corpo de Bombeiros, coronel Marcelo Ara\u00fajo, disse que os equipamentos entregues \u00e0 Corpora\u00e7\u00e3o ser\u00e3o essenciais para o trabalho que ser\u00e1 desenvolvido nos pr\u00f3ximos dias. \u201cO Corpo de Bombeiros ir\u00e1 atuar no Parque do Povo, fazendo um trabalho de preven\u00e7\u00e3o e esperamos que este seja um m\u00eas tranquilo para todos os que v\u00e3o se divertir\u201d, refor\u00e7ou.<br \/>\u00a0<br \/>O delegado-geral da Pol\u00edcia Civil, Isa\u00edas Gualberto, lembrou que praticamente toda a tropa ser\u00e1 empregada nos festejos juninos. \u201cN\u00f3s faremos o atendimento das ocorr\u00eancias da Opera\u00e7\u00e3o S\u00e3o Jo\u00e3o, mantendo tamb\u00e9m as opera\u00e7\u00f5es de repress\u00e3o qualificada realizadas em parceria com outros \u00f3rg\u00e3os\u201d, explicou.<br \/>\u00a0<br \/><strong>Planejamento Operacional do S\u00e3o Jo\u00e3o 2019<\/strong><br \/>\u00a0<br \/>Este ano, todo o efetivo ser\u00e1\u00a0 empregado em a\u00e7\u00f5es de preven\u00e7\u00e3o e repress\u00e3o, durante os festejos juninos, n\u00e3o s\u00f3 em Campina Grande, como tamb\u00e9m em outras localidades do Estado, com uso de r\u00e1dio comunica\u00e7\u00e3o digital, tecnologias de transmiss\u00e3o de dados multim\u00eddia (LTE t\u00e1tico) e da aeronave Acau\u00e3 2.<br \/>\u00a0<br \/>Entre as \u00e1reas que ter\u00e3o refor\u00e7o no policiamento, al\u00e9m de Campina Grande, est\u00e3o as regi\u00f5es de Jo\u00e3o Pessoa, Guarabira, Bel\u00e9m, Bananeiras, Santa Luzia, Patos, Sousa, Cajazeiras e Monteiro, abrangendo 143 munic\u00edpios, em um total de 562 eventos festivos.<br \/>\u00a0<br \/>Em rela\u00e7\u00e3o \u00e0 presen\u00e7a da Pol\u00edcia Militar na Rainha da Borborema, os locais de festa onde haver\u00e1 maior circula\u00e7\u00e3o de pessoas e que ter\u00e3o refor\u00e7o de efetivo, ser\u00e3o a Vila Forr\u00f3, o Parque do Povo, a Vila do Artes\u00e3o, o Artesanato da Para\u00edba, o Trem do Forr\u00f3, a Vila Junina, Namoradrilha, o S\u00edtio S\u00e3o Jo\u00e3o, al\u00e9m de festividades em casas de show e clubes. Ser\u00e3o 5.524 empregos de policiais militares, sendo de 92 a 224 empregos de militares diariamente no Parque do Povo, distribu\u00eddos entre os postos de comando, policiamento a p\u00e9, em viaturas, montado, motocicletas, \u00f4nibus, postos de observa\u00e7\u00e3o, al\u00e9m de um espa\u00e7o destinado ao Programa Educacional de Resist\u00eancia \u00e0s Drogas e \u00e0 Viol\u00eancia (Proerd).<\/p>\n<p><img loading=\"lazy\" decoding=\"async\" class=\"wp-image-901148 aligncenter\" src=\"http:\/\/www.pm.pb.gov.br\/portal\/wp-content\/uploads\/2019\/06\/WhatsApp-Image-2019-06-07-at-10.42.14-593x445.jpeg\" alt=\"\" width=\"528\" height=\"397\" srcset=\"https:\/\/www.pm.pb.gov.br\/portal\/wp-content\/uploads\/2019\/06\/WhatsApp-Image-2019-06-07-at-10.42.14-593x445.jpeg 593w, https:\/\/www.pm.pb.gov.br\/portal\/wp-content\/uploads\/2019\/06\/WhatsApp-Image-2019-06-07-at-10.42.14-768x576.jpeg 768w, https:\/\/www.pm.pb.gov.br\/portal\/wp-content\/uploads\/2019\/06\/WhatsApp-Image-2019-06-07-at-10.42.14-760x570.jpeg 760w, https:\/\/www.pm.pb.gov.br\/portal\/wp-content\/uploads\/2019\/06\/WhatsApp-Image-2019-06-07-at-10.42.14.jpeg 1280w\" sizes=\"(max-width: 528px) 100vw, 528px\" \/>\u00a0A Pol\u00edcia Civil estar\u00e1 presente em Campina Grande com 354 empregos de efetivo exclusivamente para os festejos juninos e 714 empregos de efetivo na cidade, entre delegados, agentes de investiga\u00e7\u00e3o, escriv\u00e3es de pol\u00edcia e agentes operacionais, al\u00e9m de servidores do Instituto de Pol\u00edcia Cient\u00edfica (IPC). Estar\u00e3o em funcionamento a 1\u00aa, 2\u00aa, 3\u00aa, 4\u00aa e 6\u00aa Delegacias Distritais, al\u00e9m da Central de Pol\u00edcia, localizada no bairro do Catol\u00e9. Tamb\u00e9m haver\u00e1 o trabalho das Delegacias Especializadas de Crimes contra ao Patrim\u00f4nio, contra a Pessoa, Repress\u00e3o a Entorpecentes, Defrauda\u00e7\u00f5es, Idoso, Acidentes de Tr\u00e2nsito, da Inf\u00e2ncia e Juventude e de Crimes contra a Inf\u00e2ncia e Juventude. A Delegacia da Mulher estar\u00e1 atuando durante todo o per\u00edodo junino com a campanha \u2018N\u00e3o \u00e9 n\u00e3o tamb\u00e9m no S\u00e3o Jo\u00e3o\u2019, que tem \u00e0 frente a Rede Estadual de Aten\u00e7\u00e3o \u00e0s Mulheres V\u00edtimas de Viol\u00eancia Dom\u00e9stica e Sexual (Reamcav), e conta com a\u00e7\u00f5es desenvolvidas pela Pol\u00edcia Civil no \u00e2mbito da preven\u00e7\u00e3o e da repress\u00e3o aos crimes desse tipo.<br \/>\u00a0<br \/>J\u00e1 o Corpo de Bombeiros Militar vai disponibilizar um efetivo m\u00e9dio de 45 homens e mulheres no Parque do Povo e um total de 1.260 empregos de efetivo em todos os dias de evento. A institui\u00e7\u00e3o ainda vai disponibilizar ao p\u00fablico tecnologia de localiza\u00e7\u00e3o do posto de atendimento mais pr\u00f3ximo, por meio do uso de QR Code, impresso em material de divulga\u00e7\u00e3o que tamb\u00e9m ter\u00e1 informa\u00e7\u00f5es sobre seguran\u00e7a em estradas e rodovias, uso de fogos de artif\u00edcio e cuidados em rela\u00e7\u00e3o \u00e0s fogueiras e para evitar queimaduras.<br \/>\u00a0<br \/><strong>Mais tecnologia<\/strong>\u00a0\u2013 Os \u00f3rg\u00e3os operativos de Seguran\u00e7a P\u00fablica do Estado ir\u00e3o contar com o uso da tecnologia de LTE port\u00e1til, dispositivo que cria uma \u201cbolha\u201d (\u00e1rea de cobertura definida), provendo no local uma rede totalmente aut\u00f4noma e independente das redes de celular comum. Desta maneira, o equipamento entrega a capacidade de envio e recebimento de dados (v\u00eddeo, mapas, \u00e1udios e demais informa\u00e7\u00f5es do centro de comando e controle para os agentes em campo, os agentes entre si e dos agentes para o Centro de Comando) em alta velocidade com integra\u00e7\u00e3o entre diferentes dispositivos e ag\u00eancias. O investimento foi superior a R$ 2,3 milh\u00f5es.<br \/>\u00a0<\/p>\n","protected":false},"excerpt":{"rendered":"<p>O governador Jo\u00e3o Azev\u00eado lan\u00e7ou, nesta sexta-feira (7), no Sesc Campina Grande, o planejamento operacional do S\u00e3o Jo\u00e3o 2019. Na<\/p>\n","protected":false},"author":12,"featured_media":901146,"comment_status":"closed","ping_status":"closed","sticky":false,"template":"","format":"standard","meta":{"_exactmetrics_skip_tracking":false,"_exactmetrics_sitenote_active":false,"_exactmetrics_sitenote_note":"","_exactmetrics_sitenote_category":0,"footnotes":""},"categories":[9],"tags":[],"yoast_head":"<!-- This site is optimized with the Yoast SEO plugin v22.0 - https:\/\/yoast.com\/wordpress\/plugins\/seo\/ -->\n<title>Governo lan\u00e7a Opera\u00e7\u00e3o S\u00e3o Jo\u00e3o, entrega viaturas e promove militares - Pol\u00edcia Militar da Para\u00edba<\/title>\n<meta name=\"robots\" content=\"index, follow, max-snippet:-1, max-image-preview:large, max-video-preview:-1\" \/>\n<link rel=\"canonical\" href=\"https:\/\/www.pm.pb.gov.br\/portal\/2019\/06\/07\/governo-lanca-operacao-sao-joao-entrega-viaturas-e-promove-militares\/\" \/>\n<meta property=\"og:locale\" content=\"pt_BR\" \/>\n<meta property=\"og:type\" content=\"article\" \/>\n<meta property=\"og:title\" content=\"Governo lan\u00e7a Opera\u00e7\u00e3o S\u00e3o Jo\u00e3o, entrega viaturas e promove militares - Pol\u00edcia Militar da Para\u00edba\" \/>\n<meta property=\"og:description\" content=\"O governador Jo\u00e3o Azev\u00eado lan\u00e7ou, nesta sexta-feira (7), no Sesc Campina Grande, o planejamento operacional do S\u00e3o Jo\u00e3o 2019. Na\" \/>\n<meta property=\"og:url\" content=\"https:\/\/www.pm.pb.gov.br\/portal\/2019\/06\/07\/governo-lanca-operacao-sao-joao-entrega-viaturas-e-promove-militares\/\" \/>\n<meta property=\"og:site_name\" content=\"Pol\u00edcia Militar da Para\u00edba\" \/>\n<meta property=\"article:published_time\" content=\"2019-06-07T21:26:24+00:00\" \/>\n<meta property=\"article:modified_time\" content=\"2019-06-07T21:26:25+00:00\" \/>\n<meta property=\"og:image\" content=\"https:\/\/www.pm.pb.gov.br\/portal\/wp-content\/uploads\/2019\/06\/WhatsApp-Image-2019-06-07-at-10.42.151.jpeg\" \/>\n\t<meta property=\"og:image:width\" content=\"800\" \/>\n\t<meta property=\"og:image:height\" content=\"445\" \/>\n\t<meta property=\"og:image:type\" content=\"image\/jpeg\" \/>\n<meta name=\"author\" content=\"Tarcisio Oliveira\" \/>\n<meta name=\"twitter:card\" content=\"summary_large_image\" \/>\n<meta name=\"twitter:label1\" content=\"Escrito por\" \/>\n\t<meta name=\"twitter:data1\" content=\"Tarcisio Oliveira\" \/>\n\t<meta name=\"twitter:label2\" content=\"Est. tempo de leitura\" \/>\n\t<meta name=\"twitter:data2\" content=\"6 minutos\" \/>\n<script type=\"application\/ld+json\" class=\"yoast-schema-graph\">{\"@context\":\"https:\/\/schema.org\",\"@graph\":[{\"@type\":\"Article\",\"@id\":\"https:\/\/www.pm.pb.gov.br\/portal\/2019\/06\/07\/governo-lanca-operacao-sao-joao-entrega-viaturas-e-promove-militares\/#article\",\"isPartOf\":{\"@id\":\"https:\/\/www.pm.pb.gov.br\/portal\/2019\/06\/07\/governo-lanca-operacao-sao-joao-entrega-viaturas-e-promove-militares\/\"},\"author\":{\"name\":\"Tarcisio Oliveira\",\"@id\":\"https:\/\/www.pm.pb.gov.br\/portal\/#\/schema\/person\/f84f56dcc78ce4357054da888b8247fd\"},\"headline\":\"Governo lan\u00e7a Opera\u00e7\u00e3o S\u00e3o Jo\u00e3o, entrega viaturas e promove militares\",\"datePublished\":\"2019-06-07T21:26:24+00:00\",\"dateModified\":\"2019-06-07T21:26:25+00:00\",\"mainEntityOfPage\":{\"@id\":\"https:\/\/www.pm.pb.gov.br\/portal\/2019\/06\/07\/governo-lanca-operacao-sao-joao-entrega-viaturas-e-promove-militares\/\"},\"wordCount\":1263,\"publisher\":{\"@id\":\"https:\/\/www.pm.pb.gov.br\/portal\/#organization\"},\"articleSection\":[\"Eventos\"],\"inLanguage\":\"pt-BR\"},{\"@type\":\"WebPage\",\"@id\":\"https:\/\/www.pm.pb.gov.br\/portal\/2019\/06\/07\/governo-lanca-operacao-sao-joao-entrega-viaturas-e-promove-militares\/\",\"url\":\"https:\/\/www.pm.pb.gov.br\/portal\/2019\/06\/07\/governo-lanca-operacao-sao-joao-entrega-viaturas-e-promove-militares\/\",\"name\":\"Governo lan\u00e7a Opera\u00e7\u00e3o S\u00e3o Jo\u00e3o, entrega viaturas e promove militares - Pol\u00edcia Militar da Para\u00edba\",\"isPartOf\":{\"@id\":\"https:\/\/www.pm.pb.gov.br\/portal\/#website\"},\"datePublished\":\"2019-06-07T21:26:24+00:00\",\"dateModified\":\"2019-06-07T21:26:25+00:00\",\"breadcrumb\":{\"@id\":\"https:\/\/www.pm.pb.gov.br\/portal\/2019\/06\/07\/governo-lanca-operacao-sao-joao-entrega-viaturas-e-promove-militares\/#breadcrumb\"},\"inLanguage\":\"pt-BR\",\"potentialAction\":[{\"@type\":\"ReadAction\",\"target\":[\"https:\/\/www.pm.pb.gov.br\/portal\/2019\/06\/07\/governo-lanca-operacao-sao-joao-entrega-viaturas-e-promove-militares\/\"]}]},{\"@type\":\"BreadcrumbList\",\"@id\":\"https:\/\/www.pm.pb.gov.br\/portal\/2019\/06\/07\/governo-lanca-operacao-sao-joao-entrega-viaturas-e-promove-militares\/#breadcrumb\",\"itemListElement\":[{\"@type\":\"ListItem\",\"position\":1,\"name\":\"In\u00edcio\",\"item\":\"https:\/\/www.pm.pb.gov.br\/portal\/\"},{\"@type\":\"ListItem\",\"position\":2,\"name\":\"Governo lan\u00e7a Opera\u00e7\u00e3o S\u00e3o Jo\u00e3o, entrega viaturas e promove militares\"}]},{\"@type\":\"WebSite\",\"@id\":\"https:\/\/www.pm.pb.gov.br\/portal\/#website\",\"url\":\"https:\/\/www.pm.pb.gov.br\/portal\/\",\"name\":\"Pol\u00edcia Militar da Para\u00edba\",\"description\":\"\",\"publisher\":{\"@id\":\"https:\/\/www.pm.pb.gov.br\/portal\/#organization\"},\"potentialAction\":[{\"@type\":\"SearchAction\",\"target\":{\"@type\":\"EntryPoint\",\"urlTemplate\":\"https:\/\/www.pm.pb.gov.br\/portal\/?s={search_term_string}\"},\"query-input\":\"required name=search_term_string\"}],\"inLanguage\":\"pt-BR\"},{\"@type\":\"Organization\",\"@id\":\"https:\/\/www.pm.pb.gov.br\/portal\/#organization\",\"name\":\"Pol\u00edcia Militar da Para\u00edba\",\"url\":\"https:\/\/www.pm.pb.gov.br\/portal\/\",\"logo\":{\"@type\":\"ImageObject\",\"inLanguage\":\"pt-BR\",\"@id\":\"https:\/\/www.pm.pb.gov.br\/portal\/#\/schema\/logo\/image\/\",\"url\":\"https:\/\/www.pm.pb.gov.br\/portal\/wp-content\/uploads\/2025\/03\/cropped-logo-site-mag2-1.png\",\"contentUrl\":\"https:\/\/www.pm.pb.gov.br\/portal\/wp-content\/uploads\/2025\/03\/cropped-logo-site-mag2-1.png\",\"width\":320,\"height\":90,\"caption\":\"Pol\u00edcia Militar da Para\u00edba\"},\"image\":{\"@id\":\"https:\/\/www.pm.pb.gov.br\/portal\/#\/schema\/logo\/image\/\"}},{\"@type\":\"Person\",\"@id\":\"https:\/\/www.pm.pb.gov.br\/portal\/#\/schema\/person\/f84f56dcc78ce4357054da888b8247fd\",\"name\":\"Tarcisio Oliveira\",\"image\":{\"@type\":\"ImageObject\",\"inLanguage\":\"pt-BR\",\"@id\":\"https:\/\/www.pm.pb.gov.br\/portal\/#\/schema\/person\/image\/\",\"url\":\"https:\/\/secure.gravatar.com\/avatar\/72917b630b69d31cd0297507f34bac97?s=96&d=mm&r=g\",\"contentUrl\":\"https:\/\/secure.gravatar.com\/avatar\/72917b630b69d31cd0297507f34bac97?s=96&d=mm&r=g\",\"caption\":\"Tarcisio Oliveira\"},\"url\":\"https:\/\/www.pm.pb.gov.br\/portal\/author\/tarcisio\/\"}]}<\/script>\n<!-- \/ Yoast SEO plugin. -->","yoast_head_json":{"title":"Governo lan\u00e7a Opera\u00e7\u00e3o S\u00e3o Jo\u00e3o, entrega viaturas e promove militares - Pol\u00edcia Militar da Para\u00edba","robots":{"index":"index","follow":"follow","max-snippet":"max-snippet:-1","max-image-preview":"max-image-preview:large","max-video-preview":"max-video-preview:-1"},"canonical":"https:\/\/www.pm.pb.gov.br\/portal\/2019\/06\/07\/governo-lanca-operacao-sao-joao-entrega-viaturas-e-promove-militares\/","og_locale":"pt_BR","og_type":"article","og_title":"Governo lan\u00e7a Opera\u00e7\u00e3o S\u00e3o Jo\u00e3o, entrega viaturas e promove militares - Pol\u00edcia Militar da Para\u00edba","og_description":"O governador Jo\u00e3o Azev\u00eado lan\u00e7ou, nesta sexta-feira (7), no Sesc Campina Grande, o planejamento operacional do S\u00e3o Jo\u00e3o 2019. Na","og_url":"https:\/\/www.pm.pb.gov.br\/portal\/2019\/06\/07\/governo-lanca-operacao-sao-joao-entrega-viaturas-e-promove-militares\/","og_site_name":"Pol\u00edcia Militar da Para\u00edba","article_published_time":"2019-06-07T21:26:24+00:00","article_modified_time":"2019-06-07T21:26:25+00:00","og_image":[{"width":800,"height":445,"url":"https:\/\/www.pm.pb.gov.br\/portal\/wp-content\/uploads\/2019\/06\/WhatsApp-Image-2019-06-07-at-10.42.151.jpeg","type":"image\/jpeg"}],"author":"Tarcisio Oliveira","twitter_card":"summary_large_image","twitter_misc":{"Escrito por":"Tarcisio Oliveira","Est. tempo de leitura":"6 minutos"},"schema":{"@context":"https:\/\/schema.org","@graph":[{"@type":"Article","@id":"https:\/\/www.pm.pb.gov.br\/portal\/2019\/06\/07\/governo-lanca-operacao-sao-joao-entrega-viaturas-e-promove-militares\/#article","isPartOf":{"@id":"https:\/\/www.pm.pb.gov.br\/portal\/2019\/06\/07\/governo-lanca-operacao-sao-joao-entrega-viaturas-e-promove-militares\/"},"author":{"name":"Tarcisio Oliveira","@id":"https:\/\/www.pm.pb.gov.br\/portal\/#\/schema\/person\/f84f56dcc78ce4357054da888b8247fd"},"headline":"Governo lan\u00e7a Opera\u00e7\u00e3o S\u00e3o Jo\u00e3o, entrega viaturas e promove militares","datePublished":"2019-06-07T21:26:24+00:00","dateModified":"2019-06-07T21:26:25+00:00","mainEntityOfPage":{"@id":"https:\/\/www.pm.pb.gov.br\/portal\/2019\/06\/07\/governo-lanca-operacao-sao-joao-entrega-viaturas-e-promove-militares\/"},"wordCount":1263,"publisher":{"@id":"https:\/\/www.pm.pb.gov.br\/portal\/#organization"},"articleSection":["Eventos"],"inLanguage":"pt-BR"},{"@type":"WebPage","@id":"https:\/\/www.pm.pb.gov.br\/portal\/2019\/06\/07\/governo-lanca-operacao-sao-joao-entrega-viaturas-e-promove-militares\/","url":"https:\/\/www.pm.pb.gov.br\/portal\/2019\/06\/07\/governo-lanca-operacao-sao-joao-entrega-viaturas-e-promove-militares\/","name":"Governo lan\u00e7a Opera\u00e7\u00e3o S\u00e3o Jo\u00e3o, entrega viaturas e promove militares - Pol\u00edcia Militar da Para\u00edba","isPartOf":{"@id":"https:\/\/www.pm.pb.gov.br\/portal\/#website"},"datePublished":"2019-06-07T21:26:24+00:00","dateModified":"2019-06-07T21:26:25+00:00","breadcrumb":{"@id":"https:\/\/www.pm.pb.gov.br\/portal\/2019\/06\/07\/governo-lanca-operacao-sao-joao-entrega-viaturas-e-promove-militares\/#breadcrumb"},"inLanguage":"pt-BR","potentialAction":[{"@type":"ReadAction","target":["https:\/\/www.pm.pb.gov.br\/portal\/2019\/06\/07\/governo-lanca-operacao-sao-joao-entrega-viaturas-e-promove-militares\/"]}]},{"@type":"BreadcrumbList","@id":"https:\/\/www.pm.pb.gov.br\/portal\/2019\/06\/07\/governo-lanca-operacao-sao-joao-entrega-viaturas-e-promove-militares\/#breadcrumb","itemListElement":[{"@type":"ListItem","position":1,"name":"In\u00edcio","item":"https:\/\/www.pm.pb.gov.br\/portal\/"},{"@type":"ListItem","position":2,"name":"Governo lan\u00e7a Opera\u00e7\u00e3o S\u00e3o Jo\u00e3o, entrega viaturas e promove militares"}]},{"@type":"WebSite","@id":"https:\/\/www.pm.pb.gov.br\/portal\/#website","url":"https:\/\/www.pm.pb.gov.br\/portal\/","name":"Pol\u00edcia Militar da Para\u00edba","description":"","publisher":{"@id":"https:\/\/www.pm.pb.gov.br\/portal\/#organization"},"potentialAction":[{"@type":"SearchAction","target":{"@type":"EntryPoint","urlTemplate":"https:\/\/www.pm.pb.gov.br\/portal\/?s={search_term_string}"},"query-input":"required name=search_term_string"}],"inLanguage":"pt-BR"},{"@type":"Organization","@id":"https:\/\/www.pm.pb.gov.br\/portal\/#organization","name":"Pol\u00edcia Militar da Para\u00edba","url":"https:\/\/www.pm.pb.gov.br\/portal\/","logo":{"@type":"ImageObject","inLanguage":"pt-BR","@id":"https:\/\/www.pm.pb.gov.br\/portal\/#\/schema\/logo\/image\/","url":"https:\/\/www.pm.pb.gov.br\/portal\/wp-content\/uploads\/2025\/03\/cropped-logo-site-mag2-1.png","contentUrl":"https:\/\/www.pm.pb.gov.br\/portal\/wp-content\/uploads\/2025\/03\/cropped-logo-site-mag2-1.png","width":320,"height":90,"caption":"Pol\u00edcia Militar da Para\u00edba"},"image":{"@id":"https:\/\/www.pm.pb.gov.br\/portal\/#\/schema\/logo\/image\/"}},{"@type":"Person","@id":"https:\/\/www.pm.pb.gov.br\/portal\/#\/schema\/person\/f84f56dcc78ce4357054da888b8247fd","name":"Tarcisio Oliveira","image":{"@type":"ImageObject","inLanguage":"pt-BR","@id":"https:\/\/www.pm.pb.gov.br\/portal\/#\/schema\/person\/image\/","url":"https:\/\/secure.gravatar.com\/avatar\/72917b630b69d31cd0297507f34bac97?s=96&d=mm&r=g","contentUrl":"https:\/\/secure.gravatar.com\/avatar\/72917b630b69d31cd0297507f34bac97?s=96&d=mm&r=g","caption":"Tarcisio Oliveira"},"url":"https:\/\/www.pm.pb.gov.br\/portal\/author\/tarcisio\/"}]}},"_links":{"self":[{"href":"https:\/\/www.pm.pb.gov.br\/portal\/wp-json\/wp\/v2\/posts\/901144"}],"collection":[{"href":"https:\/\/www.pm.pb.gov.br\/portal\/wp-json\/wp\/v2\/posts"}],"about":[{"href":"https:\/\/www.pm.pb.gov.br\/portal\/wp-json\/wp\/v2\/types\/post"}],"author":[{"embeddable":true,"href":"https:\/\/www.pm.pb.gov.br\/portal\/wp-json\/wp\/v2\/users\/12"}],"replies":[{"embeddable":true,"href":"https:\/\/www.pm.pb.gov.br\/portal\/wp-json\/wp\/v2\/comments?post=901144"}],"version-history":[{"count":2,"href":"https:\/\/www.pm.pb.gov.br\/portal\/wp-json\/wp\/v2\/posts\/901144\/revisions"}],"predecessor-version":[{"id":901149,"href":"https:\/\/www.pm.pb.gov.br\/portal\/wp-json\/wp\/v2\/posts\/901144\/revisions\/901149"}],"wp:featuredmedia":[{"embeddable":true,"href":"https:\/\/www.pm.pb.gov.br\/portal\/wp-json\/wp\/v2\/media\/901146"}],"wp:attachment":[{"href":"https:\/\/www.pm.pb.gov.br\/portal\/wp-json\/wp\/v2\/media?parent=901144"}],"wp:term":[{"taxonomy":"category","embeddable":true,"href":"https:\/\/www.pm.pb.gov.br\/portal\/wp-json\/wp\/v2\/categories?post=901144"},{"taxonomy":"post_tag","embeddable":true,"href":"https:\/\/www.pm.pb.gov.br\/portal\/wp-json\/wp\/v2\/tags?post=901144"}],"curies":[{"name":"wp","href":"https:\/\/api.w.org\/{rel}","templated":true}]}}