{"id":901115,"date":"2019-06-03T18:52:46","date_gmt":"2019-06-03T21:52:46","guid":{"rendered":"http:\/\/www.pm.pb.gov.br\/portal\/?p=901115"},"modified":"2019-06-04T18:13:06","modified_gmt":"2019-06-04T21:13:06","slug":"governo-restaura-predio-que-abrigara-batalhao-de-motos","status":"publish","type":"post","link":"https:\/\/www.pm.pb.gov.br\/portal\/2019\/06\/03\/governo-restaura-predio-que-abrigara-batalhao-de-motos\/","title":{"rendered":"Governo restaura pr\u00e9dio que abrigar\u00e1 Batalh\u00e3o de Motos"},"content":{"rendered":"\n<p>O pr\u00e9dio onde vai funcionar o Batalh\u00e3o Especial de Policiamento com Motocicleta est\u00e1 passando por uma grande reforma. Far\u00e3o parte do local salas de comando, subcomandante, acondicionamento das armas e muni\u00e7\u00f5es (antigo xadrez) a serem utilizadas pelos policiais e outra sala para reuni\u00f5es. O BEPMotos\u00a0 est\u00e1 sendo instalado onde funcionava a antiga Terceira Delegacia Distrital, na Avenida Epit\u00e1cio Pessoa (foto abaixo: Evandro Pereira).<\/p>\n<p>Segundo o major Luiz Ant\u00f4nio, escolhido para comandar a nova unidade da Pol\u00edcia Militar da Para\u00edba, o local est\u00e1 sendo totalmente revitalizado com reparos dos sistemas el\u00e9trico, hidr\u00e1ulico, al\u00e9m da recupera\u00e7\u00e3o do telhado e pintura. \u201cDentro de um m\u00eas, tudo estar\u00e1 pronto\u201d, acredita o major.<\/p>\n<p>O anexo do im\u00f3vel, localizado por tr\u00e1s do pr\u00e9dio principal tamb\u00e9m est\u00e1 sendo recuperado. O local vai abrigar a base da Rotam (Ronda Ostensiva T\u00e1tica com Apoio de Motocicletas), sess\u00f5es administrativa e de material, al\u00e9m da copa. O batalh\u00e3o ter\u00e1 apenas uma entrada e a sa\u00edda das viaturas ser\u00e1 por um port\u00e3o lateral.<\/p>\n<p>O local foi escolhido de forma estrat\u00e9gica por ficar na via de maior fluxo de ve\u00edculos de Jo\u00e3o Pessoa, de f\u00e1cil acesso \u00e0 orla da capital e tamb\u00e9m \u00e0 BR-230, oferecendo maior agilidade para atender ocorr\u00eancias nos bairros e tamb\u00e9m para as cidades da Regi\u00e3o Metropolitana, principalmente Bayeux e Santa Rita.<\/p>\n<p>A Avenida Epit\u00e1cio Pessoa passa o dia todo praticamente congestionada, portanto dificultando o policiamento com viaturas, o que dificulta o tr\u00e2nsito daquela art\u00e9ria, gastando-se de 40 a 50 minutos para atender a uma ocorr\u00eancia. \u201cCom a moto, conseguimos fazer o percurso para o atendimento, no m\u00e1ximo, em 10 minutos; com isso, transmitimos a sensa\u00e7\u00e3o de seguran\u00e7a\u201d, disse.<\/p>\n<p><img loading=\"lazy\" decoding=\"async\" class=\"wp-image-901118 aligncenter\" src=\"http:\/\/www.pm.pb.gov.br\/portal\/wp-content\/uploads\/2019\/06\/WhatsApp-Image-2019-06-04-at-14.40.48-668x445.jpeg\" alt=\"\" width=\"458\" height=\"305\" srcset=\"https:\/\/www.pm.pb.gov.br\/portal\/wp-content\/uploads\/2019\/06\/WhatsApp-Image-2019-06-04-at-14.40.48-668x445.jpeg 668w, https:\/\/www.pm.pb.gov.br\/portal\/wp-content\/uploads\/2019\/06\/WhatsApp-Image-2019-06-04-at-14.40.48-768x512.jpeg 768w, https:\/\/www.pm.pb.gov.br\/portal\/wp-content\/uploads\/2019\/06\/WhatsApp-Image-2019-06-04-at-14.40.48-855x570.jpeg 855w, https:\/\/www.pm.pb.gov.br\/portal\/wp-content\/uploads\/2019\/06\/WhatsApp-Image-2019-06-04-at-14.40.48-272x182.jpeg 272w, https:\/\/www.pm.pb.gov.br\/portal\/wp-content\/uploads\/2019\/06\/WhatsApp-Image-2019-06-04-at-14.40.48.jpeg 1280w\" sizes=\"(max-width: 458px) 100vw, 458px\" \/><\/p>\n<p><strong>Seguran\u00e7a recebe investimentos<\/strong> &#8211; Na solenidade realizada no Ponto de Cem R\u00e9is, em abril deste ano, quando o governador anunciou a cria\u00e7\u00e3o da unidade militar, o secret\u00e1rio de Seguran\u00e7a e Defesa Social, Jean Nunes, afirmou que o Governo do Estado tem intensificado os investimentos na \u00e1rea da seguran\u00e7a. \u201cO batalh\u00e3o j\u00e1 est\u00e1 estruturado com as motocicletas, representando um grande investimento no segmento\u201d, pontuou.<\/p>\n<p><strong>Coronel Euller fala em expans\u00e3o<\/strong> &#8211; O comandante-geral da Pol\u00edcia Militar, coronel Euller Chaves, disse que cerca de 300 policiais est\u00e3o sendo capacitados para atuar no BEPMotos, que dever\u00e1 entrar em funcionamento em at\u00e9 dois meses. \u201cN\u00f3s vamos preparar a estrutura b\u00e1sica da capital, que ir\u00e1 funcionar na Avenida Epit\u00e1cio Pessoa, na antiga 3\u00aa Delegacia Distrital, e daremos ali o pontap\u00e9 inicial do Batalh\u00e3o Especializado de Policiamento com Motocicletas. A partir da\u00ed, com a consolida\u00e7\u00e3o dos recursos humanos, log\u00edsticos e tecnol\u00f3gicos, n\u00f3s vamos implement\u00e1-los nas regi\u00f5es de Campina Grande e Patos de forma gradual, com responsabilidade e efici\u00eancia\u201d, comentou.<\/p>\n<p>\u00a0<\/p>\n<p><strong>Por Cardoso Filho &#8211; Jornal A Uni\u00e3o<\/strong> (mat\u00e9ria completa na edi\u00e7\u00e3o do \u00faltimo domingo, dia 2 )<\/p>\n","protected":false},"excerpt":{"rendered":"<p>O pr\u00e9dio onde vai funcionar o Batalh\u00e3o Especial de Policiamento com Motocicleta est\u00e1 passando por uma grande reforma. Far\u00e3o parte<\/p>\n","protected":false},"author":12,"featured_media":901117,"comment_status":"closed","ping_status":"closed","sticky":false,"template":"","format":"standard","meta":{"_exactmetrics_skip_tracking":false,"_exactmetrics_sitenote_active":false,"_exactmetrics_sitenote_note":"","_exactmetrics_sitenote_category":0,"footnotes":""},"categories":[4],"tags":[],"yoast_head":"<!-- This site is optimized with the Yoast SEO plugin v22.0 - https:\/\/yoast.com\/wordpress\/plugins\/seo\/ -->\n<title>Governo restaura pr\u00e9dio que abrigar\u00e1 Batalh\u00e3o de Motos - Pol\u00edcia Militar da Para\u00edba<\/title>\n<meta name=\"robots\" content=\"index, follow, max-snippet:-1, max-image-preview:large, max-video-preview:-1\" \/>\n<link rel=\"canonical\" href=\"https:\/\/www.pm.pb.gov.br\/portal\/2019\/06\/03\/governo-restaura-predio-que-abrigara-batalhao-de-motos\/\" \/>\n<meta property=\"og:locale\" content=\"pt_BR\" \/>\n<meta property=\"og:type\" content=\"article\" \/>\n<meta property=\"og:title\" content=\"Governo restaura pr\u00e9dio que abrigar\u00e1 Batalh\u00e3o de Motos - Pol\u00edcia Militar da Para\u00edba\" \/>\n<meta property=\"og:description\" content=\"O pr\u00e9dio onde vai funcionar o Batalh\u00e3o Especial de Policiamento com Motocicleta est\u00e1 passando por uma grande reforma. Far\u00e3o parte\" \/>\n<meta property=\"og:url\" content=\"https:\/\/www.pm.pb.gov.br\/portal\/2019\/06\/03\/governo-restaura-predio-que-abrigara-batalhao-de-motos\/\" \/>\n<meta property=\"og:site_name\" content=\"Pol\u00edcia Militar da Para\u00edba\" \/>\n<meta property=\"article:published_time\" content=\"2019-06-03T21:52:46+00:00\" \/>\n<meta property=\"article:modified_time\" content=\"2019-06-04T21:13:06+00:00\" \/>\n<meta property=\"og:image\" content=\"https:\/\/www.pm.pb.gov.br\/portal\/wp-content\/uploads\/2019\/06\/bepmotos.jpeg\" \/>\n\t<meta property=\"og:image:width\" content=\"800\" \/>\n\t<meta property=\"og:image:height\" content=\"445\" \/>\n\t<meta property=\"og:image:type\" content=\"image\/jpeg\" \/>\n<meta name=\"author\" content=\"Tarcisio Oliveira\" \/>\n<meta name=\"twitter:card\" content=\"summary_large_image\" \/>\n<meta name=\"twitter:label1\" content=\"Escrito por\" \/>\n\t<meta name=\"twitter:data1\" content=\"Tarcisio Oliveira\" \/>\n\t<meta name=\"twitter:label2\" content=\"Est. tempo de leitura\" \/>\n\t<meta name=\"twitter:data2\" content=\"3 minutos\" \/>\n<script type=\"application\/ld+json\" class=\"yoast-schema-graph\">{\"@context\":\"https:\/\/schema.org\",\"@graph\":[{\"@type\":\"Article\",\"@id\":\"https:\/\/www.pm.pb.gov.br\/portal\/2019\/06\/03\/governo-restaura-predio-que-abrigara-batalhao-de-motos\/#article\",\"isPartOf\":{\"@id\":\"https:\/\/www.pm.pb.gov.br\/portal\/2019\/06\/03\/governo-restaura-predio-que-abrigara-batalhao-de-motos\/\"},\"author\":{\"name\":\"Tarcisio Oliveira\",\"@id\":\"https:\/\/www.pm.pb.gov.br\/portal\/#\/schema\/person\/f84f56dcc78ce4357054da888b8247fd\"},\"headline\":\"Governo restaura pr\u00e9dio que abrigar\u00e1 Batalh\u00e3o de Motos\",\"datePublished\":\"2019-06-03T21:52:46+00:00\",\"dateModified\":\"2019-06-04T21:13:06+00:00\",\"mainEntityOfPage\":{\"@id\":\"https:\/\/www.pm.pb.gov.br\/portal\/2019\/06\/03\/governo-restaura-predio-que-abrigara-batalhao-de-motos\/\"},\"wordCount\":512,\"publisher\":{\"@id\":\"https:\/\/www.pm.pb.gov.br\/portal\/#organization\"},\"articleSection\":[\"A\u00e7\u00f5es Policiais\"],\"inLanguage\":\"pt-BR\"},{\"@type\":\"WebPage\",\"@id\":\"https:\/\/www.pm.pb.gov.br\/portal\/2019\/06\/03\/governo-restaura-predio-que-abrigara-batalhao-de-motos\/\",\"url\":\"https:\/\/www.pm.pb.gov.br\/portal\/2019\/06\/03\/governo-restaura-predio-que-abrigara-batalhao-de-motos\/\",\"name\":\"Governo restaura pr\u00e9dio que abrigar\u00e1 Batalh\u00e3o de Motos - Pol\u00edcia Militar da Para\u00edba\",\"isPartOf\":{\"@id\":\"https:\/\/www.pm.pb.gov.br\/portal\/#website\"},\"datePublished\":\"2019-06-03T21:52:46+00:00\",\"dateModified\":\"2019-06-04T21:13:06+00:00\",\"breadcrumb\":{\"@id\":\"https:\/\/www.pm.pb.gov.br\/portal\/2019\/06\/03\/governo-restaura-predio-que-abrigara-batalhao-de-motos\/#breadcrumb\"},\"inLanguage\":\"pt-BR\",\"potentialAction\":[{\"@type\":\"ReadAction\",\"target\":[\"https:\/\/www.pm.pb.gov.br\/portal\/2019\/06\/03\/governo-restaura-predio-que-abrigara-batalhao-de-motos\/\"]}]},{\"@type\":\"BreadcrumbList\",\"@id\":\"https:\/\/www.pm.pb.gov.br\/portal\/2019\/06\/03\/governo-restaura-predio-que-abrigara-batalhao-de-motos\/#breadcrumb\",\"itemListElement\":[{\"@type\":\"ListItem\",\"position\":1,\"name\":\"In\u00edcio\",\"item\":\"https:\/\/www.pm.pb.gov.br\/portal\/\"},{\"@type\":\"ListItem\",\"position\":2,\"name\":\"Governo restaura pr\u00e9dio que abrigar\u00e1 Batalh\u00e3o de Motos\"}]},{\"@type\":\"WebSite\",\"@id\":\"https:\/\/www.pm.pb.gov.br\/portal\/#website\",\"url\":\"https:\/\/www.pm.pb.gov.br\/portal\/\",\"name\":\"Pol\u00edcia Militar da Para\u00edba\",\"description\":\"\",\"publisher\":{\"@id\":\"https:\/\/www.pm.pb.gov.br\/portal\/#organization\"},\"potentialAction\":[{\"@type\":\"SearchAction\",\"target\":{\"@type\":\"EntryPoint\",\"urlTemplate\":\"https:\/\/www.pm.pb.gov.br\/portal\/?s={search_term_string}\"},\"query-input\":\"required name=search_term_string\"}],\"inLanguage\":\"pt-BR\"},{\"@type\":\"Organization\",\"@id\":\"https:\/\/www.pm.pb.gov.br\/portal\/#organization\",\"name\":\"Pol\u00edcia Militar da Para\u00edba\",\"url\":\"https:\/\/www.pm.pb.gov.br\/portal\/\",\"logo\":{\"@type\":\"ImageObject\",\"inLanguage\":\"pt-BR\",\"@id\":\"https:\/\/www.pm.pb.gov.br\/portal\/#\/schema\/logo\/image\/\",\"url\":\"https:\/\/www.pm.pb.gov.br\/portal\/wp-content\/uploads\/2025\/03\/cropped-logo-site-mag2-1.png\",\"contentUrl\":\"https:\/\/www.pm.pb.gov.br\/portal\/wp-content\/uploads\/2025\/03\/cropped-logo-site-mag2-1.png\",\"width\":320,\"height\":90,\"caption\":\"Pol\u00edcia Militar da Para\u00edba\"},\"image\":{\"@id\":\"https:\/\/www.pm.pb.gov.br\/portal\/#\/schema\/logo\/image\/\"}},{\"@type\":\"Person\",\"@id\":\"https:\/\/www.pm.pb.gov.br\/portal\/#\/schema\/person\/f84f56dcc78ce4357054da888b8247fd\",\"name\":\"Tarcisio Oliveira\",\"image\":{\"@type\":\"ImageObject\",\"inLanguage\":\"pt-BR\",\"@id\":\"https:\/\/www.pm.pb.gov.br\/portal\/#\/schema\/person\/image\/\",\"url\":\"https:\/\/secure.gravatar.com\/avatar\/72917b630b69d31cd0297507f34bac97?s=96&d=mm&r=g\",\"contentUrl\":\"https:\/\/secure.gravatar.com\/avatar\/72917b630b69d31cd0297507f34bac97?s=96&d=mm&r=g\",\"caption\":\"Tarcisio Oliveira\"},\"url\":\"https:\/\/www.pm.pb.gov.br\/portal\/author\/tarcisio\/\"}]}<\/script>\n<!-- \/ Yoast SEO plugin. -->","yoast_head_json":{"title":"Governo restaura pr\u00e9dio que abrigar\u00e1 Batalh\u00e3o de Motos - Pol\u00edcia Militar da Para\u00edba","robots":{"index":"index","follow":"follow","max-snippet":"max-snippet:-1","max-image-preview":"max-image-preview:large","max-video-preview":"max-video-preview:-1"},"canonical":"https:\/\/www.pm.pb.gov.br\/portal\/2019\/06\/03\/governo-restaura-predio-que-abrigara-batalhao-de-motos\/","og_locale":"pt_BR","og_type":"article","og_title":"Governo restaura pr\u00e9dio que abrigar\u00e1 Batalh\u00e3o de Motos - Pol\u00edcia Militar da Para\u00edba","og_description":"O pr\u00e9dio onde vai funcionar o Batalh\u00e3o Especial de Policiamento com Motocicleta est\u00e1 passando por uma grande reforma. Far\u00e3o parte","og_url":"https:\/\/www.pm.pb.gov.br\/portal\/2019\/06\/03\/governo-restaura-predio-que-abrigara-batalhao-de-motos\/","og_site_name":"Pol\u00edcia Militar da Para\u00edba","article_published_time":"2019-06-03T21:52:46+00:00","article_modified_time":"2019-06-04T21:13:06+00:00","og_image":[{"width":800,"height":445,"url":"https:\/\/www.pm.pb.gov.br\/portal\/wp-content\/uploads\/2019\/06\/bepmotos.jpeg","type":"image\/jpeg"}],"author":"Tarcisio Oliveira","twitter_card":"summary_large_image","twitter_misc":{"Escrito por":"Tarcisio Oliveira","Est. tempo de leitura":"3 minutos"},"schema":{"@context":"https:\/\/schema.org","@graph":[{"@type":"Article","@id":"https:\/\/www.pm.pb.gov.br\/portal\/2019\/06\/03\/governo-restaura-predio-que-abrigara-batalhao-de-motos\/#article","isPartOf":{"@id":"https:\/\/www.pm.pb.gov.br\/portal\/2019\/06\/03\/governo-restaura-predio-que-abrigara-batalhao-de-motos\/"},"author":{"name":"Tarcisio Oliveira","@id":"https:\/\/www.pm.pb.gov.br\/portal\/#\/schema\/person\/f84f56dcc78ce4357054da888b8247fd"},"headline":"Governo restaura pr\u00e9dio que abrigar\u00e1 Batalh\u00e3o de Motos","datePublished":"2019-06-03T21:52:46+00:00","dateModified":"2019-06-04T21:13:06+00:00","mainEntityOfPage":{"@id":"https:\/\/www.pm.pb.gov.br\/portal\/2019\/06\/03\/governo-restaura-predio-que-abrigara-batalhao-de-motos\/"},"wordCount":512,"publisher":{"@id":"https:\/\/www.pm.pb.gov.br\/portal\/#organization"},"articleSection":["A\u00e7\u00f5es Policiais"],"inLanguage":"pt-BR"},{"@type":"WebPage","@id":"https:\/\/www.pm.pb.gov.br\/portal\/2019\/06\/03\/governo-restaura-predio-que-abrigara-batalhao-de-motos\/","url":"https:\/\/www.pm.pb.gov.br\/portal\/2019\/06\/03\/governo-restaura-predio-que-abrigara-batalhao-de-motos\/","name":"Governo restaura pr\u00e9dio que abrigar\u00e1 Batalh\u00e3o de Motos - Pol\u00edcia Militar da Para\u00edba","isPartOf":{"@id":"https:\/\/www.pm.pb.gov.br\/portal\/#website"},"datePublished":"2019-06-03T21:52:46+00:00","dateModified":"2019-06-04T21:13:06+00:00","breadcrumb":{"@id":"https:\/\/www.pm.pb.gov.br\/portal\/2019\/06\/03\/governo-restaura-predio-que-abrigara-batalhao-de-motos\/#breadcrumb"},"inLanguage":"pt-BR","potentialAction":[{"@type":"ReadAction","target":["https:\/\/www.pm.pb.gov.br\/portal\/2019\/06\/03\/governo-restaura-predio-que-abrigara-batalhao-de-motos\/"]}]},{"@type":"BreadcrumbList","@id":"https:\/\/www.pm.pb.gov.br\/portal\/2019\/06\/03\/governo-restaura-predio-que-abrigara-batalhao-de-motos\/#breadcrumb","itemListElement":[{"@type":"ListItem","position":1,"name":"In\u00edcio","item":"https:\/\/www.pm.pb.gov.br\/portal\/"},{"@type":"ListItem","position":2,"name":"Governo restaura pr\u00e9dio que abrigar\u00e1 Batalh\u00e3o de Motos"}]},{"@type":"WebSite","@id":"https:\/\/www.pm.pb.gov.br\/portal\/#website","url":"https:\/\/www.pm.pb.gov.br\/portal\/","name":"Pol\u00edcia Militar da Para\u00edba","description":"","publisher":{"@id":"https:\/\/www.pm.pb.gov.br\/portal\/#organization"},"potentialAction":[{"@type":"SearchAction","target":{"@type":"EntryPoint","urlTemplate":"https:\/\/www.pm.pb.gov.br\/portal\/?s={search_term_string}"},"query-input":"required name=search_term_string"}],"inLanguage":"pt-BR"},{"@type":"Organization","@id":"https:\/\/www.pm.pb.gov.br\/portal\/#organization","name":"Pol\u00edcia Militar da Para\u00edba","url":"https:\/\/www.pm.pb.gov.br\/portal\/","logo":{"@type":"ImageObject","inLanguage":"pt-BR","@id":"https:\/\/www.pm.pb.gov.br\/portal\/#\/schema\/logo\/image\/","url":"https:\/\/www.pm.pb.gov.br\/portal\/wp-content\/uploads\/2025\/03\/cropped-logo-site-mag2-1.png","contentUrl":"https:\/\/www.pm.pb.gov.br\/portal\/wp-content\/uploads\/2025\/03\/cropped-logo-site-mag2-1.png","width":320,"height":90,"caption":"Pol\u00edcia Militar da Para\u00edba"},"image":{"@id":"https:\/\/www.pm.pb.gov.br\/portal\/#\/schema\/logo\/image\/"}},{"@type":"Person","@id":"https:\/\/www.pm.pb.gov.br\/portal\/#\/schema\/person\/f84f56dcc78ce4357054da888b8247fd","name":"Tarcisio Oliveira","image":{"@type":"ImageObject","inLanguage":"pt-BR","@id":"https:\/\/www.pm.pb.gov.br\/portal\/#\/schema\/person\/image\/","url":"https:\/\/secure.gravatar.com\/avatar\/72917b630b69d31cd0297507f34bac97?s=96&d=mm&r=g","contentUrl":"https:\/\/secure.gravatar.com\/avatar\/72917b630b69d31cd0297507f34bac97?s=96&d=mm&r=g","caption":"Tarcisio Oliveira"},"url":"https:\/\/www.pm.pb.gov.br\/portal\/author\/tarcisio\/"}]}},"_links":{"self":[{"href":"https:\/\/www.pm.pb.gov.br\/portal\/wp-json\/wp\/v2\/posts\/901115"}],"collection":[{"href":"https:\/\/www.pm.pb.gov.br\/portal\/wp-json\/wp\/v2\/posts"}],"about":[{"href":"https:\/\/www.pm.pb.gov.br\/portal\/wp-json\/wp\/v2\/types\/post"}],"author":[{"embeddable":true,"href":"https:\/\/www.pm.pb.gov.br\/portal\/wp-json\/wp\/v2\/users\/12"}],"replies":[{"embeddable":true,"href":"https:\/\/www.pm.pb.gov.br\/portal\/wp-json\/wp\/v2\/comments?post=901115"}],"version-history":[{"count":2,"href":"https:\/\/www.pm.pb.gov.br\/portal\/wp-json\/wp\/v2\/posts\/901115\/revisions"}],"predecessor-version":[{"id":901119,"href":"https:\/\/www.pm.pb.gov.br\/portal\/wp-json\/wp\/v2\/posts\/901115\/revisions\/901119"}],"wp:featuredmedia":[{"embeddable":true,"href":"https:\/\/www.pm.pb.gov.br\/portal\/wp-json\/wp\/v2\/media\/901117"}],"wp:attachment":[{"href":"https:\/\/www.pm.pb.gov.br\/portal\/wp-json\/wp\/v2\/media?parent=901115"}],"wp:term":[{"taxonomy":"category","embeddable":true,"href":"https:\/\/www.pm.pb.gov.br\/portal\/wp-json\/wp\/v2\/categories?post=901115"},{"taxonomy":"post_tag","embeddable":true,"href":"https:\/\/www.pm.pb.gov.br\/portal\/wp-json\/wp\/v2\/tags?post=901115"}],"curies":[{"name":"wp","href":"https:\/\/api.w.org\/{rel}","templated":true}]}}