{"id":901090,"date":"2019-06-03T19:31:23","date_gmt":"2019-06-03T22:31:23","guid":{"rendered":"http:\/\/www.pm.pb.gov.br\/portal\/?p=901090"},"modified":"2019-06-03T19:31:24","modified_gmt":"2019-06-03T22:31:24","slug":"policia-militar-recupera-veiculos-roubados-em-dois-estados-durante-operacao-na-cidade-de-santa-rita","status":"publish","type":"post","link":"https:\/\/www.pm.pb.gov.br\/portal\/2019\/06\/03\/policia-militar-recupera-veiculos-roubados-em-dois-estados-durante-operacao-na-cidade-de-santa-rita\/","title":{"rendered":"Pol\u00edcia Militar recupera ve\u00edculos roubados em dois estados durante opera\u00e7\u00e3o na cidade de Santa Rita"},"content":{"rendered":"\n<p><img loading=\"lazy\" decoding=\"async\" class=\"size-medium wp-image-901091 alignright\" src=\"http:\/\/www.pm.pb.gov.br\/portal\/wp-content\/uploads\/2019\/06\/WhatsApp-Image-2019-06-03-at-19.17.091-334x445.jpg\" alt=\"\" width=\"334\" height=\"445\" srcset=\"https:\/\/www.pm.pb.gov.br\/portal\/wp-content\/uploads\/2019\/06\/WhatsApp-Image-2019-06-03-at-19.17.091-334x445.jpg 334w, https:\/\/www.pm.pb.gov.br\/portal\/wp-content\/uploads\/2019\/06\/WhatsApp-Image-2019-06-03-at-19.17.091-768x1024.jpg 768w, https:\/\/www.pm.pb.gov.br\/portal\/wp-content\/uploads\/2019\/06\/WhatsApp-Image-2019-06-03-at-19.17.091-428x570.jpg 428w, https:\/\/www.pm.pb.gov.br\/portal\/wp-content\/uploads\/2019\/06\/WhatsApp-Image-2019-06-03-at-19.17.091.jpg 960w\" sizes=\"(max-width: 334px) 100vw, 334px\" \/>Uma opera\u00e7\u00e3o realizada pelo 7\u00ba Batalh\u00e3o em conjunto com a Coordenadoria de Intelig\u00eancia (COInt) da PM, nesta segunda-feira (3), resultou na apreens\u00e3o de dois carros e uma moto com registros de roubos nos estados da Para\u00edba e Pernambuco, pedras de crack, muni\u00e7\u00e3o, dinheiro e um colete bal\u00edstico, na cidade de Santa Rita. Um suspeito de 21 anos foi preso em flagrante.<\/p>\n<p>Ele foi abordado quando estava em um dos carros, que foi roubado em Pernambuco e j\u00e1 estava com a placa clonada. No ve\u00edculo, foram encontradas tamb\u00e9m drogas. O outro carro, a moto e o restante do material foram apreendidos na casa do acusado, no bairro de Tibiri.<\/p>\n<p>Um dos ve\u00edculos apreendidos na opera\u00e7\u00e3o, uma Toyota Hilux, foi roubado no \u00faltimo s\u00e1bado (1\u00ba), perto da feira de Oitizeiro, em Jo\u00e3o Pessoa. O acusado deve ser investigado sobre a participa\u00e7\u00e3o em outros crimes.<\/p>\n<p>O preso e o material apreendido foram levados para a 5\u00aa Delegacia Seccional, em Santa Rita.<\/p>\n","protected":false},"excerpt":{"rendered":"<p>Uma opera\u00e7\u00e3o realizada pelo 7\u00ba Batalh\u00e3o em conjunto com a Coordenadoria de Intelig\u00eancia (COInt) da PM, nesta segunda-feira (3), resultou<\/p>\n","protected":false},"author":12,"featured_media":901089,"comment_status":"closed","ping_status":"closed","sticky":false,"template":"","format":"standard","meta":{"_exactmetrics_skip_tracking":false,"_exactmetrics_sitenote_active":false,"_exactmetrics_sitenote_note":"","_exactmetrics_sitenote_category":0,"footnotes":""},"categories":[4],"tags":[],"yoast_head":"<!-- This site is optimized with the Yoast SEO plugin v22.0 - https:\/\/yoast.com\/wordpress\/plugins\/seo\/ -->\n<title>Pol\u00edcia Militar recupera ve\u00edculos roubados em dois estados durante opera\u00e7\u00e3o na cidade de Santa Rita - Pol\u00edcia Militar da Para\u00edba<\/title>\n<meta name=\"robots\" content=\"index, follow, max-snippet:-1, max-image-preview:large, max-video-preview:-1\" \/>\n<link rel=\"canonical\" href=\"https:\/\/www.pm.pb.gov.br\/portal\/2019\/06\/03\/policia-militar-recupera-veiculos-roubados-em-dois-estados-durante-operacao-na-cidade-de-santa-rita\/\" \/>\n<meta property=\"og:locale\" content=\"pt_BR\" \/>\n<meta property=\"og:type\" content=\"article\" \/>\n<meta property=\"og:title\" content=\"Pol\u00edcia Militar recupera ve\u00edculos roubados em dois estados durante opera\u00e7\u00e3o na cidade de Santa Rita - Pol\u00edcia Militar da Para\u00edba\" \/>\n<meta property=\"og:description\" content=\"Uma opera\u00e7\u00e3o realizada pelo 7\u00ba Batalh\u00e3o em conjunto com a Coordenadoria de Intelig\u00eancia (COInt) da PM, nesta segunda-feira (3), resultou\" \/>\n<meta property=\"og:url\" content=\"https:\/\/www.pm.pb.gov.br\/portal\/2019\/06\/03\/policia-militar-recupera-veiculos-roubados-em-dois-estados-durante-operacao-na-cidade-de-santa-rita\/\" \/>\n<meta property=\"og:site_name\" content=\"Pol\u00edcia Militar da Para\u00edba\" \/>\n<meta property=\"article:published_time\" content=\"2019-06-03T22:31:23+00:00\" \/>\n<meta property=\"article:modified_time\" content=\"2019-06-03T22:31:24+00:00\" \/>\n<meta property=\"og:image\" content=\"https:\/\/www.pm.pb.gov.br\/portal\/wp-content\/uploads\/2019\/06\/WhatsApp-Image-2019-06-03-at-19.17.071.jpeg\" \/>\n\t<meta property=\"og:image:width\" content=\"800\" \/>\n\t<meta property=\"og:image:height\" content=\"445\" \/>\n\t<meta property=\"og:image:type\" content=\"image\/jpeg\" \/>\n<meta name=\"author\" content=\"Tarcisio Oliveira\" \/>\n<meta name=\"twitter:card\" content=\"summary_large_image\" \/>\n<meta name=\"twitter:label1\" content=\"Escrito por\" \/>\n\t<meta name=\"twitter:data1\" content=\"Tarcisio Oliveira\" \/>\n\t<meta name=\"twitter:label2\" content=\"Est. tempo de leitura\" \/>\n\t<meta name=\"twitter:data2\" content=\"1 minuto\" \/>\n<script type=\"application\/ld+json\" class=\"yoast-schema-graph\">{\"@context\":\"https:\/\/schema.org\",\"@graph\":[{\"@type\":\"Article\",\"@id\":\"https:\/\/www.pm.pb.gov.br\/portal\/2019\/06\/03\/policia-militar-recupera-veiculos-roubados-em-dois-estados-durante-operacao-na-cidade-de-santa-rita\/#article\",\"isPartOf\":{\"@id\":\"https:\/\/www.pm.pb.gov.br\/portal\/2019\/06\/03\/policia-militar-recupera-veiculos-roubados-em-dois-estados-durante-operacao-na-cidade-de-santa-rita\/\"},\"author\":{\"name\":\"Tarcisio Oliveira\",\"@id\":\"https:\/\/www.pm.pb.gov.br\/portal\/#\/schema\/person\/f84f56dcc78ce4357054da888b8247fd\"},\"headline\":\"Pol\u00edcia Militar recupera ve\u00edculos roubados em dois estados durante opera\u00e7\u00e3o na cidade de Santa Rita\",\"datePublished\":\"2019-06-03T22:31:23+00:00\",\"dateModified\":\"2019-06-03T22:31:24+00:00\",\"mainEntityOfPage\":{\"@id\":\"https:\/\/www.pm.pb.gov.br\/portal\/2019\/06\/03\/policia-militar-recupera-veiculos-roubados-em-dois-estados-durante-operacao-na-cidade-de-santa-rita\/\"},\"wordCount\":185,\"publisher\":{\"@id\":\"https:\/\/www.pm.pb.gov.br\/portal\/#organization\"},\"articleSection\":[\"A\u00e7\u00f5es Policiais\"],\"inLanguage\":\"pt-BR\"},{\"@type\":\"WebPage\",\"@id\":\"https:\/\/www.pm.pb.gov.br\/portal\/2019\/06\/03\/policia-militar-recupera-veiculos-roubados-em-dois-estados-durante-operacao-na-cidade-de-santa-rita\/\",\"url\":\"https:\/\/www.pm.pb.gov.br\/portal\/2019\/06\/03\/policia-militar-recupera-veiculos-roubados-em-dois-estados-durante-operacao-na-cidade-de-santa-rita\/\",\"name\":\"Pol\u00edcia Militar recupera ve\u00edculos roubados em dois estados durante opera\u00e7\u00e3o na cidade de Santa Rita - Pol\u00edcia Militar da Para\u00edba\",\"isPartOf\":{\"@id\":\"https:\/\/www.pm.pb.gov.br\/portal\/#website\"},\"datePublished\":\"2019-06-03T22:31:23+00:00\",\"dateModified\":\"2019-06-03T22:31:24+00:00\",\"breadcrumb\":{\"@id\":\"https:\/\/www.pm.pb.gov.br\/portal\/2019\/06\/03\/policia-militar-recupera-veiculos-roubados-em-dois-estados-durante-operacao-na-cidade-de-santa-rita\/#breadcrumb\"},\"inLanguage\":\"pt-BR\",\"potentialAction\":[{\"@type\":\"ReadAction\",\"target\":[\"https:\/\/www.pm.pb.gov.br\/portal\/2019\/06\/03\/policia-militar-recupera-veiculos-roubados-em-dois-estados-durante-operacao-na-cidade-de-santa-rita\/\"]}]},{\"@type\":\"BreadcrumbList\",\"@id\":\"https:\/\/www.pm.pb.gov.br\/portal\/2019\/06\/03\/policia-militar-recupera-veiculos-roubados-em-dois-estados-durante-operacao-na-cidade-de-santa-rita\/#breadcrumb\",\"itemListElement\":[{\"@type\":\"ListItem\",\"position\":1,\"name\":\"In\u00edcio\",\"item\":\"https:\/\/www.pm.pb.gov.br\/portal\/\"},{\"@type\":\"ListItem\",\"position\":2,\"name\":\"Pol\u00edcia Militar recupera ve\u00edculos roubados em dois estados durante opera\u00e7\u00e3o na cidade de Santa Rita\"}]},{\"@type\":\"WebSite\",\"@id\":\"https:\/\/www.pm.pb.gov.br\/portal\/#website\",\"url\":\"https:\/\/www.pm.pb.gov.br\/portal\/\",\"name\":\"Pol\u00edcia Militar da Para\u00edba\",\"description\":\"\",\"publisher\":{\"@id\":\"https:\/\/www.pm.pb.gov.br\/portal\/#organization\"},\"potentialAction\":[{\"@type\":\"SearchAction\",\"target\":{\"@type\":\"EntryPoint\",\"urlTemplate\":\"https:\/\/www.pm.pb.gov.br\/portal\/?s={search_term_string}\"},\"query-input\":\"required name=search_term_string\"}],\"inLanguage\":\"pt-BR\"},{\"@type\":\"Organization\",\"@id\":\"https:\/\/www.pm.pb.gov.br\/portal\/#organization\",\"name\":\"Pol\u00edcia Militar da Para\u00edba\",\"url\":\"https:\/\/www.pm.pb.gov.br\/portal\/\",\"logo\":{\"@type\":\"ImageObject\",\"inLanguage\":\"pt-BR\",\"@id\":\"https:\/\/www.pm.pb.gov.br\/portal\/#\/schema\/logo\/image\/\",\"url\":\"https:\/\/www.pm.pb.gov.br\/portal\/wp-content\/uploads\/2025\/03\/cropped-logo-site-mag2-1.png\",\"contentUrl\":\"https:\/\/www.pm.pb.gov.br\/portal\/wp-content\/uploads\/2025\/03\/cropped-logo-site-mag2-1.png\",\"width\":320,\"height\":90,\"caption\":\"Pol\u00edcia Militar da Para\u00edba\"},\"image\":{\"@id\":\"https:\/\/www.pm.pb.gov.br\/portal\/#\/schema\/logo\/image\/\"}},{\"@type\":\"Person\",\"@id\":\"https:\/\/www.pm.pb.gov.br\/portal\/#\/schema\/person\/f84f56dcc78ce4357054da888b8247fd\",\"name\":\"Tarcisio Oliveira\",\"image\":{\"@type\":\"ImageObject\",\"inLanguage\":\"pt-BR\",\"@id\":\"https:\/\/www.pm.pb.gov.br\/portal\/#\/schema\/person\/image\/\",\"url\":\"https:\/\/secure.gravatar.com\/avatar\/72917b630b69d31cd0297507f34bac97?s=96&d=mm&r=g\",\"contentUrl\":\"https:\/\/secure.gravatar.com\/avatar\/72917b630b69d31cd0297507f34bac97?s=96&d=mm&r=g\",\"caption\":\"Tarcisio Oliveira\"},\"url\":\"https:\/\/www.pm.pb.gov.br\/portal\/author\/tarcisio\/\"}]}<\/script>\n<!-- \/ Yoast SEO plugin. -->","yoast_head_json":{"title":"Pol\u00edcia Militar recupera ve\u00edculos roubados em dois estados durante opera\u00e7\u00e3o na cidade de Santa Rita - Pol\u00edcia Militar da Para\u00edba","robots":{"index":"index","follow":"follow","max-snippet":"max-snippet:-1","max-image-preview":"max-image-preview:large","max-video-preview":"max-video-preview:-1"},"canonical":"https:\/\/www.pm.pb.gov.br\/portal\/2019\/06\/03\/policia-militar-recupera-veiculos-roubados-em-dois-estados-durante-operacao-na-cidade-de-santa-rita\/","og_locale":"pt_BR","og_type":"article","og_title":"Pol\u00edcia Militar recupera ve\u00edculos roubados em dois estados durante opera\u00e7\u00e3o na cidade de Santa Rita - Pol\u00edcia Militar da Para\u00edba","og_description":"Uma opera\u00e7\u00e3o realizada pelo 7\u00ba Batalh\u00e3o em conjunto com a Coordenadoria de Intelig\u00eancia (COInt) da PM, nesta segunda-feira (3), resultou","og_url":"https:\/\/www.pm.pb.gov.br\/portal\/2019\/06\/03\/policia-militar-recupera-veiculos-roubados-em-dois-estados-durante-operacao-na-cidade-de-santa-rita\/","og_site_name":"Pol\u00edcia Militar da Para\u00edba","article_published_time":"2019-06-03T22:31:23+00:00","article_modified_time":"2019-06-03T22:31:24+00:00","og_image":[{"width":800,"height":445,"url":"https:\/\/www.pm.pb.gov.br\/portal\/wp-content\/uploads\/2019\/06\/WhatsApp-Image-2019-06-03-at-19.17.071.jpeg","type":"image\/jpeg"}],"author":"Tarcisio Oliveira","twitter_card":"summary_large_image","twitter_misc":{"Escrito por":"Tarcisio Oliveira","Est. tempo de leitura":"1 minuto"},"schema":{"@context":"https:\/\/schema.org","@graph":[{"@type":"Article","@id":"https:\/\/www.pm.pb.gov.br\/portal\/2019\/06\/03\/policia-militar-recupera-veiculos-roubados-em-dois-estados-durante-operacao-na-cidade-de-santa-rita\/#article","isPartOf":{"@id":"https:\/\/www.pm.pb.gov.br\/portal\/2019\/06\/03\/policia-militar-recupera-veiculos-roubados-em-dois-estados-durante-operacao-na-cidade-de-santa-rita\/"},"author":{"name":"Tarcisio Oliveira","@id":"https:\/\/www.pm.pb.gov.br\/portal\/#\/schema\/person\/f84f56dcc78ce4357054da888b8247fd"},"headline":"Pol\u00edcia Militar recupera ve\u00edculos roubados em dois estados durante opera\u00e7\u00e3o na cidade de Santa Rita","datePublished":"2019-06-03T22:31:23+00:00","dateModified":"2019-06-03T22:31:24+00:00","mainEntityOfPage":{"@id":"https:\/\/www.pm.pb.gov.br\/portal\/2019\/06\/03\/policia-militar-recupera-veiculos-roubados-em-dois-estados-durante-operacao-na-cidade-de-santa-rita\/"},"wordCount":185,"publisher":{"@id":"https:\/\/www.pm.pb.gov.br\/portal\/#organization"},"articleSection":["A\u00e7\u00f5es Policiais"],"inLanguage":"pt-BR"},{"@type":"WebPage","@id":"https:\/\/www.pm.pb.gov.br\/portal\/2019\/06\/03\/policia-militar-recupera-veiculos-roubados-em-dois-estados-durante-operacao-na-cidade-de-santa-rita\/","url":"https:\/\/www.pm.pb.gov.br\/portal\/2019\/06\/03\/policia-militar-recupera-veiculos-roubados-em-dois-estados-durante-operacao-na-cidade-de-santa-rita\/","name":"Pol\u00edcia Militar recupera ve\u00edculos roubados em dois estados durante opera\u00e7\u00e3o na cidade de Santa Rita - Pol\u00edcia Militar da Para\u00edba","isPartOf":{"@id":"https:\/\/www.pm.pb.gov.br\/portal\/#website"},"datePublished":"2019-06-03T22:31:23+00:00","dateModified":"2019-06-03T22:31:24+00:00","breadcrumb":{"@id":"https:\/\/www.pm.pb.gov.br\/portal\/2019\/06\/03\/policia-militar-recupera-veiculos-roubados-em-dois-estados-durante-operacao-na-cidade-de-santa-rita\/#breadcrumb"},"inLanguage":"pt-BR","potentialAction":[{"@type":"ReadAction","target":["https:\/\/www.pm.pb.gov.br\/portal\/2019\/06\/03\/policia-militar-recupera-veiculos-roubados-em-dois-estados-durante-operacao-na-cidade-de-santa-rita\/"]}]},{"@type":"BreadcrumbList","@id":"https:\/\/www.pm.pb.gov.br\/portal\/2019\/06\/03\/policia-militar-recupera-veiculos-roubados-em-dois-estados-durante-operacao-na-cidade-de-santa-rita\/#breadcrumb","itemListElement":[{"@type":"ListItem","position":1,"name":"In\u00edcio","item":"https:\/\/www.pm.pb.gov.br\/portal\/"},{"@type":"ListItem","position":2,"name":"Pol\u00edcia Militar recupera ve\u00edculos roubados em dois estados durante opera\u00e7\u00e3o na cidade de Santa Rita"}]},{"@type":"WebSite","@id":"https:\/\/www.pm.pb.gov.br\/portal\/#website","url":"https:\/\/www.pm.pb.gov.br\/portal\/","name":"Pol\u00edcia Militar da Para\u00edba","description":"","publisher":{"@id":"https:\/\/www.pm.pb.gov.br\/portal\/#organization"},"potentialAction":[{"@type":"SearchAction","target":{"@type":"EntryPoint","urlTemplate":"https:\/\/www.pm.pb.gov.br\/portal\/?s={search_term_string}"},"query-input":"required name=search_term_string"}],"inLanguage":"pt-BR"},{"@type":"Organization","@id":"https:\/\/www.pm.pb.gov.br\/portal\/#organization","name":"Pol\u00edcia Militar da Para\u00edba","url":"https:\/\/www.pm.pb.gov.br\/portal\/","logo":{"@type":"ImageObject","inLanguage":"pt-BR","@id":"https:\/\/www.pm.pb.gov.br\/portal\/#\/schema\/logo\/image\/","url":"https:\/\/www.pm.pb.gov.br\/portal\/wp-content\/uploads\/2025\/03\/cropped-logo-site-mag2-1.png","contentUrl":"https:\/\/www.pm.pb.gov.br\/portal\/wp-content\/uploads\/2025\/03\/cropped-logo-site-mag2-1.png","width":320,"height":90,"caption":"Pol\u00edcia Militar da Para\u00edba"},"image":{"@id":"https:\/\/www.pm.pb.gov.br\/portal\/#\/schema\/logo\/image\/"}},{"@type":"Person","@id":"https:\/\/www.pm.pb.gov.br\/portal\/#\/schema\/person\/f84f56dcc78ce4357054da888b8247fd","name":"Tarcisio Oliveira","image":{"@type":"ImageObject","inLanguage":"pt-BR","@id":"https:\/\/www.pm.pb.gov.br\/portal\/#\/schema\/person\/image\/","url":"https:\/\/secure.gravatar.com\/avatar\/72917b630b69d31cd0297507f34bac97?s=96&d=mm&r=g","contentUrl":"https:\/\/secure.gravatar.com\/avatar\/72917b630b69d31cd0297507f34bac97?s=96&d=mm&r=g","caption":"Tarcisio Oliveira"},"url":"https:\/\/www.pm.pb.gov.br\/portal\/author\/tarcisio\/"}]}},"_links":{"self":[{"href":"https:\/\/www.pm.pb.gov.br\/portal\/wp-json\/wp\/v2\/posts\/901090"}],"collection":[{"href":"https:\/\/www.pm.pb.gov.br\/portal\/wp-json\/wp\/v2\/posts"}],"about":[{"href":"https:\/\/www.pm.pb.gov.br\/portal\/wp-json\/wp\/v2\/types\/post"}],"author":[{"embeddable":true,"href":"https:\/\/www.pm.pb.gov.br\/portal\/wp-json\/wp\/v2\/users\/12"}],"replies":[{"embeddable":true,"href":"https:\/\/www.pm.pb.gov.br\/portal\/wp-json\/wp\/v2\/comments?post=901090"}],"version-history":[{"count":2,"href":"https:\/\/www.pm.pb.gov.br\/portal\/wp-json\/wp\/v2\/posts\/901090\/revisions"}],"predecessor-version":[{"id":901093,"href":"https:\/\/www.pm.pb.gov.br\/portal\/wp-json\/wp\/v2\/posts\/901090\/revisions\/901093"}],"wp:featuredmedia":[{"embeddable":true,"href":"https:\/\/www.pm.pb.gov.br\/portal\/wp-json\/wp\/v2\/media\/901089"}],"wp:attachment":[{"href":"https:\/\/www.pm.pb.gov.br\/portal\/wp-json\/wp\/v2\/media?parent=901090"}],"wp:term":[{"taxonomy":"category","embeddable":true,"href":"https:\/\/www.pm.pb.gov.br\/portal\/wp-json\/wp\/v2\/categories?post=901090"},{"taxonomy":"post_tag","embeddable":true,"href":"https:\/\/www.pm.pb.gov.br\/portal\/wp-json\/wp\/v2\/tags?post=901090"}],"curies":[{"name":"wp","href":"https:\/\/api.w.org\/{rel}","templated":true}]}}