{"id":901015,"date":"2019-05-23T11:53:00","date_gmt":"2019-05-23T14:53:00","guid":{"rendered":"http:\/\/www.pm.pb.gov.br\/portal\/?p=901015"},"modified":"2019-05-23T11:53:01","modified_gmt":"2019-05-23T14:53:01","slug":"policia-miliar-apreende-drogas-prontas-para-a-venda-em-duas-acoes-de-combate-ao-trafico-da-capital","status":"publish","type":"post","link":"https:\/\/www.pm.pb.gov.br\/portal\/2019\/05\/23\/policia-miliar-apreende-drogas-prontas-para-a-venda-em-duas-acoes-de-combate-ao-trafico-da-capital\/","title":{"rendered":"Pol\u00edcia Miliar apreende drogas prontas para a venda em duas a\u00e7\u00f5es de combate ao tr\u00e1fico da Capital"},"content":{"rendered":"\n<p>A Pol\u00edcia Militar apreendeu 235 papelotes de maconha prontos para a venda, nessa quarta-feira (22), em a\u00e7\u00f5es de combate ao tr\u00e1fico, nos bairros do Renascer I e Jardim Cidade Universit\u00e1ria, em Jo\u00e3o Pessoa.<br \/><br \/>No Renascer I, a For\u00e7a T\u00e1tica do 1\u00ba Batalh\u00e3o abordou um homem que apresentou atitude suspeita, ao ser surpreendido pela PM, e encontrou com ele 135 papelotes de maconha e dinheiro trocado.<br \/><br \/>J\u00e1 no bairro Jardim Cidade Universit\u00e1ria, a Ronda Ostensiva T\u00e1tica com Apoio de Motocicletas (Rotam) do 5\u00ba Batalh\u00e3o apreendeu 100 papelotes de maconha em uma casa, na comunidade Santa B\u00e1rbara. Um grupo suspeito estava na frente da resid\u00eancia e correu ao perceber a entrada da PM na localidade, deixando toda a droga no local.<br \/><br \/>Os dois casos foram levados para a Central de Flagrantes, no bairro do Geisel.<\/p>\n","protected":false},"excerpt":{"rendered":"<p>A Pol\u00edcia Militar apreendeu 235 papelotes de maconha prontos para a venda, nessa quarta-feira (22), em a\u00e7\u00f5es de combate ao<\/p>\n","protected":false},"author":10,"featured_media":901016,"comment_status":"closed","ping_status":"closed","sticky":false,"template":"","format":"standard","meta":{"_exactmetrics_skip_tracking":false,"_exactmetrics_sitenote_active":false,"_exactmetrics_sitenote_note":"","_exactmetrics_sitenote_category":0,"footnotes":""},"categories":[4],"tags":[],"yoast_head":"<!-- This site is optimized with the Yoast SEO plugin v22.0 - https:\/\/yoast.com\/wordpress\/plugins\/seo\/ -->\n<title>Pol\u00edcia Miliar apreende drogas prontas para a venda em duas a\u00e7\u00f5es de combate ao tr\u00e1fico da Capital - Pol\u00edcia Militar da Para\u00edba<\/title>\n<meta name=\"robots\" content=\"index, follow, max-snippet:-1, max-image-preview:large, max-video-preview:-1\" \/>\n<link rel=\"canonical\" href=\"https:\/\/www.pm.pb.gov.br\/portal\/2019\/05\/23\/policia-miliar-apreende-drogas-prontas-para-a-venda-em-duas-acoes-de-combate-ao-trafico-da-capital\/\" \/>\n<meta property=\"og:locale\" content=\"pt_BR\" \/>\n<meta property=\"og:type\" content=\"article\" \/>\n<meta property=\"og:title\" content=\"Pol\u00edcia Miliar apreende drogas prontas para a venda em duas a\u00e7\u00f5es de combate ao tr\u00e1fico da Capital - Pol\u00edcia Militar da Para\u00edba\" \/>\n<meta property=\"og:description\" content=\"A Pol\u00edcia Militar apreendeu 235 papelotes de maconha prontos para a venda, nessa quarta-feira (22), em a\u00e7\u00f5es de combate ao\" \/>\n<meta property=\"og:url\" content=\"https:\/\/www.pm.pb.gov.br\/portal\/2019\/05\/23\/policia-miliar-apreende-drogas-prontas-para-a-venda-em-duas-acoes-de-combate-ao-trafico-da-capital\/\" \/>\n<meta property=\"og:site_name\" content=\"Pol\u00edcia Militar da Para\u00edba\" \/>\n<meta property=\"article:published_time\" content=\"2019-05-23T14:53:00+00:00\" \/>\n<meta property=\"article:modified_time\" content=\"2019-05-23T14:53:01+00:00\" \/>\n<meta property=\"og:image\" content=\"https:\/\/www.pm.pb.gov.br\/portal\/wp-content\/uploads\/2019\/05\/b629c6cf-3be6-4b48-b725-530aedd25e1f.jpg\" \/>\n\t<meta property=\"og:image:width\" content=\"1065\" \/>\n\t<meta property=\"og:image:height\" content=\"594\" \/>\n\t<meta property=\"og:image:type\" content=\"image\/jpeg\" \/>\n<meta name=\"author\" content=\"WAGNER HENRIQUE VARELA DA SILVA\" \/>\n<meta name=\"twitter:card\" content=\"summary_large_image\" \/>\n<meta name=\"twitter:label1\" content=\"Escrito por\" \/>\n\t<meta name=\"twitter:data1\" content=\"WAGNER HENRIQUE VARELA DA SILVA\" \/>\n\t<meta name=\"twitter:label2\" content=\"Est. tempo de leitura\" \/>\n\t<meta name=\"twitter:data2\" content=\"1 minuto\" \/>\n<script type=\"application\/ld+json\" class=\"yoast-schema-graph\">{\"@context\":\"https:\/\/schema.org\",\"@graph\":[{\"@type\":\"Article\",\"@id\":\"https:\/\/www.pm.pb.gov.br\/portal\/2019\/05\/23\/policia-miliar-apreende-drogas-prontas-para-a-venda-em-duas-acoes-de-combate-ao-trafico-da-capital\/#article\",\"isPartOf\":{\"@id\":\"https:\/\/www.pm.pb.gov.br\/portal\/2019\/05\/23\/policia-miliar-apreende-drogas-prontas-para-a-venda-em-duas-acoes-de-combate-ao-trafico-da-capital\/\"},\"author\":{\"name\":\"WAGNER HENRIQUE VARELA DA SILVA\",\"@id\":\"https:\/\/www.pm.pb.gov.br\/portal\/#\/schema\/person\/b169b297b8494dea236e315ed1a201d1\"},\"headline\":\"Pol\u00edcia Miliar apreende drogas prontas para a venda em duas a\u00e7\u00f5es de combate ao tr\u00e1fico da Capital\",\"datePublished\":\"2019-05-23T14:53:00+00:00\",\"dateModified\":\"2019-05-23T14:53:01+00:00\",\"mainEntityOfPage\":{\"@id\":\"https:\/\/www.pm.pb.gov.br\/portal\/2019\/05\/23\/policia-miliar-apreende-drogas-prontas-para-a-venda-em-duas-acoes-de-combate-ao-trafico-da-capital\/\"},\"wordCount\":160,\"publisher\":{\"@id\":\"https:\/\/www.pm.pb.gov.br\/portal\/#organization\"},\"articleSection\":[\"A\u00e7\u00f5es Policiais\"],\"inLanguage\":\"pt-BR\"},{\"@type\":\"WebPage\",\"@id\":\"https:\/\/www.pm.pb.gov.br\/portal\/2019\/05\/23\/policia-miliar-apreende-drogas-prontas-para-a-venda-em-duas-acoes-de-combate-ao-trafico-da-capital\/\",\"url\":\"https:\/\/www.pm.pb.gov.br\/portal\/2019\/05\/23\/policia-miliar-apreende-drogas-prontas-para-a-venda-em-duas-acoes-de-combate-ao-trafico-da-capital\/\",\"name\":\"Pol\u00edcia Miliar apreende drogas prontas para a venda em duas a\u00e7\u00f5es de combate ao tr\u00e1fico da Capital - Pol\u00edcia Militar da Para\u00edba\",\"isPartOf\":{\"@id\":\"https:\/\/www.pm.pb.gov.br\/portal\/#website\"},\"datePublished\":\"2019-05-23T14:53:00+00:00\",\"dateModified\":\"2019-05-23T14:53:01+00:00\",\"breadcrumb\":{\"@id\":\"https:\/\/www.pm.pb.gov.br\/portal\/2019\/05\/23\/policia-miliar-apreende-drogas-prontas-para-a-venda-em-duas-acoes-de-combate-ao-trafico-da-capital\/#breadcrumb\"},\"inLanguage\":\"pt-BR\",\"potentialAction\":[{\"@type\":\"ReadAction\",\"target\":[\"https:\/\/www.pm.pb.gov.br\/portal\/2019\/05\/23\/policia-miliar-apreende-drogas-prontas-para-a-venda-em-duas-acoes-de-combate-ao-trafico-da-capital\/\"]}]},{\"@type\":\"BreadcrumbList\",\"@id\":\"https:\/\/www.pm.pb.gov.br\/portal\/2019\/05\/23\/policia-miliar-apreende-drogas-prontas-para-a-venda-em-duas-acoes-de-combate-ao-trafico-da-capital\/#breadcrumb\",\"itemListElement\":[{\"@type\":\"ListItem\",\"position\":1,\"name\":\"In\u00edcio\",\"item\":\"https:\/\/www.pm.pb.gov.br\/portal\/\"},{\"@type\":\"ListItem\",\"position\":2,\"name\":\"Pol\u00edcia Miliar apreende drogas prontas para a venda em duas a\u00e7\u00f5es de combate ao tr\u00e1fico da Capital\"}]},{\"@type\":\"WebSite\",\"@id\":\"https:\/\/www.pm.pb.gov.br\/portal\/#website\",\"url\":\"https:\/\/www.pm.pb.gov.br\/portal\/\",\"name\":\"Pol\u00edcia Militar da Para\u00edba\",\"description\":\"\",\"publisher\":{\"@id\":\"https:\/\/www.pm.pb.gov.br\/portal\/#organization\"},\"potentialAction\":[{\"@type\":\"SearchAction\",\"target\":{\"@type\":\"EntryPoint\",\"urlTemplate\":\"https:\/\/www.pm.pb.gov.br\/portal\/?s={search_term_string}\"},\"query-input\":\"required name=search_term_string\"}],\"inLanguage\":\"pt-BR\"},{\"@type\":\"Organization\",\"@id\":\"https:\/\/www.pm.pb.gov.br\/portal\/#organization\",\"name\":\"Pol\u00edcia Militar da Para\u00edba\",\"url\":\"https:\/\/www.pm.pb.gov.br\/portal\/\",\"logo\":{\"@type\":\"ImageObject\",\"inLanguage\":\"pt-BR\",\"@id\":\"https:\/\/www.pm.pb.gov.br\/portal\/#\/schema\/logo\/image\/\",\"url\":\"https:\/\/www.pm.pb.gov.br\/portal\/wp-content\/uploads\/2025\/03\/cropped-logo-site-mag2-1.png\",\"contentUrl\":\"https:\/\/www.pm.pb.gov.br\/portal\/wp-content\/uploads\/2025\/03\/cropped-logo-site-mag2-1.png\",\"width\":320,\"height\":90,\"caption\":\"Pol\u00edcia Militar da Para\u00edba\"},\"image\":{\"@id\":\"https:\/\/www.pm.pb.gov.br\/portal\/#\/schema\/logo\/image\/\"}},{\"@type\":\"Person\",\"@id\":\"https:\/\/www.pm.pb.gov.br\/portal\/#\/schema\/person\/b169b297b8494dea236e315ed1a201d1\",\"name\":\"WAGNER HENRIQUE VARELA DA SILVA\",\"image\":{\"@type\":\"ImageObject\",\"inLanguage\":\"pt-BR\",\"@id\":\"https:\/\/www.pm.pb.gov.br\/portal\/#\/schema\/person\/image\/\",\"url\":\"https:\/\/secure.gravatar.com\/avatar\/e08af53176a66730df5c0706c6c31fd6?s=96&d=mm&r=g\",\"contentUrl\":\"https:\/\/secure.gravatar.com\/avatar\/e08af53176a66730df5c0706c6c31fd6?s=96&d=mm&r=g\",\"caption\":\"WAGNER HENRIQUE VARELA DA SILVA\"},\"url\":\"https:\/\/www.pm.pb.gov.br\/portal\/author\/varela\/\"}]}<\/script>\n<!-- \/ Yoast SEO plugin. -->","yoast_head_json":{"title":"Pol\u00edcia Miliar apreende drogas prontas para a venda em duas a\u00e7\u00f5es de combate ao tr\u00e1fico da Capital - Pol\u00edcia Militar da Para\u00edba","robots":{"index":"index","follow":"follow","max-snippet":"max-snippet:-1","max-image-preview":"max-image-preview:large","max-video-preview":"max-video-preview:-1"},"canonical":"https:\/\/www.pm.pb.gov.br\/portal\/2019\/05\/23\/policia-miliar-apreende-drogas-prontas-para-a-venda-em-duas-acoes-de-combate-ao-trafico-da-capital\/","og_locale":"pt_BR","og_type":"article","og_title":"Pol\u00edcia Miliar apreende drogas prontas para a venda em duas a\u00e7\u00f5es de combate ao tr\u00e1fico da Capital - Pol\u00edcia Militar da Para\u00edba","og_description":"A Pol\u00edcia Militar apreendeu 235 papelotes de maconha prontos para a venda, nessa quarta-feira (22), em a\u00e7\u00f5es de combate ao","og_url":"https:\/\/www.pm.pb.gov.br\/portal\/2019\/05\/23\/policia-miliar-apreende-drogas-prontas-para-a-venda-em-duas-acoes-de-combate-ao-trafico-da-capital\/","og_site_name":"Pol\u00edcia Militar da Para\u00edba","article_published_time":"2019-05-23T14:53:00+00:00","article_modified_time":"2019-05-23T14:53:01+00:00","og_image":[{"width":1065,"height":594,"url":"https:\/\/www.pm.pb.gov.br\/portal\/wp-content\/uploads\/2019\/05\/b629c6cf-3be6-4b48-b725-530aedd25e1f.jpg","type":"image\/jpeg"}],"author":"WAGNER HENRIQUE VARELA DA SILVA","twitter_card":"summary_large_image","twitter_misc":{"Escrito por":"WAGNER HENRIQUE VARELA DA SILVA","Est. tempo de leitura":"1 minuto"},"schema":{"@context":"https:\/\/schema.org","@graph":[{"@type":"Article","@id":"https:\/\/www.pm.pb.gov.br\/portal\/2019\/05\/23\/policia-miliar-apreende-drogas-prontas-para-a-venda-em-duas-acoes-de-combate-ao-trafico-da-capital\/#article","isPartOf":{"@id":"https:\/\/www.pm.pb.gov.br\/portal\/2019\/05\/23\/policia-miliar-apreende-drogas-prontas-para-a-venda-em-duas-acoes-de-combate-ao-trafico-da-capital\/"},"author":{"name":"WAGNER HENRIQUE VARELA DA SILVA","@id":"https:\/\/www.pm.pb.gov.br\/portal\/#\/schema\/person\/b169b297b8494dea236e315ed1a201d1"},"headline":"Pol\u00edcia Miliar apreende drogas prontas para a venda em duas a\u00e7\u00f5es de combate ao tr\u00e1fico da Capital","datePublished":"2019-05-23T14:53:00+00:00","dateModified":"2019-05-23T14:53:01+00:00","mainEntityOfPage":{"@id":"https:\/\/www.pm.pb.gov.br\/portal\/2019\/05\/23\/policia-miliar-apreende-drogas-prontas-para-a-venda-em-duas-acoes-de-combate-ao-trafico-da-capital\/"},"wordCount":160,"publisher":{"@id":"https:\/\/www.pm.pb.gov.br\/portal\/#organization"},"articleSection":["A\u00e7\u00f5es Policiais"],"inLanguage":"pt-BR"},{"@type":"WebPage","@id":"https:\/\/www.pm.pb.gov.br\/portal\/2019\/05\/23\/policia-miliar-apreende-drogas-prontas-para-a-venda-em-duas-acoes-de-combate-ao-trafico-da-capital\/","url":"https:\/\/www.pm.pb.gov.br\/portal\/2019\/05\/23\/policia-miliar-apreende-drogas-prontas-para-a-venda-em-duas-acoes-de-combate-ao-trafico-da-capital\/","name":"Pol\u00edcia Miliar apreende drogas prontas para a venda em duas a\u00e7\u00f5es de combate ao tr\u00e1fico da Capital - Pol\u00edcia Militar da Para\u00edba","isPartOf":{"@id":"https:\/\/www.pm.pb.gov.br\/portal\/#website"},"datePublished":"2019-05-23T14:53:00+00:00","dateModified":"2019-05-23T14:53:01+00:00","breadcrumb":{"@id":"https:\/\/www.pm.pb.gov.br\/portal\/2019\/05\/23\/policia-miliar-apreende-drogas-prontas-para-a-venda-em-duas-acoes-de-combate-ao-trafico-da-capital\/#breadcrumb"},"inLanguage":"pt-BR","potentialAction":[{"@type":"ReadAction","target":["https:\/\/www.pm.pb.gov.br\/portal\/2019\/05\/23\/policia-miliar-apreende-drogas-prontas-para-a-venda-em-duas-acoes-de-combate-ao-trafico-da-capital\/"]}]},{"@type":"BreadcrumbList","@id":"https:\/\/www.pm.pb.gov.br\/portal\/2019\/05\/23\/policia-miliar-apreende-drogas-prontas-para-a-venda-em-duas-acoes-de-combate-ao-trafico-da-capital\/#breadcrumb","itemListElement":[{"@type":"ListItem","position":1,"name":"In\u00edcio","item":"https:\/\/www.pm.pb.gov.br\/portal\/"},{"@type":"ListItem","position":2,"name":"Pol\u00edcia Miliar apreende drogas prontas para a venda em duas a\u00e7\u00f5es de combate ao tr\u00e1fico da Capital"}]},{"@type":"WebSite","@id":"https:\/\/www.pm.pb.gov.br\/portal\/#website","url":"https:\/\/www.pm.pb.gov.br\/portal\/","name":"Pol\u00edcia Militar da Para\u00edba","description":"","publisher":{"@id":"https:\/\/www.pm.pb.gov.br\/portal\/#organization"},"potentialAction":[{"@type":"SearchAction","target":{"@type":"EntryPoint","urlTemplate":"https:\/\/www.pm.pb.gov.br\/portal\/?s={search_term_string}"},"query-input":"required name=search_term_string"}],"inLanguage":"pt-BR"},{"@type":"Organization","@id":"https:\/\/www.pm.pb.gov.br\/portal\/#organization","name":"Pol\u00edcia Militar da Para\u00edba","url":"https:\/\/www.pm.pb.gov.br\/portal\/","logo":{"@type":"ImageObject","inLanguage":"pt-BR","@id":"https:\/\/www.pm.pb.gov.br\/portal\/#\/schema\/logo\/image\/","url":"https:\/\/www.pm.pb.gov.br\/portal\/wp-content\/uploads\/2025\/03\/cropped-logo-site-mag2-1.png","contentUrl":"https:\/\/www.pm.pb.gov.br\/portal\/wp-content\/uploads\/2025\/03\/cropped-logo-site-mag2-1.png","width":320,"height":90,"caption":"Pol\u00edcia Militar da Para\u00edba"},"image":{"@id":"https:\/\/www.pm.pb.gov.br\/portal\/#\/schema\/logo\/image\/"}},{"@type":"Person","@id":"https:\/\/www.pm.pb.gov.br\/portal\/#\/schema\/person\/b169b297b8494dea236e315ed1a201d1","name":"WAGNER HENRIQUE VARELA DA SILVA","image":{"@type":"ImageObject","inLanguage":"pt-BR","@id":"https:\/\/www.pm.pb.gov.br\/portal\/#\/schema\/person\/image\/","url":"https:\/\/secure.gravatar.com\/avatar\/e08af53176a66730df5c0706c6c31fd6?s=96&d=mm&r=g","contentUrl":"https:\/\/secure.gravatar.com\/avatar\/e08af53176a66730df5c0706c6c31fd6?s=96&d=mm&r=g","caption":"WAGNER HENRIQUE VARELA DA SILVA"},"url":"https:\/\/www.pm.pb.gov.br\/portal\/author\/varela\/"}]}},"_links":{"self":[{"href":"https:\/\/www.pm.pb.gov.br\/portal\/wp-json\/wp\/v2\/posts\/901015"}],"collection":[{"href":"https:\/\/www.pm.pb.gov.br\/portal\/wp-json\/wp\/v2\/posts"}],"about":[{"href":"https:\/\/www.pm.pb.gov.br\/portal\/wp-json\/wp\/v2\/types\/post"}],"author":[{"embeddable":true,"href":"https:\/\/www.pm.pb.gov.br\/portal\/wp-json\/wp\/v2\/users\/10"}],"replies":[{"embeddable":true,"href":"https:\/\/www.pm.pb.gov.br\/portal\/wp-json\/wp\/v2\/comments?post=901015"}],"version-history":[{"count":1,"href":"https:\/\/www.pm.pb.gov.br\/portal\/wp-json\/wp\/v2\/posts\/901015\/revisions"}],"predecessor-version":[{"id":901017,"href":"https:\/\/www.pm.pb.gov.br\/portal\/wp-json\/wp\/v2\/posts\/901015\/revisions\/901017"}],"wp:featuredmedia":[{"embeddable":true,"href":"https:\/\/www.pm.pb.gov.br\/portal\/wp-json\/wp\/v2\/media\/901016"}],"wp:attachment":[{"href":"https:\/\/www.pm.pb.gov.br\/portal\/wp-json\/wp\/v2\/media?parent=901015"}],"wp:term":[{"taxonomy":"category","embeddable":true,"href":"https:\/\/www.pm.pb.gov.br\/portal\/wp-json\/wp\/v2\/categories?post=901015"},{"taxonomy":"post_tag","embeddable":true,"href":"https:\/\/www.pm.pb.gov.br\/portal\/wp-json\/wp\/v2\/tags?post=901015"}],"curies":[{"name":"wp","href":"https:\/\/api.w.org\/{rel}","templated":true}]}}