{"id":901012,"date":"2019-05-23T11:34:29","date_gmt":"2019-05-23T14:34:29","guid":{"rendered":"http:\/\/www.pm.pb.gov.br\/portal\/?p=901012"},"modified":"2019-05-23T14:28:34","modified_gmt":"2019-05-23T17:28:34","slug":"durante-fiscalizacao-no-transito-policia-militar-apreende-arma-de-fogo-e-municoes","status":"publish","type":"post","link":"https:\/\/www.pm.pb.gov.br\/portal\/2019\/05\/23\/durante-fiscalizacao-no-transito-policia-militar-apreende-arma-de-fogo-e-municoes\/","title":{"rendered":"Durante fiscaliza\u00e7\u00e3o no tr\u00e2nsito, Pol\u00edcia Militar apreende arma de fogo e muni\u00e7\u00f5es"},"content":{"rendered":"\n<p>Durante uma fiscaliza\u00e7\u00e3o no tr\u00e2nsito, a Pol\u00edcia Militar conseguiu apreender uma arma de fogo e muni\u00e7\u00f5es que estavam com o condutor de uma motocicleta, no fim da tarde dessa quarta-feira (22) em Jo\u00e3o Pessoa. A a\u00e7\u00e3o aconteceu no bairro do Jardim Veneza, zona oeste da cidade.<br \/><br \/>Policiais do Batalh\u00e3o de Tr\u00e2nsito realizavam abordagens nas ruas do bairro, quando se depararam com um homem trafegando em uma motocicleta. \u201cFizemos uma revista no piloto da moto e na cintura dele e encontramos um rev\u00f3lver calibre 38 com seis muni\u00e7\u00f5es\u201d, explicou o sargento Nelson Suares, da 1\u00aa Companhia de Pol\u00edcia Rodovi\u00e1ria (CPRv).<br \/><br \/>Outras quatro muni\u00e7\u00f5es estavam no bolso do suspeito, totalizando 10 apreendidas na a\u00e7\u00e3o. O homem de 47 anos de idade, a arma e as muni\u00e7\u00f5es foram levados para a Central de Flagrantes. O suspeito foi autuado por porte ilegal de arma de fogo. A motocicleta que ele conduzia tinha restri\u00e7\u00f5es administrativas e foi recolhida.<\/p>\n","protected":false},"excerpt":{"rendered":"<p>Durante uma fiscaliza\u00e7\u00e3o no tr\u00e2nsito, a Pol\u00edcia Militar conseguiu apreender uma arma de fogo e muni\u00e7\u00f5es que estavam com o<\/p>\n","protected":false},"author":10,"featured_media":901013,"comment_status":"closed","ping_status":"closed","sticky":false,"template":"","format":"standard","meta":{"_exactmetrics_skip_tracking":false,"_exactmetrics_sitenote_active":false,"_exactmetrics_sitenote_note":"","_exactmetrics_sitenote_category":0,"footnotes":""},"categories":[4],"tags":[],"yoast_head":"<!-- This site is optimized with the Yoast SEO plugin v22.0 - https:\/\/yoast.com\/wordpress\/plugins\/seo\/ -->\n<title>Durante fiscaliza\u00e7\u00e3o no tr\u00e2nsito, Pol\u00edcia Militar apreende arma de fogo e muni\u00e7\u00f5es - Pol\u00edcia Militar da Para\u00edba<\/title>\n<meta name=\"robots\" content=\"index, follow, max-snippet:-1, max-image-preview:large, max-video-preview:-1\" \/>\n<link rel=\"canonical\" href=\"https:\/\/www.pm.pb.gov.br\/portal\/2019\/05\/23\/durante-fiscalizacao-no-transito-policia-militar-apreende-arma-de-fogo-e-municoes\/\" \/>\n<meta property=\"og:locale\" content=\"pt_BR\" \/>\n<meta property=\"og:type\" content=\"article\" \/>\n<meta property=\"og:title\" content=\"Durante fiscaliza\u00e7\u00e3o no tr\u00e2nsito, Pol\u00edcia Militar apreende arma de fogo e muni\u00e7\u00f5es - Pol\u00edcia Militar da Para\u00edba\" \/>\n<meta property=\"og:description\" content=\"Durante uma fiscaliza\u00e7\u00e3o no tr\u00e2nsito, a Pol\u00edcia Militar conseguiu apreender uma arma de fogo e muni\u00e7\u00f5es que estavam com o\" \/>\n<meta property=\"og:url\" content=\"https:\/\/www.pm.pb.gov.br\/portal\/2019\/05\/23\/durante-fiscalizacao-no-transito-policia-militar-apreende-arma-de-fogo-e-municoes\/\" \/>\n<meta property=\"og:site_name\" content=\"Pol\u00edcia Militar da Para\u00edba\" \/>\n<meta property=\"article:published_time\" content=\"2019-05-23T14:34:29+00:00\" \/>\n<meta property=\"article:modified_time\" content=\"2019-05-23T17:28:34+00:00\" \/>\n<meta property=\"og:image\" content=\"https:\/\/www.pm.pb.gov.br\/portal\/wp-content\/uploads\/2019\/05\/WhatsApp-Image-2019-05-22-at-18.26.29.jpg\" \/>\n\t<meta property=\"og:image:width\" content=\"1221\" \/>\n\t<meta property=\"og:image:height\" content=\"681\" \/>\n\t<meta property=\"og:image:type\" content=\"image\/jpeg\" \/>\n<meta name=\"author\" content=\"WAGNER HENRIQUE VARELA DA SILVA\" \/>\n<meta name=\"twitter:card\" content=\"summary_large_image\" \/>\n<meta name=\"twitter:label1\" content=\"Escrito por\" \/>\n\t<meta name=\"twitter:data1\" content=\"WAGNER HENRIQUE VARELA DA SILVA\" \/>\n\t<meta name=\"twitter:label2\" content=\"Est. tempo de leitura\" \/>\n\t<meta name=\"twitter:data2\" content=\"1 minuto\" \/>\n<script type=\"application\/ld+json\" class=\"yoast-schema-graph\">{\"@context\":\"https:\/\/schema.org\",\"@graph\":[{\"@type\":\"Article\",\"@id\":\"https:\/\/www.pm.pb.gov.br\/portal\/2019\/05\/23\/durante-fiscalizacao-no-transito-policia-militar-apreende-arma-de-fogo-e-municoes\/#article\",\"isPartOf\":{\"@id\":\"https:\/\/www.pm.pb.gov.br\/portal\/2019\/05\/23\/durante-fiscalizacao-no-transito-policia-militar-apreende-arma-de-fogo-e-municoes\/\"},\"author\":{\"name\":\"WAGNER HENRIQUE VARELA DA SILVA\",\"@id\":\"https:\/\/www.pm.pb.gov.br\/portal\/#\/schema\/person\/b169b297b8494dea236e315ed1a201d1\"},\"headline\":\"Durante fiscaliza\u00e7\u00e3o no tr\u00e2nsito, Pol\u00edcia Militar apreende arma de fogo e muni\u00e7\u00f5es\",\"datePublished\":\"2019-05-23T14:34:29+00:00\",\"dateModified\":\"2019-05-23T17:28:34+00:00\",\"mainEntityOfPage\":{\"@id\":\"https:\/\/www.pm.pb.gov.br\/portal\/2019\/05\/23\/durante-fiscalizacao-no-transito-policia-militar-apreende-arma-de-fogo-e-municoes\/\"},\"wordCount\":180,\"publisher\":{\"@id\":\"https:\/\/www.pm.pb.gov.br\/portal\/#organization\"},\"articleSection\":[\"A\u00e7\u00f5es Policiais\"],\"inLanguage\":\"pt-BR\"},{\"@type\":\"WebPage\",\"@id\":\"https:\/\/www.pm.pb.gov.br\/portal\/2019\/05\/23\/durante-fiscalizacao-no-transito-policia-militar-apreende-arma-de-fogo-e-municoes\/\",\"url\":\"https:\/\/www.pm.pb.gov.br\/portal\/2019\/05\/23\/durante-fiscalizacao-no-transito-policia-militar-apreende-arma-de-fogo-e-municoes\/\",\"name\":\"Durante fiscaliza\u00e7\u00e3o no tr\u00e2nsito, Pol\u00edcia Militar apreende arma de fogo e muni\u00e7\u00f5es - Pol\u00edcia Militar da Para\u00edba\",\"isPartOf\":{\"@id\":\"https:\/\/www.pm.pb.gov.br\/portal\/#website\"},\"datePublished\":\"2019-05-23T14:34:29+00:00\",\"dateModified\":\"2019-05-23T17:28:34+00:00\",\"breadcrumb\":{\"@id\":\"https:\/\/www.pm.pb.gov.br\/portal\/2019\/05\/23\/durante-fiscalizacao-no-transito-policia-militar-apreende-arma-de-fogo-e-municoes\/#breadcrumb\"},\"inLanguage\":\"pt-BR\",\"potentialAction\":[{\"@type\":\"ReadAction\",\"target\":[\"https:\/\/www.pm.pb.gov.br\/portal\/2019\/05\/23\/durante-fiscalizacao-no-transito-policia-militar-apreende-arma-de-fogo-e-municoes\/\"]}]},{\"@type\":\"BreadcrumbList\",\"@id\":\"https:\/\/www.pm.pb.gov.br\/portal\/2019\/05\/23\/durante-fiscalizacao-no-transito-policia-militar-apreende-arma-de-fogo-e-municoes\/#breadcrumb\",\"itemListElement\":[{\"@type\":\"ListItem\",\"position\":1,\"name\":\"In\u00edcio\",\"item\":\"https:\/\/www.pm.pb.gov.br\/portal\/\"},{\"@type\":\"ListItem\",\"position\":2,\"name\":\"Durante fiscaliza\u00e7\u00e3o no tr\u00e2nsito, Pol\u00edcia Militar apreende arma de fogo e muni\u00e7\u00f5es\"}]},{\"@type\":\"WebSite\",\"@id\":\"https:\/\/www.pm.pb.gov.br\/portal\/#website\",\"url\":\"https:\/\/www.pm.pb.gov.br\/portal\/\",\"name\":\"Pol\u00edcia Militar da Para\u00edba\",\"description\":\"\",\"publisher\":{\"@id\":\"https:\/\/www.pm.pb.gov.br\/portal\/#organization\"},\"potentialAction\":[{\"@type\":\"SearchAction\",\"target\":{\"@type\":\"EntryPoint\",\"urlTemplate\":\"https:\/\/www.pm.pb.gov.br\/portal\/?s={search_term_string}\"},\"query-input\":\"required name=search_term_string\"}],\"inLanguage\":\"pt-BR\"},{\"@type\":\"Organization\",\"@id\":\"https:\/\/www.pm.pb.gov.br\/portal\/#organization\",\"name\":\"Pol\u00edcia Militar da Para\u00edba\",\"url\":\"https:\/\/www.pm.pb.gov.br\/portal\/\",\"logo\":{\"@type\":\"ImageObject\",\"inLanguage\":\"pt-BR\",\"@id\":\"https:\/\/www.pm.pb.gov.br\/portal\/#\/schema\/logo\/image\/\",\"url\":\"https:\/\/www.pm.pb.gov.br\/portal\/wp-content\/uploads\/2025\/03\/cropped-logo-site-mag2-1.png\",\"contentUrl\":\"https:\/\/www.pm.pb.gov.br\/portal\/wp-content\/uploads\/2025\/03\/cropped-logo-site-mag2-1.png\",\"width\":320,\"height\":90,\"caption\":\"Pol\u00edcia Militar da Para\u00edba\"},\"image\":{\"@id\":\"https:\/\/www.pm.pb.gov.br\/portal\/#\/schema\/logo\/image\/\"}},{\"@type\":\"Person\",\"@id\":\"https:\/\/www.pm.pb.gov.br\/portal\/#\/schema\/person\/b169b297b8494dea236e315ed1a201d1\",\"name\":\"WAGNER HENRIQUE VARELA DA SILVA\",\"image\":{\"@type\":\"ImageObject\",\"inLanguage\":\"pt-BR\",\"@id\":\"https:\/\/www.pm.pb.gov.br\/portal\/#\/schema\/person\/image\/\",\"url\":\"https:\/\/secure.gravatar.com\/avatar\/e08af53176a66730df5c0706c6c31fd6?s=96&d=mm&r=g\",\"contentUrl\":\"https:\/\/secure.gravatar.com\/avatar\/e08af53176a66730df5c0706c6c31fd6?s=96&d=mm&r=g\",\"caption\":\"WAGNER HENRIQUE VARELA DA SILVA\"},\"url\":\"https:\/\/www.pm.pb.gov.br\/portal\/author\/varela\/\"}]}<\/script>\n<!-- \/ Yoast SEO plugin. -->","yoast_head_json":{"title":"Durante fiscaliza\u00e7\u00e3o no tr\u00e2nsito, Pol\u00edcia Militar apreende arma de fogo e muni\u00e7\u00f5es - Pol\u00edcia Militar da Para\u00edba","robots":{"index":"index","follow":"follow","max-snippet":"max-snippet:-1","max-image-preview":"max-image-preview:large","max-video-preview":"max-video-preview:-1"},"canonical":"https:\/\/www.pm.pb.gov.br\/portal\/2019\/05\/23\/durante-fiscalizacao-no-transito-policia-militar-apreende-arma-de-fogo-e-municoes\/","og_locale":"pt_BR","og_type":"article","og_title":"Durante fiscaliza\u00e7\u00e3o no tr\u00e2nsito, Pol\u00edcia Militar apreende arma de fogo e muni\u00e7\u00f5es - Pol\u00edcia Militar da Para\u00edba","og_description":"Durante uma fiscaliza\u00e7\u00e3o no tr\u00e2nsito, a Pol\u00edcia Militar conseguiu apreender uma arma de fogo e muni\u00e7\u00f5es que estavam com o","og_url":"https:\/\/www.pm.pb.gov.br\/portal\/2019\/05\/23\/durante-fiscalizacao-no-transito-policia-militar-apreende-arma-de-fogo-e-municoes\/","og_site_name":"Pol\u00edcia Militar da Para\u00edba","article_published_time":"2019-05-23T14:34:29+00:00","article_modified_time":"2019-05-23T17:28:34+00:00","og_image":[{"width":1221,"height":681,"url":"https:\/\/www.pm.pb.gov.br\/portal\/wp-content\/uploads\/2019\/05\/WhatsApp-Image-2019-05-22-at-18.26.29.jpg","type":"image\/jpeg"}],"author":"WAGNER HENRIQUE VARELA DA SILVA","twitter_card":"summary_large_image","twitter_misc":{"Escrito por":"WAGNER HENRIQUE VARELA DA SILVA","Est. tempo de leitura":"1 minuto"},"schema":{"@context":"https:\/\/schema.org","@graph":[{"@type":"Article","@id":"https:\/\/www.pm.pb.gov.br\/portal\/2019\/05\/23\/durante-fiscalizacao-no-transito-policia-militar-apreende-arma-de-fogo-e-municoes\/#article","isPartOf":{"@id":"https:\/\/www.pm.pb.gov.br\/portal\/2019\/05\/23\/durante-fiscalizacao-no-transito-policia-militar-apreende-arma-de-fogo-e-municoes\/"},"author":{"name":"WAGNER HENRIQUE VARELA DA SILVA","@id":"https:\/\/www.pm.pb.gov.br\/portal\/#\/schema\/person\/b169b297b8494dea236e315ed1a201d1"},"headline":"Durante fiscaliza\u00e7\u00e3o no tr\u00e2nsito, Pol\u00edcia Militar apreende arma de fogo e muni\u00e7\u00f5es","datePublished":"2019-05-23T14:34:29+00:00","dateModified":"2019-05-23T17:28:34+00:00","mainEntityOfPage":{"@id":"https:\/\/www.pm.pb.gov.br\/portal\/2019\/05\/23\/durante-fiscalizacao-no-transito-policia-militar-apreende-arma-de-fogo-e-municoes\/"},"wordCount":180,"publisher":{"@id":"https:\/\/www.pm.pb.gov.br\/portal\/#organization"},"articleSection":["A\u00e7\u00f5es Policiais"],"inLanguage":"pt-BR"},{"@type":"WebPage","@id":"https:\/\/www.pm.pb.gov.br\/portal\/2019\/05\/23\/durante-fiscalizacao-no-transito-policia-militar-apreende-arma-de-fogo-e-municoes\/","url":"https:\/\/www.pm.pb.gov.br\/portal\/2019\/05\/23\/durante-fiscalizacao-no-transito-policia-militar-apreende-arma-de-fogo-e-municoes\/","name":"Durante fiscaliza\u00e7\u00e3o no tr\u00e2nsito, Pol\u00edcia Militar apreende arma de fogo e muni\u00e7\u00f5es - Pol\u00edcia Militar da Para\u00edba","isPartOf":{"@id":"https:\/\/www.pm.pb.gov.br\/portal\/#website"},"datePublished":"2019-05-23T14:34:29+00:00","dateModified":"2019-05-23T17:28:34+00:00","breadcrumb":{"@id":"https:\/\/www.pm.pb.gov.br\/portal\/2019\/05\/23\/durante-fiscalizacao-no-transito-policia-militar-apreende-arma-de-fogo-e-municoes\/#breadcrumb"},"inLanguage":"pt-BR","potentialAction":[{"@type":"ReadAction","target":["https:\/\/www.pm.pb.gov.br\/portal\/2019\/05\/23\/durante-fiscalizacao-no-transito-policia-militar-apreende-arma-de-fogo-e-municoes\/"]}]},{"@type":"BreadcrumbList","@id":"https:\/\/www.pm.pb.gov.br\/portal\/2019\/05\/23\/durante-fiscalizacao-no-transito-policia-militar-apreende-arma-de-fogo-e-municoes\/#breadcrumb","itemListElement":[{"@type":"ListItem","position":1,"name":"In\u00edcio","item":"https:\/\/www.pm.pb.gov.br\/portal\/"},{"@type":"ListItem","position":2,"name":"Durante fiscaliza\u00e7\u00e3o no tr\u00e2nsito, Pol\u00edcia Militar apreende arma de fogo e muni\u00e7\u00f5es"}]},{"@type":"WebSite","@id":"https:\/\/www.pm.pb.gov.br\/portal\/#website","url":"https:\/\/www.pm.pb.gov.br\/portal\/","name":"Pol\u00edcia Militar da Para\u00edba","description":"","publisher":{"@id":"https:\/\/www.pm.pb.gov.br\/portal\/#organization"},"potentialAction":[{"@type":"SearchAction","target":{"@type":"EntryPoint","urlTemplate":"https:\/\/www.pm.pb.gov.br\/portal\/?s={search_term_string}"},"query-input":"required name=search_term_string"}],"inLanguage":"pt-BR"},{"@type":"Organization","@id":"https:\/\/www.pm.pb.gov.br\/portal\/#organization","name":"Pol\u00edcia Militar da Para\u00edba","url":"https:\/\/www.pm.pb.gov.br\/portal\/","logo":{"@type":"ImageObject","inLanguage":"pt-BR","@id":"https:\/\/www.pm.pb.gov.br\/portal\/#\/schema\/logo\/image\/","url":"https:\/\/www.pm.pb.gov.br\/portal\/wp-content\/uploads\/2025\/03\/cropped-logo-site-mag2-1.png","contentUrl":"https:\/\/www.pm.pb.gov.br\/portal\/wp-content\/uploads\/2025\/03\/cropped-logo-site-mag2-1.png","width":320,"height":90,"caption":"Pol\u00edcia Militar da Para\u00edba"},"image":{"@id":"https:\/\/www.pm.pb.gov.br\/portal\/#\/schema\/logo\/image\/"}},{"@type":"Person","@id":"https:\/\/www.pm.pb.gov.br\/portal\/#\/schema\/person\/b169b297b8494dea236e315ed1a201d1","name":"WAGNER HENRIQUE VARELA DA SILVA","image":{"@type":"ImageObject","inLanguage":"pt-BR","@id":"https:\/\/www.pm.pb.gov.br\/portal\/#\/schema\/person\/image\/","url":"https:\/\/secure.gravatar.com\/avatar\/e08af53176a66730df5c0706c6c31fd6?s=96&d=mm&r=g","contentUrl":"https:\/\/secure.gravatar.com\/avatar\/e08af53176a66730df5c0706c6c31fd6?s=96&d=mm&r=g","caption":"WAGNER HENRIQUE VARELA DA SILVA"},"url":"https:\/\/www.pm.pb.gov.br\/portal\/author\/varela\/"}]}},"_links":{"self":[{"href":"https:\/\/www.pm.pb.gov.br\/portal\/wp-json\/wp\/v2\/posts\/901012"}],"collection":[{"href":"https:\/\/www.pm.pb.gov.br\/portal\/wp-json\/wp\/v2\/posts"}],"about":[{"href":"https:\/\/www.pm.pb.gov.br\/portal\/wp-json\/wp\/v2\/types\/post"}],"author":[{"embeddable":true,"href":"https:\/\/www.pm.pb.gov.br\/portal\/wp-json\/wp\/v2\/users\/10"}],"replies":[{"embeddable":true,"href":"https:\/\/www.pm.pb.gov.br\/portal\/wp-json\/wp\/v2\/comments?post=901012"}],"version-history":[{"count":2,"href":"https:\/\/www.pm.pb.gov.br\/portal\/wp-json\/wp\/v2\/posts\/901012\/revisions"}],"predecessor-version":[{"id":901018,"href":"https:\/\/www.pm.pb.gov.br\/portal\/wp-json\/wp\/v2\/posts\/901012\/revisions\/901018"}],"wp:featuredmedia":[{"embeddable":true,"href":"https:\/\/www.pm.pb.gov.br\/portal\/wp-json\/wp\/v2\/media\/901013"}],"wp:attachment":[{"href":"https:\/\/www.pm.pb.gov.br\/portal\/wp-json\/wp\/v2\/media?parent=901012"}],"wp:term":[{"taxonomy":"category","embeddable":true,"href":"https:\/\/www.pm.pb.gov.br\/portal\/wp-json\/wp\/v2\/categories?post=901012"},{"taxonomy":"post_tag","embeddable":true,"href":"https:\/\/www.pm.pb.gov.br\/portal\/wp-json\/wp\/v2\/tags?post=901012"}],"curies":[{"name":"wp","href":"https:\/\/api.w.org\/{rel}","templated":true}]}}