{"id":900957,"date":"2019-05-18T23:54:12","date_gmt":"2019-05-19T02:54:12","guid":{"rendered":"http:\/\/www.pm.pb.gov.br\/portal\/?p=900957"},"modified":"2019-05-19T17:25:00","modified_gmt":"2019-05-19T20:25:00","slug":"policia-militar-fecha-a-semana-com-a-prisao-de-sete-suspeitos-que-tentavam-aplicar-golpes","status":"publish","type":"post","link":"https:\/\/www.pm.pb.gov.br\/portal\/2019\/05\/18\/policia-militar-fecha-a-semana-com-a-prisao-de-sete-suspeitos-que-tentavam-aplicar-golpes\/","title":{"rendered":"Pol\u00edcia Militar fecha a semana com a pris\u00e3o de sete suspeitos que tentavam aplicar golpes"},"content":{"rendered":"\n<p>A Pol\u00edcia Militar fechou a semana tendo como um dos resultados a pris\u00e3o de sete suspeitos envolvidos em estelionato na cidade de Jo\u00e3o Pessoa. As a\u00e7\u00f5es foram resultados dos levantamentos de informa\u00e7\u00e3o, recebimento de den\u00fancias e an\u00e1lises da Coordenadoria de Intelig\u00eancia (COInt), com apoio do policiamento ostensivo. Pris\u00f5es tamb\u00e9m aconteceram em conjunto com outras Pol\u00edcias.<\/p>\n<p>Os suspeitos foram presos quando utilizavam documentos falsos para abertura de conta, ou em transa\u00e7\u00f5es financeiras. Na pris\u00e3o mais recente, realizada na tarde da \u00faltima quinta-feira (16), tr\u00eas suspeitos de 34, 45 e 48 anos de idade estavam com diversos cart\u00f5es de banco, identidades falsas e maquinetas para cart\u00e3o. Eles foram abordados e detidos logo ap\u00f3s sa\u00edrem de um banco, na avenida Cruz das Armas, quando haviam tentado abrir uma conta com nomes falsos, com a intens\u00e3o de realizar saques em dinheiro. O trio vinha dos estados do Rio Grande do Norte e Cear\u00e1.<\/p>\n<p>Na quarta-feira (15), outro homem foi preso ao tentar abrir uma conta banc\u00e1ria no Centro de Jo\u00e3o Pessoa. O suspeito tinha 37 anos, estava com quatro identidades falsas, e o intuito era consegui utilizar o limite das contas. Ele foi preso e apresentado na Central de Flagrantes.<\/p>\n<p>Venda e golpe pela internet \u2013 Outros tr\u00eas suspeitos foram presos na tarde da ter\u00e7a-feira (14), quando tentavam receber o pagamento por uma venda de um carro anunciado pela internet, mas que nunca existiu. A PM foi acionada logo que o primeiro suspeito, de 30 anos de idade, tentou sacar o dinheiro em um banco no bairro de Jaguaribe, e devido ao comportamento suspeito e informa\u00e7\u00f5es passadas na hora da transa\u00e7\u00e3o, foi detido pelos funcion\u00e1rios e pela Pol\u00edcia Federal.<\/p>\n<p>Os outros dois homens, de 32 e 21 anos, envolvidos no golpe, foram localizados e presos logo em seguida, tendo um deles um mandado de pris\u00e3o em aberto por outro crime semelhante ao praticado pelo grupo. A partir da a\u00e7\u00e3o desempenhada pelas Pol\u00edcias, a v\u00edtima teve a maior parte do dinheiro recuperado: mais de 70 mil reais.<\/p>\n<p>O trio foi encaminhado para a Central de Flagrantes, onde foi autuado por estelionato.<\/p>\n","protected":false},"excerpt":{"rendered":"<p>A Pol\u00edcia Militar fechou a semana tendo como um dos resultados a pris\u00e3o de sete suspeitos envolvidos em estelionato na<\/p>\n","protected":false},"author":10,"featured_media":900958,"comment_status":"closed","ping_status":"closed","sticky":false,"template":"","format":"standard","meta":{"_exactmetrics_skip_tracking":false,"_exactmetrics_sitenote_active":false,"_exactmetrics_sitenote_note":"","_exactmetrics_sitenote_category":0,"footnotes":""},"categories":[4],"tags":[],"yoast_head":"<!-- This site is optimized with the Yoast SEO plugin v22.0 - https:\/\/yoast.com\/wordpress\/plugins\/seo\/ -->\n<title>Pol\u00edcia Militar fecha a semana com a pris\u00e3o de sete suspeitos que tentavam aplicar golpes - Pol\u00edcia Militar da Para\u00edba<\/title>\n<meta name=\"robots\" content=\"index, follow, max-snippet:-1, max-image-preview:large, max-video-preview:-1\" \/>\n<link rel=\"canonical\" href=\"https:\/\/www.pm.pb.gov.br\/portal\/2019\/05\/18\/policia-militar-fecha-a-semana-com-a-prisao-de-sete-suspeitos-que-tentavam-aplicar-golpes\/\" \/>\n<meta property=\"og:locale\" content=\"pt_BR\" \/>\n<meta property=\"og:type\" content=\"article\" \/>\n<meta property=\"og:title\" content=\"Pol\u00edcia Militar fecha a semana com a pris\u00e3o de sete suspeitos que tentavam aplicar golpes - Pol\u00edcia Militar da Para\u00edba\" \/>\n<meta property=\"og:description\" content=\"A Pol\u00edcia Militar fechou a semana tendo como um dos resultados a pris\u00e3o de sete suspeitos envolvidos em estelionato na\" \/>\n<meta property=\"og:url\" content=\"https:\/\/www.pm.pb.gov.br\/portal\/2019\/05\/18\/policia-militar-fecha-a-semana-com-a-prisao-de-sete-suspeitos-que-tentavam-aplicar-golpes\/\" \/>\n<meta property=\"og:site_name\" content=\"Pol\u00edcia Militar da Para\u00edba\" \/>\n<meta property=\"article:published_time\" content=\"2019-05-19T02:54:12+00:00\" \/>\n<meta property=\"article:modified_time\" content=\"2019-05-19T20:25:00+00:00\" \/>\n<meta property=\"og:image\" content=\"https:\/\/www.pm.pb.gov.br\/portal\/wp-content\/uploads\/2019\/05\/WhatsApp-Image-2019-05-19-at-10.59.37.jpeg\" \/>\n\t<meta property=\"og:image:width\" content=\"1024\" \/>\n\t<meta property=\"og:image:height\" content=\"768\" \/>\n\t<meta property=\"og:image:type\" content=\"image\/jpeg\" \/>\n<meta name=\"author\" content=\"WAGNER HENRIQUE VARELA DA SILVA\" \/>\n<meta name=\"twitter:card\" content=\"summary_large_image\" \/>\n<meta name=\"twitter:label1\" content=\"Escrito por\" \/>\n\t<meta name=\"twitter:data1\" content=\"WAGNER HENRIQUE VARELA DA SILVA\" \/>\n\t<meta name=\"twitter:label2\" content=\"Est. tempo de leitura\" \/>\n\t<meta name=\"twitter:data2\" content=\"2 minutos\" \/>\n<script type=\"application\/ld+json\" class=\"yoast-schema-graph\">{\"@context\":\"https:\/\/schema.org\",\"@graph\":[{\"@type\":\"Article\",\"@id\":\"https:\/\/www.pm.pb.gov.br\/portal\/2019\/05\/18\/policia-militar-fecha-a-semana-com-a-prisao-de-sete-suspeitos-que-tentavam-aplicar-golpes\/#article\",\"isPartOf\":{\"@id\":\"https:\/\/www.pm.pb.gov.br\/portal\/2019\/05\/18\/policia-militar-fecha-a-semana-com-a-prisao-de-sete-suspeitos-que-tentavam-aplicar-golpes\/\"},\"author\":{\"name\":\"WAGNER HENRIQUE VARELA DA SILVA\",\"@id\":\"https:\/\/www.pm.pb.gov.br\/portal\/#\/schema\/person\/b169b297b8494dea236e315ed1a201d1\"},\"headline\":\"Pol\u00edcia Militar fecha a semana com a pris\u00e3o de sete suspeitos que tentavam aplicar golpes\",\"datePublished\":\"2019-05-19T02:54:12+00:00\",\"dateModified\":\"2019-05-19T20:25:00+00:00\",\"mainEntityOfPage\":{\"@id\":\"https:\/\/www.pm.pb.gov.br\/portal\/2019\/05\/18\/policia-militar-fecha-a-semana-com-a-prisao-de-sete-suspeitos-que-tentavam-aplicar-golpes\/\"},\"wordCount\":382,\"publisher\":{\"@id\":\"https:\/\/www.pm.pb.gov.br\/portal\/#organization\"},\"articleSection\":[\"A\u00e7\u00f5es Policiais\"],\"inLanguage\":\"pt-BR\"},{\"@type\":\"WebPage\",\"@id\":\"https:\/\/www.pm.pb.gov.br\/portal\/2019\/05\/18\/policia-militar-fecha-a-semana-com-a-prisao-de-sete-suspeitos-que-tentavam-aplicar-golpes\/\",\"url\":\"https:\/\/www.pm.pb.gov.br\/portal\/2019\/05\/18\/policia-militar-fecha-a-semana-com-a-prisao-de-sete-suspeitos-que-tentavam-aplicar-golpes\/\",\"name\":\"Pol\u00edcia Militar fecha a semana com a pris\u00e3o de sete suspeitos que tentavam aplicar golpes - Pol\u00edcia Militar da Para\u00edba\",\"isPartOf\":{\"@id\":\"https:\/\/www.pm.pb.gov.br\/portal\/#website\"},\"datePublished\":\"2019-05-19T02:54:12+00:00\",\"dateModified\":\"2019-05-19T20:25:00+00:00\",\"breadcrumb\":{\"@id\":\"https:\/\/www.pm.pb.gov.br\/portal\/2019\/05\/18\/policia-militar-fecha-a-semana-com-a-prisao-de-sete-suspeitos-que-tentavam-aplicar-golpes\/#breadcrumb\"},\"inLanguage\":\"pt-BR\",\"potentialAction\":[{\"@type\":\"ReadAction\",\"target\":[\"https:\/\/www.pm.pb.gov.br\/portal\/2019\/05\/18\/policia-militar-fecha-a-semana-com-a-prisao-de-sete-suspeitos-que-tentavam-aplicar-golpes\/\"]}]},{\"@type\":\"BreadcrumbList\",\"@id\":\"https:\/\/www.pm.pb.gov.br\/portal\/2019\/05\/18\/policia-militar-fecha-a-semana-com-a-prisao-de-sete-suspeitos-que-tentavam-aplicar-golpes\/#breadcrumb\",\"itemListElement\":[{\"@type\":\"ListItem\",\"position\":1,\"name\":\"In\u00edcio\",\"item\":\"https:\/\/www.pm.pb.gov.br\/portal\/\"},{\"@type\":\"ListItem\",\"position\":2,\"name\":\"Pol\u00edcia Militar fecha a semana com a pris\u00e3o de sete suspeitos que tentavam aplicar golpes\"}]},{\"@type\":\"WebSite\",\"@id\":\"https:\/\/www.pm.pb.gov.br\/portal\/#website\",\"url\":\"https:\/\/www.pm.pb.gov.br\/portal\/\",\"name\":\"Pol\u00edcia Militar da Para\u00edba\",\"description\":\"\",\"publisher\":{\"@id\":\"https:\/\/www.pm.pb.gov.br\/portal\/#organization\"},\"potentialAction\":[{\"@type\":\"SearchAction\",\"target\":{\"@type\":\"EntryPoint\",\"urlTemplate\":\"https:\/\/www.pm.pb.gov.br\/portal\/?s={search_term_string}\"},\"query-input\":\"required name=search_term_string\"}],\"inLanguage\":\"pt-BR\"},{\"@type\":\"Organization\",\"@id\":\"https:\/\/www.pm.pb.gov.br\/portal\/#organization\",\"name\":\"Pol\u00edcia Militar da Para\u00edba\",\"url\":\"https:\/\/www.pm.pb.gov.br\/portal\/\",\"logo\":{\"@type\":\"ImageObject\",\"inLanguage\":\"pt-BR\",\"@id\":\"https:\/\/www.pm.pb.gov.br\/portal\/#\/schema\/logo\/image\/\",\"url\":\"https:\/\/www.pm.pb.gov.br\/portal\/wp-content\/uploads\/2025\/03\/cropped-logo-site-mag2-1.png\",\"contentUrl\":\"https:\/\/www.pm.pb.gov.br\/portal\/wp-content\/uploads\/2025\/03\/cropped-logo-site-mag2-1.png\",\"width\":320,\"height\":90,\"caption\":\"Pol\u00edcia Militar da Para\u00edba\"},\"image\":{\"@id\":\"https:\/\/www.pm.pb.gov.br\/portal\/#\/schema\/logo\/image\/\"}},{\"@type\":\"Person\",\"@id\":\"https:\/\/www.pm.pb.gov.br\/portal\/#\/schema\/person\/b169b297b8494dea236e315ed1a201d1\",\"name\":\"WAGNER HENRIQUE VARELA DA SILVA\",\"image\":{\"@type\":\"ImageObject\",\"inLanguage\":\"pt-BR\",\"@id\":\"https:\/\/www.pm.pb.gov.br\/portal\/#\/schema\/person\/image\/\",\"url\":\"https:\/\/secure.gravatar.com\/avatar\/e08af53176a66730df5c0706c6c31fd6?s=96&d=mm&r=g\",\"contentUrl\":\"https:\/\/secure.gravatar.com\/avatar\/e08af53176a66730df5c0706c6c31fd6?s=96&d=mm&r=g\",\"caption\":\"WAGNER HENRIQUE VARELA DA SILVA\"},\"url\":\"https:\/\/www.pm.pb.gov.br\/portal\/author\/varela\/\"}]}<\/script>\n<!-- \/ Yoast SEO plugin. -->","yoast_head_json":{"title":"Pol\u00edcia Militar fecha a semana com a pris\u00e3o de sete suspeitos que tentavam aplicar golpes - Pol\u00edcia Militar da Para\u00edba","robots":{"index":"index","follow":"follow","max-snippet":"max-snippet:-1","max-image-preview":"max-image-preview:large","max-video-preview":"max-video-preview:-1"},"canonical":"https:\/\/www.pm.pb.gov.br\/portal\/2019\/05\/18\/policia-militar-fecha-a-semana-com-a-prisao-de-sete-suspeitos-que-tentavam-aplicar-golpes\/","og_locale":"pt_BR","og_type":"article","og_title":"Pol\u00edcia Militar fecha a semana com a pris\u00e3o de sete suspeitos que tentavam aplicar golpes - Pol\u00edcia Militar da Para\u00edba","og_description":"A Pol\u00edcia Militar fechou a semana tendo como um dos resultados a pris\u00e3o de sete suspeitos envolvidos em estelionato na","og_url":"https:\/\/www.pm.pb.gov.br\/portal\/2019\/05\/18\/policia-militar-fecha-a-semana-com-a-prisao-de-sete-suspeitos-que-tentavam-aplicar-golpes\/","og_site_name":"Pol\u00edcia Militar da Para\u00edba","article_published_time":"2019-05-19T02:54:12+00:00","article_modified_time":"2019-05-19T20:25:00+00:00","og_image":[{"width":1024,"height":768,"url":"https:\/\/www.pm.pb.gov.br\/portal\/wp-content\/uploads\/2019\/05\/WhatsApp-Image-2019-05-19-at-10.59.37.jpeg","type":"image\/jpeg"}],"author":"WAGNER HENRIQUE VARELA DA SILVA","twitter_card":"summary_large_image","twitter_misc":{"Escrito por":"WAGNER HENRIQUE VARELA DA SILVA","Est. tempo de leitura":"2 minutos"},"schema":{"@context":"https:\/\/schema.org","@graph":[{"@type":"Article","@id":"https:\/\/www.pm.pb.gov.br\/portal\/2019\/05\/18\/policia-militar-fecha-a-semana-com-a-prisao-de-sete-suspeitos-que-tentavam-aplicar-golpes\/#article","isPartOf":{"@id":"https:\/\/www.pm.pb.gov.br\/portal\/2019\/05\/18\/policia-militar-fecha-a-semana-com-a-prisao-de-sete-suspeitos-que-tentavam-aplicar-golpes\/"},"author":{"name":"WAGNER HENRIQUE VARELA DA SILVA","@id":"https:\/\/www.pm.pb.gov.br\/portal\/#\/schema\/person\/b169b297b8494dea236e315ed1a201d1"},"headline":"Pol\u00edcia Militar fecha a semana com a pris\u00e3o de sete suspeitos que tentavam aplicar golpes","datePublished":"2019-05-19T02:54:12+00:00","dateModified":"2019-05-19T20:25:00+00:00","mainEntityOfPage":{"@id":"https:\/\/www.pm.pb.gov.br\/portal\/2019\/05\/18\/policia-militar-fecha-a-semana-com-a-prisao-de-sete-suspeitos-que-tentavam-aplicar-golpes\/"},"wordCount":382,"publisher":{"@id":"https:\/\/www.pm.pb.gov.br\/portal\/#organization"},"articleSection":["A\u00e7\u00f5es Policiais"],"inLanguage":"pt-BR"},{"@type":"WebPage","@id":"https:\/\/www.pm.pb.gov.br\/portal\/2019\/05\/18\/policia-militar-fecha-a-semana-com-a-prisao-de-sete-suspeitos-que-tentavam-aplicar-golpes\/","url":"https:\/\/www.pm.pb.gov.br\/portal\/2019\/05\/18\/policia-militar-fecha-a-semana-com-a-prisao-de-sete-suspeitos-que-tentavam-aplicar-golpes\/","name":"Pol\u00edcia Militar fecha a semana com a pris\u00e3o de sete suspeitos que tentavam aplicar golpes - Pol\u00edcia Militar da Para\u00edba","isPartOf":{"@id":"https:\/\/www.pm.pb.gov.br\/portal\/#website"},"datePublished":"2019-05-19T02:54:12+00:00","dateModified":"2019-05-19T20:25:00+00:00","breadcrumb":{"@id":"https:\/\/www.pm.pb.gov.br\/portal\/2019\/05\/18\/policia-militar-fecha-a-semana-com-a-prisao-de-sete-suspeitos-que-tentavam-aplicar-golpes\/#breadcrumb"},"inLanguage":"pt-BR","potentialAction":[{"@type":"ReadAction","target":["https:\/\/www.pm.pb.gov.br\/portal\/2019\/05\/18\/policia-militar-fecha-a-semana-com-a-prisao-de-sete-suspeitos-que-tentavam-aplicar-golpes\/"]}]},{"@type":"BreadcrumbList","@id":"https:\/\/www.pm.pb.gov.br\/portal\/2019\/05\/18\/policia-militar-fecha-a-semana-com-a-prisao-de-sete-suspeitos-que-tentavam-aplicar-golpes\/#breadcrumb","itemListElement":[{"@type":"ListItem","position":1,"name":"In\u00edcio","item":"https:\/\/www.pm.pb.gov.br\/portal\/"},{"@type":"ListItem","position":2,"name":"Pol\u00edcia Militar fecha a semana com a pris\u00e3o de sete suspeitos que tentavam aplicar golpes"}]},{"@type":"WebSite","@id":"https:\/\/www.pm.pb.gov.br\/portal\/#website","url":"https:\/\/www.pm.pb.gov.br\/portal\/","name":"Pol\u00edcia Militar da Para\u00edba","description":"","publisher":{"@id":"https:\/\/www.pm.pb.gov.br\/portal\/#organization"},"potentialAction":[{"@type":"SearchAction","target":{"@type":"EntryPoint","urlTemplate":"https:\/\/www.pm.pb.gov.br\/portal\/?s={search_term_string}"},"query-input":"required name=search_term_string"}],"inLanguage":"pt-BR"},{"@type":"Organization","@id":"https:\/\/www.pm.pb.gov.br\/portal\/#organization","name":"Pol\u00edcia Militar da Para\u00edba","url":"https:\/\/www.pm.pb.gov.br\/portal\/","logo":{"@type":"ImageObject","inLanguage":"pt-BR","@id":"https:\/\/www.pm.pb.gov.br\/portal\/#\/schema\/logo\/image\/","url":"https:\/\/www.pm.pb.gov.br\/portal\/wp-content\/uploads\/2025\/03\/cropped-logo-site-mag2-1.png","contentUrl":"https:\/\/www.pm.pb.gov.br\/portal\/wp-content\/uploads\/2025\/03\/cropped-logo-site-mag2-1.png","width":320,"height":90,"caption":"Pol\u00edcia Militar da Para\u00edba"},"image":{"@id":"https:\/\/www.pm.pb.gov.br\/portal\/#\/schema\/logo\/image\/"}},{"@type":"Person","@id":"https:\/\/www.pm.pb.gov.br\/portal\/#\/schema\/person\/b169b297b8494dea236e315ed1a201d1","name":"WAGNER HENRIQUE VARELA DA SILVA","image":{"@type":"ImageObject","inLanguage":"pt-BR","@id":"https:\/\/www.pm.pb.gov.br\/portal\/#\/schema\/person\/image\/","url":"https:\/\/secure.gravatar.com\/avatar\/e08af53176a66730df5c0706c6c31fd6?s=96&d=mm&r=g","contentUrl":"https:\/\/secure.gravatar.com\/avatar\/e08af53176a66730df5c0706c6c31fd6?s=96&d=mm&r=g","caption":"WAGNER HENRIQUE VARELA DA SILVA"},"url":"https:\/\/www.pm.pb.gov.br\/portal\/author\/varela\/"}]}},"_links":{"self":[{"href":"https:\/\/www.pm.pb.gov.br\/portal\/wp-json\/wp\/v2\/posts\/900957"}],"collection":[{"href":"https:\/\/www.pm.pb.gov.br\/portal\/wp-json\/wp\/v2\/posts"}],"about":[{"href":"https:\/\/www.pm.pb.gov.br\/portal\/wp-json\/wp\/v2\/types\/post"}],"author":[{"embeddable":true,"href":"https:\/\/www.pm.pb.gov.br\/portal\/wp-json\/wp\/v2\/users\/10"}],"replies":[{"embeddable":true,"href":"https:\/\/www.pm.pb.gov.br\/portal\/wp-json\/wp\/v2\/comments?post=900957"}],"version-history":[{"count":1,"href":"https:\/\/www.pm.pb.gov.br\/portal\/wp-json\/wp\/v2\/posts\/900957\/revisions"}],"predecessor-version":[{"id":900959,"href":"https:\/\/www.pm.pb.gov.br\/portal\/wp-json\/wp\/v2\/posts\/900957\/revisions\/900959"}],"wp:featuredmedia":[{"embeddable":true,"href":"https:\/\/www.pm.pb.gov.br\/portal\/wp-json\/wp\/v2\/media\/900958"}],"wp:attachment":[{"href":"https:\/\/www.pm.pb.gov.br\/portal\/wp-json\/wp\/v2\/media?parent=900957"}],"wp:term":[{"taxonomy":"category","embeddable":true,"href":"https:\/\/www.pm.pb.gov.br\/portal\/wp-json\/wp\/v2\/categories?post=900957"},{"taxonomy":"post_tag","embeddable":true,"href":"https:\/\/www.pm.pb.gov.br\/portal\/wp-json\/wp\/v2\/tags?post=900957"}],"curies":[{"name":"wp","href":"https:\/\/api.w.org\/{rel}","templated":true}]}}