{"id":900942,"date":"2019-05-18T12:16:57","date_gmt":"2019-05-18T15:16:57","guid":{"rendered":"http:\/\/www.pm.pb.gov.br\/portal\/?p=900942"},"modified":"2019-05-18T12:16:59","modified_gmt":"2019-05-18T15:16:59","slug":"operacao-nomade-prende-suspeitos-com-arma-drogas-e-foragidos-da-justica-na-capital","status":"publish","type":"post","link":"https:\/\/www.pm.pb.gov.br\/portal\/2019\/05\/18\/operacao-nomade-prende-suspeitos-com-arma-drogas-e-foragidos-da-justica-na-capital\/","title":{"rendered":"Opera\u00e7\u00e3o N\u00f4made prende suspeitos com arma, drogas e foragidos da Justi\u00e7a na Capital"},"content":{"rendered":"\n<p>A Opera\u00e7\u00e3o N\u00f4made, realizada pela Pol\u00edcia Militar, intensificou as a\u00e7\u00f5es de seguran\u00e7a p\u00fablica na noite dessa sexta-feira (17) em todo Estado e em Jo\u00e3o Pessoa resultou na pris\u00e3o de pelo menos oito suspeitos com arma de fogo, drogas, dinheiro, e cumprimento de mandados de pris\u00e3o.<br \/><br \/>Em uma das ocorr\u00eancias, a PM localizou e prendeu um suspeito com arma de fogo que estava no bairro do Bessa. O homem de 45 anos de idade estava em uma parada de \u00f4nibus quando foi flagrado em atitude suspeita. Ele tentou fugir a p\u00e9 da abordagem, correu e atravessou a BR-230, sendo detido pelos policiais. Ele estava com um rev\u00f3lver calibre 38, muni\u00e7\u00f5es, foi conduzido \u00e0 Central de Flagrantes e autuado por porte ilegal de arma de fogo e resist\u00eancia.<br \/><br \/>J\u00e1 na comunidade do Timb\u00f3, no bairro dos Banc\u00e1rios, a PM localizou e prendeu uma mulher de 18 anos que possu\u00eda maconha, coca\u00edna, crack e balan\u00e7as de precis\u00e3o. Um tablete de maconha, 20 pinos de coca\u00edna, e cerca de 200 gramas de crack foram apreendidos e encaminhados para a Central de Flagrantes junto com a suspeita.<br \/><br \/>Em outra a\u00e7\u00e3o de combate ao tr\u00e1fico de drogas, a PM acabou com um esquema que era realizado por dois suspeitos, dentro da comunidade Beco da Sinuca, no Jos\u00e9 Am\u00e9rico, onde foram apreendidas mais de 140 pedras de crack, al\u00e9m de coca\u00edna, maconha, comprimidos de artane, dinheiro e caderno com anota\u00e7\u00f5es do tr\u00e1fico. Um dos presos, de 30 anos, era foragido do Pres\u00eddio Regional do Serrot\u00e3o, em Campina Grande, e responde por roubo. O outro preso tem 27 anos.<br \/><br \/>A Opera\u00e7\u00e3o N\u00f4made cumpriu tamb\u00e9m dois mandados de pris\u00e3o em Jo\u00e3o Pessoa, nos bairros do Alto do Mateus e Gramame, e levou ainda \u00e0 pris\u00e3o de dois suspeitos que estavam com elevada quantia em dinheiro e uma por\u00e7\u00e3o de drogas em uma comunidade no bairro do Padre Z\u00e9.\u00a0\u00a0\u00a0<br \/><br \/>OPERA\u00c7\u00c3O \u2013 O final de semana come\u00e7ou com a deflagra\u00e7\u00e3o da Opera\u00e7\u00e3o N\u00f4made, mas as a\u00e7\u00f5es da PM seguem refor\u00e7adas at\u00e9 segunda-feira, com o objetivo de combater os crimes patrimoniais e contra a vida. Batalh\u00f5es, unidades de \u00e1rea e operacionais realizam blitzen, abordagens e incurs\u00f5es nos chamados \u2018pontos quentes\u2019, buscando prender suspeitos, cumprir mandados de pris\u00e3o e a\u00e7\u00f5es preventivas.<\/p>\n","protected":false},"excerpt":{"rendered":"<p>A Opera\u00e7\u00e3o N\u00f4made, realizada pela Pol\u00edcia Militar, intensificou as a\u00e7\u00f5es de seguran\u00e7a p\u00fablica na noite dessa sexta-feira (17) em todo<\/p>\n","protected":false},"author":10,"featured_media":900943,"comment_status":"closed","ping_status":"closed","sticky":false,"template":"","format":"standard","meta":{"_exactmetrics_skip_tracking":false,"_exactmetrics_sitenote_active":false,"_exactmetrics_sitenote_note":"","_exactmetrics_sitenote_category":0,"footnotes":""},"categories":[4],"tags":[],"yoast_head":"<!-- This site is optimized with the Yoast SEO plugin v22.0 - https:\/\/yoast.com\/wordpress\/plugins\/seo\/ -->\n<title>Opera\u00e7\u00e3o N\u00f4made prende suspeitos com arma, drogas e foragidos da Justi\u00e7a na Capital - Pol\u00edcia Militar da Para\u00edba<\/title>\n<meta name=\"robots\" content=\"index, follow, max-snippet:-1, max-image-preview:large, max-video-preview:-1\" \/>\n<link rel=\"canonical\" href=\"https:\/\/www.pm.pb.gov.br\/portal\/2019\/05\/18\/operacao-nomade-prende-suspeitos-com-arma-drogas-e-foragidos-da-justica-na-capital\/\" \/>\n<meta property=\"og:locale\" content=\"pt_BR\" \/>\n<meta property=\"og:type\" content=\"article\" \/>\n<meta property=\"og:title\" content=\"Opera\u00e7\u00e3o N\u00f4made prende suspeitos com arma, drogas e foragidos da Justi\u00e7a na Capital - Pol\u00edcia Militar da Para\u00edba\" \/>\n<meta property=\"og:description\" content=\"A Opera\u00e7\u00e3o N\u00f4made, realizada pela Pol\u00edcia Militar, intensificou as a\u00e7\u00f5es de seguran\u00e7a p\u00fablica na noite dessa sexta-feira (17) em todo\" \/>\n<meta property=\"og:url\" content=\"https:\/\/www.pm.pb.gov.br\/portal\/2019\/05\/18\/operacao-nomade-prende-suspeitos-com-arma-drogas-e-foragidos-da-justica-na-capital\/\" \/>\n<meta property=\"og:site_name\" content=\"Pol\u00edcia Militar da Para\u00edba\" \/>\n<meta property=\"article:published_time\" content=\"2019-05-18T15:16:57+00:00\" \/>\n<meta property=\"article:modified_time\" content=\"2019-05-18T15:16:59+00:00\" \/>\n<meta property=\"og:image\" content=\"https:\/\/www.pm.pb.gov.br\/portal\/wp-content\/uploads\/2019\/05\/WhatsApp-Image-2019-05-18-at-08.30.05.jpeg\" \/>\n\t<meta property=\"og:image:width\" content=\"1280\" \/>\n\t<meta property=\"og:image:height\" content=\"960\" \/>\n\t<meta property=\"og:image:type\" content=\"image\/jpeg\" \/>\n<meta name=\"author\" content=\"WAGNER HENRIQUE VARELA DA SILVA\" \/>\n<meta name=\"twitter:card\" content=\"summary_large_image\" \/>\n<meta name=\"twitter:label1\" content=\"Escrito por\" \/>\n\t<meta name=\"twitter:data1\" content=\"WAGNER HENRIQUE VARELA DA SILVA\" \/>\n\t<meta name=\"twitter:label2\" content=\"Est. tempo de leitura\" \/>\n\t<meta name=\"twitter:data2\" content=\"2 minutos\" \/>\n<script type=\"application\/ld+json\" class=\"yoast-schema-graph\">{\"@context\":\"https:\/\/schema.org\",\"@graph\":[{\"@type\":\"Article\",\"@id\":\"https:\/\/www.pm.pb.gov.br\/portal\/2019\/05\/18\/operacao-nomade-prende-suspeitos-com-arma-drogas-e-foragidos-da-justica-na-capital\/#article\",\"isPartOf\":{\"@id\":\"https:\/\/www.pm.pb.gov.br\/portal\/2019\/05\/18\/operacao-nomade-prende-suspeitos-com-arma-drogas-e-foragidos-da-justica-na-capital\/\"},\"author\":{\"name\":\"WAGNER HENRIQUE VARELA DA SILVA\",\"@id\":\"https:\/\/www.pm.pb.gov.br\/portal\/#\/schema\/person\/b169b297b8494dea236e315ed1a201d1\"},\"headline\":\"Opera\u00e7\u00e3o N\u00f4made prende suspeitos com arma, drogas e foragidos da Justi\u00e7a na Capital\",\"datePublished\":\"2019-05-18T15:16:57+00:00\",\"dateModified\":\"2019-05-18T15:16:59+00:00\",\"mainEntityOfPage\":{\"@id\":\"https:\/\/www.pm.pb.gov.br\/portal\/2019\/05\/18\/operacao-nomade-prende-suspeitos-com-arma-drogas-e-foragidos-da-justica-na-capital\/\"},\"wordCount\":418,\"publisher\":{\"@id\":\"https:\/\/www.pm.pb.gov.br\/portal\/#organization\"},\"articleSection\":[\"A\u00e7\u00f5es Policiais\"],\"inLanguage\":\"pt-BR\"},{\"@type\":\"WebPage\",\"@id\":\"https:\/\/www.pm.pb.gov.br\/portal\/2019\/05\/18\/operacao-nomade-prende-suspeitos-com-arma-drogas-e-foragidos-da-justica-na-capital\/\",\"url\":\"https:\/\/www.pm.pb.gov.br\/portal\/2019\/05\/18\/operacao-nomade-prende-suspeitos-com-arma-drogas-e-foragidos-da-justica-na-capital\/\",\"name\":\"Opera\u00e7\u00e3o N\u00f4made prende suspeitos com arma, drogas e foragidos da Justi\u00e7a na Capital - Pol\u00edcia Militar da Para\u00edba\",\"isPartOf\":{\"@id\":\"https:\/\/www.pm.pb.gov.br\/portal\/#website\"},\"datePublished\":\"2019-05-18T15:16:57+00:00\",\"dateModified\":\"2019-05-18T15:16:59+00:00\",\"breadcrumb\":{\"@id\":\"https:\/\/www.pm.pb.gov.br\/portal\/2019\/05\/18\/operacao-nomade-prende-suspeitos-com-arma-drogas-e-foragidos-da-justica-na-capital\/#breadcrumb\"},\"inLanguage\":\"pt-BR\",\"potentialAction\":[{\"@type\":\"ReadAction\",\"target\":[\"https:\/\/www.pm.pb.gov.br\/portal\/2019\/05\/18\/operacao-nomade-prende-suspeitos-com-arma-drogas-e-foragidos-da-justica-na-capital\/\"]}]},{\"@type\":\"BreadcrumbList\",\"@id\":\"https:\/\/www.pm.pb.gov.br\/portal\/2019\/05\/18\/operacao-nomade-prende-suspeitos-com-arma-drogas-e-foragidos-da-justica-na-capital\/#breadcrumb\",\"itemListElement\":[{\"@type\":\"ListItem\",\"position\":1,\"name\":\"In\u00edcio\",\"item\":\"https:\/\/www.pm.pb.gov.br\/portal\/\"},{\"@type\":\"ListItem\",\"position\":2,\"name\":\"Opera\u00e7\u00e3o N\u00f4made prende suspeitos com arma, drogas e foragidos da Justi\u00e7a na Capital\"}]},{\"@type\":\"WebSite\",\"@id\":\"https:\/\/www.pm.pb.gov.br\/portal\/#website\",\"url\":\"https:\/\/www.pm.pb.gov.br\/portal\/\",\"name\":\"Pol\u00edcia Militar da Para\u00edba\",\"description\":\"\",\"publisher\":{\"@id\":\"https:\/\/www.pm.pb.gov.br\/portal\/#organization\"},\"potentialAction\":[{\"@type\":\"SearchAction\",\"target\":{\"@type\":\"EntryPoint\",\"urlTemplate\":\"https:\/\/www.pm.pb.gov.br\/portal\/?s={search_term_string}\"},\"query-input\":\"required name=search_term_string\"}],\"inLanguage\":\"pt-BR\"},{\"@type\":\"Organization\",\"@id\":\"https:\/\/www.pm.pb.gov.br\/portal\/#organization\",\"name\":\"Pol\u00edcia Militar da Para\u00edba\",\"url\":\"https:\/\/www.pm.pb.gov.br\/portal\/\",\"logo\":{\"@type\":\"ImageObject\",\"inLanguage\":\"pt-BR\",\"@id\":\"https:\/\/www.pm.pb.gov.br\/portal\/#\/schema\/logo\/image\/\",\"url\":\"https:\/\/www.pm.pb.gov.br\/portal\/wp-content\/uploads\/2025\/03\/cropped-logo-site-mag2-1.png\",\"contentUrl\":\"https:\/\/www.pm.pb.gov.br\/portal\/wp-content\/uploads\/2025\/03\/cropped-logo-site-mag2-1.png\",\"width\":320,\"height\":90,\"caption\":\"Pol\u00edcia Militar da Para\u00edba\"},\"image\":{\"@id\":\"https:\/\/www.pm.pb.gov.br\/portal\/#\/schema\/logo\/image\/\"}},{\"@type\":\"Person\",\"@id\":\"https:\/\/www.pm.pb.gov.br\/portal\/#\/schema\/person\/b169b297b8494dea236e315ed1a201d1\",\"name\":\"WAGNER HENRIQUE VARELA DA SILVA\",\"image\":{\"@type\":\"ImageObject\",\"inLanguage\":\"pt-BR\",\"@id\":\"https:\/\/www.pm.pb.gov.br\/portal\/#\/schema\/person\/image\/\",\"url\":\"https:\/\/secure.gravatar.com\/avatar\/e08af53176a66730df5c0706c6c31fd6?s=96&d=mm&r=g\",\"contentUrl\":\"https:\/\/secure.gravatar.com\/avatar\/e08af53176a66730df5c0706c6c31fd6?s=96&d=mm&r=g\",\"caption\":\"WAGNER HENRIQUE VARELA DA SILVA\"},\"url\":\"https:\/\/www.pm.pb.gov.br\/portal\/author\/varela\/\"}]}<\/script>\n<!-- \/ Yoast SEO plugin. -->","yoast_head_json":{"title":"Opera\u00e7\u00e3o N\u00f4made prende suspeitos com arma, drogas e foragidos da Justi\u00e7a na Capital - Pol\u00edcia Militar da Para\u00edba","robots":{"index":"index","follow":"follow","max-snippet":"max-snippet:-1","max-image-preview":"max-image-preview:large","max-video-preview":"max-video-preview:-1"},"canonical":"https:\/\/www.pm.pb.gov.br\/portal\/2019\/05\/18\/operacao-nomade-prende-suspeitos-com-arma-drogas-e-foragidos-da-justica-na-capital\/","og_locale":"pt_BR","og_type":"article","og_title":"Opera\u00e7\u00e3o N\u00f4made prende suspeitos com arma, drogas e foragidos da Justi\u00e7a na Capital - Pol\u00edcia Militar da Para\u00edba","og_description":"A Opera\u00e7\u00e3o N\u00f4made, realizada pela Pol\u00edcia Militar, intensificou as a\u00e7\u00f5es de seguran\u00e7a p\u00fablica na noite dessa sexta-feira (17) em todo","og_url":"https:\/\/www.pm.pb.gov.br\/portal\/2019\/05\/18\/operacao-nomade-prende-suspeitos-com-arma-drogas-e-foragidos-da-justica-na-capital\/","og_site_name":"Pol\u00edcia Militar da Para\u00edba","article_published_time":"2019-05-18T15:16:57+00:00","article_modified_time":"2019-05-18T15:16:59+00:00","og_image":[{"width":1280,"height":960,"url":"https:\/\/www.pm.pb.gov.br\/portal\/wp-content\/uploads\/2019\/05\/WhatsApp-Image-2019-05-18-at-08.30.05.jpeg","type":"image\/jpeg"}],"author":"WAGNER HENRIQUE VARELA DA SILVA","twitter_card":"summary_large_image","twitter_misc":{"Escrito por":"WAGNER HENRIQUE VARELA DA SILVA","Est. tempo de leitura":"2 minutos"},"schema":{"@context":"https:\/\/schema.org","@graph":[{"@type":"Article","@id":"https:\/\/www.pm.pb.gov.br\/portal\/2019\/05\/18\/operacao-nomade-prende-suspeitos-com-arma-drogas-e-foragidos-da-justica-na-capital\/#article","isPartOf":{"@id":"https:\/\/www.pm.pb.gov.br\/portal\/2019\/05\/18\/operacao-nomade-prende-suspeitos-com-arma-drogas-e-foragidos-da-justica-na-capital\/"},"author":{"name":"WAGNER HENRIQUE VARELA DA SILVA","@id":"https:\/\/www.pm.pb.gov.br\/portal\/#\/schema\/person\/b169b297b8494dea236e315ed1a201d1"},"headline":"Opera\u00e7\u00e3o N\u00f4made prende suspeitos com arma, drogas e foragidos da Justi\u00e7a na Capital","datePublished":"2019-05-18T15:16:57+00:00","dateModified":"2019-05-18T15:16:59+00:00","mainEntityOfPage":{"@id":"https:\/\/www.pm.pb.gov.br\/portal\/2019\/05\/18\/operacao-nomade-prende-suspeitos-com-arma-drogas-e-foragidos-da-justica-na-capital\/"},"wordCount":418,"publisher":{"@id":"https:\/\/www.pm.pb.gov.br\/portal\/#organization"},"articleSection":["A\u00e7\u00f5es Policiais"],"inLanguage":"pt-BR"},{"@type":"WebPage","@id":"https:\/\/www.pm.pb.gov.br\/portal\/2019\/05\/18\/operacao-nomade-prende-suspeitos-com-arma-drogas-e-foragidos-da-justica-na-capital\/","url":"https:\/\/www.pm.pb.gov.br\/portal\/2019\/05\/18\/operacao-nomade-prende-suspeitos-com-arma-drogas-e-foragidos-da-justica-na-capital\/","name":"Opera\u00e7\u00e3o N\u00f4made prende suspeitos com arma, drogas e foragidos da Justi\u00e7a na Capital - Pol\u00edcia Militar da Para\u00edba","isPartOf":{"@id":"https:\/\/www.pm.pb.gov.br\/portal\/#website"},"datePublished":"2019-05-18T15:16:57+00:00","dateModified":"2019-05-18T15:16:59+00:00","breadcrumb":{"@id":"https:\/\/www.pm.pb.gov.br\/portal\/2019\/05\/18\/operacao-nomade-prende-suspeitos-com-arma-drogas-e-foragidos-da-justica-na-capital\/#breadcrumb"},"inLanguage":"pt-BR","potentialAction":[{"@type":"ReadAction","target":["https:\/\/www.pm.pb.gov.br\/portal\/2019\/05\/18\/operacao-nomade-prende-suspeitos-com-arma-drogas-e-foragidos-da-justica-na-capital\/"]}]},{"@type":"BreadcrumbList","@id":"https:\/\/www.pm.pb.gov.br\/portal\/2019\/05\/18\/operacao-nomade-prende-suspeitos-com-arma-drogas-e-foragidos-da-justica-na-capital\/#breadcrumb","itemListElement":[{"@type":"ListItem","position":1,"name":"In\u00edcio","item":"https:\/\/www.pm.pb.gov.br\/portal\/"},{"@type":"ListItem","position":2,"name":"Opera\u00e7\u00e3o N\u00f4made prende suspeitos com arma, drogas e foragidos da Justi\u00e7a na Capital"}]},{"@type":"WebSite","@id":"https:\/\/www.pm.pb.gov.br\/portal\/#website","url":"https:\/\/www.pm.pb.gov.br\/portal\/","name":"Pol\u00edcia Militar da Para\u00edba","description":"","publisher":{"@id":"https:\/\/www.pm.pb.gov.br\/portal\/#organization"},"potentialAction":[{"@type":"SearchAction","target":{"@type":"EntryPoint","urlTemplate":"https:\/\/www.pm.pb.gov.br\/portal\/?s={search_term_string}"},"query-input":"required name=search_term_string"}],"inLanguage":"pt-BR"},{"@type":"Organization","@id":"https:\/\/www.pm.pb.gov.br\/portal\/#organization","name":"Pol\u00edcia Militar da Para\u00edba","url":"https:\/\/www.pm.pb.gov.br\/portal\/","logo":{"@type":"ImageObject","inLanguage":"pt-BR","@id":"https:\/\/www.pm.pb.gov.br\/portal\/#\/schema\/logo\/image\/","url":"https:\/\/www.pm.pb.gov.br\/portal\/wp-content\/uploads\/2025\/03\/cropped-logo-site-mag2-1.png","contentUrl":"https:\/\/www.pm.pb.gov.br\/portal\/wp-content\/uploads\/2025\/03\/cropped-logo-site-mag2-1.png","width":320,"height":90,"caption":"Pol\u00edcia Militar da Para\u00edba"},"image":{"@id":"https:\/\/www.pm.pb.gov.br\/portal\/#\/schema\/logo\/image\/"}},{"@type":"Person","@id":"https:\/\/www.pm.pb.gov.br\/portal\/#\/schema\/person\/b169b297b8494dea236e315ed1a201d1","name":"WAGNER HENRIQUE VARELA DA SILVA","image":{"@type":"ImageObject","inLanguage":"pt-BR","@id":"https:\/\/www.pm.pb.gov.br\/portal\/#\/schema\/person\/image\/","url":"https:\/\/secure.gravatar.com\/avatar\/e08af53176a66730df5c0706c6c31fd6?s=96&d=mm&r=g","contentUrl":"https:\/\/secure.gravatar.com\/avatar\/e08af53176a66730df5c0706c6c31fd6?s=96&d=mm&r=g","caption":"WAGNER HENRIQUE VARELA DA SILVA"},"url":"https:\/\/www.pm.pb.gov.br\/portal\/author\/varela\/"}]}},"_links":{"self":[{"href":"https:\/\/www.pm.pb.gov.br\/portal\/wp-json\/wp\/v2\/posts\/900942"}],"collection":[{"href":"https:\/\/www.pm.pb.gov.br\/portal\/wp-json\/wp\/v2\/posts"}],"about":[{"href":"https:\/\/www.pm.pb.gov.br\/portal\/wp-json\/wp\/v2\/types\/post"}],"author":[{"embeddable":true,"href":"https:\/\/www.pm.pb.gov.br\/portal\/wp-json\/wp\/v2\/users\/10"}],"replies":[{"embeddable":true,"href":"https:\/\/www.pm.pb.gov.br\/portal\/wp-json\/wp\/v2\/comments?post=900942"}],"version-history":[{"count":1,"href":"https:\/\/www.pm.pb.gov.br\/portal\/wp-json\/wp\/v2\/posts\/900942\/revisions"}],"predecessor-version":[{"id":900944,"href":"https:\/\/www.pm.pb.gov.br\/portal\/wp-json\/wp\/v2\/posts\/900942\/revisions\/900944"}],"wp:featuredmedia":[{"embeddable":true,"href":"https:\/\/www.pm.pb.gov.br\/portal\/wp-json\/wp\/v2\/media\/900943"}],"wp:attachment":[{"href":"https:\/\/www.pm.pb.gov.br\/portal\/wp-json\/wp\/v2\/media?parent=900942"}],"wp:term":[{"taxonomy":"category","embeddable":true,"href":"https:\/\/www.pm.pb.gov.br\/portal\/wp-json\/wp\/v2\/categories?post=900942"},{"taxonomy":"post_tag","embeddable":true,"href":"https:\/\/www.pm.pb.gov.br\/portal\/wp-json\/wp\/v2\/tags?post=900942"}],"curies":[{"name":"wp","href":"https:\/\/api.w.org\/{rel}","templated":true}]}}