{"id":900895,"date":"2019-05-15T17:31:27","date_gmt":"2019-05-15T20:31:27","guid":{"rendered":"http:\/\/www.pm.pb.gov.br\/portal\/?p=900895"},"modified":"2019-05-15T17:31:29","modified_gmt":"2019-05-15T20:31:29","slug":"policia-militar-prende-trio-suspeito-de-assaltos-a-onibus-na-capital","status":"publish","type":"post","link":"https:\/\/www.pm.pb.gov.br\/portal\/2019\/05\/15\/policia-militar-prende-trio-suspeito-de-assaltos-a-onibus-na-capital\/","title":{"rendered":"Pol\u00edcia Militar prende trio suspeito de assaltos a \u00f4nibus na Capital"},"content":{"rendered":"\n<p>A Pol\u00edcia Militar prendeu, em flagrante, tr\u00eas suspeitos envolvidos em um assalto \u00e0 \u00f4nibus, no in\u00edcio da tarde desta quarta-feira (15) em Jo\u00e3o Pessoa. Uma arma de fogo e uma faca utilizada pelos bandidos foram apreendidas. A a\u00e7\u00e3o dos policiais do 1\u00ba Batalh\u00e3o aconteceu no bairro Pedro Godim. <\/p>\n\n\n\n<p>Os tr\u00eas suspeitos tinham acabado de roubar um \u00f4nibus, levando objetos pessoais das v\u00edtimas e dinheiro, quando a PM foi acionada pelo motorista e interceptou a fuga de dois homens de 18 anos de idade, e um de 19. \u201cPegamos um dos suspeitos na hora, e outros dois que tinham corrido foram interceptados quando tentaram render outro motorista e fugir com o ve\u00edculo dele, frustrando a a\u00e7\u00e3o\u201d, explicou o aspirante Walderez Carvalho, do 1\u00ba BPM.<\/p>\n\n\n\n<div class=\"wp-block-image\"><figure class=\"aligncenter\"><img loading=\"lazy\" decoding=\"async\" width=\"1012\" height=\"570\" src=\"http:\/\/www.pm.pb.gov.br\/portal\/wp-content\/uploads\/2019\/05\/WhatsApp-Image-2019-05-15-at-17.16.36-1012x570.jpeg\" alt=\"\" class=\"wp-image-900896\" srcset=\"https:\/\/www.pm.pb.gov.br\/portal\/wp-content\/uploads\/2019\/05\/WhatsApp-Image-2019-05-15-at-17.16.36-1012x570.jpeg 1012w, https:\/\/www.pm.pb.gov.br\/portal\/wp-content\/uploads\/2019\/05\/WhatsApp-Image-2019-05-15-at-17.16.36-790x445.jpeg 790w, https:\/\/www.pm.pb.gov.br\/portal\/wp-content\/uploads\/2019\/05\/WhatsApp-Image-2019-05-15-at-17.16.36-768x432.jpeg 768w, https:\/\/www.pm.pb.gov.br\/portal\/wp-content\/uploads\/2019\/05\/WhatsApp-Image-2019-05-15-at-17.16.36.jpeg 1032w\" sizes=\"(max-width: 1012px) 100vw, 1012px\" \/><\/figure><\/div>\n\n\n\n<p>O trio estava com um rev\u00f3lver calibre 38, muni\u00e7\u00f5es, e com eles os policiais recuperaram celulares, rel\u00f3gios e dinheiro das v\u00edtimas. Um dos suspeitos revelou que j\u00e1 havia sido apreendido por ato infracional an\u00e1logo ao tr\u00e1fico de drogas quando era menor de idade. Os tr\u00eas acusados foram encaminhados para Central de Flagrantes para os procedimentos cab\u00edveis. <\/p>\n","protected":false},"excerpt":{"rendered":"<p>A Pol\u00edcia Militar prendeu, em flagrante, tr\u00eas suspeitos envolvidos em um assalto \u00e0 \u00f4nibus, no in\u00edcio da tarde desta quarta-feira<\/p>\n","protected":false},"author":15,"featured_media":900897,"comment_status":"closed","ping_status":"closed","sticky":false,"template":"","format":"standard","meta":{"_exactmetrics_skip_tracking":false,"_exactmetrics_sitenote_active":false,"_exactmetrics_sitenote_note":"","_exactmetrics_sitenote_category":0,"footnotes":""},"categories":[4],"tags":[],"yoast_head":"<!-- This site is optimized with the Yoast SEO plugin v22.0 - https:\/\/yoast.com\/wordpress\/plugins\/seo\/ -->\n<title>Pol\u00edcia Militar prende trio suspeito de assaltos a \u00f4nibus na Capital - Pol\u00edcia Militar da Para\u00edba<\/title>\n<meta name=\"robots\" content=\"index, follow, max-snippet:-1, max-image-preview:large, max-video-preview:-1\" \/>\n<link rel=\"canonical\" href=\"https:\/\/www.pm.pb.gov.br\/portal\/2019\/05\/15\/policia-militar-prende-trio-suspeito-de-assaltos-a-onibus-na-capital\/\" \/>\n<meta property=\"og:locale\" content=\"pt_BR\" \/>\n<meta property=\"og:type\" content=\"article\" \/>\n<meta property=\"og:title\" content=\"Pol\u00edcia Militar prende trio suspeito de assaltos a \u00f4nibus na Capital - Pol\u00edcia Militar da Para\u00edba\" \/>\n<meta property=\"og:description\" content=\"A Pol\u00edcia Militar prendeu, em flagrante, tr\u00eas suspeitos envolvidos em um assalto \u00e0 \u00f4nibus, no in\u00edcio da tarde desta quarta-feira\" \/>\n<meta property=\"og:url\" content=\"https:\/\/www.pm.pb.gov.br\/portal\/2019\/05\/15\/policia-militar-prende-trio-suspeito-de-assaltos-a-onibus-na-capital\/\" \/>\n<meta property=\"og:site_name\" content=\"Pol\u00edcia Militar da Para\u00edba\" \/>\n<meta property=\"article:published_time\" content=\"2019-05-15T20:31:27+00:00\" \/>\n<meta property=\"article:modified_time\" content=\"2019-05-15T20:31:29+00:00\" \/>\n<meta property=\"og:image\" content=\"https:\/\/www.pm.pb.gov.br\/portal\/wp-content\/uploads\/2019\/05\/WhatsApp-Image-2019-05-15-at-17.19.05.jpeg\" \/>\n\t<meta property=\"og:image:width\" content=\"1280\" \/>\n\t<meta property=\"og:image:height\" content=\"854\" \/>\n\t<meta property=\"og:image:type\" content=\"image\/jpeg\" \/>\n<meta name=\"author\" content=\"Marcio Gomes dos Santos\" \/>\n<meta name=\"twitter:card\" content=\"summary_large_image\" \/>\n<meta name=\"twitter:label1\" content=\"Escrito por\" \/>\n\t<meta name=\"twitter:data1\" content=\"Marcio Gomes dos Santos\" \/>\n\t<meta name=\"twitter:label2\" content=\"Est. tempo de leitura\" \/>\n\t<meta name=\"twitter:data2\" content=\"1 minuto\" \/>\n<script type=\"application\/ld+json\" class=\"yoast-schema-graph\">{\"@context\":\"https:\/\/schema.org\",\"@graph\":[{\"@type\":\"Article\",\"@id\":\"https:\/\/www.pm.pb.gov.br\/portal\/2019\/05\/15\/policia-militar-prende-trio-suspeito-de-assaltos-a-onibus-na-capital\/#article\",\"isPartOf\":{\"@id\":\"https:\/\/www.pm.pb.gov.br\/portal\/2019\/05\/15\/policia-militar-prende-trio-suspeito-de-assaltos-a-onibus-na-capital\/\"},\"author\":{\"name\":\"Marcio Gomes dos Santos\",\"@id\":\"https:\/\/www.pm.pb.gov.br\/portal\/#\/schema\/person\/30d571652b38533c2211e4e89bf5a502\"},\"headline\":\"Pol\u00edcia Militar prende trio suspeito de assaltos a \u00f4nibus na Capital\",\"datePublished\":\"2019-05-15T20:31:27+00:00\",\"dateModified\":\"2019-05-15T20:31:29+00:00\",\"mainEntityOfPage\":{\"@id\":\"https:\/\/www.pm.pb.gov.br\/portal\/2019\/05\/15\/policia-militar-prende-trio-suspeito-de-assaltos-a-onibus-na-capital\/\"},\"wordCount\":202,\"publisher\":{\"@id\":\"https:\/\/www.pm.pb.gov.br\/portal\/#organization\"},\"articleSection\":[\"A\u00e7\u00f5es Policiais\"],\"inLanguage\":\"pt-BR\"},{\"@type\":\"WebPage\",\"@id\":\"https:\/\/www.pm.pb.gov.br\/portal\/2019\/05\/15\/policia-militar-prende-trio-suspeito-de-assaltos-a-onibus-na-capital\/\",\"url\":\"https:\/\/www.pm.pb.gov.br\/portal\/2019\/05\/15\/policia-militar-prende-trio-suspeito-de-assaltos-a-onibus-na-capital\/\",\"name\":\"Pol\u00edcia Militar prende trio suspeito de assaltos a \u00f4nibus na Capital - Pol\u00edcia Militar da Para\u00edba\",\"isPartOf\":{\"@id\":\"https:\/\/www.pm.pb.gov.br\/portal\/#website\"},\"datePublished\":\"2019-05-15T20:31:27+00:00\",\"dateModified\":\"2019-05-15T20:31:29+00:00\",\"breadcrumb\":{\"@id\":\"https:\/\/www.pm.pb.gov.br\/portal\/2019\/05\/15\/policia-militar-prende-trio-suspeito-de-assaltos-a-onibus-na-capital\/#breadcrumb\"},\"inLanguage\":\"pt-BR\",\"potentialAction\":[{\"@type\":\"ReadAction\",\"target\":[\"https:\/\/www.pm.pb.gov.br\/portal\/2019\/05\/15\/policia-militar-prende-trio-suspeito-de-assaltos-a-onibus-na-capital\/\"]}]},{\"@type\":\"BreadcrumbList\",\"@id\":\"https:\/\/www.pm.pb.gov.br\/portal\/2019\/05\/15\/policia-militar-prende-trio-suspeito-de-assaltos-a-onibus-na-capital\/#breadcrumb\",\"itemListElement\":[{\"@type\":\"ListItem\",\"position\":1,\"name\":\"In\u00edcio\",\"item\":\"https:\/\/www.pm.pb.gov.br\/portal\/\"},{\"@type\":\"ListItem\",\"position\":2,\"name\":\"Pol\u00edcia Militar prende trio suspeito de assaltos a \u00f4nibus na Capital\"}]},{\"@type\":\"WebSite\",\"@id\":\"https:\/\/www.pm.pb.gov.br\/portal\/#website\",\"url\":\"https:\/\/www.pm.pb.gov.br\/portal\/\",\"name\":\"Pol\u00edcia Militar da Para\u00edba\",\"description\":\"\",\"publisher\":{\"@id\":\"https:\/\/www.pm.pb.gov.br\/portal\/#organization\"},\"potentialAction\":[{\"@type\":\"SearchAction\",\"target\":{\"@type\":\"EntryPoint\",\"urlTemplate\":\"https:\/\/www.pm.pb.gov.br\/portal\/?s={search_term_string}\"},\"query-input\":\"required name=search_term_string\"}],\"inLanguage\":\"pt-BR\"},{\"@type\":\"Organization\",\"@id\":\"https:\/\/www.pm.pb.gov.br\/portal\/#organization\",\"name\":\"Pol\u00edcia Militar da Para\u00edba\",\"url\":\"https:\/\/www.pm.pb.gov.br\/portal\/\",\"logo\":{\"@type\":\"ImageObject\",\"inLanguage\":\"pt-BR\",\"@id\":\"https:\/\/www.pm.pb.gov.br\/portal\/#\/schema\/logo\/image\/\",\"url\":\"https:\/\/www.pm.pb.gov.br\/portal\/wp-content\/uploads\/2025\/03\/cropped-logo-site-mag2-1.png\",\"contentUrl\":\"https:\/\/www.pm.pb.gov.br\/portal\/wp-content\/uploads\/2025\/03\/cropped-logo-site-mag2-1.png\",\"width\":320,\"height\":90,\"caption\":\"Pol\u00edcia Militar da Para\u00edba\"},\"image\":{\"@id\":\"https:\/\/www.pm.pb.gov.br\/portal\/#\/schema\/logo\/image\/\"}},{\"@type\":\"Person\",\"@id\":\"https:\/\/www.pm.pb.gov.br\/portal\/#\/schema\/person\/30d571652b38533c2211e4e89bf5a502\",\"name\":\"Marcio Gomes dos Santos\",\"image\":{\"@type\":\"ImageObject\",\"inLanguage\":\"pt-BR\",\"@id\":\"https:\/\/www.pm.pb.gov.br\/portal\/#\/schema\/person\/image\/\",\"url\":\"https:\/\/secure.gravatar.com\/avatar\/cf4ec2cb690101e1581c7773aa350c19?s=96&d=mm&r=g\",\"contentUrl\":\"https:\/\/secure.gravatar.com\/avatar\/cf4ec2cb690101e1581c7773aa350c19?s=96&d=mm&r=g\",\"caption\":\"Marcio Gomes dos Santos\"},\"url\":\"https:\/\/www.pm.pb.gov.br\/portal\/author\/mgomes\/\"}]}<\/script>\n<!-- \/ Yoast SEO plugin. -->","yoast_head_json":{"title":"Pol\u00edcia Militar prende trio suspeito de assaltos a \u00f4nibus na Capital - Pol\u00edcia Militar da Para\u00edba","robots":{"index":"index","follow":"follow","max-snippet":"max-snippet:-1","max-image-preview":"max-image-preview:large","max-video-preview":"max-video-preview:-1"},"canonical":"https:\/\/www.pm.pb.gov.br\/portal\/2019\/05\/15\/policia-militar-prende-trio-suspeito-de-assaltos-a-onibus-na-capital\/","og_locale":"pt_BR","og_type":"article","og_title":"Pol\u00edcia Militar prende trio suspeito de assaltos a \u00f4nibus na Capital - Pol\u00edcia Militar da Para\u00edba","og_description":"A Pol\u00edcia Militar prendeu, em flagrante, tr\u00eas suspeitos envolvidos em um assalto \u00e0 \u00f4nibus, no in\u00edcio da tarde desta quarta-feira","og_url":"https:\/\/www.pm.pb.gov.br\/portal\/2019\/05\/15\/policia-militar-prende-trio-suspeito-de-assaltos-a-onibus-na-capital\/","og_site_name":"Pol\u00edcia Militar da Para\u00edba","article_published_time":"2019-05-15T20:31:27+00:00","article_modified_time":"2019-05-15T20:31:29+00:00","og_image":[{"width":1280,"height":854,"url":"https:\/\/www.pm.pb.gov.br\/portal\/wp-content\/uploads\/2019\/05\/WhatsApp-Image-2019-05-15-at-17.19.05.jpeg","type":"image\/jpeg"}],"author":"Marcio Gomes dos Santos","twitter_card":"summary_large_image","twitter_misc":{"Escrito por":"Marcio Gomes dos Santos","Est. tempo de leitura":"1 minuto"},"schema":{"@context":"https:\/\/schema.org","@graph":[{"@type":"Article","@id":"https:\/\/www.pm.pb.gov.br\/portal\/2019\/05\/15\/policia-militar-prende-trio-suspeito-de-assaltos-a-onibus-na-capital\/#article","isPartOf":{"@id":"https:\/\/www.pm.pb.gov.br\/portal\/2019\/05\/15\/policia-militar-prende-trio-suspeito-de-assaltos-a-onibus-na-capital\/"},"author":{"name":"Marcio Gomes dos Santos","@id":"https:\/\/www.pm.pb.gov.br\/portal\/#\/schema\/person\/30d571652b38533c2211e4e89bf5a502"},"headline":"Pol\u00edcia Militar prende trio suspeito de assaltos a \u00f4nibus na Capital","datePublished":"2019-05-15T20:31:27+00:00","dateModified":"2019-05-15T20:31:29+00:00","mainEntityOfPage":{"@id":"https:\/\/www.pm.pb.gov.br\/portal\/2019\/05\/15\/policia-militar-prende-trio-suspeito-de-assaltos-a-onibus-na-capital\/"},"wordCount":202,"publisher":{"@id":"https:\/\/www.pm.pb.gov.br\/portal\/#organization"},"articleSection":["A\u00e7\u00f5es Policiais"],"inLanguage":"pt-BR"},{"@type":"WebPage","@id":"https:\/\/www.pm.pb.gov.br\/portal\/2019\/05\/15\/policia-militar-prende-trio-suspeito-de-assaltos-a-onibus-na-capital\/","url":"https:\/\/www.pm.pb.gov.br\/portal\/2019\/05\/15\/policia-militar-prende-trio-suspeito-de-assaltos-a-onibus-na-capital\/","name":"Pol\u00edcia Militar prende trio suspeito de assaltos a \u00f4nibus na Capital - Pol\u00edcia Militar da Para\u00edba","isPartOf":{"@id":"https:\/\/www.pm.pb.gov.br\/portal\/#website"},"datePublished":"2019-05-15T20:31:27+00:00","dateModified":"2019-05-15T20:31:29+00:00","breadcrumb":{"@id":"https:\/\/www.pm.pb.gov.br\/portal\/2019\/05\/15\/policia-militar-prende-trio-suspeito-de-assaltos-a-onibus-na-capital\/#breadcrumb"},"inLanguage":"pt-BR","potentialAction":[{"@type":"ReadAction","target":["https:\/\/www.pm.pb.gov.br\/portal\/2019\/05\/15\/policia-militar-prende-trio-suspeito-de-assaltos-a-onibus-na-capital\/"]}]},{"@type":"BreadcrumbList","@id":"https:\/\/www.pm.pb.gov.br\/portal\/2019\/05\/15\/policia-militar-prende-trio-suspeito-de-assaltos-a-onibus-na-capital\/#breadcrumb","itemListElement":[{"@type":"ListItem","position":1,"name":"In\u00edcio","item":"https:\/\/www.pm.pb.gov.br\/portal\/"},{"@type":"ListItem","position":2,"name":"Pol\u00edcia Militar prende trio suspeito de assaltos a \u00f4nibus na Capital"}]},{"@type":"WebSite","@id":"https:\/\/www.pm.pb.gov.br\/portal\/#website","url":"https:\/\/www.pm.pb.gov.br\/portal\/","name":"Pol\u00edcia Militar da Para\u00edba","description":"","publisher":{"@id":"https:\/\/www.pm.pb.gov.br\/portal\/#organization"},"potentialAction":[{"@type":"SearchAction","target":{"@type":"EntryPoint","urlTemplate":"https:\/\/www.pm.pb.gov.br\/portal\/?s={search_term_string}"},"query-input":"required name=search_term_string"}],"inLanguage":"pt-BR"},{"@type":"Organization","@id":"https:\/\/www.pm.pb.gov.br\/portal\/#organization","name":"Pol\u00edcia Militar da Para\u00edba","url":"https:\/\/www.pm.pb.gov.br\/portal\/","logo":{"@type":"ImageObject","inLanguage":"pt-BR","@id":"https:\/\/www.pm.pb.gov.br\/portal\/#\/schema\/logo\/image\/","url":"https:\/\/www.pm.pb.gov.br\/portal\/wp-content\/uploads\/2025\/03\/cropped-logo-site-mag2-1.png","contentUrl":"https:\/\/www.pm.pb.gov.br\/portal\/wp-content\/uploads\/2025\/03\/cropped-logo-site-mag2-1.png","width":320,"height":90,"caption":"Pol\u00edcia Militar da Para\u00edba"},"image":{"@id":"https:\/\/www.pm.pb.gov.br\/portal\/#\/schema\/logo\/image\/"}},{"@type":"Person","@id":"https:\/\/www.pm.pb.gov.br\/portal\/#\/schema\/person\/30d571652b38533c2211e4e89bf5a502","name":"Marcio Gomes dos Santos","image":{"@type":"ImageObject","inLanguage":"pt-BR","@id":"https:\/\/www.pm.pb.gov.br\/portal\/#\/schema\/person\/image\/","url":"https:\/\/secure.gravatar.com\/avatar\/cf4ec2cb690101e1581c7773aa350c19?s=96&d=mm&r=g","contentUrl":"https:\/\/secure.gravatar.com\/avatar\/cf4ec2cb690101e1581c7773aa350c19?s=96&d=mm&r=g","caption":"Marcio Gomes dos Santos"},"url":"https:\/\/www.pm.pb.gov.br\/portal\/author\/mgomes\/"}]}},"_links":{"self":[{"href":"https:\/\/www.pm.pb.gov.br\/portal\/wp-json\/wp\/v2\/posts\/900895"}],"collection":[{"href":"https:\/\/www.pm.pb.gov.br\/portal\/wp-json\/wp\/v2\/posts"}],"about":[{"href":"https:\/\/www.pm.pb.gov.br\/portal\/wp-json\/wp\/v2\/types\/post"}],"author":[{"embeddable":true,"href":"https:\/\/www.pm.pb.gov.br\/portal\/wp-json\/wp\/v2\/users\/15"}],"replies":[{"embeddable":true,"href":"https:\/\/www.pm.pb.gov.br\/portal\/wp-json\/wp\/v2\/comments?post=900895"}],"version-history":[{"count":1,"href":"https:\/\/www.pm.pb.gov.br\/portal\/wp-json\/wp\/v2\/posts\/900895\/revisions"}],"predecessor-version":[{"id":900898,"href":"https:\/\/www.pm.pb.gov.br\/portal\/wp-json\/wp\/v2\/posts\/900895\/revisions\/900898"}],"wp:featuredmedia":[{"embeddable":true,"href":"https:\/\/www.pm.pb.gov.br\/portal\/wp-json\/wp\/v2\/media\/900897"}],"wp:attachment":[{"href":"https:\/\/www.pm.pb.gov.br\/portal\/wp-json\/wp\/v2\/media?parent=900895"}],"wp:term":[{"taxonomy":"category","embeddable":true,"href":"https:\/\/www.pm.pb.gov.br\/portal\/wp-json\/wp\/v2\/categories?post=900895"},{"taxonomy":"post_tag","embeddable":true,"href":"https:\/\/www.pm.pb.gov.br\/portal\/wp-json\/wp\/v2\/tags?post=900895"}],"curies":[{"name":"wp","href":"https:\/\/api.w.org\/{rel}","templated":true}]}}