{"id":900812,"date":"2019-05-10T08:37:08","date_gmt":"2019-05-10T11:37:08","guid":{"rendered":"http:\/\/www.pm.pb.gov.br\/portal\/?p=900812"},"modified":"2019-05-10T15:25:29","modified_gmt":"2019-05-10T18:25:29","slug":"policia-militar-apreende-suspeito-de-invadir-casa-e-fazer-familia-refem-em-campina-grande","status":"publish","type":"post","link":"https:\/\/www.pm.pb.gov.br\/portal\/2019\/05\/10\/policia-militar-apreende-suspeito-de-invadir-casa-e-fazer-familia-refem-em-campina-grande\/","title":{"rendered":"Pol\u00edcia Militar apreende suspeito de invadir casa e fazer fam\u00edlia ref\u00e9m em Campina Grande"},"content":{"rendered":"\n<p>A Pol\u00edcia Militar apreendeu o suspeito de invadir uma casa, nessa quinta-feira (9), no bairro do Cruzeiro, em Campina Grande, onde ele fez uma fam\u00edlia de ref\u00e9m, exigindo dinheiro e que as v\u00edtimas facilitassem a fuga dele ap\u00f3s o crime. O adolescente tem 16 anos. Ele entrou na resid\u00eancia armado, depois de trocar tiros com uma dupla de moto que possivelmente tentou mat\u00e1-lo quando ele estava indo a uma aula de artes marciais.<\/p>\n\n\n\n<p>Conforme relatos das v\u00edtimas \u00e0 PM, o jovem estava vestindo um kimono \u2013 roupa usada para a pr\u00e1tica de artes marciais \u2013 e apresentava ferimento de tiro no bra\u00e7o. Ele exigiu dinheiro das v\u00edtimas, mandou que fizessem um curativo no ferimento, pediu roupas para vestir no lugar do kimono e, por \u00faltimo, fez o dono da casa chamar um mototaxi para ele fugir.<\/p>\n\n\n\n<p>Ao serem informados do fato, os policiais passaram a intensificar as buscas pelo suspeito, que foi apreendido quando foi buscar atendimento no Hospital de Emerg\u00eancia e Trauma.<\/p>\n\n\n\n<p>De acordo com o cabo Alex Fernandes, do 2\u00ba Batalh\u00e3o da Pol\u00edcia Militar, o jovem tinha sido apreendido no \u00faltimo domingo com drogas, no bairro da Ressurei\u00e7\u00e3o. \u201cEle foi apreendido, mas liberado no mesmo dia. Al\u00e9m disso, ele estaria envolvido em v\u00e1rios assaltos na cidade, inclusive j\u00e1 foi reconhecido por uma v\u00edtima que teve a moto roubada no dia 30 de abril, no bairro do Cruzeiro\u201d, contou.<\/p>\n\n\n\n<p>Ap\u00f3s receber alta, o jovem detido foi levado para a Central de Pol\u00edcia Civil, em Campina Grande, onde ser\u00e1 investigado pela atua\u00e7\u00e3o e outros roubos na cidade. A arma usada por ele para amea\u00e7ar a fam\u00edlia que teve a casa invadida est\u00e1 sendo procurada.<\/p>\n","protected":false},"excerpt":{"rendered":"<p>A Pol\u00edcia Militar apreendeu o suspeito de invadir uma casa, nessa quinta-feira (9), no bairro do Cruzeiro, em Campina Grande,<\/p>\n","protected":false},"author":12,"featured_media":898131,"comment_status":"closed","ping_status":"closed","sticky":false,"template":"","format":"standard","meta":{"_exactmetrics_skip_tracking":false,"_exactmetrics_sitenote_active":false,"_exactmetrics_sitenote_note":"","_exactmetrics_sitenote_category":0,"footnotes":""},"categories":[4],"tags":[],"yoast_head":"<!-- This site is optimized with the Yoast SEO plugin v22.0 - https:\/\/yoast.com\/wordpress\/plugins\/seo\/ -->\n<title>Pol\u00edcia Militar apreende suspeito de invadir casa e fazer fam\u00edlia ref\u00e9m em Campina Grande - Pol\u00edcia Militar da Para\u00edba<\/title>\n<meta name=\"robots\" content=\"index, follow, max-snippet:-1, max-image-preview:large, max-video-preview:-1\" \/>\n<link rel=\"canonical\" href=\"https:\/\/www.pm.pb.gov.br\/portal\/2019\/05\/10\/policia-militar-apreende-suspeito-de-invadir-casa-e-fazer-familia-refem-em-campina-grande\/\" \/>\n<meta property=\"og:locale\" content=\"pt_BR\" \/>\n<meta property=\"og:type\" content=\"article\" \/>\n<meta property=\"og:title\" content=\"Pol\u00edcia Militar apreende suspeito de invadir casa e fazer fam\u00edlia ref\u00e9m em Campina Grande - Pol\u00edcia Militar da Para\u00edba\" \/>\n<meta property=\"og:description\" content=\"A Pol\u00edcia Militar apreendeu o suspeito de invadir uma casa, nessa quinta-feira (9), no bairro do Cruzeiro, em Campina Grande,\" \/>\n<meta property=\"og:url\" content=\"https:\/\/www.pm.pb.gov.br\/portal\/2019\/05\/10\/policia-militar-apreende-suspeito-de-invadir-casa-e-fazer-familia-refem-em-campina-grande\/\" \/>\n<meta property=\"og:site_name\" content=\"Pol\u00edcia Militar da Para\u00edba\" \/>\n<meta property=\"article:published_time\" content=\"2019-05-10T11:37:08+00:00\" \/>\n<meta property=\"article:modified_time\" content=\"2019-05-10T18:25:29+00:00\" \/>\n<meta property=\"og:image\" content=\"https:\/\/www.pm.pb.gov.br\/portal\/wp-content\/uploads\/2018\/06\/capa.jpg\" \/>\n\t<meta property=\"og:image:width\" content=\"800\" \/>\n\t<meta property=\"og:image:height\" content=\"445\" \/>\n\t<meta property=\"og:image:type\" content=\"image\/jpeg\" \/>\n<meta name=\"author\" content=\"Tarcisio Oliveira\" \/>\n<meta name=\"twitter:card\" content=\"summary_large_image\" \/>\n<meta name=\"twitter:label1\" content=\"Escrito por\" \/>\n\t<meta name=\"twitter:data1\" content=\"Tarcisio Oliveira\" \/>\n\t<meta name=\"twitter:label2\" content=\"Est. tempo de leitura\" \/>\n\t<meta name=\"twitter:data2\" content=\"1 minuto\" \/>\n<script type=\"application\/ld+json\" class=\"yoast-schema-graph\">{\"@context\":\"https:\/\/schema.org\",\"@graph\":[{\"@type\":\"Article\",\"@id\":\"https:\/\/www.pm.pb.gov.br\/portal\/2019\/05\/10\/policia-militar-apreende-suspeito-de-invadir-casa-e-fazer-familia-refem-em-campina-grande\/#article\",\"isPartOf\":{\"@id\":\"https:\/\/www.pm.pb.gov.br\/portal\/2019\/05\/10\/policia-militar-apreende-suspeito-de-invadir-casa-e-fazer-familia-refem-em-campina-grande\/\"},\"author\":{\"name\":\"Tarcisio Oliveira\",\"@id\":\"https:\/\/www.pm.pb.gov.br\/portal\/#\/schema\/person\/f84f56dcc78ce4357054da888b8247fd\"},\"headline\":\"Pol\u00edcia Militar apreende suspeito de invadir casa e fazer fam\u00edlia ref\u00e9m em Campina Grande\",\"datePublished\":\"2019-05-10T11:37:08+00:00\",\"dateModified\":\"2019-05-10T18:25:29+00:00\",\"mainEntityOfPage\":{\"@id\":\"https:\/\/www.pm.pb.gov.br\/portal\/2019\/05\/10\/policia-militar-apreende-suspeito-de-invadir-casa-e-fazer-familia-refem-em-campina-grande\/\"},\"wordCount\":307,\"publisher\":{\"@id\":\"https:\/\/www.pm.pb.gov.br\/portal\/#organization\"},\"articleSection\":[\"A\u00e7\u00f5es Policiais\"],\"inLanguage\":\"pt-BR\"},{\"@type\":\"WebPage\",\"@id\":\"https:\/\/www.pm.pb.gov.br\/portal\/2019\/05\/10\/policia-militar-apreende-suspeito-de-invadir-casa-e-fazer-familia-refem-em-campina-grande\/\",\"url\":\"https:\/\/www.pm.pb.gov.br\/portal\/2019\/05\/10\/policia-militar-apreende-suspeito-de-invadir-casa-e-fazer-familia-refem-em-campina-grande\/\",\"name\":\"Pol\u00edcia Militar apreende suspeito de invadir casa e fazer fam\u00edlia ref\u00e9m em Campina Grande - Pol\u00edcia Militar da Para\u00edba\",\"isPartOf\":{\"@id\":\"https:\/\/www.pm.pb.gov.br\/portal\/#website\"},\"datePublished\":\"2019-05-10T11:37:08+00:00\",\"dateModified\":\"2019-05-10T18:25:29+00:00\",\"breadcrumb\":{\"@id\":\"https:\/\/www.pm.pb.gov.br\/portal\/2019\/05\/10\/policia-militar-apreende-suspeito-de-invadir-casa-e-fazer-familia-refem-em-campina-grande\/#breadcrumb\"},\"inLanguage\":\"pt-BR\",\"potentialAction\":[{\"@type\":\"ReadAction\",\"target\":[\"https:\/\/www.pm.pb.gov.br\/portal\/2019\/05\/10\/policia-militar-apreende-suspeito-de-invadir-casa-e-fazer-familia-refem-em-campina-grande\/\"]}]},{\"@type\":\"BreadcrumbList\",\"@id\":\"https:\/\/www.pm.pb.gov.br\/portal\/2019\/05\/10\/policia-militar-apreende-suspeito-de-invadir-casa-e-fazer-familia-refem-em-campina-grande\/#breadcrumb\",\"itemListElement\":[{\"@type\":\"ListItem\",\"position\":1,\"name\":\"In\u00edcio\",\"item\":\"https:\/\/www.pm.pb.gov.br\/portal\/\"},{\"@type\":\"ListItem\",\"position\":2,\"name\":\"Pol\u00edcia Militar apreende suspeito de invadir casa e fazer fam\u00edlia ref\u00e9m em Campina Grande\"}]},{\"@type\":\"WebSite\",\"@id\":\"https:\/\/www.pm.pb.gov.br\/portal\/#website\",\"url\":\"https:\/\/www.pm.pb.gov.br\/portal\/\",\"name\":\"Pol\u00edcia Militar da Para\u00edba\",\"description\":\"\",\"publisher\":{\"@id\":\"https:\/\/www.pm.pb.gov.br\/portal\/#organization\"},\"potentialAction\":[{\"@type\":\"SearchAction\",\"target\":{\"@type\":\"EntryPoint\",\"urlTemplate\":\"https:\/\/www.pm.pb.gov.br\/portal\/?s={search_term_string}\"},\"query-input\":\"required name=search_term_string\"}],\"inLanguage\":\"pt-BR\"},{\"@type\":\"Organization\",\"@id\":\"https:\/\/www.pm.pb.gov.br\/portal\/#organization\",\"name\":\"Pol\u00edcia Militar da Para\u00edba\",\"url\":\"https:\/\/www.pm.pb.gov.br\/portal\/\",\"logo\":{\"@type\":\"ImageObject\",\"inLanguage\":\"pt-BR\",\"@id\":\"https:\/\/www.pm.pb.gov.br\/portal\/#\/schema\/logo\/image\/\",\"url\":\"https:\/\/www.pm.pb.gov.br\/portal\/wp-content\/uploads\/2025\/03\/cropped-logo-site-mag2-1.png\",\"contentUrl\":\"https:\/\/www.pm.pb.gov.br\/portal\/wp-content\/uploads\/2025\/03\/cropped-logo-site-mag2-1.png\",\"width\":320,\"height\":90,\"caption\":\"Pol\u00edcia Militar da Para\u00edba\"},\"image\":{\"@id\":\"https:\/\/www.pm.pb.gov.br\/portal\/#\/schema\/logo\/image\/\"}},{\"@type\":\"Person\",\"@id\":\"https:\/\/www.pm.pb.gov.br\/portal\/#\/schema\/person\/f84f56dcc78ce4357054da888b8247fd\",\"name\":\"Tarcisio Oliveira\",\"image\":{\"@type\":\"ImageObject\",\"inLanguage\":\"pt-BR\",\"@id\":\"https:\/\/www.pm.pb.gov.br\/portal\/#\/schema\/person\/image\/\",\"url\":\"https:\/\/secure.gravatar.com\/avatar\/72917b630b69d31cd0297507f34bac97?s=96&d=mm&r=g\",\"contentUrl\":\"https:\/\/secure.gravatar.com\/avatar\/72917b630b69d31cd0297507f34bac97?s=96&d=mm&r=g\",\"caption\":\"Tarcisio Oliveira\"},\"url\":\"https:\/\/www.pm.pb.gov.br\/portal\/author\/tarcisio\/\"}]}<\/script>\n<!-- \/ Yoast SEO plugin. -->","yoast_head_json":{"title":"Pol\u00edcia Militar apreende suspeito de invadir casa e fazer fam\u00edlia ref\u00e9m em Campina Grande - Pol\u00edcia Militar da Para\u00edba","robots":{"index":"index","follow":"follow","max-snippet":"max-snippet:-1","max-image-preview":"max-image-preview:large","max-video-preview":"max-video-preview:-1"},"canonical":"https:\/\/www.pm.pb.gov.br\/portal\/2019\/05\/10\/policia-militar-apreende-suspeito-de-invadir-casa-e-fazer-familia-refem-em-campina-grande\/","og_locale":"pt_BR","og_type":"article","og_title":"Pol\u00edcia Militar apreende suspeito de invadir casa e fazer fam\u00edlia ref\u00e9m em Campina Grande - Pol\u00edcia Militar da Para\u00edba","og_description":"A Pol\u00edcia Militar apreendeu o suspeito de invadir uma casa, nessa quinta-feira (9), no bairro do Cruzeiro, em Campina Grande,","og_url":"https:\/\/www.pm.pb.gov.br\/portal\/2019\/05\/10\/policia-militar-apreende-suspeito-de-invadir-casa-e-fazer-familia-refem-em-campina-grande\/","og_site_name":"Pol\u00edcia Militar da Para\u00edba","article_published_time":"2019-05-10T11:37:08+00:00","article_modified_time":"2019-05-10T18:25:29+00:00","og_image":[{"width":800,"height":445,"url":"https:\/\/www.pm.pb.gov.br\/portal\/wp-content\/uploads\/2018\/06\/capa.jpg","type":"image\/jpeg"}],"author":"Tarcisio Oliveira","twitter_card":"summary_large_image","twitter_misc":{"Escrito por":"Tarcisio Oliveira","Est. tempo de leitura":"1 minuto"},"schema":{"@context":"https:\/\/schema.org","@graph":[{"@type":"Article","@id":"https:\/\/www.pm.pb.gov.br\/portal\/2019\/05\/10\/policia-militar-apreende-suspeito-de-invadir-casa-e-fazer-familia-refem-em-campina-grande\/#article","isPartOf":{"@id":"https:\/\/www.pm.pb.gov.br\/portal\/2019\/05\/10\/policia-militar-apreende-suspeito-de-invadir-casa-e-fazer-familia-refem-em-campina-grande\/"},"author":{"name":"Tarcisio Oliveira","@id":"https:\/\/www.pm.pb.gov.br\/portal\/#\/schema\/person\/f84f56dcc78ce4357054da888b8247fd"},"headline":"Pol\u00edcia Militar apreende suspeito de invadir casa e fazer fam\u00edlia ref\u00e9m em Campina Grande","datePublished":"2019-05-10T11:37:08+00:00","dateModified":"2019-05-10T18:25:29+00:00","mainEntityOfPage":{"@id":"https:\/\/www.pm.pb.gov.br\/portal\/2019\/05\/10\/policia-militar-apreende-suspeito-de-invadir-casa-e-fazer-familia-refem-em-campina-grande\/"},"wordCount":307,"publisher":{"@id":"https:\/\/www.pm.pb.gov.br\/portal\/#organization"},"articleSection":["A\u00e7\u00f5es Policiais"],"inLanguage":"pt-BR"},{"@type":"WebPage","@id":"https:\/\/www.pm.pb.gov.br\/portal\/2019\/05\/10\/policia-militar-apreende-suspeito-de-invadir-casa-e-fazer-familia-refem-em-campina-grande\/","url":"https:\/\/www.pm.pb.gov.br\/portal\/2019\/05\/10\/policia-militar-apreende-suspeito-de-invadir-casa-e-fazer-familia-refem-em-campina-grande\/","name":"Pol\u00edcia Militar apreende suspeito de invadir casa e fazer fam\u00edlia ref\u00e9m em Campina Grande - Pol\u00edcia Militar da Para\u00edba","isPartOf":{"@id":"https:\/\/www.pm.pb.gov.br\/portal\/#website"},"datePublished":"2019-05-10T11:37:08+00:00","dateModified":"2019-05-10T18:25:29+00:00","breadcrumb":{"@id":"https:\/\/www.pm.pb.gov.br\/portal\/2019\/05\/10\/policia-militar-apreende-suspeito-de-invadir-casa-e-fazer-familia-refem-em-campina-grande\/#breadcrumb"},"inLanguage":"pt-BR","potentialAction":[{"@type":"ReadAction","target":["https:\/\/www.pm.pb.gov.br\/portal\/2019\/05\/10\/policia-militar-apreende-suspeito-de-invadir-casa-e-fazer-familia-refem-em-campina-grande\/"]}]},{"@type":"BreadcrumbList","@id":"https:\/\/www.pm.pb.gov.br\/portal\/2019\/05\/10\/policia-militar-apreende-suspeito-de-invadir-casa-e-fazer-familia-refem-em-campina-grande\/#breadcrumb","itemListElement":[{"@type":"ListItem","position":1,"name":"In\u00edcio","item":"https:\/\/www.pm.pb.gov.br\/portal\/"},{"@type":"ListItem","position":2,"name":"Pol\u00edcia Militar apreende suspeito de invadir casa e fazer fam\u00edlia ref\u00e9m em Campina Grande"}]},{"@type":"WebSite","@id":"https:\/\/www.pm.pb.gov.br\/portal\/#website","url":"https:\/\/www.pm.pb.gov.br\/portal\/","name":"Pol\u00edcia Militar da Para\u00edba","description":"","publisher":{"@id":"https:\/\/www.pm.pb.gov.br\/portal\/#organization"},"potentialAction":[{"@type":"SearchAction","target":{"@type":"EntryPoint","urlTemplate":"https:\/\/www.pm.pb.gov.br\/portal\/?s={search_term_string}"},"query-input":"required name=search_term_string"}],"inLanguage":"pt-BR"},{"@type":"Organization","@id":"https:\/\/www.pm.pb.gov.br\/portal\/#organization","name":"Pol\u00edcia Militar da Para\u00edba","url":"https:\/\/www.pm.pb.gov.br\/portal\/","logo":{"@type":"ImageObject","inLanguage":"pt-BR","@id":"https:\/\/www.pm.pb.gov.br\/portal\/#\/schema\/logo\/image\/","url":"https:\/\/www.pm.pb.gov.br\/portal\/wp-content\/uploads\/2025\/03\/cropped-logo-site-mag2-1.png","contentUrl":"https:\/\/www.pm.pb.gov.br\/portal\/wp-content\/uploads\/2025\/03\/cropped-logo-site-mag2-1.png","width":320,"height":90,"caption":"Pol\u00edcia Militar da Para\u00edba"},"image":{"@id":"https:\/\/www.pm.pb.gov.br\/portal\/#\/schema\/logo\/image\/"}},{"@type":"Person","@id":"https:\/\/www.pm.pb.gov.br\/portal\/#\/schema\/person\/f84f56dcc78ce4357054da888b8247fd","name":"Tarcisio Oliveira","image":{"@type":"ImageObject","inLanguage":"pt-BR","@id":"https:\/\/www.pm.pb.gov.br\/portal\/#\/schema\/person\/image\/","url":"https:\/\/secure.gravatar.com\/avatar\/72917b630b69d31cd0297507f34bac97?s=96&d=mm&r=g","contentUrl":"https:\/\/secure.gravatar.com\/avatar\/72917b630b69d31cd0297507f34bac97?s=96&d=mm&r=g","caption":"Tarcisio Oliveira"},"url":"https:\/\/www.pm.pb.gov.br\/portal\/author\/tarcisio\/"}]}},"_links":{"self":[{"href":"https:\/\/www.pm.pb.gov.br\/portal\/wp-json\/wp\/v2\/posts\/900812"}],"collection":[{"href":"https:\/\/www.pm.pb.gov.br\/portal\/wp-json\/wp\/v2\/posts"}],"about":[{"href":"https:\/\/www.pm.pb.gov.br\/portal\/wp-json\/wp\/v2\/types\/post"}],"author":[{"embeddable":true,"href":"https:\/\/www.pm.pb.gov.br\/portal\/wp-json\/wp\/v2\/users\/12"}],"replies":[{"embeddable":true,"href":"https:\/\/www.pm.pb.gov.br\/portal\/wp-json\/wp\/v2\/comments?post=900812"}],"version-history":[{"count":1,"href":"https:\/\/www.pm.pb.gov.br\/portal\/wp-json\/wp\/v2\/posts\/900812\/revisions"}],"predecessor-version":[{"id":900813,"href":"https:\/\/www.pm.pb.gov.br\/portal\/wp-json\/wp\/v2\/posts\/900812\/revisions\/900813"}],"wp:featuredmedia":[{"embeddable":true,"href":"https:\/\/www.pm.pb.gov.br\/portal\/wp-json\/wp\/v2\/media\/898131"}],"wp:attachment":[{"href":"https:\/\/www.pm.pb.gov.br\/portal\/wp-json\/wp\/v2\/media?parent=900812"}],"wp:term":[{"taxonomy":"category","embeddable":true,"href":"https:\/\/www.pm.pb.gov.br\/portal\/wp-json\/wp\/v2\/categories?post=900812"},{"taxonomy":"post_tag","embeddable":true,"href":"https:\/\/www.pm.pb.gov.br\/portal\/wp-json\/wp\/v2\/tags?post=900812"}],"curies":[{"name":"wp","href":"https:\/\/api.w.org\/{rel}","templated":true}]}}