{"id":900707,"date":"2019-05-09T15:25:00","date_gmt":"2019-05-09T18:25:00","guid":{"rendered":"http:\/\/www.pm.pb.gov.br\/portal\/?p=900707"},"modified":"2019-05-09T15:25:01","modified_gmt":"2019-05-09T18:25:01","slug":"com-blitz-educativa-e-formatura-em-praca-publica-bptran-intensifica-as-acoes-do-maio-amarelo","status":"publish","type":"post","link":"https:\/\/www.pm.pb.gov.br\/portal\/2019\/05\/09\/com-blitz-educativa-e-formatura-em-praca-publica-bptran-intensifica-as-acoes-do-maio-amarelo\/","title":{"rendered":"Com blitz educativa e formatura em pra\u00e7a p\u00fablica, BPTran intensifica as a\u00e7\u00f5es do Maio Amarelo"},"content":{"rendered":"\n<p>O Batalh\u00e3o de Policiamento de Tr\u00e2nsito (BPTran) intensificou as a\u00e7\u00f5es do Maio Amarelo, movimento que tem o objetivo de chamar a aten\u00e7\u00e3o da sociedade para o alto \u00edndice de mortes e feridos no tr\u00e2nsito em todo o mundo, com um trabalho de conscientiza\u00e7\u00e3o da popula\u00e7\u00e3o.<\/p>\n\n\n\n<p>Uma formatura no Largo da Gameleira, na manh\u00e3 desta quinta-feira (09), na orla da Capital, lembrou a import\u00e2ncia da mobiliza\u00e7\u00e3o de todos para um tr\u00e2nsito mais seguro. O evento contou com a entrega do la\u00e7o que \u00e9 s\u00edmbolo do Maio Amarelo. Houve tamb\u00e9m uma homenagem ao cabo reformado Ant\u00f4nio Augusto da Silva, mais conhecido por \u2018Apito de Ouro\u2019, que faleceu no final do m\u00eas passado. Ele ficou conhecido pela maneira eficaz de coordenar o tr\u00e2nsito no centro de Jo\u00e3o Pessoa. A fam\u00edlia de \u201cApito de Ouro\u201d recebeu a medalha Paz no Tr\u00e2nsito.<\/p>\n\n\n\n<div class=\"wp-block-image\"><figure class=\"aligncenter is-resized\"><img loading=\"lazy\" decoding=\"async\" src=\"http:\/\/www.pm.pb.gov.br\/portal\/wp-content\/uploads\/2019\/05\/maioamarelo2-1.jpg\" alt=\"\" class=\"wp-image-900714\" width=\"509\" height=\"339\" srcset=\"https:\/\/www.pm.pb.gov.br\/portal\/wp-content\/uploads\/2019\/05\/maioamarelo2-1.jpg 800w, https:\/\/www.pm.pb.gov.br\/portal\/wp-content\/uploads\/2019\/05\/maioamarelo2-1-667x445.jpg 667w, https:\/\/www.pm.pb.gov.br\/portal\/wp-content\/uploads\/2019\/05\/maioamarelo2-1-768x513.jpg 768w, https:\/\/www.pm.pb.gov.br\/portal\/wp-content\/uploads\/2019\/05\/maioamarelo2-1-272x182.jpg 272w\" sizes=\"(max-width: 509px) 100vw, 509px\" \/><\/figure><\/div>\n\n\n\n<p>Ainda durante a manh\u00e3, foram realizadas blitzen educativas, com a entrega de panfletos que chamam a aten\u00e7\u00e3o para o uso dos equipamentos de seguran\u00e7a, respeito aos limites de velocidade, al\u00e9m de outros cuidados que previnem acidentes e tornam o tr\u00e2nsito mais seguro.<\/p>\n","protected":false},"excerpt":{"rendered":"<p>O Batalh\u00e3o de Policiamento de Tr\u00e2nsito (BPTran) intensificou as a\u00e7\u00f5es do Maio Amarelo, movimento que tem o objetivo de chamar<\/p>\n","protected":false},"author":12,"featured_media":900711,"comment_status":"closed","ping_status":"closed","sticky":false,"template":"","format":"standard","meta":{"_exactmetrics_skip_tracking":false,"_exactmetrics_sitenote_active":false,"_exactmetrics_sitenote_note":"","_exactmetrics_sitenote_category":0,"footnotes":""},"categories":[9,14],"tags":[],"yoast_head":"<!-- This site is optimized with the Yoast SEO plugin v22.0 - https:\/\/yoast.com\/wordpress\/plugins\/seo\/ -->\n<title>Com blitz educativa e formatura em pra\u00e7a p\u00fablica, BPTran intensifica as a\u00e7\u00f5es do Maio Amarelo - Pol\u00edcia Militar da Para\u00edba<\/title>\n<meta name=\"robots\" content=\"index, follow, max-snippet:-1, max-image-preview:large, max-video-preview:-1\" \/>\n<link rel=\"canonical\" href=\"https:\/\/www.pm.pb.gov.br\/portal\/2019\/05\/09\/com-blitz-educativa-e-formatura-em-praca-publica-bptran-intensifica-as-acoes-do-maio-amarelo\/\" \/>\n<meta property=\"og:locale\" content=\"pt_BR\" \/>\n<meta property=\"og:type\" content=\"article\" \/>\n<meta property=\"og:title\" content=\"Com blitz educativa e formatura em pra\u00e7a p\u00fablica, BPTran intensifica as a\u00e7\u00f5es do Maio Amarelo - Pol\u00edcia Militar da Para\u00edba\" \/>\n<meta property=\"og:description\" content=\"O Batalh\u00e3o de Policiamento de Tr\u00e2nsito (BPTran) intensificou as a\u00e7\u00f5es do Maio Amarelo, movimento que tem o objetivo de chamar\" \/>\n<meta property=\"og:url\" content=\"https:\/\/www.pm.pb.gov.br\/portal\/2019\/05\/09\/com-blitz-educativa-e-formatura-em-praca-publica-bptran-intensifica-as-acoes-do-maio-amarelo\/\" \/>\n<meta property=\"og:site_name\" content=\"Pol\u00edcia Militar da Para\u00edba\" \/>\n<meta property=\"article:published_time\" content=\"2019-05-09T18:25:00+00:00\" \/>\n<meta property=\"article:modified_time\" content=\"2019-05-09T18:25:01+00:00\" \/>\n<meta property=\"og:image\" content=\"https:\/\/www.pm.pb.gov.br\/portal\/wp-content\/uploads\/2019\/05\/maioamarelo1.jpg\" \/>\n\t<meta property=\"og:image:width\" content=\"800\" \/>\n\t<meta property=\"og:image:height\" content=\"445\" \/>\n\t<meta property=\"og:image:type\" content=\"image\/jpeg\" \/>\n<meta name=\"author\" content=\"Tarcisio Oliveira\" \/>\n<meta name=\"twitter:card\" content=\"summary_large_image\" \/>\n<meta name=\"twitter:label1\" content=\"Escrito por\" \/>\n\t<meta name=\"twitter:data1\" content=\"Tarcisio Oliveira\" \/>\n\t<meta name=\"twitter:label2\" content=\"Est. tempo de leitura\" \/>\n\t<meta name=\"twitter:data2\" content=\"1 minuto\" \/>\n<script type=\"application\/ld+json\" class=\"yoast-schema-graph\">{\"@context\":\"https:\/\/schema.org\",\"@graph\":[{\"@type\":\"Article\",\"@id\":\"https:\/\/www.pm.pb.gov.br\/portal\/2019\/05\/09\/com-blitz-educativa-e-formatura-em-praca-publica-bptran-intensifica-as-acoes-do-maio-amarelo\/#article\",\"isPartOf\":{\"@id\":\"https:\/\/www.pm.pb.gov.br\/portal\/2019\/05\/09\/com-blitz-educativa-e-formatura-em-praca-publica-bptran-intensifica-as-acoes-do-maio-amarelo\/\"},\"author\":{\"name\":\"Tarcisio Oliveira\",\"@id\":\"https:\/\/www.pm.pb.gov.br\/portal\/#\/schema\/person\/f84f56dcc78ce4357054da888b8247fd\"},\"headline\":\"Com blitz educativa e formatura em pra\u00e7a p\u00fablica, BPTran intensifica as a\u00e7\u00f5es do Maio Amarelo\",\"datePublished\":\"2019-05-09T18:25:00+00:00\",\"dateModified\":\"2019-05-09T18:25:01+00:00\",\"mainEntityOfPage\":{\"@id\":\"https:\/\/www.pm.pb.gov.br\/portal\/2019\/05\/09\/com-blitz-educativa-e-formatura-em-praca-publica-bptran-intensifica-as-acoes-do-maio-amarelo\/\"},\"wordCount\":218,\"publisher\":{\"@id\":\"https:\/\/www.pm.pb.gov.br\/portal\/#organization\"},\"articleSection\":[\"Eventos\",\"Preven\u00e7\u00e3o\"],\"inLanguage\":\"pt-BR\"},{\"@type\":\"WebPage\",\"@id\":\"https:\/\/www.pm.pb.gov.br\/portal\/2019\/05\/09\/com-blitz-educativa-e-formatura-em-praca-publica-bptran-intensifica-as-acoes-do-maio-amarelo\/\",\"url\":\"https:\/\/www.pm.pb.gov.br\/portal\/2019\/05\/09\/com-blitz-educativa-e-formatura-em-praca-publica-bptran-intensifica-as-acoes-do-maio-amarelo\/\",\"name\":\"Com blitz educativa e formatura em pra\u00e7a p\u00fablica, BPTran intensifica as a\u00e7\u00f5es do Maio Amarelo - Pol\u00edcia Militar da Para\u00edba\",\"isPartOf\":{\"@id\":\"https:\/\/www.pm.pb.gov.br\/portal\/#website\"},\"datePublished\":\"2019-05-09T18:25:00+00:00\",\"dateModified\":\"2019-05-09T18:25:01+00:00\",\"breadcrumb\":{\"@id\":\"https:\/\/www.pm.pb.gov.br\/portal\/2019\/05\/09\/com-blitz-educativa-e-formatura-em-praca-publica-bptran-intensifica-as-acoes-do-maio-amarelo\/#breadcrumb\"},\"inLanguage\":\"pt-BR\",\"potentialAction\":[{\"@type\":\"ReadAction\",\"target\":[\"https:\/\/www.pm.pb.gov.br\/portal\/2019\/05\/09\/com-blitz-educativa-e-formatura-em-praca-publica-bptran-intensifica-as-acoes-do-maio-amarelo\/\"]}]},{\"@type\":\"BreadcrumbList\",\"@id\":\"https:\/\/www.pm.pb.gov.br\/portal\/2019\/05\/09\/com-blitz-educativa-e-formatura-em-praca-publica-bptran-intensifica-as-acoes-do-maio-amarelo\/#breadcrumb\",\"itemListElement\":[{\"@type\":\"ListItem\",\"position\":1,\"name\":\"In\u00edcio\",\"item\":\"https:\/\/www.pm.pb.gov.br\/portal\/\"},{\"@type\":\"ListItem\",\"position\":2,\"name\":\"Com blitz educativa e formatura em pra\u00e7a p\u00fablica, BPTran intensifica as a\u00e7\u00f5es do Maio Amarelo\"}]},{\"@type\":\"WebSite\",\"@id\":\"https:\/\/www.pm.pb.gov.br\/portal\/#website\",\"url\":\"https:\/\/www.pm.pb.gov.br\/portal\/\",\"name\":\"Pol\u00edcia Militar da Para\u00edba\",\"description\":\"\",\"publisher\":{\"@id\":\"https:\/\/www.pm.pb.gov.br\/portal\/#organization\"},\"potentialAction\":[{\"@type\":\"SearchAction\",\"target\":{\"@type\":\"EntryPoint\",\"urlTemplate\":\"https:\/\/www.pm.pb.gov.br\/portal\/?s={search_term_string}\"},\"query-input\":\"required name=search_term_string\"}],\"inLanguage\":\"pt-BR\"},{\"@type\":\"Organization\",\"@id\":\"https:\/\/www.pm.pb.gov.br\/portal\/#organization\",\"name\":\"Pol\u00edcia Militar da Para\u00edba\",\"url\":\"https:\/\/www.pm.pb.gov.br\/portal\/\",\"logo\":{\"@type\":\"ImageObject\",\"inLanguage\":\"pt-BR\",\"@id\":\"https:\/\/www.pm.pb.gov.br\/portal\/#\/schema\/logo\/image\/\",\"url\":\"https:\/\/www.pm.pb.gov.br\/portal\/wp-content\/uploads\/2025\/03\/cropped-logo-site-mag2-1.png\",\"contentUrl\":\"https:\/\/www.pm.pb.gov.br\/portal\/wp-content\/uploads\/2025\/03\/cropped-logo-site-mag2-1.png\",\"width\":320,\"height\":90,\"caption\":\"Pol\u00edcia Militar da Para\u00edba\"},\"image\":{\"@id\":\"https:\/\/www.pm.pb.gov.br\/portal\/#\/schema\/logo\/image\/\"}},{\"@type\":\"Person\",\"@id\":\"https:\/\/www.pm.pb.gov.br\/portal\/#\/schema\/person\/f84f56dcc78ce4357054da888b8247fd\",\"name\":\"Tarcisio Oliveira\",\"image\":{\"@type\":\"ImageObject\",\"inLanguage\":\"pt-BR\",\"@id\":\"https:\/\/www.pm.pb.gov.br\/portal\/#\/schema\/person\/image\/\",\"url\":\"https:\/\/secure.gravatar.com\/avatar\/72917b630b69d31cd0297507f34bac97?s=96&d=mm&r=g\",\"contentUrl\":\"https:\/\/secure.gravatar.com\/avatar\/72917b630b69d31cd0297507f34bac97?s=96&d=mm&r=g\",\"caption\":\"Tarcisio Oliveira\"},\"url\":\"https:\/\/www.pm.pb.gov.br\/portal\/author\/tarcisio\/\"}]}<\/script>\n<!-- \/ Yoast SEO plugin. -->","yoast_head_json":{"title":"Com blitz educativa e formatura em pra\u00e7a p\u00fablica, BPTran intensifica as a\u00e7\u00f5es do Maio Amarelo - Pol\u00edcia Militar da Para\u00edba","robots":{"index":"index","follow":"follow","max-snippet":"max-snippet:-1","max-image-preview":"max-image-preview:large","max-video-preview":"max-video-preview:-1"},"canonical":"https:\/\/www.pm.pb.gov.br\/portal\/2019\/05\/09\/com-blitz-educativa-e-formatura-em-praca-publica-bptran-intensifica-as-acoes-do-maio-amarelo\/","og_locale":"pt_BR","og_type":"article","og_title":"Com blitz educativa e formatura em pra\u00e7a p\u00fablica, BPTran intensifica as a\u00e7\u00f5es do Maio Amarelo - Pol\u00edcia Militar da Para\u00edba","og_description":"O Batalh\u00e3o de Policiamento de Tr\u00e2nsito (BPTran) intensificou as a\u00e7\u00f5es do Maio Amarelo, movimento que tem o objetivo de chamar","og_url":"https:\/\/www.pm.pb.gov.br\/portal\/2019\/05\/09\/com-blitz-educativa-e-formatura-em-praca-publica-bptran-intensifica-as-acoes-do-maio-amarelo\/","og_site_name":"Pol\u00edcia Militar da Para\u00edba","article_published_time":"2019-05-09T18:25:00+00:00","article_modified_time":"2019-05-09T18:25:01+00:00","og_image":[{"width":800,"height":445,"url":"https:\/\/www.pm.pb.gov.br\/portal\/wp-content\/uploads\/2019\/05\/maioamarelo1.jpg","type":"image\/jpeg"}],"author":"Tarcisio Oliveira","twitter_card":"summary_large_image","twitter_misc":{"Escrito por":"Tarcisio Oliveira","Est. tempo de leitura":"1 minuto"},"schema":{"@context":"https:\/\/schema.org","@graph":[{"@type":"Article","@id":"https:\/\/www.pm.pb.gov.br\/portal\/2019\/05\/09\/com-blitz-educativa-e-formatura-em-praca-publica-bptran-intensifica-as-acoes-do-maio-amarelo\/#article","isPartOf":{"@id":"https:\/\/www.pm.pb.gov.br\/portal\/2019\/05\/09\/com-blitz-educativa-e-formatura-em-praca-publica-bptran-intensifica-as-acoes-do-maio-amarelo\/"},"author":{"name":"Tarcisio Oliveira","@id":"https:\/\/www.pm.pb.gov.br\/portal\/#\/schema\/person\/f84f56dcc78ce4357054da888b8247fd"},"headline":"Com blitz educativa e formatura em pra\u00e7a p\u00fablica, BPTran intensifica as a\u00e7\u00f5es do Maio Amarelo","datePublished":"2019-05-09T18:25:00+00:00","dateModified":"2019-05-09T18:25:01+00:00","mainEntityOfPage":{"@id":"https:\/\/www.pm.pb.gov.br\/portal\/2019\/05\/09\/com-blitz-educativa-e-formatura-em-praca-publica-bptran-intensifica-as-acoes-do-maio-amarelo\/"},"wordCount":218,"publisher":{"@id":"https:\/\/www.pm.pb.gov.br\/portal\/#organization"},"articleSection":["Eventos","Preven\u00e7\u00e3o"],"inLanguage":"pt-BR"},{"@type":"WebPage","@id":"https:\/\/www.pm.pb.gov.br\/portal\/2019\/05\/09\/com-blitz-educativa-e-formatura-em-praca-publica-bptran-intensifica-as-acoes-do-maio-amarelo\/","url":"https:\/\/www.pm.pb.gov.br\/portal\/2019\/05\/09\/com-blitz-educativa-e-formatura-em-praca-publica-bptran-intensifica-as-acoes-do-maio-amarelo\/","name":"Com blitz educativa e formatura em pra\u00e7a p\u00fablica, BPTran intensifica as a\u00e7\u00f5es do Maio Amarelo - Pol\u00edcia Militar da Para\u00edba","isPartOf":{"@id":"https:\/\/www.pm.pb.gov.br\/portal\/#website"},"datePublished":"2019-05-09T18:25:00+00:00","dateModified":"2019-05-09T18:25:01+00:00","breadcrumb":{"@id":"https:\/\/www.pm.pb.gov.br\/portal\/2019\/05\/09\/com-blitz-educativa-e-formatura-em-praca-publica-bptran-intensifica-as-acoes-do-maio-amarelo\/#breadcrumb"},"inLanguage":"pt-BR","potentialAction":[{"@type":"ReadAction","target":["https:\/\/www.pm.pb.gov.br\/portal\/2019\/05\/09\/com-blitz-educativa-e-formatura-em-praca-publica-bptran-intensifica-as-acoes-do-maio-amarelo\/"]}]},{"@type":"BreadcrumbList","@id":"https:\/\/www.pm.pb.gov.br\/portal\/2019\/05\/09\/com-blitz-educativa-e-formatura-em-praca-publica-bptran-intensifica-as-acoes-do-maio-amarelo\/#breadcrumb","itemListElement":[{"@type":"ListItem","position":1,"name":"In\u00edcio","item":"https:\/\/www.pm.pb.gov.br\/portal\/"},{"@type":"ListItem","position":2,"name":"Com blitz educativa e formatura em pra\u00e7a p\u00fablica, BPTran intensifica as a\u00e7\u00f5es do Maio Amarelo"}]},{"@type":"WebSite","@id":"https:\/\/www.pm.pb.gov.br\/portal\/#website","url":"https:\/\/www.pm.pb.gov.br\/portal\/","name":"Pol\u00edcia Militar da Para\u00edba","description":"","publisher":{"@id":"https:\/\/www.pm.pb.gov.br\/portal\/#organization"},"potentialAction":[{"@type":"SearchAction","target":{"@type":"EntryPoint","urlTemplate":"https:\/\/www.pm.pb.gov.br\/portal\/?s={search_term_string}"},"query-input":"required name=search_term_string"}],"inLanguage":"pt-BR"},{"@type":"Organization","@id":"https:\/\/www.pm.pb.gov.br\/portal\/#organization","name":"Pol\u00edcia Militar da Para\u00edba","url":"https:\/\/www.pm.pb.gov.br\/portal\/","logo":{"@type":"ImageObject","inLanguage":"pt-BR","@id":"https:\/\/www.pm.pb.gov.br\/portal\/#\/schema\/logo\/image\/","url":"https:\/\/www.pm.pb.gov.br\/portal\/wp-content\/uploads\/2025\/03\/cropped-logo-site-mag2-1.png","contentUrl":"https:\/\/www.pm.pb.gov.br\/portal\/wp-content\/uploads\/2025\/03\/cropped-logo-site-mag2-1.png","width":320,"height":90,"caption":"Pol\u00edcia Militar da Para\u00edba"},"image":{"@id":"https:\/\/www.pm.pb.gov.br\/portal\/#\/schema\/logo\/image\/"}},{"@type":"Person","@id":"https:\/\/www.pm.pb.gov.br\/portal\/#\/schema\/person\/f84f56dcc78ce4357054da888b8247fd","name":"Tarcisio Oliveira","image":{"@type":"ImageObject","inLanguage":"pt-BR","@id":"https:\/\/www.pm.pb.gov.br\/portal\/#\/schema\/person\/image\/","url":"https:\/\/secure.gravatar.com\/avatar\/72917b630b69d31cd0297507f34bac97?s=96&d=mm&r=g","contentUrl":"https:\/\/secure.gravatar.com\/avatar\/72917b630b69d31cd0297507f34bac97?s=96&d=mm&r=g","caption":"Tarcisio Oliveira"},"url":"https:\/\/www.pm.pb.gov.br\/portal\/author\/tarcisio\/"}]}},"_links":{"self":[{"href":"https:\/\/www.pm.pb.gov.br\/portal\/wp-json\/wp\/v2\/posts\/900707"}],"collection":[{"href":"https:\/\/www.pm.pb.gov.br\/portal\/wp-json\/wp\/v2\/posts"}],"about":[{"href":"https:\/\/www.pm.pb.gov.br\/portal\/wp-json\/wp\/v2\/types\/post"}],"author":[{"embeddable":true,"href":"https:\/\/www.pm.pb.gov.br\/portal\/wp-json\/wp\/v2\/users\/12"}],"replies":[{"embeddable":true,"href":"https:\/\/www.pm.pb.gov.br\/portal\/wp-json\/wp\/v2\/comments?post=900707"}],"version-history":[{"count":3,"href":"https:\/\/www.pm.pb.gov.br\/portal\/wp-json\/wp\/v2\/posts\/900707\/revisions"}],"predecessor-version":[{"id":900715,"href":"https:\/\/www.pm.pb.gov.br\/portal\/wp-json\/wp\/v2\/posts\/900707\/revisions\/900715"}],"wp:featuredmedia":[{"embeddable":true,"href":"https:\/\/www.pm.pb.gov.br\/portal\/wp-json\/wp\/v2\/media\/900711"}],"wp:attachment":[{"href":"https:\/\/www.pm.pb.gov.br\/portal\/wp-json\/wp\/v2\/media?parent=900707"}],"wp:term":[{"taxonomy":"category","embeddable":true,"href":"https:\/\/www.pm.pb.gov.br\/portal\/wp-json\/wp\/v2\/categories?post=900707"},{"taxonomy":"post_tag","embeddable":true,"href":"https:\/\/www.pm.pb.gov.br\/portal\/wp-json\/wp\/v2\/tags?post=900707"}],"curies":[{"name":"wp","href":"https:\/\/api.w.org\/{rel}","templated":true}]}}