{"id":900692,"date":"2019-05-08T10:41:25","date_gmt":"2019-05-08T13:41:25","guid":{"rendered":"http:\/\/www.pm.pb.gov.br\/portal\/?p=900692"},"modified":"2019-05-08T10:48:21","modified_gmt":"2019-05-08T13:48:21","slug":"acoes-policiais-na-terca-feira-apreendem-armas-de-fogo-em-duas-comunidades-de-joao-pessoa","status":"publish","type":"post","link":"https:\/\/www.pm.pb.gov.br\/portal\/2019\/05\/08\/acoes-policiais-na-terca-feira-apreendem-armas-de-fogo-em-duas-comunidades-de-joao-pessoa\/","title":{"rendered":"A\u00e7\u00f5es policiais na ter\u00e7a-feira apreendem armas de fogo em duas comunidades de Jo\u00e3o Pessoa"},"content":{"rendered":"<p>Mais tr\u00eas armas de fogo foram apreendidas em Jo\u00e3o Pessoa. A a\u00e7\u00e3o foi resultado dos trabalhos realizados pela Pol\u00edcia Militar, nessa ter\u00e7a-feira (7), em duas comunidades. As apreens\u00f5es na Capital foram resultado do trabalho da For\u00e7a Regional, que intensificou a presen\u00e7a policial em v\u00e1rios pontos da cidade.<\/p>\n<p>A \u00faltima delas foi por volta das 23h, na comunidade Bela Vista, no bairro do Cristo, onde foram apreendidos dois rev\u00f3lveres e seis muni\u00e7\u00f5es, que tinham sido escondidos por bandidos, perto de um barraco que ficava em um matagal. Os policiais chegaram ao local atrav\u00e9s de den\u00fancias. Os suspeitos seguem procurados.<\/p>\n<p>Durante o dia, foi apreendida uma pistola e cinco muni\u00e7\u00f5es na comunidade da Gauchinha, no Costa e Silva. A arma estava na cintura de um suspeito de 18 anos, que tentou fugir ao ser surpreendido pelos policiais fazendo incurs\u00e3o na localidade. O jovem j\u00e1 tinha passagem pela pol\u00edcia e a arma encontrada com ele tinha registro de roubo.<\/p>\n<p>O comandante da For\u00e7a Regional, major Giuseppe Bruno, disse que as a\u00e7\u00f5es continuar\u00e3o intensificadas. \u201cA For\u00e7a Regional, s\u00f3 neste ano, retirou 53 armas de fogo de circula\u00e7\u00e3o e prendeu mais de 100 suspeitos de diversos crimes, trabalho que ser\u00e1 intensificado nos pr\u00f3ximos dias, o que deve resultar em mais pris\u00f5es e apreens\u00f5es de armas\u201d, destacou.<\/p>\n<p>As armas apreendidas nessa ter\u00e7a-feira foram levadas para a Central de Flagrantes, no Geisel.<\/p>\n<p>Em Campina Grande \u2013 A Ronda Ostensiva T\u00e1tica com Apoio de Motocicletas (Rotam) do 10\u00ba Batalh\u00e3o prendeu um suspeito de 20 anos com uma espingarda, no bairro das Na\u00e7\u00f5es. Ele foi abordado quando passava em uma moto e arma foi encontrada na mochila.<\/p>\n","protected":false},"excerpt":{"rendered":"<p>Mais tr\u00eas armas de fogo foram apreendidas em Jo\u00e3o Pessoa. A a\u00e7\u00e3o foi resultado dos trabalhos realizados pela Pol\u00edcia Militar,<\/p>\n","protected":false},"author":10,"featured_media":900697,"comment_status":"closed","ping_status":"closed","sticky":false,"template":"","format":"standard","meta":{"_exactmetrics_skip_tracking":false,"_exactmetrics_sitenote_active":false,"_exactmetrics_sitenote_note":"","_exactmetrics_sitenote_category":0,"footnotes":""},"categories":[4],"tags":[],"yoast_head":"<!-- This site is optimized with the Yoast SEO plugin v22.0 - https:\/\/yoast.com\/wordpress\/plugins\/seo\/ -->\n<title>A\u00e7\u00f5es policiais na ter\u00e7a-feira apreendem armas de fogo em duas comunidades de Jo\u00e3o Pessoa - Pol\u00edcia Militar da Para\u00edba<\/title>\n<meta name=\"robots\" content=\"index, follow, max-snippet:-1, max-image-preview:large, max-video-preview:-1\" \/>\n<link rel=\"canonical\" href=\"https:\/\/www.pm.pb.gov.br\/portal\/2019\/05\/08\/acoes-policiais-na-terca-feira-apreendem-armas-de-fogo-em-duas-comunidades-de-joao-pessoa\/\" \/>\n<meta property=\"og:locale\" content=\"pt_BR\" \/>\n<meta property=\"og:type\" content=\"article\" \/>\n<meta property=\"og:title\" content=\"A\u00e7\u00f5es policiais na ter\u00e7a-feira apreendem armas de fogo em duas comunidades de Jo\u00e3o Pessoa - Pol\u00edcia Militar da Para\u00edba\" \/>\n<meta property=\"og:description\" content=\"Mais tr\u00eas armas de fogo foram apreendidas em Jo\u00e3o Pessoa. A a\u00e7\u00e3o foi resultado dos trabalhos realizados pela Pol\u00edcia Militar,\" \/>\n<meta property=\"og:url\" content=\"https:\/\/www.pm.pb.gov.br\/portal\/2019\/05\/08\/acoes-policiais-na-terca-feira-apreendem-armas-de-fogo-em-duas-comunidades-de-joao-pessoa\/\" \/>\n<meta property=\"og:site_name\" content=\"Pol\u00edcia Militar da Para\u00edba\" \/>\n<meta property=\"article:published_time\" content=\"2019-05-08T13:41:25+00:00\" \/>\n<meta property=\"article:modified_time\" content=\"2019-05-08T13:48:21+00:00\" \/>\n<meta property=\"og:image\" content=\"https:\/\/www.pm.pb.gov.br\/portal\/wp-content\/uploads\/2019\/05\/imagem.jpg\" \/>\n\t<meta property=\"og:image:width\" content=\"1210\" \/>\n\t<meta property=\"og:image:height\" content=\"674\" \/>\n\t<meta property=\"og:image:type\" content=\"image\/jpeg\" \/>\n<meta name=\"author\" content=\"WAGNER HENRIQUE VARELA DA SILVA\" \/>\n<meta name=\"twitter:card\" content=\"summary_large_image\" \/>\n<meta name=\"twitter:label1\" content=\"Escrito por\" \/>\n\t<meta name=\"twitter:data1\" content=\"WAGNER HENRIQUE VARELA DA SILVA\" \/>\n\t<meta name=\"twitter:label2\" content=\"Est. tempo de leitura\" \/>\n\t<meta name=\"twitter:data2\" content=\"1 minuto\" \/>\n<script type=\"application\/ld+json\" class=\"yoast-schema-graph\">{\"@context\":\"https:\/\/schema.org\",\"@graph\":[{\"@type\":\"Article\",\"@id\":\"https:\/\/www.pm.pb.gov.br\/portal\/2019\/05\/08\/acoes-policiais-na-terca-feira-apreendem-armas-de-fogo-em-duas-comunidades-de-joao-pessoa\/#article\",\"isPartOf\":{\"@id\":\"https:\/\/www.pm.pb.gov.br\/portal\/2019\/05\/08\/acoes-policiais-na-terca-feira-apreendem-armas-de-fogo-em-duas-comunidades-de-joao-pessoa\/\"},\"author\":{\"name\":\"WAGNER HENRIQUE VARELA DA SILVA\",\"@id\":\"https:\/\/www.pm.pb.gov.br\/portal\/#\/schema\/person\/b169b297b8494dea236e315ed1a201d1\"},\"headline\":\"A\u00e7\u00f5es policiais na ter\u00e7a-feira apreendem armas de fogo em duas comunidades de Jo\u00e3o Pessoa\",\"datePublished\":\"2019-05-08T13:41:25+00:00\",\"dateModified\":\"2019-05-08T13:48:21+00:00\",\"mainEntityOfPage\":{\"@id\":\"https:\/\/www.pm.pb.gov.br\/portal\/2019\/05\/08\/acoes-policiais-na-terca-feira-apreendem-armas-de-fogo-em-duas-comunidades-de-joao-pessoa\/\"},\"wordCount\":306,\"publisher\":{\"@id\":\"https:\/\/www.pm.pb.gov.br\/portal\/#organization\"},\"articleSection\":[\"A\u00e7\u00f5es Policiais\"],\"inLanguage\":\"pt-BR\"},{\"@type\":\"WebPage\",\"@id\":\"https:\/\/www.pm.pb.gov.br\/portal\/2019\/05\/08\/acoes-policiais-na-terca-feira-apreendem-armas-de-fogo-em-duas-comunidades-de-joao-pessoa\/\",\"url\":\"https:\/\/www.pm.pb.gov.br\/portal\/2019\/05\/08\/acoes-policiais-na-terca-feira-apreendem-armas-de-fogo-em-duas-comunidades-de-joao-pessoa\/\",\"name\":\"A\u00e7\u00f5es policiais na ter\u00e7a-feira apreendem armas de fogo em duas comunidades de Jo\u00e3o Pessoa - Pol\u00edcia Militar da Para\u00edba\",\"isPartOf\":{\"@id\":\"https:\/\/www.pm.pb.gov.br\/portal\/#website\"},\"datePublished\":\"2019-05-08T13:41:25+00:00\",\"dateModified\":\"2019-05-08T13:48:21+00:00\",\"breadcrumb\":{\"@id\":\"https:\/\/www.pm.pb.gov.br\/portal\/2019\/05\/08\/acoes-policiais-na-terca-feira-apreendem-armas-de-fogo-em-duas-comunidades-de-joao-pessoa\/#breadcrumb\"},\"inLanguage\":\"pt-BR\",\"potentialAction\":[{\"@type\":\"ReadAction\",\"target\":[\"https:\/\/www.pm.pb.gov.br\/portal\/2019\/05\/08\/acoes-policiais-na-terca-feira-apreendem-armas-de-fogo-em-duas-comunidades-de-joao-pessoa\/\"]}]},{\"@type\":\"BreadcrumbList\",\"@id\":\"https:\/\/www.pm.pb.gov.br\/portal\/2019\/05\/08\/acoes-policiais-na-terca-feira-apreendem-armas-de-fogo-em-duas-comunidades-de-joao-pessoa\/#breadcrumb\",\"itemListElement\":[{\"@type\":\"ListItem\",\"position\":1,\"name\":\"In\u00edcio\",\"item\":\"https:\/\/www.pm.pb.gov.br\/portal\/\"},{\"@type\":\"ListItem\",\"position\":2,\"name\":\"A\u00e7\u00f5es policiais na ter\u00e7a-feira apreendem armas de fogo em duas comunidades de Jo\u00e3o Pessoa\"}]},{\"@type\":\"WebSite\",\"@id\":\"https:\/\/www.pm.pb.gov.br\/portal\/#website\",\"url\":\"https:\/\/www.pm.pb.gov.br\/portal\/\",\"name\":\"Pol\u00edcia Militar da Para\u00edba\",\"description\":\"\",\"publisher\":{\"@id\":\"https:\/\/www.pm.pb.gov.br\/portal\/#organization\"},\"potentialAction\":[{\"@type\":\"SearchAction\",\"target\":{\"@type\":\"EntryPoint\",\"urlTemplate\":\"https:\/\/www.pm.pb.gov.br\/portal\/?s={search_term_string}\"},\"query-input\":\"required name=search_term_string\"}],\"inLanguage\":\"pt-BR\"},{\"@type\":\"Organization\",\"@id\":\"https:\/\/www.pm.pb.gov.br\/portal\/#organization\",\"name\":\"Pol\u00edcia Militar da Para\u00edba\",\"url\":\"https:\/\/www.pm.pb.gov.br\/portal\/\",\"logo\":{\"@type\":\"ImageObject\",\"inLanguage\":\"pt-BR\",\"@id\":\"https:\/\/www.pm.pb.gov.br\/portal\/#\/schema\/logo\/image\/\",\"url\":\"https:\/\/www.pm.pb.gov.br\/portal\/wp-content\/uploads\/2025\/03\/cropped-logo-site-mag2-1.png\",\"contentUrl\":\"https:\/\/www.pm.pb.gov.br\/portal\/wp-content\/uploads\/2025\/03\/cropped-logo-site-mag2-1.png\",\"width\":320,\"height\":90,\"caption\":\"Pol\u00edcia Militar da Para\u00edba\"},\"image\":{\"@id\":\"https:\/\/www.pm.pb.gov.br\/portal\/#\/schema\/logo\/image\/\"}},{\"@type\":\"Person\",\"@id\":\"https:\/\/www.pm.pb.gov.br\/portal\/#\/schema\/person\/b169b297b8494dea236e315ed1a201d1\",\"name\":\"WAGNER HENRIQUE VARELA DA SILVA\",\"image\":{\"@type\":\"ImageObject\",\"inLanguage\":\"pt-BR\",\"@id\":\"https:\/\/www.pm.pb.gov.br\/portal\/#\/schema\/person\/image\/\",\"url\":\"https:\/\/secure.gravatar.com\/avatar\/e08af53176a66730df5c0706c6c31fd6?s=96&d=mm&r=g\",\"contentUrl\":\"https:\/\/secure.gravatar.com\/avatar\/e08af53176a66730df5c0706c6c31fd6?s=96&d=mm&r=g\",\"caption\":\"WAGNER HENRIQUE VARELA DA SILVA\"},\"url\":\"https:\/\/www.pm.pb.gov.br\/portal\/author\/varela\/\"}]}<\/script>\n<!-- \/ Yoast SEO plugin. -->","yoast_head_json":{"title":"A\u00e7\u00f5es policiais na ter\u00e7a-feira apreendem armas de fogo em duas comunidades de Jo\u00e3o Pessoa - Pol\u00edcia Militar da Para\u00edba","robots":{"index":"index","follow":"follow","max-snippet":"max-snippet:-1","max-image-preview":"max-image-preview:large","max-video-preview":"max-video-preview:-1"},"canonical":"https:\/\/www.pm.pb.gov.br\/portal\/2019\/05\/08\/acoes-policiais-na-terca-feira-apreendem-armas-de-fogo-em-duas-comunidades-de-joao-pessoa\/","og_locale":"pt_BR","og_type":"article","og_title":"A\u00e7\u00f5es policiais na ter\u00e7a-feira apreendem armas de fogo em duas comunidades de Jo\u00e3o Pessoa - Pol\u00edcia Militar da Para\u00edba","og_description":"Mais tr\u00eas armas de fogo foram apreendidas em Jo\u00e3o Pessoa. A a\u00e7\u00e3o foi resultado dos trabalhos realizados pela Pol\u00edcia Militar,","og_url":"https:\/\/www.pm.pb.gov.br\/portal\/2019\/05\/08\/acoes-policiais-na-terca-feira-apreendem-armas-de-fogo-em-duas-comunidades-de-joao-pessoa\/","og_site_name":"Pol\u00edcia Militar da Para\u00edba","article_published_time":"2019-05-08T13:41:25+00:00","article_modified_time":"2019-05-08T13:48:21+00:00","og_image":[{"width":1210,"height":674,"url":"https:\/\/www.pm.pb.gov.br\/portal\/wp-content\/uploads\/2019\/05\/imagem.jpg","type":"image\/jpeg"}],"author":"WAGNER HENRIQUE VARELA DA SILVA","twitter_card":"summary_large_image","twitter_misc":{"Escrito por":"WAGNER HENRIQUE VARELA DA SILVA","Est. tempo de leitura":"1 minuto"},"schema":{"@context":"https:\/\/schema.org","@graph":[{"@type":"Article","@id":"https:\/\/www.pm.pb.gov.br\/portal\/2019\/05\/08\/acoes-policiais-na-terca-feira-apreendem-armas-de-fogo-em-duas-comunidades-de-joao-pessoa\/#article","isPartOf":{"@id":"https:\/\/www.pm.pb.gov.br\/portal\/2019\/05\/08\/acoes-policiais-na-terca-feira-apreendem-armas-de-fogo-em-duas-comunidades-de-joao-pessoa\/"},"author":{"name":"WAGNER HENRIQUE VARELA DA SILVA","@id":"https:\/\/www.pm.pb.gov.br\/portal\/#\/schema\/person\/b169b297b8494dea236e315ed1a201d1"},"headline":"A\u00e7\u00f5es policiais na ter\u00e7a-feira apreendem armas de fogo em duas comunidades de Jo\u00e3o Pessoa","datePublished":"2019-05-08T13:41:25+00:00","dateModified":"2019-05-08T13:48:21+00:00","mainEntityOfPage":{"@id":"https:\/\/www.pm.pb.gov.br\/portal\/2019\/05\/08\/acoes-policiais-na-terca-feira-apreendem-armas-de-fogo-em-duas-comunidades-de-joao-pessoa\/"},"wordCount":306,"publisher":{"@id":"https:\/\/www.pm.pb.gov.br\/portal\/#organization"},"articleSection":["A\u00e7\u00f5es Policiais"],"inLanguage":"pt-BR"},{"@type":"WebPage","@id":"https:\/\/www.pm.pb.gov.br\/portal\/2019\/05\/08\/acoes-policiais-na-terca-feira-apreendem-armas-de-fogo-em-duas-comunidades-de-joao-pessoa\/","url":"https:\/\/www.pm.pb.gov.br\/portal\/2019\/05\/08\/acoes-policiais-na-terca-feira-apreendem-armas-de-fogo-em-duas-comunidades-de-joao-pessoa\/","name":"A\u00e7\u00f5es policiais na ter\u00e7a-feira apreendem armas de fogo em duas comunidades de Jo\u00e3o Pessoa - Pol\u00edcia Militar da Para\u00edba","isPartOf":{"@id":"https:\/\/www.pm.pb.gov.br\/portal\/#website"},"datePublished":"2019-05-08T13:41:25+00:00","dateModified":"2019-05-08T13:48:21+00:00","breadcrumb":{"@id":"https:\/\/www.pm.pb.gov.br\/portal\/2019\/05\/08\/acoes-policiais-na-terca-feira-apreendem-armas-de-fogo-em-duas-comunidades-de-joao-pessoa\/#breadcrumb"},"inLanguage":"pt-BR","potentialAction":[{"@type":"ReadAction","target":["https:\/\/www.pm.pb.gov.br\/portal\/2019\/05\/08\/acoes-policiais-na-terca-feira-apreendem-armas-de-fogo-em-duas-comunidades-de-joao-pessoa\/"]}]},{"@type":"BreadcrumbList","@id":"https:\/\/www.pm.pb.gov.br\/portal\/2019\/05\/08\/acoes-policiais-na-terca-feira-apreendem-armas-de-fogo-em-duas-comunidades-de-joao-pessoa\/#breadcrumb","itemListElement":[{"@type":"ListItem","position":1,"name":"In\u00edcio","item":"https:\/\/www.pm.pb.gov.br\/portal\/"},{"@type":"ListItem","position":2,"name":"A\u00e7\u00f5es policiais na ter\u00e7a-feira apreendem armas de fogo em duas comunidades de Jo\u00e3o Pessoa"}]},{"@type":"WebSite","@id":"https:\/\/www.pm.pb.gov.br\/portal\/#website","url":"https:\/\/www.pm.pb.gov.br\/portal\/","name":"Pol\u00edcia Militar da Para\u00edba","description":"","publisher":{"@id":"https:\/\/www.pm.pb.gov.br\/portal\/#organization"},"potentialAction":[{"@type":"SearchAction","target":{"@type":"EntryPoint","urlTemplate":"https:\/\/www.pm.pb.gov.br\/portal\/?s={search_term_string}"},"query-input":"required name=search_term_string"}],"inLanguage":"pt-BR"},{"@type":"Organization","@id":"https:\/\/www.pm.pb.gov.br\/portal\/#organization","name":"Pol\u00edcia Militar da Para\u00edba","url":"https:\/\/www.pm.pb.gov.br\/portal\/","logo":{"@type":"ImageObject","inLanguage":"pt-BR","@id":"https:\/\/www.pm.pb.gov.br\/portal\/#\/schema\/logo\/image\/","url":"https:\/\/www.pm.pb.gov.br\/portal\/wp-content\/uploads\/2025\/03\/cropped-logo-site-mag2-1.png","contentUrl":"https:\/\/www.pm.pb.gov.br\/portal\/wp-content\/uploads\/2025\/03\/cropped-logo-site-mag2-1.png","width":320,"height":90,"caption":"Pol\u00edcia Militar da Para\u00edba"},"image":{"@id":"https:\/\/www.pm.pb.gov.br\/portal\/#\/schema\/logo\/image\/"}},{"@type":"Person","@id":"https:\/\/www.pm.pb.gov.br\/portal\/#\/schema\/person\/b169b297b8494dea236e315ed1a201d1","name":"WAGNER HENRIQUE VARELA DA SILVA","image":{"@type":"ImageObject","inLanguage":"pt-BR","@id":"https:\/\/www.pm.pb.gov.br\/portal\/#\/schema\/person\/image\/","url":"https:\/\/secure.gravatar.com\/avatar\/e08af53176a66730df5c0706c6c31fd6?s=96&d=mm&r=g","contentUrl":"https:\/\/secure.gravatar.com\/avatar\/e08af53176a66730df5c0706c6c31fd6?s=96&d=mm&r=g","caption":"WAGNER HENRIQUE VARELA DA SILVA"},"url":"https:\/\/www.pm.pb.gov.br\/portal\/author\/varela\/"}]}},"_links":{"self":[{"href":"https:\/\/www.pm.pb.gov.br\/portal\/wp-json\/wp\/v2\/posts\/900692"}],"collection":[{"href":"https:\/\/www.pm.pb.gov.br\/portal\/wp-json\/wp\/v2\/posts"}],"about":[{"href":"https:\/\/www.pm.pb.gov.br\/portal\/wp-json\/wp\/v2\/types\/post"}],"author":[{"embeddable":true,"href":"https:\/\/www.pm.pb.gov.br\/portal\/wp-json\/wp\/v2\/users\/10"}],"replies":[{"embeddable":true,"href":"https:\/\/www.pm.pb.gov.br\/portal\/wp-json\/wp\/v2\/comments?post=900692"}],"version-history":[{"count":2,"href":"https:\/\/www.pm.pb.gov.br\/portal\/wp-json\/wp\/v2\/posts\/900692\/revisions"}],"predecessor-version":[{"id":900695,"href":"https:\/\/www.pm.pb.gov.br\/portal\/wp-json\/wp\/v2\/posts\/900692\/revisions\/900695"}],"wp:featuredmedia":[{"embeddable":true,"href":"https:\/\/www.pm.pb.gov.br\/portal\/wp-json\/wp\/v2\/media\/900697"}],"wp:attachment":[{"href":"https:\/\/www.pm.pb.gov.br\/portal\/wp-json\/wp\/v2\/media?parent=900692"}],"wp:term":[{"taxonomy":"category","embeddable":true,"href":"https:\/\/www.pm.pb.gov.br\/portal\/wp-json\/wp\/v2\/categories?post=900692"},{"taxonomy":"post_tag","embeddable":true,"href":"https:\/\/www.pm.pb.gov.br\/portal\/wp-json\/wp\/v2\/tags?post=900692"}],"curies":[{"name":"wp","href":"https:\/\/api.w.org\/{rel}","templated":true}]}}