{"id":900675,"date":"2019-05-06T09:27:57","date_gmt":"2019-05-06T12:27:57","guid":{"rendered":"http:\/\/www.pm.pb.gov.br\/portal\/?p=900675"},"modified":"2019-05-06T09:33:50","modified_gmt":"2019-05-06T12:33:50","slug":"corridatiradentes16","status":"publish","type":"post","link":"https:\/\/www.pm.pb.gov.br\/portal\/2019\/05\/06\/corridatiradentes16\/","title":{"rendered":"Corrida Tiradentes leva mais de mil corredores \u00e0s ruas da Capital em um percurso inovador"},"content":{"rendered":"\n<p>A 16\u00aa edi\u00e7\u00e3o da Corrida Tiradentes surpreendeu os mais de mil participantes, nesse domingo (6), por causa do percurso inovador, com descidas, subidas e at\u00e9 chuva para tornar o clima mais agrad\u00e1vel. O evento, que foi criado no ano de 2004 pelo atual comandante-geral da PM, coronel Euller Chaves, que na \u00e9poca era diretor do Centro de Educa\u00e7\u00e3o (CE), tem o objetivo de celebrar o anivers\u00e1rio do CE e homenagear o patrono das Pol\u00edcias Militares brasileiras.<\/p>\n\n\n\n<p>Este ano, a prova teve largada e chegada no estacionamento do shopping Mangabeira, indo at\u00e9 pr\u00f3ximo \u00e0 Esta\u00e7\u00e3o Ci\u00eancias. Quem correu 5km, fez o retorno na metade do percurso, ap\u00f3s descer a ladeira da Hilton Souto Maior, tendo que subir de volta. Entre os corredores, estavam os tradicionais pelot\u00f5es de policiais dos cursos de forma\u00e7\u00e3o, que mostraram vibra\u00e7\u00e3o e vigor, fazendo o trajeto com cal\u00e7a, coturno e fuzil da m\u00e3o.<\/p>\n\n\n\n<p>Nos 5 km, o atleta Flavio Jos\u00e9 da Silva s\u00f3 precisou de 16 minutos e 28 segundos para completar a prova e conquistou a primeira coloca\u00e7\u00e3o. Adilson da Silva Santos ficou em segundo colocado (16:56), Marcus Andr\u00e9 Alves Tavares Magalh\u00e3es em terceiro (17:30), Glauber Oliveira Santos em quarto (17:36) e Francisco Jos\u00e9 da Silva dos Santos em quinto (17:38). No feminino, Severina Gomes da Silva sagrou-se campe\u00e3 com o tempo de 20:21, seguida de Rayane (21:46), Laiza de Ara\u00fajo Santos (22:27), Kessia Polyana Pereira de Oliveira (24:08) e Bruna Gabrielly Carneiro Guedes (24:35).<br><\/p>\n\n\n\n<p>Na prova dos 10 km, Luan Tobias Santos da Silva cruzou primeiro a linha de chegada com o tempo de 34 minutos. O segundo colocado foi Len\u00edlson da Trindade (35:39), o terceiro foi Reginaldo Venceslau da Silva (35:57), o quarto foi Jos\u00e9 Gabriel da Silva Santos (36:16), e a quinta coloca\u00e7\u00e3o ficou com o militar do 4\u00ba Batalh\u00e3o, soldado Ednaldo Cavalcanti Rodrigues (36:35).&nbsp;<\/p>\n\n\n\n<div class=\"wp-block-image\"><figure class=\"aligncenter is-resized\"><img loading=\"lazy\" decoding=\"async\" src=\"http:\/\/www.pm.pb.gov.br\/portal\/wp-content\/uploads\/2019\/05\/3-817x570.jpeg\" alt=\"\" class=\"wp-image-900678\" width=\"543\" height=\"378\" srcset=\"https:\/\/www.pm.pb.gov.br\/portal\/wp-content\/uploads\/2019\/05\/3-817x570.jpeg 817w, https:\/\/www.pm.pb.gov.br\/portal\/wp-content\/uploads\/2019\/05\/3-638x445.jpeg 638w, https:\/\/www.pm.pb.gov.br\/portal\/wp-content\/uploads\/2019\/05\/3-768x536.jpeg 768w, https:\/\/www.pm.pb.gov.br\/portal\/wp-content\/uploads\/2019\/05\/3-392x272.jpeg 392w, https:\/\/www.pm.pb.gov.br\/portal\/wp-content\/uploads\/2019\/05\/3-130x90.jpeg 130w, https:\/\/www.pm.pb.gov.br\/portal\/wp-content\/uploads\/2019\/05\/3.jpeg 1046w\" sizes=\"(max-width: 543px) 100vw, 543px\" \/><\/figure><\/div>\n\n\n\n<p>Entre as mulheres, Josefa Augusto dos Santos foi a grande vencedora com o tempo de 44 minutos e 7 segundos. Hosana Fernandes de Paiva ficou em segundo lugar (46:13), Jamile Chaves e Zu Gomes chegaram juntas com o tempo de 49 minutos e 37 segundos e a quinta coloca\u00e7\u00e3o foi de Val\u00e9ria Soares Woiciekoski (51:11).<br><\/p>\n\n\n\n<p><strong>Inclus\u00e3o <\/strong>&#8211; Gilvan Andrade de Lima completou a prova dos 10 km para cadeirantes com o tempo de 28 minutos e 2 segundos. Francisco Henrique dos Santos venceu na categoria especial n\u00e3o cadeirante com o tempo de 39 minutos e 1 segundo.<\/p>\n\n\n\n<p>Ap\u00f3s a prova, todos os corredores receberam medalhas, os primeiros cinco colocados de cada prova foram premiados com trof\u00e9us e os participantes se confraternizaram com um caf\u00e9 da manh\u00e3 oferecido pela organiza\u00e7\u00e3o da corrida e patrocinadores.<\/p>\n","protected":false},"excerpt":{"rendered":"<p>A 16\u00aa edi\u00e7\u00e3o da Corrida Tiradentes surpreendeu os mais de mil participantes, nesse domingo (6), por causa do percurso inovador,<\/p>\n","protected":false},"author":12,"featured_media":900677,"comment_status":"closed","ping_status":"closed","sticky":false,"template":"","format":"standard","meta":{"_exactmetrics_skip_tracking":false,"_exactmetrics_sitenote_active":false,"_exactmetrics_sitenote_note":"","_exactmetrics_sitenote_category":0,"footnotes":""},"categories":[9],"tags":[],"yoast_head":"<!-- This site is optimized with the Yoast SEO plugin v22.0 - https:\/\/yoast.com\/wordpress\/plugins\/seo\/ -->\n<title>Corrida Tiradentes leva mais de mil corredores \u00e0s ruas da Capital em um percurso inovador - Pol\u00edcia Militar da Para\u00edba<\/title>\n<meta name=\"robots\" content=\"index, follow, max-snippet:-1, max-image-preview:large, max-video-preview:-1\" \/>\n<link rel=\"canonical\" href=\"https:\/\/www.pm.pb.gov.br\/portal\/2019\/05\/06\/corridatiradentes16\/\" \/>\n<meta property=\"og:locale\" content=\"pt_BR\" \/>\n<meta property=\"og:type\" content=\"article\" \/>\n<meta property=\"og:title\" content=\"Corrida Tiradentes leva mais de mil corredores \u00e0s ruas da Capital em um percurso inovador - Pol\u00edcia Militar da Para\u00edba\" \/>\n<meta property=\"og:description\" content=\"A 16\u00aa edi\u00e7\u00e3o da Corrida Tiradentes surpreendeu os mais de mil participantes, nesse domingo (6), por causa do percurso inovador,\" \/>\n<meta property=\"og:url\" content=\"https:\/\/www.pm.pb.gov.br\/portal\/2019\/05\/06\/corridatiradentes16\/\" \/>\n<meta property=\"og:site_name\" content=\"Pol\u00edcia Militar da Para\u00edba\" \/>\n<meta property=\"article:published_time\" content=\"2019-05-06T12:27:57+00:00\" \/>\n<meta property=\"article:modified_time\" content=\"2019-05-06T12:33:50+00:00\" \/>\n<meta property=\"og:image\" content=\"https:\/\/www.pm.pb.gov.br\/portal\/wp-content\/uploads\/2019\/05\/corridatiradentes1.jpeg\" \/>\n\t<meta property=\"og:image:width\" content=\"800\" \/>\n\t<meta property=\"og:image:height\" content=\"445\" \/>\n\t<meta property=\"og:image:type\" content=\"image\/jpeg\" \/>\n<meta name=\"author\" content=\"Tarcisio Oliveira\" \/>\n<meta name=\"twitter:card\" content=\"summary_large_image\" \/>\n<meta name=\"twitter:label1\" content=\"Escrito por\" \/>\n\t<meta name=\"twitter:data1\" content=\"Tarcisio Oliveira\" \/>\n\t<meta name=\"twitter:label2\" content=\"Est. tempo de leitura\" \/>\n\t<meta name=\"twitter:data2\" content=\"2 minutos\" \/>\n<script type=\"application\/ld+json\" class=\"yoast-schema-graph\">{\"@context\":\"https:\/\/schema.org\",\"@graph\":[{\"@type\":\"Article\",\"@id\":\"https:\/\/www.pm.pb.gov.br\/portal\/2019\/05\/06\/corridatiradentes16\/#article\",\"isPartOf\":{\"@id\":\"https:\/\/www.pm.pb.gov.br\/portal\/2019\/05\/06\/corridatiradentes16\/\"},\"author\":{\"name\":\"Tarcisio Oliveira\",\"@id\":\"https:\/\/www.pm.pb.gov.br\/portal\/#\/schema\/person\/f84f56dcc78ce4357054da888b8247fd\"},\"headline\":\"Corrida Tiradentes leva mais de mil corredores \u00e0s ruas da Capital em um percurso inovador\",\"datePublished\":\"2019-05-06T12:27:57+00:00\",\"dateModified\":\"2019-05-06T12:33:50+00:00\",\"mainEntityOfPage\":{\"@id\":\"https:\/\/www.pm.pb.gov.br\/portal\/2019\/05\/06\/corridatiradentes16\/\"},\"wordCount\":444,\"publisher\":{\"@id\":\"https:\/\/www.pm.pb.gov.br\/portal\/#organization\"},\"articleSection\":[\"Eventos\"],\"inLanguage\":\"pt-BR\"},{\"@type\":\"WebPage\",\"@id\":\"https:\/\/www.pm.pb.gov.br\/portal\/2019\/05\/06\/corridatiradentes16\/\",\"url\":\"https:\/\/www.pm.pb.gov.br\/portal\/2019\/05\/06\/corridatiradentes16\/\",\"name\":\"Corrida Tiradentes leva mais de mil corredores \u00e0s ruas da Capital em um percurso inovador - Pol\u00edcia Militar da Para\u00edba\",\"isPartOf\":{\"@id\":\"https:\/\/www.pm.pb.gov.br\/portal\/#website\"},\"datePublished\":\"2019-05-06T12:27:57+00:00\",\"dateModified\":\"2019-05-06T12:33:50+00:00\",\"breadcrumb\":{\"@id\":\"https:\/\/www.pm.pb.gov.br\/portal\/2019\/05\/06\/corridatiradentes16\/#breadcrumb\"},\"inLanguage\":\"pt-BR\",\"potentialAction\":[{\"@type\":\"ReadAction\",\"target\":[\"https:\/\/www.pm.pb.gov.br\/portal\/2019\/05\/06\/corridatiradentes16\/\"]}]},{\"@type\":\"BreadcrumbList\",\"@id\":\"https:\/\/www.pm.pb.gov.br\/portal\/2019\/05\/06\/corridatiradentes16\/#breadcrumb\",\"itemListElement\":[{\"@type\":\"ListItem\",\"position\":1,\"name\":\"In\u00edcio\",\"item\":\"https:\/\/www.pm.pb.gov.br\/portal\/\"},{\"@type\":\"ListItem\",\"position\":2,\"name\":\"Corrida Tiradentes leva mais de mil corredores \u00e0s ruas da Capital em um percurso inovador\"}]},{\"@type\":\"WebSite\",\"@id\":\"https:\/\/www.pm.pb.gov.br\/portal\/#website\",\"url\":\"https:\/\/www.pm.pb.gov.br\/portal\/\",\"name\":\"Pol\u00edcia Militar da Para\u00edba\",\"description\":\"\",\"publisher\":{\"@id\":\"https:\/\/www.pm.pb.gov.br\/portal\/#organization\"},\"potentialAction\":[{\"@type\":\"SearchAction\",\"target\":{\"@type\":\"EntryPoint\",\"urlTemplate\":\"https:\/\/www.pm.pb.gov.br\/portal\/?s={search_term_string}\"},\"query-input\":\"required name=search_term_string\"}],\"inLanguage\":\"pt-BR\"},{\"@type\":\"Organization\",\"@id\":\"https:\/\/www.pm.pb.gov.br\/portal\/#organization\",\"name\":\"Pol\u00edcia Militar da Para\u00edba\",\"url\":\"https:\/\/www.pm.pb.gov.br\/portal\/\",\"logo\":{\"@type\":\"ImageObject\",\"inLanguage\":\"pt-BR\",\"@id\":\"https:\/\/www.pm.pb.gov.br\/portal\/#\/schema\/logo\/image\/\",\"url\":\"https:\/\/www.pm.pb.gov.br\/portal\/wp-content\/uploads\/2025\/03\/cropped-logo-site-mag2-1.png\",\"contentUrl\":\"https:\/\/www.pm.pb.gov.br\/portal\/wp-content\/uploads\/2025\/03\/cropped-logo-site-mag2-1.png\",\"width\":320,\"height\":90,\"caption\":\"Pol\u00edcia Militar da Para\u00edba\"},\"image\":{\"@id\":\"https:\/\/www.pm.pb.gov.br\/portal\/#\/schema\/logo\/image\/\"}},{\"@type\":\"Person\",\"@id\":\"https:\/\/www.pm.pb.gov.br\/portal\/#\/schema\/person\/f84f56dcc78ce4357054da888b8247fd\",\"name\":\"Tarcisio Oliveira\",\"image\":{\"@type\":\"ImageObject\",\"inLanguage\":\"pt-BR\",\"@id\":\"https:\/\/www.pm.pb.gov.br\/portal\/#\/schema\/person\/image\/\",\"url\":\"https:\/\/secure.gravatar.com\/avatar\/72917b630b69d31cd0297507f34bac97?s=96&d=mm&r=g\",\"contentUrl\":\"https:\/\/secure.gravatar.com\/avatar\/72917b630b69d31cd0297507f34bac97?s=96&d=mm&r=g\",\"caption\":\"Tarcisio Oliveira\"},\"url\":\"https:\/\/www.pm.pb.gov.br\/portal\/author\/tarcisio\/\"}]}<\/script>\n<!-- \/ Yoast SEO plugin. -->","yoast_head_json":{"title":"Corrida Tiradentes leva mais de mil corredores \u00e0s ruas da Capital em um percurso inovador - Pol\u00edcia Militar da Para\u00edba","robots":{"index":"index","follow":"follow","max-snippet":"max-snippet:-1","max-image-preview":"max-image-preview:large","max-video-preview":"max-video-preview:-1"},"canonical":"https:\/\/www.pm.pb.gov.br\/portal\/2019\/05\/06\/corridatiradentes16\/","og_locale":"pt_BR","og_type":"article","og_title":"Corrida Tiradentes leva mais de mil corredores \u00e0s ruas da Capital em um percurso inovador - Pol\u00edcia Militar da Para\u00edba","og_description":"A 16\u00aa edi\u00e7\u00e3o da Corrida Tiradentes surpreendeu os mais de mil participantes, nesse domingo (6), por causa do percurso inovador,","og_url":"https:\/\/www.pm.pb.gov.br\/portal\/2019\/05\/06\/corridatiradentes16\/","og_site_name":"Pol\u00edcia Militar da Para\u00edba","article_published_time":"2019-05-06T12:27:57+00:00","article_modified_time":"2019-05-06T12:33:50+00:00","og_image":[{"width":800,"height":445,"url":"https:\/\/www.pm.pb.gov.br\/portal\/wp-content\/uploads\/2019\/05\/corridatiradentes1.jpeg","type":"image\/jpeg"}],"author":"Tarcisio Oliveira","twitter_card":"summary_large_image","twitter_misc":{"Escrito por":"Tarcisio Oliveira","Est. tempo de leitura":"2 minutos"},"schema":{"@context":"https:\/\/schema.org","@graph":[{"@type":"Article","@id":"https:\/\/www.pm.pb.gov.br\/portal\/2019\/05\/06\/corridatiradentes16\/#article","isPartOf":{"@id":"https:\/\/www.pm.pb.gov.br\/portal\/2019\/05\/06\/corridatiradentes16\/"},"author":{"name":"Tarcisio Oliveira","@id":"https:\/\/www.pm.pb.gov.br\/portal\/#\/schema\/person\/f84f56dcc78ce4357054da888b8247fd"},"headline":"Corrida Tiradentes leva mais de mil corredores \u00e0s ruas da Capital em um percurso inovador","datePublished":"2019-05-06T12:27:57+00:00","dateModified":"2019-05-06T12:33:50+00:00","mainEntityOfPage":{"@id":"https:\/\/www.pm.pb.gov.br\/portal\/2019\/05\/06\/corridatiradentes16\/"},"wordCount":444,"publisher":{"@id":"https:\/\/www.pm.pb.gov.br\/portal\/#organization"},"articleSection":["Eventos"],"inLanguage":"pt-BR"},{"@type":"WebPage","@id":"https:\/\/www.pm.pb.gov.br\/portal\/2019\/05\/06\/corridatiradentes16\/","url":"https:\/\/www.pm.pb.gov.br\/portal\/2019\/05\/06\/corridatiradentes16\/","name":"Corrida Tiradentes leva mais de mil corredores \u00e0s ruas da Capital em um percurso inovador - Pol\u00edcia Militar da Para\u00edba","isPartOf":{"@id":"https:\/\/www.pm.pb.gov.br\/portal\/#website"},"datePublished":"2019-05-06T12:27:57+00:00","dateModified":"2019-05-06T12:33:50+00:00","breadcrumb":{"@id":"https:\/\/www.pm.pb.gov.br\/portal\/2019\/05\/06\/corridatiradentes16\/#breadcrumb"},"inLanguage":"pt-BR","potentialAction":[{"@type":"ReadAction","target":["https:\/\/www.pm.pb.gov.br\/portal\/2019\/05\/06\/corridatiradentes16\/"]}]},{"@type":"BreadcrumbList","@id":"https:\/\/www.pm.pb.gov.br\/portal\/2019\/05\/06\/corridatiradentes16\/#breadcrumb","itemListElement":[{"@type":"ListItem","position":1,"name":"In\u00edcio","item":"https:\/\/www.pm.pb.gov.br\/portal\/"},{"@type":"ListItem","position":2,"name":"Corrida Tiradentes leva mais de mil corredores \u00e0s ruas da Capital em um percurso inovador"}]},{"@type":"WebSite","@id":"https:\/\/www.pm.pb.gov.br\/portal\/#website","url":"https:\/\/www.pm.pb.gov.br\/portal\/","name":"Pol\u00edcia Militar da Para\u00edba","description":"","publisher":{"@id":"https:\/\/www.pm.pb.gov.br\/portal\/#organization"},"potentialAction":[{"@type":"SearchAction","target":{"@type":"EntryPoint","urlTemplate":"https:\/\/www.pm.pb.gov.br\/portal\/?s={search_term_string}"},"query-input":"required name=search_term_string"}],"inLanguage":"pt-BR"},{"@type":"Organization","@id":"https:\/\/www.pm.pb.gov.br\/portal\/#organization","name":"Pol\u00edcia Militar da Para\u00edba","url":"https:\/\/www.pm.pb.gov.br\/portal\/","logo":{"@type":"ImageObject","inLanguage":"pt-BR","@id":"https:\/\/www.pm.pb.gov.br\/portal\/#\/schema\/logo\/image\/","url":"https:\/\/www.pm.pb.gov.br\/portal\/wp-content\/uploads\/2025\/03\/cropped-logo-site-mag2-1.png","contentUrl":"https:\/\/www.pm.pb.gov.br\/portal\/wp-content\/uploads\/2025\/03\/cropped-logo-site-mag2-1.png","width":320,"height":90,"caption":"Pol\u00edcia Militar da Para\u00edba"},"image":{"@id":"https:\/\/www.pm.pb.gov.br\/portal\/#\/schema\/logo\/image\/"}},{"@type":"Person","@id":"https:\/\/www.pm.pb.gov.br\/portal\/#\/schema\/person\/f84f56dcc78ce4357054da888b8247fd","name":"Tarcisio Oliveira","image":{"@type":"ImageObject","inLanguage":"pt-BR","@id":"https:\/\/www.pm.pb.gov.br\/portal\/#\/schema\/person\/image\/","url":"https:\/\/secure.gravatar.com\/avatar\/72917b630b69d31cd0297507f34bac97?s=96&d=mm&r=g","contentUrl":"https:\/\/secure.gravatar.com\/avatar\/72917b630b69d31cd0297507f34bac97?s=96&d=mm&r=g","caption":"Tarcisio Oliveira"},"url":"https:\/\/www.pm.pb.gov.br\/portal\/author\/tarcisio\/"}]}},"_links":{"self":[{"href":"https:\/\/www.pm.pb.gov.br\/portal\/wp-json\/wp\/v2\/posts\/900675"}],"collection":[{"href":"https:\/\/www.pm.pb.gov.br\/portal\/wp-json\/wp\/v2\/posts"}],"about":[{"href":"https:\/\/www.pm.pb.gov.br\/portal\/wp-json\/wp\/v2\/types\/post"}],"author":[{"embeddable":true,"href":"https:\/\/www.pm.pb.gov.br\/portal\/wp-json\/wp\/v2\/users\/12"}],"replies":[{"embeddable":true,"href":"https:\/\/www.pm.pb.gov.br\/portal\/wp-json\/wp\/v2\/comments?post=900675"}],"version-history":[{"count":5,"href":"https:\/\/www.pm.pb.gov.br\/portal\/wp-json\/wp\/v2\/posts\/900675\/revisions"}],"predecessor-version":[{"id":900682,"href":"https:\/\/www.pm.pb.gov.br\/portal\/wp-json\/wp\/v2\/posts\/900675\/revisions\/900682"}],"wp:featuredmedia":[{"embeddable":true,"href":"https:\/\/www.pm.pb.gov.br\/portal\/wp-json\/wp\/v2\/media\/900677"}],"wp:attachment":[{"href":"https:\/\/www.pm.pb.gov.br\/portal\/wp-json\/wp\/v2\/media?parent=900675"}],"wp:term":[{"taxonomy":"category","embeddable":true,"href":"https:\/\/www.pm.pb.gov.br\/portal\/wp-json\/wp\/v2\/categories?post=900675"},{"taxonomy":"post_tag","embeddable":true,"href":"https:\/\/www.pm.pb.gov.br\/portal\/wp-json\/wp\/v2\/tags?post=900675"}],"curies":[{"name":"wp","href":"https:\/\/api.w.org\/{rel}","templated":true}]}}