{"id":900663,"date":"2019-05-04T10:25:25","date_gmt":"2019-05-04T13:25:25","guid":{"rendered":"http:\/\/www.pm.pb.gov.br\/portal\/?p=900663"},"modified":"2019-05-04T13:28:29","modified_gmt":"2019-05-04T16:28:29","slug":"policia-militar-aprende-armas-em-dois-bairros-da-capital-num-intervalo-de-40-minutos","status":"publish","type":"post","link":"https:\/\/www.pm.pb.gov.br\/portal\/2019\/05\/04\/policia-militar-aprende-armas-em-dois-bairros-da-capital-num-intervalo-de-40-minutos\/","title":{"rendered":"Pol\u00edcia Militar aprende armas em dois bairros da Capital num intervalo de 40 minutos"},"content":{"rendered":"<p>Entre \u00e0s 22h20 e 23h dessa sexta-feira (3), os policiais do 5\u00ba Batalh\u00e3o retiraram tr\u00eas armas de fogo das ruas de Jo\u00e3o Pessoa, em a\u00e7\u00f5es nos bairros de Mangabeira IV e Costa e Silva. Dois suspeitos foram presos em flagrante, um deles estava sendo considerado foragido da justi\u00e7a e vinha sendo procurado pelas autoridades.<\/p>\n<p>A primeira a\u00e7\u00e3o foi no bairro do Costa e Silva, onde uma moto vermelha, com placa adulterada, foi abordada por uma equipe da R\u00e1dio Patrulha e um suspeito de 29 anos foi flagrado armado, com um rev\u00f3lver na cintura. Ao consultar o nome do acusado, os policiais descobriram que ele estava sendo procurado pela justi\u00e7a h\u00e1 mais de dois meses, ap\u00f3s ser considerado foragido da Penitenci\u00e1ria M\u00e9dia de Mangabeira.<\/p>\n<p>Quarenta minutos depois, policiais da For\u00e7a T\u00e1tica prenderam um suspeito de 28 anos com dois rev\u00f3lveres e mais de dez muni\u00e7\u00f5es, na Rua Carmem Coeli Cantalice Moreira, em Mangabeira IV. A PM chegou at\u00e9 ele ap\u00f3s receber informa\u00e7\u00f5es, durante as rondas, de que o acusado estava com duas armas na localidade.<\/p>\n<p>Os dois casos foram levados para a Central de Flagrantes, no bairro do Geisel.<\/p>\n","protected":false},"excerpt":{"rendered":"<p>Entre \u00e0s 22h20 e 23h dessa sexta-feira (3), os policiais do 5\u00ba Batalh\u00e3o retiraram tr\u00eas armas de fogo das ruas<\/p>\n","protected":false},"author":10,"featured_media":900669,"comment_status":"closed","ping_status":"closed","sticky":false,"template":"","format":"standard","meta":{"_exactmetrics_skip_tracking":false,"_exactmetrics_sitenote_active":false,"_exactmetrics_sitenote_note":"","_exactmetrics_sitenote_category":0,"footnotes":""},"categories":[4],"tags":[],"yoast_head":"<!-- This site is optimized with the Yoast SEO plugin v22.0 - https:\/\/yoast.com\/wordpress\/plugins\/seo\/ -->\n<title>Pol\u00edcia Militar aprende armas em dois bairros da Capital num intervalo de 40 minutos - Pol\u00edcia Militar da Para\u00edba<\/title>\n<meta name=\"robots\" content=\"index, follow, max-snippet:-1, max-image-preview:large, max-video-preview:-1\" \/>\n<link rel=\"canonical\" href=\"https:\/\/www.pm.pb.gov.br\/portal\/2019\/05\/04\/policia-militar-aprende-armas-em-dois-bairros-da-capital-num-intervalo-de-40-minutos\/\" \/>\n<meta property=\"og:locale\" content=\"pt_BR\" \/>\n<meta property=\"og:type\" content=\"article\" \/>\n<meta property=\"og:title\" content=\"Pol\u00edcia Militar aprende armas em dois bairros da Capital num intervalo de 40 minutos - Pol\u00edcia Militar da Para\u00edba\" \/>\n<meta property=\"og:description\" content=\"Entre \u00e0s 22h20 e 23h dessa sexta-feira (3), os policiais do 5\u00ba Batalh\u00e3o retiraram tr\u00eas armas de fogo das ruas\" \/>\n<meta property=\"og:url\" content=\"https:\/\/www.pm.pb.gov.br\/portal\/2019\/05\/04\/policia-militar-aprende-armas-em-dois-bairros-da-capital-num-intervalo-de-40-minutos\/\" \/>\n<meta property=\"og:site_name\" content=\"Pol\u00edcia Militar da Para\u00edba\" \/>\n<meta property=\"article:published_time\" content=\"2019-05-04T13:25:25+00:00\" \/>\n<meta property=\"article:modified_time\" content=\"2019-05-04T16:28:29+00:00\" \/>\n<meta property=\"og:image\" content=\"https:\/\/www.pm.pb.gov.br\/portal\/wp-content\/uploads\/2019\/05\/WhatsApp-Image-2019-05-04-at-11.23.55.jpeg\" \/>\n\t<meta property=\"og:image:width\" content=\"952\" \/>\n\t<meta property=\"og:image:height\" content=\"553\" \/>\n\t<meta property=\"og:image:type\" content=\"image\/jpeg\" \/>\n<meta name=\"author\" content=\"WAGNER HENRIQUE VARELA DA SILVA\" \/>\n<meta name=\"twitter:card\" content=\"summary_large_image\" \/>\n<meta name=\"twitter:label1\" content=\"Escrito por\" \/>\n\t<meta name=\"twitter:data1\" content=\"WAGNER HENRIQUE VARELA DA SILVA\" \/>\n\t<meta name=\"twitter:label2\" content=\"Est. tempo de leitura\" \/>\n\t<meta name=\"twitter:data2\" content=\"1 minuto\" \/>\n<script type=\"application\/ld+json\" class=\"yoast-schema-graph\">{\"@context\":\"https:\/\/schema.org\",\"@graph\":[{\"@type\":\"Article\",\"@id\":\"https:\/\/www.pm.pb.gov.br\/portal\/2019\/05\/04\/policia-militar-aprende-armas-em-dois-bairros-da-capital-num-intervalo-de-40-minutos\/#article\",\"isPartOf\":{\"@id\":\"https:\/\/www.pm.pb.gov.br\/portal\/2019\/05\/04\/policia-militar-aprende-armas-em-dois-bairros-da-capital-num-intervalo-de-40-minutos\/\"},\"author\":{\"name\":\"WAGNER HENRIQUE VARELA DA SILVA\",\"@id\":\"https:\/\/www.pm.pb.gov.br\/portal\/#\/schema\/person\/b169b297b8494dea236e315ed1a201d1\"},\"headline\":\"Pol\u00edcia Militar aprende armas em dois bairros da Capital num intervalo de 40 minutos\",\"datePublished\":\"2019-05-04T13:25:25+00:00\",\"dateModified\":\"2019-05-04T16:28:29+00:00\",\"mainEntityOfPage\":{\"@id\":\"https:\/\/www.pm.pb.gov.br\/portal\/2019\/05\/04\/policia-militar-aprende-armas-em-dois-bairros-da-capital-num-intervalo-de-40-minutos\/\"},\"wordCount\":216,\"publisher\":{\"@id\":\"https:\/\/www.pm.pb.gov.br\/portal\/#organization\"},\"articleSection\":[\"A\u00e7\u00f5es Policiais\"],\"inLanguage\":\"pt-BR\"},{\"@type\":\"WebPage\",\"@id\":\"https:\/\/www.pm.pb.gov.br\/portal\/2019\/05\/04\/policia-militar-aprende-armas-em-dois-bairros-da-capital-num-intervalo-de-40-minutos\/\",\"url\":\"https:\/\/www.pm.pb.gov.br\/portal\/2019\/05\/04\/policia-militar-aprende-armas-em-dois-bairros-da-capital-num-intervalo-de-40-minutos\/\",\"name\":\"Pol\u00edcia Militar aprende armas em dois bairros da Capital num intervalo de 40 minutos - Pol\u00edcia Militar da Para\u00edba\",\"isPartOf\":{\"@id\":\"https:\/\/www.pm.pb.gov.br\/portal\/#website\"},\"datePublished\":\"2019-05-04T13:25:25+00:00\",\"dateModified\":\"2019-05-04T16:28:29+00:00\",\"breadcrumb\":{\"@id\":\"https:\/\/www.pm.pb.gov.br\/portal\/2019\/05\/04\/policia-militar-aprende-armas-em-dois-bairros-da-capital-num-intervalo-de-40-minutos\/#breadcrumb\"},\"inLanguage\":\"pt-BR\",\"potentialAction\":[{\"@type\":\"ReadAction\",\"target\":[\"https:\/\/www.pm.pb.gov.br\/portal\/2019\/05\/04\/policia-militar-aprende-armas-em-dois-bairros-da-capital-num-intervalo-de-40-minutos\/\"]}]},{\"@type\":\"BreadcrumbList\",\"@id\":\"https:\/\/www.pm.pb.gov.br\/portal\/2019\/05\/04\/policia-militar-aprende-armas-em-dois-bairros-da-capital-num-intervalo-de-40-minutos\/#breadcrumb\",\"itemListElement\":[{\"@type\":\"ListItem\",\"position\":1,\"name\":\"In\u00edcio\",\"item\":\"https:\/\/www.pm.pb.gov.br\/portal\/\"},{\"@type\":\"ListItem\",\"position\":2,\"name\":\"Pol\u00edcia Militar aprende armas em dois bairros da Capital num intervalo de 40 minutos\"}]},{\"@type\":\"WebSite\",\"@id\":\"https:\/\/www.pm.pb.gov.br\/portal\/#website\",\"url\":\"https:\/\/www.pm.pb.gov.br\/portal\/\",\"name\":\"Pol\u00edcia Militar da Para\u00edba\",\"description\":\"\",\"publisher\":{\"@id\":\"https:\/\/www.pm.pb.gov.br\/portal\/#organization\"},\"potentialAction\":[{\"@type\":\"SearchAction\",\"target\":{\"@type\":\"EntryPoint\",\"urlTemplate\":\"https:\/\/www.pm.pb.gov.br\/portal\/?s={search_term_string}\"},\"query-input\":\"required name=search_term_string\"}],\"inLanguage\":\"pt-BR\"},{\"@type\":\"Organization\",\"@id\":\"https:\/\/www.pm.pb.gov.br\/portal\/#organization\",\"name\":\"Pol\u00edcia Militar da Para\u00edba\",\"url\":\"https:\/\/www.pm.pb.gov.br\/portal\/\",\"logo\":{\"@type\":\"ImageObject\",\"inLanguage\":\"pt-BR\",\"@id\":\"https:\/\/www.pm.pb.gov.br\/portal\/#\/schema\/logo\/image\/\",\"url\":\"https:\/\/www.pm.pb.gov.br\/portal\/wp-content\/uploads\/2025\/03\/cropped-logo-site-mag2-1.png\",\"contentUrl\":\"https:\/\/www.pm.pb.gov.br\/portal\/wp-content\/uploads\/2025\/03\/cropped-logo-site-mag2-1.png\",\"width\":320,\"height\":90,\"caption\":\"Pol\u00edcia Militar da Para\u00edba\"},\"image\":{\"@id\":\"https:\/\/www.pm.pb.gov.br\/portal\/#\/schema\/logo\/image\/\"}},{\"@type\":\"Person\",\"@id\":\"https:\/\/www.pm.pb.gov.br\/portal\/#\/schema\/person\/b169b297b8494dea236e315ed1a201d1\",\"name\":\"WAGNER HENRIQUE VARELA DA SILVA\",\"image\":{\"@type\":\"ImageObject\",\"inLanguage\":\"pt-BR\",\"@id\":\"https:\/\/www.pm.pb.gov.br\/portal\/#\/schema\/person\/image\/\",\"url\":\"https:\/\/secure.gravatar.com\/avatar\/e08af53176a66730df5c0706c6c31fd6?s=96&d=mm&r=g\",\"contentUrl\":\"https:\/\/secure.gravatar.com\/avatar\/e08af53176a66730df5c0706c6c31fd6?s=96&d=mm&r=g\",\"caption\":\"WAGNER HENRIQUE VARELA DA SILVA\"},\"url\":\"https:\/\/www.pm.pb.gov.br\/portal\/author\/varela\/\"}]}<\/script>\n<!-- \/ Yoast SEO plugin. -->","yoast_head_json":{"title":"Pol\u00edcia Militar aprende armas em dois bairros da Capital num intervalo de 40 minutos - Pol\u00edcia Militar da Para\u00edba","robots":{"index":"index","follow":"follow","max-snippet":"max-snippet:-1","max-image-preview":"max-image-preview:large","max-video-preview":"max-video-preview:-1"},"canonical":"https:\/\/www.pm.pb.gov.br\/portal\/2019\/05\/04\/policia-militar-aprende-armas-em-dois-bairros-da-capital-num-intervalo-de-40-minutos\/","og_locale":"pt_BR","og_type":"article","og_title":"Pol\u00edcia Militar aprende armas em dois bairros da Capital num intervalo de 40 minutos - Pol\u00edcia Militar da Para\u00edba","og_description":"Entre \u00e0s 22h20 e 23h dessa sexta-feira (3), os policiais do 5\u00ba Batalh\u00e3o retiraram tr\u00eas armas de fogo das ruas","og_url":"https:\/\/www.pm.pb.gov.br\/portal\/2019\/05\/04\/policia-militar-aprende-armas-em-dois-bairros-da-capital-num-intervalo-de-40-minutos\/","og_site_name":"Pol\u00edcia Militar da Para\u00edba","article_published_time":"2019-05-04T13:25:25+00:00","article_modified_time":"2019-05-04T16:28:29+00:00","og_image":[{"width":952,"height":553,"url":"https:\/\/www.pm.pb.gov.br\/portal\/wp-content\/uploads\/2019\/05\/WhatsApp-Image-2019-05-04-at-11.23.55.jpeg","type":"image\/jpeg"}],"author":"WAGNER HENRIQUE VARELA DA SILVA","twitter_card":"summary_large_image","twitter_misc":{"Escrito por":"WAGNER HENRIQUE VARELA DA SILVA","Est. tempo de leitura":"1 minuto"},"schema":{"@context":"https:\/\/schema.org","@graph":[{"@type":"Article","@id":"https:\/\/www.pm.pb.gov.br\/portal\/2019\/05\/04\/policia-militar-aprende-armas-em-dois-bairros-da-capital-num-intervalo-de-40-minutos\/#article","isPartOf":{"@id":"https:\/\/www.pm.pb.gov.br\/portal\/2019\/05\/04\/policia-militar-aprende-armas-em-dois-bairros-da-capital-num-intervalo-de-40-minutos\/"},"author":{"name":"WAGNER HENRIQUE VARELA DA SILVA","@id":"https:\/\/www.pm.pb.gov.br\/portal\/#\/schema\/person\/b169b297b8494dea236e315ed1a201d1"},"headline":"Pol\u00edcia Militar aprende armas em dois bairros da Capital num intervalo de 40 minutos","datePublished":"2019-05-04T13:25:25+00:00","dateModified":"2019-05-04T16:28:29+00:00","mainEntityOfPage":{"@id":"https:\/\/www.pm.pb.gov.br\/portal\/2019\/05\/04\/policia-militar-aprende-armas-em-dois-bairros-da-capital-num-intervalo-de-40-minutos\/"},"wordCount":216,"publisher":{"@id":"https:\/\/www.pm.pb.gov.br\/portal\/#organization"},"articleSection":["A\u00e7\u00f5es Policiais"],"inLanguage":"pt-BR"},{"@type":"WebPage","@id":"https:\/\/www.pm.pb.gov.br\/portal\/2019\/05\/04\/policia-militar-aprende-armas-em-dois-bairros-da-capital-num-intervalo-de-40-minutos\/","url":"https:\/\/www.pm.pb.gov.br\/portal\/2019\/05\/04\/policia-militar-aprende-armas-em-dois-bairros-da-capital-num-intervalo-de-40-minutos\/","name":"Pol\u00edcia Militar aprende armas em dois bairros da Capital num intervalo de 40 minutos - Pol\u00edcia Militar da Para\u00edba","isPartOf":{"@id":"https:\/\/www.pm.pb.gov.br\/portal\/#website"},"datePublished":"2019-05-04T13:25:25+00:00","dateModified":"2019-05-04T16:28:29+00:00","breadcrumb":{"@id":"https:\/\/www.pm.pb.gov.br\/portal\/2019\/05\/04\/policia-militar-aprende-armas-em-dois-bairros-da-capital-num-intervalo-de-40-minutos\/#breadcrumb"},"inLanguage":"pt-BR","potentialAction":[{"@type":"ReadAction","target":["https:\/\/www.pm.pb.gov.br\/portal\/2019\/05\/04\/policia-militar-aprende-armas-em-dois-bairros-da-capital-num-intervalo-de-40-minutos\/"]}]},{"@type":"BreadcrumbList","@id":"https:\/\/www.pm.pb.gov.br\/portal\/2019\/05\/04\/policia-militar-aprende-armas-em-dois-bairros-da-capital-num-intervalo-de-40-minutos\/#breadcrumb","itemListElement":[{"@type":"ListItem","position":1,"name":"In\u00edcio","item":"https:\/\/www.pm.pb.gov.br\/portal\/"},{"@type":"ListItem","position":2,"name":"Pol\u00edcia Militar aprende armas em dois bairros da Capital num intervalo de 40 minutos"}]},{"@type":"WebSite","@id":"https:\/\/www.pm.pb.gov.br\/portal\/#website","url":"https:\/\/www.pm.pb.gov.br\/portal\/","name":"Pol\u00edcia Militar da Para\u00edba","description":"","publisher":{"@id":"https:\/\/www.pm.pb.gov.br\/portal\/#organization"},"potentialAction":[{"@type":"SearchAction","target":{"@type":"EntryPoint","urlTemplate":"https:\/\/www.pm.pb.gov.br\/portal\/?s={search_term_string}"},"query-input":"required name=search_term_string"}],"inLanguage":"pt-BR"},{"@type":"Organization","@id":"https:\/\/www.pm.pb.gov.br\/portal\/#organization","name":"Pol\u00edcia Militar da Para\u00edba","url":"https:\/\/www.pm.pb.gov.br\/portal\/","logo":{"@type":"ImageObject","inLanguage":"pt-BR","@id":"https:\/\/www.pm.pb.gov.br\/portal\/#\/schema\/logo\/image\/","url":"https:\/\/www.pm.pb.gov.br\/portal\/wp-content\/uploads\/2025\/03\/cropped-logo-site-mag2-1.png","contentUrl":"https:\/\/www.pm.pb.gov.br\/portal\/wp-content\/uploads\/2025\/03\/cropped-logo-site-mag2-1.png","width":320,"height":90,"caption":"Pol\u00edcia Militar da Para\u00edba"},"image":{"@id":"https:\/\/www.pm.pb.gov.br\/portal\/#\/schema\/logo\/image\/"}},{"@type":"Person","@id":"https:\/\/www.pm.pb.gov.br\/portal\/#\/schema\/person\/b169b297b8494dea236e315ed1a201d1","name":"WAGNER HENRIQUE VARELA DA SILVA","image":{"@type":"ImageObject","inLanguage":"pt-BR","@id":"https:\/\/www.pm.pb.gov.br\/portal\/#\/schema\/person\/image\/","url":"https:\/\/secure.gravatar.com\/avatar\/e08af53176a66730df5c0706c6c31fd6?s=96&d=mm&r=g","contentUrl":"https:\/\/secure.gravatar.com\/avatar\/e08af53176a66730df5c0706c6c31fd6?s=96&d=mm&r=g","caption":"WAGNER HENRIQUE VARELA DA SILVA"},"url":"https:\/\/www.pm.pb.gov.br\/portal\/author\/varela\/"}]}},"_links":{"self":[{"href":"https:\/\/www.pm.pb.gov.br\/portal\/wp-json\/wp\/v2\/posts\/900663"}],"collection":[{"href":"https:\/\/www.pm.pb.gov.br\/portal\/wp-json\/wp\/v2\/posts"}],"about":[{"href":"https:\/\/www.pm.pb.gov.br\/portal\/wp-json\/wp\/v2\/types\/post"}],"author":[{"embeddable":true,"href":"https:\/\/www.pm.pb.gov.br\/portal\/wp-json\/wp\/v2\/users\/10"}],"replies":[{"embeddable":true,"href":"https:\/\/www.pm.pb.gov.br\/portal\/wp-json\/wp\/v2\/comments?post=900663"}],"version-history":[{"count":1,"href":"https:\/\/www.pm.pb.gov.br\/portal\/wp-json\/wp\/v2\/posts\/900663\/revisions"}],"predecessor-version":[{"id":900664,"href":"https:\/\/www.pm.pb.gov.br\/portal\/wp-json\/wp\/v2\/posts\/900663\/revisions\/900664"}],"wp:featuredmedia":[{"embeddable":true,"href":"https:\/\/www.pm.pb.gov.br\/portal\/wp-json\/wp\/v2\/media\/900669"}],"wp:attachment":[{"href":"https:\/\/www.pm.pb.gov.br\/portal\/wp-json\/wp\/v2\/media?parent=900663"}],"wp:term":[{"taxonomy":"category","embeddable":true,"href":"https:\/\/www.pm.pb.gov.br\/portal\/wp-json\/wp\/v2\/categories?post=900663"},{"taxonomy":"post_tag","embeddable":true,"href":"https:\/\/www.pm.pb.gov.br\/portal\/wp-json\/wp\/v2\/tags?post=900663"}],"curies":[{"name":"wp","href":"https:\/\/api.w.org\/{rel}","templated":true}]}}