{"id":900661,"date":"2019-05-04T10:25:04","date_gmt":"2019-05-04T13:25:04","guid":{"rendered":"http:\/\/www.pm.pb.gov.br\/portal\/?p=900661"},"modified":"2019-05-04T13:24:38","modified_gmt":"2019-05-04T16:24:38","slug":"policia-militar-prende-suspeitos-que-vinham-praticando-varios-assaltos-na-cidade-de-pombal","status":"publish","type":"post","link":"https:\/\/www.pm.pb.gov.br\/portal\/2019\/05\/04\/policia-militar-prende-suspeitos-que-vinham-praticando-varios-assaltos-na-cidade-de-pombal\/","title":{"rendered":"Pol\u00edcia Militar prende suspeitos que vinham praticando v\u00e1rios assaltos na cidade de Pombal"},"content":{"rendered":"<p>Um cerco realizado pela Pol\u00edcia Militar a uma casa, na noite dessa sexta-feira (3), na cidade de Pombal, no Sert\u00e3o, resultou na pris\u00e3o dos tr\u00eas suspeitos que vinham realizando v\u00e1rios assaltos, no munic\u00edpio, h\u00e1 mais de um m\u00eas. Com eles, foram apreendidas tr\u00eas armas de fogo, muni\u00e7\u00f5es de dois calibres diferentes, um r\u00e1dio comunicador, mais de 60 pedras de crack e um arco e flecha.<\/p>\n<p>A pris\u00e3o dos acusados, sendo dois deles de 18 anos e o outro de 19, pode trazer respostas a mais de dez assaltos registrados na cidade, nos \u00faltimos 33 dias, incluindo o de um dep\u00f3sito de ra\u00e7\u00e3o, de uma distribuidora de bebidas, de um supermercado, al\u00e9m de roubos de motos.<\/p>\n<p>Conforme informa\u00e7\u00f5es do comandante da 3\u00aa Companhia do 14\u00ba Batalh\u00e3o, tenente S\u00e1vio Cascudo, que coordenou a a\u00e7\u00e3o policial, as roupas que teriam sido usadas pelos suspeitos nos crimes tamb\u00e9m foram localizadas. \u201cDescobrimos onde era a casa que eles estavam escondidos com as armas, montamos o cerco e prendemos todos tr\u00eas com o material. Depois disso, chegamos at\u00e9 uma resid\u00eancia onde estavam os blus\u00f5es e bon\u00e9s que eles teriam usado durante os crimes\u201d, detalhou.<\/p>\n<p>Dois dos presos j\u00e1 t\u00eam passagem pela pol\u00edcia por roubo e tr\u00e1fico de drogas. Eles foram apresentados na Delegacia de Pol\u00edcia Civil, em Pombal, onde est\u00e3o sendo reconhecidos por v\u00e1rias v\u00edtimas de assaltos no munic\u00edpio.<\/p>\n","protected":false},"excerpt":{"rendered":"<p>Um cerco realizado pela Pol\u00edcia Militar a uma casa, na noite dessa sexta-feira (3), na cidade de Pombal, no Sert\u00e3o,<\/p>\n","protected":false},"author":10,"featured_media":900668,"comment_status":"closed","ping_status":"closed","sticky":false,"template":"","format":"standard","meta":{"_exactmetrics_skip_tracking":false,"_exactmetrics_sitenote_active":false,"_exactmetrics_sitenote_note":"","_exactmetrics_sitenote_category":0,"footnotes":""},"categories":[4],"tags":[],"yoast_head":"<!-- This site is optimized with the Yoast SEO plugin v22.0 - https:\/\/yoast.com\/wordpress\/plugins\/seo\/ -->\n<title>Pol\u00edcia Militar prende suspeitos que vinham praticando v\u00e1rios assaltos na cidade de Pombal - Pol\u00edcia Militar da Para\u00edba<\/title>\n<meta name=\"robots\" content=\"index, follow, max-snippet:-1, max-image-preview:large, max-video-preview:-1\" \/>\n<link rel=\"canonical\" href=\"https:\/\/www.pm.pb.gov.br\/portal\/2019\/05\/04\/policia-militar-prende-suspeitos-que-vinham-praticando-varios-assaltos-na-cidade-de-pombal\/\" \/>\n<meta property=\"og:locale\" content=\"pt_BR\" \/>\n<meta property=\"og:type\" content=\"article\" \/>\n<meta property=\"og:title\" content=\"Pol\u00edcia Militar prende suspeitos que vinham praticando v\u00e1rios assaltos na cidade de Pombal - Pol\u00edcia Militar da Para\u00edba\" \/>\n<meta property=\"og:description\" content=\"Um cerco realizado pela Pol\u00edcia Militar a uma casa, na noite dessa sexta-feira (3), na cidade de Pombal, no Sert\u00e3o,\" \/>\n<meta property=\"og:url\" content=\"https:\/\/www.pm.pb.gov.br\/portal\/2019\/05\/04\/policia-militar-prende-suspeitos-que-vinham-praticando-varios-assaltos-na-cidade-de-pombal\/\" \/>\n<meta property=\"og:site_name\" content=\"Pol\u00edcia Militar da Para\u00edba\" \/>\n<meta property=\"article:published_time\" content=\"2019-05-04T13:25:04+00:00\" \/>\n<meta property=\"article:modified_time\" content=\"2019-05-04T16:24:38+00:00\" \/>\n<meta property=\"og:image\" content=\"https:\/\/www.pm.pb.gov.br\/portal\/wp-content\/uploads\/2019\/05\/WhatsApp-Image-2019-05-04-at-11.24.14.jpeg\" \/>\n\t<meta property=\"og:image:width\" content=\"1280\" \/>\n\t<meta property=\"og:image:height\" content=\"622\" \/>\n\t<meta property=\"og:image:type\" content=\"image\/jpeg\" \/>\n<meta name=\"author\" content=\"WAGNER HENRIQUE VARELA DA SILVA\" \/>\n<meta name=\"twitter:card\" content=\"summary_large_image\" \/>\n<meta name=\"twitter:label1\" content=\"Escrito por\" \/>\n\t<meta name=\"twitter:data1\" content=\"WAGNER HENRIQUE VARELA DA SILVA\" \/>\n\t<meta name=\"twitter:label2\" content=\"Est. tempo de leitura\" \/>\n\t<meta name=\"twitter:data2\" content=\"1 minuto\" \/>\n<script type=\"application\/ld+json\" class=\"yoast-schema-graph\">{\"@context\":\"https:\/\/schema.org\",\"@graph\":[{\"@type\":\"Article\",\"@id\":\"https:\/\/www.pm.pb.gov.br\/portal\/2019\/05\/04\/policia-militar-prende-suspeitos-que-vinham-praticando-varios-assaltos-na-cidade-de-pombal\/#article\",\"isPartOf\":{\"@id\":\"https:\/\/www.pm.pb.gov.br\/portal\/2019\/05\/04\/policia-militar-prende-suspeitos-que-vinham-praticando-varios-assaltos-na-cidade-de-pombal\/\"},\"author\":{\"name\":\"WAGNER HENRIQUE VARELA DA SILVA\",\"@id\":\"https:\/\/www.pm.pb.gov.br\/portal\/#\/schema\/person\/b169b297b8494dea236e315ed1a201d1\"},\"headline\":\"Pol\u00edcia Militar prende suspeitos que vinham praticando v\u00e1rios assaltos na cidade de Pombal\",\"datePublished\":\"2019-05-04T13:25:04+00:00\",\"dateModified\":\"2019-05-04T16:24:38+00:00\",\"mainEntityOfPage\":{\"@id\":\"https:\/\/www.pm.pb.gov.br\/portal\/2019\/05\/04\/policia-militar-prende-suspeitos-que-vinham-praticando-varios-assaltos-na-cidade-de-pombal\/\"},\"wordCount\":262,\"publisher\":{\"@id\":\"https:\/\/www.pm.pb.gov.br\/portal\/#organization\"},\"articleSection\":[\"A\u00e7\u00f5es Policiais\"],\"inLanguage\":\"pt-BR\"},{\"@type\":\"WebPage\",\"@id\":\"https:\/\/www.pm.pb.gov.br\/portal\/2019\/05\/04\/policia-militar-prende-suspeitos-que-vinham-praticando-varios-assaltos-na-cidade-de-pombal\/\",\"url\":\"https:\/\/www.pm.pb.gov.br\/portal\/2019\/05\/04\/policia-militar-prende-suspeitos-que-vinham-praticando-varios-assaltos-na-cidade-de-pombal\/\",\"name\":\"Pol\u00edcia Militar prende suspeitos que vinham praticando v\u00e1rios assaltos na cidade de Pombal - Pol\u00edcia Militar da Para\u00edba\",\"isPartOf\":{\"@id\":\"https:\/\/www.pm.pb.gov.br\/portal\/#website\"},\"datePublished\":\"2019-05-04T13:25:04+00:00\",\"dateModified\":\"2019-05-04T16:24:38+00:00\",\"breadcrumb\":{\"@id\":\"https:\/\/www.pm.pb.gov.br\/portal\/2019\/05\/04\/policia-militar-prende-suspeitos-que-vinham-praticando-varios-assaltos-na-cidade-de-pombal\/#breadcrumb\"},\"inLanguage\":\"pt-BR\",\"potentialAction\":[{\"@type\":\"ReadAction\",\"target\":[\"https:\/\/www.pm.pb.gov.br\/portal\/2019\/05\/04\/policia-militar-prende-suspeitos-que-vinham-praticando-varios-assaltos-na-cidade-de-pombal\/\"]}]},{\"@type\":\"BreadcrumbList\",\"@id\":\"https:\/\/www.pm.pb.gov.br\/portal\/2019\/05\/04\/policia-militar-prende-suspeitos-que-vinham-praticando-varios-assaltos-na-cidade-de-pombal\/#breadcrumb\",\"itemListElement\":[{\"@type\":\"ListItem\",\"position\":1,\"name\":\"In\u00edcio\",\"item\":\"https:\/\/www.pm.pb.gov.br\/portal\/\"},{\"@type\":\"ListItem\",\"position\":2,\"name\":\"Pol\u00edcia Militar prende suspeitos que vinham praticando v\u00e1rios assaltos na cidade de Pombal\"}]},{\"@type\":\"WebSite\",\"@id\":\"https:\/\/www.pm.pb.gov.br\/portal\/#website\",\"url\":\"https:\/\/www.pm.pb.gov.br\/portal\/\",\"name\":\"Pol\u00edcia Militar da Para\u00edba\",\"description\":\"\",\"publisher\":{\"@id\":\"https:\/\/www.pm.pb.gov.br\/portal\/#organization\"},\"potentialAction\":[{\"@type\":\"SearchAction\",\"target\":{\"@type\":\"EntryPoint\",\"urlTemplate\":\"https:\/\/www.pm.pb.gov.br\/portal\/?s={search_term_string}\"},\"query-input\":\"required name=search_term_string\"}],\"inLanguage\":\"pt-BR\"},{\"@type\":\"Organization\",\"@id\":\"https:\/\/www.pm.pb.gov.br\/portal\/#organization\",\"name\":\"Pol\u00edcia Militar da Para\u00edba\",\"url\":\"https:\/\/www.pm.pb.gov.br\/portal\/\",\"logo\":{\"@type\":\"ImageObject\",\"inLanguage\":\"pt-BR\",\"@id\":\"https:\/\/www.pm.pb.gov.br\/portal\/#\/schema\/logo\/image\/\",\"url\":\"https:\/\/www.pm.pb.gov.br\/portal\/wp-content\/uploads\/2025\/03\/cropped-logo-site-mag2-1.png\",\"contentUrl\":\"https:\/\/www.pm.pb.gov.br\/portal\/wp-content\/uploads\/2025\/03\/cropped-logo-site-mag2-1.png\",\"width\":320,\"height\":90,\"caption\":\"Pol\u00edcia Militar da Para\u00edba\"},\"image\":{\"@id\":\"https:\/\/www.pm.pb.gov.br\/portal\/#\/schema\/logo\/image\/\"}},{\"@type\":\"Person\",\"@id\":\"https:\/\/www.pm.pb.gov.br\/portal\/#\/schema\/person\/b169b297b8494dea236e315ed1a201d1\",\"name\":\"WAGNER HENRIQUE VARELA DA SILVA\",\"image\":{\"@type\":\"ImageObject\",\"inLanguage\":\"pt-BR\",\"@id\":\"https:\/\/www.pm.pb.gov.br\/portal\/#\/schema\/person\/image\/\",\"url\":\"https:\/\/secure.gravatar.com\/avatar\/e08af53176a66730df5c0706c6c31fd6?s=96&d=mm&r=g\",\"contentUrl\":\"https:\/\/secure.gravatar.com\/avatar\/e08af53176a66730df5c0706c6c31fd6?s=96&d=mm&r=g\",\"caption\":\"WAGNER HENRIQUE VARELA DA SILVA\"},\"url\":\"https:\/\/www.pm.pb.gov.br\/portal\/author\/varela\/\"}]}<\/script>\n<!-- \/ Yoast SEO plugin. -->","yoast_head_json":{"title":"Pol\u00edcia Militar prende suspeitos que vinham praticando v\u00e1rios assaltos na cidade de Pombal - Pol\u00edcia Militar da Para\u00edba","robots":{"index":"index","follow":"follow","max-snippet":"max-snippet:-1","max-image-preview":"max-image-preview:large","max-video-preview":"max-video-preview:-1"},"canonical":"https:\/\/www.pm.pb.gov.br\/portal\/2019\/05\/04\/policia-militar-prende-suspeitos-que-vinham-praticando-varios-assaltos-na-cidade-de-pombal\/","og_locale":"pt_BR","og_type":"article","og_title":"Pol\u00edcia Militar prende suspeitos que vinham praticando v\u00e1rios assaltos na cidade de Pombal - Pol\u00edcia Militar da Para\u00edba","og_description":"Um cerco realizado pela Pol\u00edcia Militar a uma casa, na noite dessa sexta-feira (3), na cidade de Pombal, no Sert\u00e3o,","og_url":"https:\/\/www.pm.pb.gov.br\/portal\/2019\/05\/04\/policia-militar-prende-suspeitos-que-vinham-praticando-varios-assaltos-na-cidade-de-pombal\/","og_site_name":"Pol\u00edcia Militar da Para\u00edba","article_published_time":"2019-05-04T13:25:04+00:00","article_modified_time":"2019-05-04T16:24:38+00:00","og_image":[{"width":1280,"height":622,"url":"https:\/\/www.pm.pb.gov.br\/portal\/wp-content\/uploads\/2019\/05\/WhatsApp-Image-2019-05-04-at-11.24.14.jpeg","type":"image\/jpeg"}],"author":"WAGNER HENRIQUE VARELA DA SILVA","twitter_card":"summary_large_image","twitter_misc":{"Escrito por":"WAGNER HENRIQUE VARELA DA SILVA","Est. tempo de leitura":"1 minuto"},"schema":{"@context":"https:\/\/schema.org","@graph":[{"@type":"Article","@id":"https:\/\/www.pm.pb.gov.br\/portal\/2019\/05\/04\/policia-militar-prende-suspeitos-que-vinham-praticando-varios-assaltos-na-cidade-de-pombal\/#article","isPartOf":{"@id":"https:\/\/www.pm.pb.gov.br\/portal\/2019\/05\/04\/policia-militar-prende-suspeitos-que-vinham-praticando-varios-assaltos-na-cidade-de-pombal\/"},"author":{"name":"WAGNER HENRIQUE VARELA DA SILVA","@id":"https:\/\/www.pm.pb.gov.br\/portal\/#\/schema\/person\/b169b297b8494dea236e315ed1a201d1"},"headline":"Pol\u00edcia Militar prende suspeitos que vinham praticando v\u00e1rios assaltos na cidade de Pombal","datePublished":"2019-05-04T13:25:04+00:00","dateModified":"2019-05-04T16:24:38+00:00","mainEntityOfPage":{"@id":"https:\/\/www.pm.pb.gov.br\/portal\/2019\/05\/04\/policia-militar-prende-suspeitos-que-vinham-praticando-varios-assaltos-na-cidade-de-pombal\/"},"wordCount":262,"publisher":{"@id":"https:\/\/www.pm.pb.gov.br\/portal\/#organization"},"articleSection":["A\u00e7\u00f5es Policiais"],"inLanguage":"pt-BR"},{"@type":"WebPage","@id":"https:\/\/www.pm.pb.gov.br\/portal\/2019\/05\/04\/policia-militar-prende-suspeitos-que-vinham-praticando-varios-assaltos-na-cidade-de-pombal\/","url":"https:\/\/www.pm.pb.gov.br\/portal\/2019\/05\/04\/policia-militar-prende-suspeitos-que-vinham-praticando-varios-assaltos-na-cidade-de-pombal\/","name":"Pol\u00edcia Militar prende suspeitos que vinham praticando v\u00e1rios assaltos na cidade de Pombal - Pol\u00edcia Militar da Para\u00edba","isPartOf":{"@id":"https:\/\/www.pm.pb.gov.br\/portal\/#website"},"datePublished":"2019-05-04T13:25:04+00:00","dateModified":"2019-05-04T16:24:38+00:00","breadcrumb":{"@id":"https:\/\/www.pm.pb.gov.br\/portal\/2019\/05\/04\/policia-militar-prende-suspeitos-que-vinham-praticando-varios-assaltos-na-cidade-de-pombal\/#breadcrumb"},"inLanguage":"pt-BR","potentialAction":[{"@type":"ReadAction","target":["https:\/\/www.pm.pb.gov.br\/portal\/2019\/05\/04\/policia-militar-prende-suspeitos-que-vinham-praticando-varios-assaltos-na-cidade-de-pombal\/"]}]},{"@type":"BreadcrumbList","@id":"https:\/\/www.pm.pb.gov.br\/portal\/2019\/05\/04\/policia-militar-prende-suspeitos-que-vinham-praticando-varios-assaltos-na-cidade-de-pombal\/#breadcrumb","itemListElement":[{"@type":"ListItem","position":1,"name":"In\u00edcio","item":"https:\/\/www.pm.pb.gov.br\/portal\/"},{"@type":"ListItem","position":2,"name":"Pol\u00edcia Militar prende suspeitos que vinham praticando v\u00e1rios assaltos na cidade de Pombal"}]},{"@type":"WebSite","@id":"https:\/\/www.pm.pb.gov.br\/portal\/#website","url":"https:\/\/www.pm.pb.gov.br\/portal\/","name":"Pol\u00edcia Militar da Para\u00edba","description":"","publisher":{"@id":"https:\/\/www.pm.pb.gov.br\/portal\/#organization"},"potentialAction":[{"@type":"SearchAction","target":{"@type":"EntryPoint","urlTemplate":"https:\/\/www.pm.pb.gov.br\/portal\/?s={search_term_string}"},"query-input":"required name=search_term_string"}],"inLanguage":"pt-BR"},{"@type":"Organization","@id":"https:\/\/www.pm.pb.gov.br\/portal\/#organization","name":"Pol\u00edcia Militar da Para\u00edba","url":"https:\/\/www.pm.pb.gov.br\/portal\/","logo":{"@type":"ImageObject","inLanguage":"pt-BR","@id":"https:\/\/www.pm.pb.gov.br\/portal\/#\/schema\/logo\/image\/","url":"https:\/\/www.pm.pb.gov.br\/portal\/wp-content\/uploads\/2025\/03\/cropped-logo-site-mag2-1.png","contentUrl":"https:\/\/www.pm.pb.gov.br\/portal\/wp-content\/uploads\/2025\/03\/cropped-logo-site-mag2-1.png","width":320,"height":90,"caption":"Pol\u00edcia Militar da Para\u00edba"},"image":{"@id":"https:\/\/www.pm.pb.gov.br\/portal\/#\/schema\/logo\/image\/"}},{"@type":"Person","@id":"https:\/\/www.pm.pb.gov.br\/portal\/#\/schema\/person\/b169b297b8494dea236e315ed1a201d1","name":"WAGNER HENRIQUE VARELA DA SILVA","image":{"@type":"ImageObject","inLanguage":"pt-BR","@id":"https:\/\/www.pm.pb.gov.br\/portal\/#\/schema\/person\/image\/","url":"https:\/\/secure.gravatar.com\/avatar\/e08af53176a66730df5c0706c6c31fd6?s=96&d=mm&r=g","contentUrl":"https:\/\/secure.gravatar.com\/avatar\/e08af53176a66730df5c0706c6c31fd6?s=96&d=mm&r=g","caption":"WAGNER HENRIQUE VARELA DA SILVA"},"url":"https:\/\/www.pm.pb.gov.br\/portal\/author\/varela\/"}]}},"_links":{"self":[{"href":"https:\/\/www.pm.pb.gov.br\/portal\/wp-json\/wp\/v2\/posts\/900661"}],"collection":[{"href":"https:\/\/www.pm.pb.gov.br\/portal\/wp-json\/wp\/v2\/posts"}],"about":[{"href":"https:\/\/www.pm.pb.gov.br\/portal\/wp-json\/wp\/v2\/types\/post"}],"author":[{"embeddable":true,"href":"https:\/\/www.pm.pb.gov.br\/portal\/wp-json\/wp\/v2\/users\/10"}],"replies":[{"embeddable":true,"href":"https:\/\/www.pm.pb.gov.br\/portal\/wp-json\/wp\/v2\/comments?post=900661"}],"version-history":[{"count":1,"href":"https:\/\/www.pm.pb.gov.br\/portal\/wp-json\/wp\/v2\/posts\/900661\/revisions"}],"predecessor-version":[{"id":900662,"href":"https:\/\/www.pm.pb.gov.br\/portal\/wp-json\/wp\/v2\/posts\/900661\/revisions\/900662"}],"wp:featuredmedia":[{"embeddable":true,"href":"https:\/\/www.pm.pb.gov.br\/portal\/wp-json\/wp\/v2\/media\/900668"}],"wp:attachment":[{"href":"https:\/\/www.pm.pb.gov.br\/portal\/wp-json\/wp\/v2\/media?parent=900661"}],"wp:term":[{"taxonomy":"category","embeddable":true,"href":"https:\/\/www.pm.pb.gov.br\/portal\/wp-json\/wp\/v2\/categories?post=900661"},{"taxonomy":"post_tag","embeddable":true,"href":"https:\/\/www.pm.pb.gov.br\/portal\/wp-json\/wp\/v2\/tags?post=900661"}],"curies":[{"name":"wp","href":"https:\/\/api.w.org\/{rel}","templated":true}]}}