{"id":900655,"date":"2019-05-03T17:12:04","date_gmt":"2019-05-03T20:12:04","guid":{"rendered":"http:\/\/www.pm.pb.gov.br\/portal\/?p=900655"},"modified":"2019-05-04T01:14:31","modified_gmt":"2019-05-04T04:14:31","slug":"policia-militar-divulga-resultado-de-mais-uma-etapa-do-concurso-do-cfo-e-convoca-candidatos-para-proxima-fase","status":"publish","type":"post","link":"https:\/\/www.pm.pb.gov.br\/portal\/2019\/05\/03\/policia-militar-divulga-resultado-de-mais-uma-etapa-do-concurso-do-cfo-e-convoca-candidatos-para-proxima-fase\/","title":{"rendered":"Pol\u00edcia Militar divulga resultado de mais uma etapa do concurso do CFO e convoca candidatos para pr\u00f3xima fase"},"content":{"rendered":"\n<p>A Pol\u00edcia Militar divulgou, no site da corpora\u00e7\u00e3o, o resultado de mais uma etapa para o concurso do Curso de Forma\u00e7\u00e3o de Oficiais (CFO). J\u00e1 est\u00e1 dispon\u00edvel o resultado do exame psicol\u00f3gico e a convoca\u00e7\u00e3o de 78 candidatos considerados \u201cindicados\u201d para a realiza\u00e7\u00e3o e entrega dos exames de sa\u00fade.<\/p>\n\n\n\n<p>Essa pr\u00f3xima fase acontece na Policl\u00ednica da Pol\u00edcia Militar, na Rua da Areia, S\/N, no Centro de Jo\u00e3o Pessoa, na pr\u00f3xima quarta-feira (8), \u00e0s 8h. Segundo o ato de convoca\u00e7\u00e3o, o candidato dever\u00e1 comparecer de posse de todos os exames laboratoriais constantes no subitem 7.3.4.3 do edital do concurso, observando o que estabelece o subitem 7.3.4.4 e 7.3.10. O ato tamb\u00e9m prev\u00ea que o candidato dever\u00e1 apresentar a documenta\u00e7\u00e3o de identifica\u00e7\u00e3o exigida, conforme os subitens 16.7 e 16.8 do mesmo edital.<\/p>\n\n\n\n<p>Os candidatos que forem considerados aptos no exame de sa\u00fade dever\u00e3o realizar o exame de aptid\u00e3o f\u00edsica nos pr\u00f3ximos dias 14 e 15 de maio, na Vila Parahyba, tamb\u00e9m na capital. A convoca\u00e7\u00e3o para esta etapa acontecer\u00e1 em ato posterior, a ser publicada no site da corpora\u00e7\u00e3o.<\/p>\n\n\n\n<p>Mais informa\u00e7\u00f5es poder\u00e3o ser obtidas no site institucional da PMPB, ou por meio do link:&nbsp;<a href=\"http:\/\/newsletter.secom.pb.gov.br\/mailing\/link.php?email=assessoriapmpb@gmail.com&amp;mensagem=444&amp;link=www.pm.pb.gov.br\/portal\/informacoes\/concursos\/concursos-publicos\/\" target=\"_blank\" rel=\"noreferrer noopener\">www.pm.pb.gov.br\/portal\/informacoes\/concursos\/concursos-publicos\/<\/a>, ou no edital do concurso.&nbsp;<\/p>\n","protected":false},"excerpt":{"rendered":"<p>A Pol\u00edcia Militar divulgou, no site da corpora\u00e7\u00e3o, o resultado de mais uma etapa para o concurso do Curso de<\/p>\n","protected":false},"author":12,"featured_media":900217,"comment_status":"closed","ping_status":"closed","sticky":false,"template":"","format":"standard","meta":{"_exactmetrics_skip_tracking":false,"_exactmetrics_sitenote_active":false,"_exactmetrics_sitenote_note":"","_exactmetrics_sitenote_category":0,"footnotes":""},"categories":[6],"tags":[],"yoast_head":"<!-- This site is optimized with the Yoast SEO plugin v22.0 - https:\/\/yoast.com\/wordpress\/plugins\/seo\/ -->\n<title>Pol\u00edcia Militar divulga resultado de mais uma etapa do concurso do CFO e convoca candidatos para pr\u00f3xima fase - Pol\u00edcia Militar da Para\u00edba<\/title>\n<meta name=\"robots\" content=\"index, follow, max-snippet:-1, max-image-preview:large, max-video-preview:-1\" \/>\n<link rel=\"canonical\" href=\"https:\/\/www.pm.pb.gov.br\/portal\/2019\/05\/03\/policia-militar-divulga-resultado-de-mais-uma-etapa-do-concurso-do-cfo-e-convoca-candidatos-para-proxima-fase\/\" \/>\n<meta property=\"og:locale\" content=\"pt_BR\" \/>\n<meta property=\"og:type\" content=\"article\" \/>\n<meta property=\"og:title\" content=\"Pol\u00edcia Militar divulga resultado de mais uma etapa do concurso do CFO e convoca candidatos para pr\u00f3xima fase - Pol\u00edcia Militar da Para\u00edba\" \/>\n<meta property=\"og:description\" content=\"A Pol\u00edcia Militar divulgou, no site da corpora\u00e7\u00e3o, o resultado de mais uma etapa para o concurso do Curso de\" \/>\n<meta property=\"og:url\" content=\"https:\/\/www.pm.pb.gov.br\/portal\/2019\/05\/03\/policia-militar-divulga-resultado-de-mais-uma-etapa-do-concurso-do-cfo-e-convoca-candidatos-para-proxima-fase\/\" \/>\n<meta property=\"og:site_name\" content=\"Pol\u00edcia Militar da Para\u00edba\" \/>\n<meta property=\"article:published_time\" content=\"2019-05-03T20:12:04+00:00\" \/>\n<meta property=\"article:modified_time\" content=\"2019-05-04T04:14:31+00:00\" \/>\n<meta property=\"og:image\" content=\"https:\/\/www.pm.pb.gov.br\/portal\/wp-content\/uploads\/2019\/03\/CFO.jpg\" \/>\n\t<meta property=\"og:image:width\" content=\"800\" \/>\n\t<meta property=\"og:image:height\" content=\"445\" \/>\n\t<meta property=\"og:image:type\" content=\"image\/jpeg\" \/>\n<meta name=\"author\" content=\"Tarcisio Oliveira\" \/>\n<meta name=\"twitter:card\" content=\"summary_large_image\" \/>\n<meta name=\"twitter:label1\" content=\"Escrito por\" \/>\n\t<meta name=\"twitter:data1\" content=\"Tarcisio Oliveira\" \/>\n\t<meta name=\"twitter:label2\" content=\"Est. tempo de leitura\" \/>\n\t<meta name=\"twitter:data2\" content=\"1 minuto\" \/>\n<script type=\"application\/ld+json\" class=\"yoast-schema-graph\">{\"@context\":\"https:\/\/schema.org\",\"@graph\":[{\"@type\":\"Article\",\"@id\":\"https:\/\/www.pm.pb.gov.br\/portal\/2019\/05\/03\/policia-militar-divulga-resultado-de-mais-uma-etapa-do-concurso-do-cfo-e-convoca-candidatos-para-proxima-fase\/#article\",\"isPartOf\":{\"@id\":\"https:\/\/www.pm.pb.gov.br\/portal\/2019\/05\/03\/policia-militar-divulga-resultado-de-mais-uma-etapa-do-concurso-do-cfo-e-convoca-candidatos-para-proxima-fase\/\"},\"author\":{\"name\":\"Tarcisio Oliveira\",\"@id\":\"https:\/\/www.pm.pb.gov.br\/portal\/#\/schema\/person\/f84f56dcc78ce4357054da888b8247fd\"},\"headline\":\"Pol\u00edcia Militar divulga resultado de mais uma etapa do concurso do CFO e convoca candidatos para pr\u00f3xima fase\",\"datePublished\":\"2019-05-03T20:12:04+00:00\",\"dateModified\":\"2019-05-04T04:14:31+00:00\",\"mainEntityOfPage\":{\"@id\":\"https:\/\/www.pm.pb.gov.br\/portal\/2019\/05\/03\/policia-militar-divulga-resultado-de-mais-uma-etapa-do-concurso-do-cfo-e-convoca-candidatos-para-proxima-fase\/\"},\"wordCount\":247,\"publisher\":{\"@id\":\"https:\/\/www.pm.pb.gov.br\/portal\/#organization\"},\"articleSection\":[\"Cursos\"],\"inLanguage\":\"pt-BR\"},{\"@type\":\"WebPage\",\"@id\":\"https:\/\/www.pm.pb.gov.br\/portal\/2019\/05\/03\/policia-militar-divulga-resultado-de-mais-uma-etapa-do-concurso-do-cfo-e-convoca-candidatos-para-proxima-fase\/\",\"url\":\"https:\/\/www.pm.pb.gov.br\/portal\/2019\/05\/03\/policia-militar-divulga-resultado-de-mais-uma-etapa-do-concurso-do-cfo-e-convoca-candidatos-para-proxima-fase\/\",\"name\":\"Pol\u00edcia Militar divulga resultado de mais uma etapa do concurso do CFO e convoca candidatos para pr\u00f3xima fase - Pol\u00edcia Militar da Para\u00edba\",\"isPartOf\":{\"@id\":\"https:\/\/www.pm.pb.gov.br\/portal\/#website\"},\"datePublished\":\"2019-05-03T20:12:04+00:00\",\"dateModified\":\"2019-05-04T04:14:31+00:00\",\"breadcrumb\":{\"@id\":\"https:\/\/www.pm.pb.gov.br\/portal\/2019\/05\/03\/policia-militar-divulga-resultado-de-mais-uma-etapa-do-concurso-do-cfo-e-convoca-candidatos-para-proxima-fase\/#breadcrumb\"},\"inLanguage\":\"pt-BR\",\"potentialAction\":[{\"@type\":\"ReadAction\",\"target\":[\"https:\/\/www.pm.pb.gov.br\/portal\/2019\/05\/03\/policia-militar-divulga-resultado-de-mais-uma-etapa-do-concurso-do-cfo-e-convoca-candidatos-para-proxima-fase\/\"]}]},{\"@type\":\"BreadcrumbList\",\"@id\":\"https:\/\/www.pm.pb.gov.br\/portal\/2019\/05\/03\/policia-militar-divulga-resultado-de-mais-uma-etapa-do-concurso-do-cfo-e-convoca-candidatos-para-proxima-fase\/#breadcrumb\",\"itemListElement\":[{\"@type\":\"ListItem\",\"position\":1,\"name\":\"In\u00edcio\",\"item\":\"https:\/\/www.pm.pb.gov.br\/portal\/\"},{\"@type\":\"ListItem\",\"position\":2,\"name\":\"Pol\u00edcia Militar divulga resultado de mais uma etapa do concurso do CFO e convoca candidatos para pr\u00f3xima fase\"}]},{\"@type\":\"WebSite\",\"@id\":\"https:\/\/www.pm.pb.gov.br\/portal\/#website\",\"url\":\"https:\/\/www.pm.pb.gov.br\/portal\/\",\"name\":\"Pol\u00edcia Militar da Para\u00edba\",\"description\":\"\",\"publisher\":{\"@id\":\"https:\/\/www.pm.pb.gov.br\/portal\/#organization\"},\"potentialAction\":[{\"@type\":\"SearchAction\",\"target\":{\"@type\":\"EntryPoint\",\"urlTemplate\":\"https:\/\/www.pm.pb.gov.br\/portal\/?s={search_term_string}\"},\"query-input\":\"required name=search_term_string\"}],\"inLanguage\":\"pt-BR\"},{\"@type\":\"Organization\",\"@id\":\"https:\/\/www.pm.pb.gov.br\/portal\/#organization\",\"name\":\"Pol\u00edcia Militar da Para\u00edba\",\"url\":\"https:\/\/www.pm.pb.gov.br\/portal\/\",\"logo\":{\"@type\":\"ImageObject\",\"inLanguage\":\"pt-BR\",\"@id\":\"https:\/\/www.pm.pb.gov.br\/portal\/#\/schema\/logo\/image\/\",\"url\":\"https:\/\/www.pm.pb.gov.br\/portal\/wp-content\/uploads\/2025\/03\/cropped-logo-site-mag2-1.png\",\"contentUrl\":\"https:\/\/www.pm.pb.gov.br\/portal\/wp-content\/uploads\/2025\/03\/cropped-logo-site-mag2-1.png\",\"width\":320,\"height\":90,\"caption\":\"Pol\u00edcia Militar da Para\u00edba\"},\"image\":{\"@id\":\"https:\/\/www.pm.pb.gov.br\/portal\/#\/schema\/logo\/image\/\"}},{\"@type\":\"Person\",\"@id\":\"https:\/\/www.pm.pb.gov.br\/portal\/#\/schema\/person\/f84f56dcc78ce4357054da888b8247fd\",\"name\":\"Tarcisio Oliveira\",\"image\":{\"@type\":\"ImageObject\",\"inLanguage\":\"pt-BR\",\"@id\":\"https:\/\/www.pm.pb.gov.br\/portal\/#\/schema\/person\/image\/\",\"url\":\"https:\/\/secure.gravatar.com\/avatar\/72917b630b69d31cd0297507f34bac97?s=96&d=mm&r=g\",\"contentUrl\":\"https:\/\/secure.gravatar.com\/avatar\/72917b630b69d31cd0297507f34bac97?s=96&d=mm&r=g\",\"caption\":\"Tarcisio Oliveira\"},\"url\":\"https:\/\/www.pm.pb.gov.br\/portal\/author\/tarcisio\/\"}]}<\/script>\n<!-- \/ Yoast SEO plugin. -->","yoast_head_json":{"title":"Pol\u00edcia Militar divulga resultado de mais uma etapa do concurso do CFO e convoca candidatos para pr\u00f3xima fase - Pol\u00edcia Militar da Para\u00edba","robots":{"index":"index","follow":"follow","max-snippet":"max-snippet:-1","max-image-preview":"max-image-preview:large","max-video-preview":"max-video-preview:-1"},"canonical":"https:\/\/www.pm.pb.gov.br\/portal\/2019\/05\/03\/policia-militar-divulga-resultado-de-mais-uma-etapa-do-concurso-do-cfo-e-convoca-candidatos-para-proxima-fase\/","og_locale":"pt_BR","og_type":"article","og_title":"Pol\u00edcia Militar divulga resultado de mais uma etapa do concurso do CFO e convoca candidatos para pr\u00f3xima fase - Pol\u00edcia Militar da Para\u00edba","og_description":"A Pol\u00edcia Militar divulgou, no site da corpora\u00e7\u00e3o, o resultado de mais uma etapa para o concurso do Curso de","og_url":"https:\/\/www.pm.pb.gov.br\/portal\/2019\/05\/03\/policia-militar-divulga-resultado-de-mais-uma-etapa-do-concurso-do-cfo-e-convoca-candidatos-para-proxima-fase\/","og_site_name":"Pol\u00edcia Militar da Para\u00edba","article_published_time":"2019-05-03T20:12:04+00:00","article_modified_time":"2019-05-04T04:14:31+00:00","og_image":[{"width":800,"height":445,"url":"https:\/\/www.pm.pb.gov.br\/portal\/wp-content\/uploads\/2019\/03\/CFO.jpg","type":"image\/jpeg"}],"author":"Tarcisio Oliveira","twitter_card":"summary_large_image","twitter_misc":{"Escrito por":"Tarcisio Oliveira","Est. tempo de leitura":"1 minuto"},"schema":{"@context":"https:\/\/schema.org","@graph":[{"@type":"Article","@id":"https:\/\/www.pm.pb.gov.br\/portal\/2019\/05\/03\/policia-militar-divulga-resultado-de-mais-uma-etapa-do-concurso-do-cfo-e-convoca-candidatos-para-proxima-fase\/#article","isPartOf":{"@id":"https:\/\/www.pm.pb.gov.br\/portal\/2019\/05\/03\/policia-militar-divulga-resultado-de-mais-uma-etapa-do-concurso-do-cfo-e-convoca-candidatos-para-proxima-fase\/"},"author":{"name":"Tarcisio Oliveira","@id":"https:\/\/www.pm.pb.gov.br\/portal\/#\/schema\/person\/f84f56dcc78ce4357054da888b8247fd"},"headline":"Pol\u00edcia Militar divulga resultado de mais uma etapa do concurso do CFO e convoca candidatos para pr\u00f3xima fase","datePublished":"2019-05-03T20:12:04+00:00","dateModified":"2019-05-04T04:14:31+00:00","mainEntityOfPage":{"@id":"https:\/\/www.pm.pb.gov.br\/portal\/2019\/05\/03\/policia-militar-divulga-resultado-de-mais-uma-etapa-do-concurso-do-cfo-e-convoca-candidatos-para-proxima-fase\/"},"wordCount":247,"publisher":{"@id":"https:\/\/www.pm.pb.gov.br\/portal\/#organization"},"articleSection":["Cursos"],"inLanguage":"pt-BR"},{"@type":"WebPage","@id":"https:\/\/www.pm.pb.gov.br\/portal\/2019\/05\/03\/policia-militar-divulga-resultado-de-mais-uma-etapa-do-concurso-do-cfo-e-convoca-candidatos-para-proxima-fase\/","url":"https:\/\/www.pm.pb.gov.br\/portal\/2019\/05\/03\/policia-militar-divulga-resultado-de-mais-uma-etapa-do-concurso-do-cfo-e-convoca-candidatos-para-proxima-fase\/","name":"Pol\u00edcia Militar divulga resultado de mais uma etapa do concurso do CFO e convoca candidatos para pr\u00f3xima fase - Pol\u00edcia Militar da Para\u00edba","isPartOf":{"@id":"https:\/\/www.pm.pb.gov.br\/portal\/#website"},"datePublished":"2019-05-03T20:12:04+00:00","dateModified":"2019-05-04T04:14:31+00:00","breadcrumb":{"@id":"https:\/\/www.pm.pb.gov.br\/portal\/2019\/05\/03\/policia-militar-divulga-resultado-de-mais-uma-etapa-do-concurso-do-cfo-e-convoca-candidatos-para-proxima-fase\/#breadcrumb"},"inLanguage":"pt-BR","potentialAction":[{"@type":"ReadAction","target":["https:\/\/www.pm.pb.gov.br\/portal\/2019\/05\/03\/policia-militar-divulga-resultado-de-mais-uma-etapa-do-concurso-do-cfo-e-convoca-candidatos-para-proxima-fase\/"]}]},{"@type":"BreadcrumbList","@id":"https:\/\/www.pm.pb.gov.br\/portal\/2019\/05\/03\/policia-militar-divulga-resultado-de-mais-uma-etapa-do-concurso-do-cfo-e-convoca-candidatos-para-proxima-fase\/#breadcrumb","itemListElement":[{"@type":"ListItem","position":1,"name":"In\u00edcio","item":"https:\/\/www.pm.pb.gov.br\/portal\/"},{"@type":"ListItem","position":2,"name":"Pol\u00edcia Militar divulga resultado de mais uma etapa do concurso do CFO e convoca candidatos para pr\u00f3xima fase"}]},{"@type":"WebSite","@id":"https:\/\/www.pm.pb.gov.br\/portal\/#website","url":"https:\/\/www.pm.pb.gov.br\/portal\/","name":"Pol\u00edcia Militar da Para\u00edba","description":"","publisher":{"@id":"https:\/\/www.pm.pb.gov.br\/portal\/#organization"},"potentialAction":[{"@type":"SearchAction","target":{"@type":"EntryPoint","urlTemplate":"https:\/\/www.pm.pb.gov.br\/portal\/?s={search_term_string}"},"query-input":"required name=search_term_string"}],"inLanguage":"pt-BR"},{"@type":"Organization","@id":"https:\/\/www.pm.pb.gov.br\/portal\/#organization","name":"Pol\u00edcia Militar da Para\u00edba","url":"https:\/\/www.pm.pb.gov.br\/portal\/","logo":{"@type":"ImageObject","inLanguage":"pt-BR","@id":"https:\/\/www.pm.pb.gov.br\/portal\/#\/schema\/logo\/image\/","url":"https:\/\/www.pm.pb.gov.br\/portal\/wp-content\/uploads\/2025\/03\/cropped-logo-site-mag2-1.png","contentUrl":"https:\/\/www.pm.pb.gov.br\/portal\/wp-content\/uploads\/2025\/03\/cropped-logo-site-mag2-1.png","width":320,"height":90,"caption":"Pol\u00edcia Militar da Para\u00edba"},"image":{"@id":"https:\/\/www.pm.pb.gov.br\/portal\/#\/schema\/logo\/image\/"}},{"@type":"Person","@id":"https:\/\/www.pm.pb.gov.br\/portal\/#\/schema\/person\/f84f56dcc78ce4357054da888b8247fd","name":"Tarcisio Oliveira","image":{"@type":"ImageObject","inLanguage":"pt-BR","@id":"https:\/\/www.pm.pb.gov.br\/portal\/#\/schema\/person\/image\/","url":"https:\/\/secure.gravatar.com\/avatar\/72917b630b69d31cd0297507f34bac97?s=96&d=mm&r=g","contentUrl":"https:\/\/secure.gravatar.com\/avatar\/72917b630b69d31cd0297507f34bac97?s=96&d=mm&r=g","caption":"Tarcisio Oliveira"},"url":"https:\/\/www.pm.pb.gov.br\/portal\/author\/tarcisio\/"}]}},"_links":{"self":[{"href":"https:\/\/www.pm.pb.gov.br\/portal\/wp-json\/wp\/v2\/posts\/900655"}],"collection":[{"href":"https:\/\/www.pm.pb.gov.br\/portal\/wp-json\/wp\/v2\/posts"}],"about":[{"href":"https:\/\/www.pm.pb.gov.br\/portal\/wp-json\/wp\/v2\/types\/post"}],"author":[{"embeddable":true,"href":"https:\/\/www.pm.pb.gov.br\/portal\/wp-json\/wp\/v2\/users\/12"}],"replies":[{"embeddable":true,"href":"https:\/\/www.pm.pb.gov.br\/portal\/wp-json\/wp\/v2\/comments?post=900655"}],"version-history":[{"count":1,"href":"https:\/\/www.pm.pb.gov.br\/portal\/wp-json\/wp\/v2\/posts\/900655\/revisions"}],"predecessor-version":[{"id":900656,"href":"https:\/\/www.pm.pb.gov.br\/portal\/wp-json\/wp\/v2\/posts\/900655\/revisions\/900656"}],"wp:featuredmedia":[{"embeddable":true,"href":"https:\/\/www.pm.pb.gov.br\/portal\/wp-json\/wp\/v2\/media\/900217"}],"wp:attachment":[{"href":"https:\/\/www.pm.pb.gov.br\/portal\/wp-json\/wp\/v2\/media?parent=900655"}],"wp:term":[{"taxonomy":"category","embeddable":true,"href":"https:\/\/www.pm.pb.gov.br\/portal\/wp-json\/wp\/v2\/categories?post=900655"},{"taxonomy":"post_tag","embeddable":true,"href":"https:\/\/www.pm.pb.gov.br\/portal\/wp-json\/wp\/v2\/tags?post=900655"}],"curies":[{"name":"wp","href":"https:\/\/api.w.org\/{rel}","templated":true}]}}