{"id":900652,"date":"2019-05-03T19:55:25","date_gmt":"2019-05-03T22:55:25","guid":{"rendered":"http:\/\/www.pm.pb.gov.br\/portal\/?p=900652"},"modified":"2019-05-04T01:06:11","modified_gmt":"2019-05-04T04:06:11","slug":"policia-militar-prende-integrantes-da-quadrilha-responsavel-por-assalto-contra-agencia-dos-correios-no-sertao","status":"publish","type":"post","link":"https:\/\/www.pm.pb.gov.br\/portal\/2019\/05\/03\/policia-militar-prende-integrantes-da-quadrilha-responsavel-por-assalto-contra-agencia-dos-correios-no-sertao\/","title":{"rendered":"Pol\u00edcia Militar prende integrantes da quadrilha respons\u00e1vel por assalto contra ag\u00eancia dos Correios no Sert\u00e3o"},"content":{"rendered":"\n<p>\n\nA Pol\u00edcia Militar prendeu, na tarde desta sexta-feira (3), dois integrantes da quadrilha que tentou assaltar a ag\u00eancia dos Correios da cidade de \u00c1gua Branca, na tarde dessa quinta-feira (2), no Sert\u00e3o da Para\u00edba. Eles foram presos no munic\u00edpio de Teixeira, ap\u00f3s 24 horas de buscas. O grupo tem ramifica\u00e7\u00f5es nos Estados de Pernambuco e Rio Grande do Norte.&nbsp;<\/p>\n\n\n\n<p>De acordo com o Comandante do Policiamento Regional II, coronel Francisco Campos, a dupla foi presa na casa do assaltante que morreu durante confronto com o vigilante da ag\u00eancia, que reagiu ao roubo. \u201cEles estavam na casa do assaltante Ant\u00f4nio Pereira In\u00e1cio, onde foram apreendidas tr\u00eas armas de fogo (foto abaixo) que tinham sido usadas no crime\u201d, detalhou.\u00a0<\/p>\n\n\n\n<p>O oficial disse que desde o momento da tentativa do roubo, a PM realizava buscas em todo o Sert\u00e3o. \u201cChegamos at\u00e9 eles atrav\u00e9s de um trabalho intensificado, mas ainda continuamos as dilig\u00eancias para prender o quarto acusado, que \u00e9 o \u00fanico que falta ser preso\u201d, detalhou.<\/p>\n\n\n\n<div class=\"wp-block-image\"><figure class=\"aligncenter is-resized\"><img loading=\"lazy\" decoding=\"async\" src=\"http:\/\/www.pm.pb.gov.br\/portal\/wp-content\/uploads\/2019\/05\/armasapreendidas-760x570.jpeg\" alt=\"\" class=\"wp-image-900653\" width=\"488\" height=\"366\" srcset=\"https:\/\/www.pm.pb.gov.br\/portal\/wp-content\/uploads\/2019\/05\/armasapreendidas-760x570.jpeg 760w, https:\/\/www.pm.pb.gov.br\/portal\/wp-content\/uploads\/2019\/05\/armasapreendidas-593x445.jpeg 593w, https:\/\/www.pm.pb.gov.br\/portal\/wp-content\/uploads\/2019\/05\/armasapreendidas-768x576.jpeg 768w, https:\/\/www.pm.pb.gov.br\/portal\/wp-content\/uploads\/2019\/05\/armasapreendidas.jpeg 1152w\" sizes=\"(max-width: 488px) 100vw, 488px\" \/><\/figure><\/div>\n\n\n\n<p>Os presos t\u00eam dois mandados de pris\u00e3o, sendo um deles procurado pela Justi\u00e7a do Rio Grande do Norte. Eles ser\u00e3o levados para a sede da Pol\u00edcia Federal, em Patos.<\/p>\n","protected":false},"excerpt":{"rendered":"<p>A Pol\u00edcia Militar prendeu, na tarde desta sexta-feira (3), dois integrantes da quadrilha que tentou assaltar a ag\u00eancia dos Correios<\/p>\n","protected":false},"author":12,"featured_media":900538,"comment_status":"closed","ping_status":"closed","sticky":false,"template":"","format":"standard","meta":{"_exactmetrics_skip_tracking":false,"_exactmetrics_sitenote_active":false,"_exactmetrics_sitenote_note":"","_exactmetrics_sitenote_category":0,"footnotes":""},"categories":[4],"tags":[],"yoast_head":"<!-- This site is optimized with the Yoast SEO plugin v22.0 - https:\/\/yoast.com\/wordpress\/plugins\/seo\/ -->\n<title>Pol\u00edcia Militar prende integrantes da quadrilha respons\u00e1vel por assalto contra ag\u00eancia dos Correios no Sert\u00e3o - Pol\u00edcia Militar da Para\u00edba<\/title>\n<meta name=\"robots\" content=\"index, follow, max-snippet:-1, max-image-preview:large, max-video-preview:-1\" \/>\n<link rel=\"canonical\" href=\"https:\/\/www.pm.pb.gov.br\/portal\/2019\/05\/03\/policia-militar-prende-integrantes-da-quadrilha-responsavel-por-assalto-contra-agencia-dos-correios-no-sertao\/\" \/>\n<meta property=\"og:locale\" content=\"pt_BR\" \/>\n<meta property=\"og:type\" content=\"article\" \/>\n<meta property=\"og:title\" content=\"Pol\u00edcia Militar prende integrantes da quadrilha respons\u00e1vel por assalto contra ag\u00eancia dos Correios no Sert\u00e3o - Pol\u00edcia Militar da Para\u00edba\" \/>\n<meta property=\"og:description\" content=\"A Pol\u00edcia Militar prendeu, na tarde desta sexta-feira (3), dois integrantes da quadrilha que tentou assaltar a ag\u00eancia dos Correios\" \/>\n<meta property=\"og:url\" content=\"https:\/\/www.pm.pb.gov.br\/portal\/2019\/05\/03\/policia-militar-prende-integrantes-da-quadrilha-responsavel-por-assalto-contra-agencia-dos-correios-no-sertao\/\" \/>\n<meta property=\"og:site_name\" content=\"Pol\u00edcia Militar da Para\u00edba\" \/>\n<meta property=\"article:published_time\" content=\"2019-05-03T22:55:25+00:00\" \/>\n<meta property=\"article:modified_time\" content=\"2019-05-04T04:06:11+00:00\" \/>\n<meta property=\"og:image\" content=\"https:\/\/www.pm.pb.gov.br\/portal\/wp-content\/uploads\/2019\/04\/patossite.jpeg\" \/>\n\t<meta property=\"og:image:width\" content=\"800\" \/>\n\t<meta property=\"og:image:height\" content=\"445\" \/>\n\t<meta property=\"og:image:type\" content=\"image\/jpeg\" \/>\n<meta name=\"author\" content=\"Tarcisio Oliveira\" \/>\n<meta name=\"twitter:card\" content=\"summary_large_image\" \/>\n<meta name=\"twitter:label1\" content=\"Escrito por\" \/>\n\t<meta name=\"twitter:data1\" content=\"Tarcisio Oliveira\" \/>\n\t<meta name=\"twitter:label2\" content=\"Est. tempo de leitura\" \/>\n\t<meta name=\"twitter:data2\" content=\"1 minuto\" \/>\n<script type=\"application\/ld+json\" class=\"yoast-schema-graph\">{\"@context\":\"https:\/\/schema.org\",\"@graph\":[{\"@type\":\"Article\",\"@id\":\"https:\/\/www.pm.pb.gov.br\/portal\/2019\/05\/03\/policia-militar-prende-integrantes-da-quadrilha-responsavel-por-assalto-contra-agencia-dos-correios-no-sertao\/#article\",\"isPartOf\":{\"@id\":\"https:\/\/www.pm.pb.gov.br\/portal\/2019\/05\/03\/policia-militar-prende-integrantes-da-quadrilha-responsavel-por-assalto-contra-agencia-dos-correios-no-sertao\/\"},\"author\":{\"name\":\"Tarcisio Oliveira\",\"@id\":\"https:\/\/www.pm.pb.gov.br\/portal\/#\/schema\/person\/f84f56dcc78ce4357054da888b8247fd\"},\"headline\":\"Pol\u00edcia Militar prende integrantes da quadrilha respons\u00e1vel por assalto contra ag\u00eancia dos Correios no Sert\u00e3o\",\"datePublished\":\"2019-05-03T22:55:25+00:00\",\"dateModified\":\"2019-05-04T04:06:11+00:00\",\"mainEntityOfPage\":{\"@id\":\"https:\/\/www.pm.pb.gov.br\/portal\/2019\/05\/03\/policia-militar-prende-integrantes-da-quadrilha-responsavel-por-assalto-contra-agencia-dos-correios-no-sertao\/\"},\"wordCount\":227,\"publisher\":{\"@id\":\"https:\/\/www.pm.pb.gov.br\/portal\/#organization\"},\"articleSection\":[\"A\u00e7\u00f5es Policiais\"],\"inLanguage\":\"pt-BR\"},{\"@type\":\"WebPage\",\"@id\":\"https:\/\/www.pm.pb.gov.br\/portal\/2019\/05\/03\/policia-militar-prende-integrantes-da-quadrilha-responsavel-por-assalto-contra-agencia-dos-correios-no-sertao\/\",\"url\":\"https:\/\/www.pm.pb.gov.br\/portal\/2019\/05\/03\/policia-militar-prende-integrantes-da-quadrilha-responsavel-por-assalto-contra-agencia-dos-correios-no-sertao\/\",\"name\":\"Pol\u00edcia Militar prende integrantes da quadrilha respons\u00e1vel por assalto contra ag\u00eancia dos Correios no Sert\u00e3o - Pol\u00edcia Militar da Para\u00edba\",\"isPartOf\":{\"@id\":\"https:\/\/www.pm.pb.gov.br\/portal\/#website\"},\"datePublished\":\"2019-05-03T22:55:25+00:00\",\"dateModified\":\"2019-05-04T04:06:11+00:00\",\"breadcrumb\":{\"@id\":\"https:\/\/www.pm.pb.gov.br\/portal\/2019\/05\/03\/policia-militar-prende-integrantes-da-quadrilha-responsavel-por-assalto-contra-agencia-dos-correios-no-sertao\/#breadcrumb\"},\"inLanguage\":\"pt-BR\",\"potentialAction\":[{\"@type\":\"ReadAction\",\"target\":[\"https:\/\/www.pm.pb.gov.br\/portal\/2019\/05\/03\/policia-militar-prende-integrantes-da-quadrilha-responsavel-por-assalto-contra-agencia-dos-correios-no-sertao\/\"]}]},{\"@type\":\"BreadcrumbList\",\"@id\":\"https:\/\/www.pm.pb.gov.br\/portal\/2019\/05\/03\/policia-militar-prende-integrantes-da-quadrilha-responsavel-por-assalto-contra-agencia-dos-correios-no-sertao\/#breadcrumb\",\"itemListElement\":[{\"@type\":\"ListItem\",\"position\":1,\"name\":\"In\u00edcio\",\"item\":\"https:\/\/www.pm.pb.gov.br\/portal\/\"},{\"@type\":\"ListItem\",\"position\":2,\"name\":\"Pol\u00edcia Militar prende integrantes da quadrilha respons\u00e1vel por assalto contra ag\u00eancia dos Correios no Sert\u00e3o\"}]},{\"@type\":\"WebSite\",\"@id\":\"https:\/\/www.pm.pb.gov.br\/portal\/#website\",\"url\":\"https:\/\/www.pm.pb.gov.br\/portal\/\",\"name\":\"Pol\u00edcia Militar da Para\u00edba\",\"description\":\"\",\"publisher\":{\"@id\":\"https:\/\/www.pm.pb.gov.br\/portal\/#organization\"},\"potentialAction\":[{\"@type\":\"SearchAction\",\"target\":{\"@type\":\"EntryPoint\",\"urlTemplate\":\"https:\/\/www.pm.pb.gov.br\/portal\/?s={search_term_string}\"},\"query-input\":\"required name=search_term_string\"}],\"inLanguage\":\"pt-BR\"},{\"@type\":\"Organization\",\"@id\":\"https:\/\/www.pm.pb.gov.br\/portal\/#organization\",\"name\":\"Pol\u00edcia Militar da Para\u00edba\",\"url\":\"https:\/\/www.pm.pb.gov.br\/portal\/\",\"logo\":{\"@type\":\"ImageObject\",\"inLanguage\":\"pt-BR\",\"@id\":\"https:\/\/www.pm.pb.gov.br\/portal\/#\/schema\/logo\/image\/\",\"url\":\"https:\/\/www.pm.pb.gov.br\/portal\/wp-content\/uploads\/2025\/03\/cropped-logo-site-mag2-1.png\",\"contentUrl\":\"https:\/\/www.pm.pb.gov.br\/portal\/wp-content\/uploads\/2025\/03\/cropped-logo-site-mag2-1.png\",\"width\":320,\"height\":90,\"caption\":\"Pol\u00edcia Militar da Para\u00edba\"},\"image\":{\"@id\":\"https:\/\/www.pm.pb.gov.br\/portal\/#\/schema\/logo\/image\/\"}},{\"@type\":\"Person\",\"@id\":\"https:\/\/www.pm.pb.gov.br\/portal\/#\/schema\/person\/f84f56dcc78ce4357054da888b8247fd\",\"name\":\"Tarcisio Oliveira\",\"image\":{\"@type\":\"ImageObject\",\"inLanguage\":\"pt-BR\",\"@id\":\"https:\/\/www.pm.pb.gov.br\/portal\/#\/schema\/person\/image\/\",\"url\":\"https:\/\/secure.gravatar.com\/avatar\/72917b630b69d31cd0297507f34bac97?s=96&d=mm&r=g\",\"contentUrl\":\"https:\/\/secure.gravatar.com\/avatar\/72917b630b69d31cd0297507f34bac97?s=96&d=mm&r=g\",\"caption\":\"Tarcisio Oliveira\"},\"url\":\"https:\/\/www.pm.pb.gov.br\/portal\/author\/tarcisio\/\"}]}<\/script>\n<!-- \/ Yoast SEO plugin. -->","yoast_head_json":{"title":"Pol\u00edcia Militar prende integrantes da quadrilha respons\u00e1vel por assalto contra ag\u00eancia dos Correios no Sert\u00e3o - Pol\u00edcia Militar da Para\u00edba","robots":{"index":"index","follow":"follow","max-snippet":"max-snippet:-1","max-image-preview":"max-image-preview:large","max-video-preview":"max-video-preview:-1"},"canonical":"https:\/\/www.pm.pb.gov.br\/portal\/2019\/05\/03\/policia-militar-prende-integrantes-da-quadrilha-responsavel-por-assalto-contra-agencia-dos-correios-no-sertao\/","og_locale":"pt_BR","og_type":"article","og_title":"Pol\u00edcia Militar prende integrantes da quadrilha respons\u00e1vel por assalto contra ag\u00eancia dos Correios no Sert\u00e3o - Pol\u00edcia Militar da Para\u00edba","og_description":"A Pol\u00edcia Militar prendeu, na tarde desta sexta-feira (3), dois integrantes da quadrilha que tentou assaltar a ag\u00eancia dos Correios","og_url":"https:\/\/www.pm.pb.gov.br\/portal\/2019\/05\/03\/policia-militar-prende-integrantes-da-quadrilha-responsavel-por-assalto-contra-agencia-dos-correios-no-sertao\/","og_site_name":"Pol\u00edcia Militar da Para\u00edba","article_published_time":"2019-05-03T22:55:25+00:00","article_modified_time":"2019-05-04T04:06:11+00:00","og_image":[{"width":800,"height":445,"url":"https:\/\/www.pm.pb.gov.br\/portal\/wp-content\/uploads\/2019\/04\/patossite.jpeg","type":"image\/jpeg"}],"author":"Tarcisio Oliveira","twitter_card":"summary_large_image","twitter_misc":{"Escrito por":"Tarcisio Oliveira","Est. tempo de leitura":"1 minuto"},"schema":{"@context":"https:\/\/schema.org","@graph":[{"@type":"Article","@id":"https:\/\/www.pm.pb.gov.br\/portal\/2019\/05\/03\/policia-militar-prende-integrantes-da-quadrilha-responsavel-por-assalto-contra-agencia-dos-correios-no-sertao\/#article","isPartOf":{"@id":"https:\/\/www.pm.pb.gov.br\/portal\/2019\/05\/03\/policia-militar-prende-integrantes-da-quadrilha-responsavel-por-assalto-contra-agencia-dos-correios-no-sertao\/"},"author":{"name":"Tarcisio Oliveira","@id":"https:\/\/www.pm.pb.gov.br\/portal\/#\/schema\/person\/f84f56dcc78ce4357054da888b8247fd"},"headline":"Pol\u00edcia Militar prende integrantes da quadrilha respons\u00e1vel por assalto contra ag\u00eancia dos Correios no Sert\u00e3o","datePublished":"2019-05-03T22:55:25+00:00","dateModified":"2019-05-04T04:06:11+00:00","mainEntityOfPage":{"@id":"https:\/\/www.pm.pb.gov.br\/portal\/2019\/05\/03\/policia-militar-prende-integrantes-da-quadrilha-responsavel-por-assalto-contra-agencia-dos-correios-no-sertao\/"},"wordCount":227,"publisher":{"@id":"https:\/\/www.pm.pb.gov.br\/portal\/#organization"},"articleSection":["A\u00e7\u00f5es Policiais"],"inLanguage":"pt-BR"},{"@type":"WebPage","@id":"https:\/\/www.pm.pb.gov.br\/portal\/2019\/05\/03\/policia-militar-prende-integrantes-da-quadrilha-responsavel-por-assalto-contra-agencia-dos-correios-no-sertao\/","url":"https:\/\/www.pm.pb.gov.br\/portal\/2019\/05\/03\/policia-militar-prende-integrantes-da-quadrilha-responsavel-por-assalto-contra-agencia-dos-correios-no-sertao\/","name":"Pol\u00edcia Militar prende integrantes da quadrilha respons\u00e1vel por assalto contra ag\u00eancia dos Correios no Sert\u00e3o - Pol\u00edcia Militar da Para\u00edba","isPartOf":{"@id":"https:\/\/www.pm.pb.gov.br\/portal\/#website"},"datePublished":"2019-05-03T22:55:25+00:00","dateModified":"2019-05-04T04:06:11+00:00","breadcrumb":{"@id":"https:\/\/www.pm.pb.gov.br\/portal\/2019\/05\/03\/policia-militar-prende-integrantes-da-quadrilha-responsavel-por-assalto-contra-agencia-dos-correios-no-sertao\/#breadcrumb"},"inLanguage":"pt-BR","potentialAction":[{"@type":"ReadAction","target":["https:\/\/www.pm.pb.gov.br\/portal\/2019\/05\/03\/policia-militar-prende-integrantes-da-quadrilha-responsavel-por-assalto-contra-agencia-dos-correios-no-sertao\/"]}]},{"@type":"BreadcrumbList","@id":"https:\/\/www.pm.pb.gov.br\/portal\/2019\/05\/03\/policia-militar-prende-integrantes-da-quadrilha-responsavel-por-assalto-contra-agencia-dos-correios-no-sertao\/#breadcrumb","itemListElement":[{"@type":"ListItem","position":1,"name":"In\u00edcio","item":"https:\/\/www.pm.pb.gov.br\/portal\/"},{"@type":"ListItem","position":2,"name":"Pol\u00edcia Militar prende integrantes da quadrilha respons\u00e1vel por assalto contra ag\u00eancia dos Correios no Sert\u00e3o"}]},{"@type":"WebSite","@id":"https:\/\/www.pm.pb.gov.br\/portal\/#website","url":"https:\/\/www.pm.pb.gov.br\/portal\/","name":"Pol\u00edcia Militar da Para\u00edba","description":"","publisher":{"@id":"https:\/\/www.pm.pb.gov.br\/portal\/#organization"},"potentialAction":[{"@type":"SearchAction","target":{"@type":"EntryPoint","urlTemplate":"https:\/\/www.pm.pb.gov.br\/portal\/?s={search_term_string}"},"query-input":"required name=search_term_string"}],"inLanguage":"pt-BR"},{"@type":"Organization","@id":"https:\/\/www.pm.pb.gov.br\/portal\/#organization","name":"Pol\u00edcia Militar da Para\u00edba","url":"https:\/\/www.pm.pb.gov.br\/portal\/","logo":{"@type":"ImageObject","inLanguage":"pt-BR","@id":"https:\/\/www.pm.pb.gov.br\/portal\/#\/schema\/logo\/image\/","url":"https:\/\/www.pm.pb.gov.br\/portal\/wp-content\/uploads\/2025\/03\/cropped-logo-site-mag2-1.png","contentUrl":"https:\/\/www.pm.pb.gov.br\/portal\/wp-content\/uploads\/2025\/03\/cropped-logo-site-mag2-1.png","width":320,"height":90,"caption":"Pol\u00edcia Militar da Para\u00edba"},"image":{"@id":"https:\/\/www.pm.pb.gov.br\/portal\/#\/schema\/logo\/image\/"}},{"@type":"Person","@id":"https:\/\/www.pm.pb.gov.br\/portal\/#\/schema\/person\/f84f56dcc78ce4357054da888b8247fd","name":"Tarcisio Oliveira","image":{"@type":"ImageObject","inLanguage":"pt-BR","@id":"https:\/\/www.pm.pb.gov.br\/portal\/#\/schema\/person\/image\/","url":"https:\/\/secure.gravatar.com\/avatar\/72917b630b69d31cd0297507f34bac97?s=96&d=mm&r=g","contentUrl":"https:\/\/secure.gravatar.com\/avatar\/72917b630b69d31cd0297507f34bac97?s=96&d=mm&r=g","caption":"Tarcisio Oliveira"},"url":"https:\/\/www.pm.pb.gov.br\/portal\/author\/tarcisio\/"}]}},"_links":{"self":[{"href":"https:\/\/www.pm.pb.gov.br\/portal\/wp-json\/wp\/v2\/posts\/900652"}],"collection":[{"href":"https:\/\/www.pm.pb.gov.br\/portal\/wp-json\/wp\/v2\/posts"}],"about":[{"href":"https:\/\/www.pm.pb.gov.br\/portal\/wp-json\/wp\/v2\/types\/post"}],"author":[{"embeddable":true,"href":"https:\/\/www.pm.pb.gov.br\/portal\/wp-json\/wp\/v2\/users\/12"}],"replies":[{"embeddable":true,"href":"https:\/\/www.pm.pb.gov.br\/portal\/wp-json\/wp\/v2\/comments?post=900652"}],"version-history":[{"count":1,"href":"https:\/\/www.pm.pb.gov.br\/portal\/wp-json\/wp\/v2\/posts\/900652\/revisions"}],"predecessor-version":[{"id":900654,"href":"https:\/\/www.pm.pb.gov.br\/portal\/wp-json\/wp\/v2\/posts\/900652\/revisions\/900654"}],"wp:featuredmedia":[{"embeddable":true,"href":"https:\/\/www.pm.pb.gov.br\/portal\/wp-json\/wp\/v2\/media\/900538"}],"wp:attachment":[{"href":"https:\/\/www.pm.pb.gov.br\/portal\/wp-json\/wp\/v2\/media?parent=900652"}],"wp:term":[{"taxonomy":"category","embeddable":true,"href":"https:\/\/www.pm.pb.gov.br\/portal\/wp-json\/wp\/v2\/categories?post=900652"},{"taxonomy":"post_tag","embeddable":true,"href":"https:\/\/www.pm.pb.gov.br\/portal\/wp-json\/wp\/v2\/tags?post=900652"}],"curies":[{"name":"wp","href":"https:\/\/api.w.org\/{rel}","templated":true}]}}