{"id":900563,"date":"2019-04-25T12:07:11","date_gmt":"2019-04-25T15:07:11","guid":{"rendered":"http:\/\/www.pm.pb.gov.br\/portal\/?p=900563"},"modified":"2019-04-25T12:07:12","modified_gmt":"2019-04-25T15:07:12","slug":"operacao-tiradentes-adsumus-e-responsavel-por-85-prisoes-de-suspeitos-de-varios-crimes-na-paraiba","status":"publish","type":"post","link":"https:\/\/www.pm.pb.gov.br\/portal\/2019\/04\/25\/operacao-tiradentes-adsumus-e-responsavel-por-85-prisoes-de-suspeitos-de-varios-crimes-na-paraiba\/","title":{"rendered":"Opera\u00e7\u00e3o Tiradentes Adsumus \u00e9 respons\u00e1vel por 85 pris\u00f5es de suspeitos de v\u00e1rios crimes na Para\u00edba"},"content":{"rendered":"\n<p>A sensa\u00e7\u00e3o de seguran\u00e7a promovida pelas mais de 10 mil abordagens realizadas nas \u00faltimas 24 horas pelas ruas da Para\u00edba est\u00e1 entre os resultados da Opera\u00e7\u00e3o Tiradentes Adsumus, que foi respons\u00e1vel pela pris\u00e3o de 85 suspeitos de crimes, apreens\u00e3o de 23 armas de fogo e 11 kg de drogas, em um trabalho conjunto da Pol\u00edcia Militar e do Corpo de Bombeiros Militar em todo o Estado. A opera\u00e7\u00e3o, que foi conclu\u00edda na manh\u00e3 desta quinta-feira (25), aconteceu simultaneamente nos 26 Estados e no Distrito Federal, coordenada pelo&nbsp;Conselho Nacional de Comandantes-Gerais da Pol\u00edcia Militar e Corpos de Bombeiros Militar do Brasil.<\/p>\n\n\n\n<p>Das 85 pris\u00f5es realizadas, 17 foram atrav\u00e9s de cumprimentos de mandados contra acusados de roubos, tr\u00e1fico de drogas e crimes contra a vida. Entre os presos, estava&nbsp;Cicero Falc\u00e3o da Silva, de 46 anos, acusado de assassinar o vereador&nbsp;Jamesson Guilherme, no ano de 2015, na cidade de S\u00e3o Jo\u00e3o, em Pernambuco. O suspeito deste crime, que vinha sendo procurado pela justi\u00e7a, foi preso em um bar, em Mana\u00edra, na orla de Jo\u00e3o Pessoa.<\/p>\n\n\n\n<p>A opera\u00e7\u00e3o realizou 369 blitzen policiais, al\u00e9m de incurs\u00f5es em locais estrat\u00e9gicos, retirando das ruas 23 armas de fogo. A maior apreens\u00e3o aconteceu no bairro do Cristo Redentor, na Capital, onde duas mulheres, de 20 e 21 anos, foram presas com cinco armas de fogo, dos tipos rev\u00f3lver e pistola.<\/p>\n\n\n\n<p>Ainda em Jo\u00e3o Pessoa, a PM apreendeu 10 kg de maconha e coca\u00edna com um suspeito de 30 anos, que estaria atuando na entrega de entorpecentes no bairro Jos\u00e9 Am\u00e9rico. Outra apreens\u00e3o de drogas aconteceu na cidade de Santa Rita, durante abordagem a um carro com dois ocupantes, de 42 e 29 anos. A dupla estava transportando meio quilo de crack.<\/p>\n\n\n\n<p>Em todo o pa\u00eds, as Pol\u00edcias e Bombeiros Militares realizaram a pris\u00e3o de 2.723 suspeitos, nas \u00faltimas 24 horas, com mais de 50 mil a\u00e7\u00f5es preventivas e repressivas realizadas pelas for\u00e7as militares dos estados.<\/p>\n\n\n\n<p><strong>N\u00fameros da Para\u00edba<\/strong>&nbsp;\u2013 7.294 pessoas abordadas; 4.974 abordagens a ve\u00edculos; 369 blitzen realizadas; 310 atendimentos de ocorr\u00eancias; 85 presos e apreendidos; 23 armas apreendidas; 18 ve\u00edculos com queixas de roubo recuperados; e 11 kg de maconha, crack e coca\u00edna retirados das ruas.<\/p>\n","protected":false},"excerpt":{"rendered":"<p>A sensa\u00e7\u00e3o de seguran\u00e7a promovida pelas mais de 10 mil abordagens realizadas nas \u00faltimas 24 horas pelas ruas da Para\u00edba<\/p>\n","protected":false},"author":10,"featured_media":900564,"comment_status":"closed","ping_status":"closed","sticky":false,"template":"","format":"standard","meta":{"_exactmetrics_skip_tracking":false,"_exactmetrics_sitenote_active":false,"_exactmetrics_sitenote_note":"","_exactmetrics_sitenote_category":0,"footnotes":""},"categories":[4],"tags":[],"yoast_head":"<!-- This site is optimized with the Yoast SEO plugin v22.0 - https:\/\/yoast.com\/wordpress\/plugins\/seo\/ -->\n<title>Opera\u00e7\u00e3o Tiradentes Adsumus \u00e9 respons\u00e1vel por 85 pris\u00f5es de suspeitos de v\u00e1rios crimes na Para\u00edba - Pol\u00edcia Militar da Para\u00edba<\/title>\n<meta name=\"robots\" content=\"index, follow, max-snippet:-1, max-image-preview:large, max-video-preview:-1\" \/>\n<link rel=\"canonical\" href=\"https:\/\/www.pm.pb.gov.br\/portal\/2019\/04\/25\/operacao-tiradentes-adsumus-e-responsavel-por-85-prisoes-de-suspeitos-de-varios-crimes-na-paraiba\/\" \/>\n<meta property=\"og:locale\" content=\"pt_BR\" \/>\n<meta property=\"og:type\" content=\"article\" \/>\n<meta property=\"og:title\" content=\"Opera\u00e7\u00e3o Tiradentes Adsumus \u00e9 respons\u00e1vel por 85 pris\u00f5es de suspeitos de v\u00e1rios crimes na Para\u00edba - Pol\u00edcia Militar da Para\u00edba\" \/>\n<meta property=\"og:description\" content=\"A sensa\u00e7\u00e3o de seguran\u00e7a promovida pelas mais de 10 mil abordagens realizadas nas \u00faltimas 24 horas pelas ruas da Para\u00edba\" \/>\n<meta property=\"og:url\" content=\"https:\/\/www.pm.pb.gov.br\/portal\/2019\/04\/25\/operacao-tiradentes-adsumus-e-responsavel-por-85-prisoes-de-suspeitos-de-varios-crimes-na-paraiba\/\" \/>\n<meta property=\"og:site_name\" content=\"Pol\u00edcia Militar da Para\u00edba\" \/>\n<meta property=\"article:published_time\" content=\"2019-04-25T15:07:11+00:00\" \/>\n<meta property=\"article:modified_time\" content=\"2019-04-25T15:07:12+00:00\" \/>\n<meta property=\"og:image\" content=\"https:\/\/www.pm.pb.gov.br\/portal\/wp-content\/uploads\/2019\/04\/WhatsApp-Image-2019-04-24-at-17.02.32.jpeg\" \/>\n\t<meta property=\"og:image:width\" content=\"1024\" \/>\n\t<meta property=\"og:image:height\" content=\"768\" \/>\n\t<meta property=\"og:image:type\" content=\"image\/jpeg\" \/>\n<meta name=\"author\" content=\"WAGNER HENRIQUE VARELA DA SILVA\" \/>\n<meta name=\"twitter:card\" content=\"summary_large_image\" \/>\n<meta name=\"twitter:label1\" content=\"Escrito por\" \/>\n\t<meta name=\"twitter:data1\" content=\"WAGNER HENRIQUE VARELA DA SILVA\" \/>\n\t<meta name=\"twitter:label2\" content=\"Est. tempo de leitura\" \/>\n\t<meta name=\"twitter:data2\" content=\"2 minutos\" \/>\n<script type=\"application\/ld+json\" class=\"yoast-schema-graph\">{\"@context\":\"https:\/\/schema.org\",\"@graph\":[{\"@type\":\"Article\",\"@id\":\"https:\/\/www.pm.pb.gov.br\/portal\/2019\/04\/25\/operacao-tiradentes-adsumus-e-responsavel-por-85-prisoes-de-suspeitos-de-varios-crimes-na-paraiba\/#article\",\"isPartOf\":{\"@id\":\"https:\/\/www.pm.pb.gov.br\/portal\/2019\/04\/25\/operacao-tiradentes-adsumus-e-responsavel-por-85-prisoes-de-suspeitos-de-varios-crimes-na-paraiba\/\"},\"author\":{\"name\":\"WAGNER HENRIQUE VARELA DA SILVA\",\"@id\":\"https:\/\/www.pm.pb.gov.br\/portal\/#\/schema\/person\/b169b297b8494dea236e315ed1a201d1\"},\"headline\":\"Opera\u00e7\u00e3o Tiradentes Adsumus \u00e9 respons\u00e1vel por 85 pris\u00f5es de suspeitos de v\u00e1rios crimes na Para\u00edba\",\"datePublished\":\"2019-04-25T15:07:11+00:00\",\"dateModified\":\"2019-04-25T15:07:12+00:00\",\"mainEntityOfPage\":{\"@id\":\"https:\/\/www.pm.pb.gov.br\/portal\/2019\/04\/25\/operacao-tiradentes-adsumus-e-responsavel-por-85-prisoes-de-suspeitos-de-varios-crimes-na-paraiba\/\"},\"wordCount\":395,\"publisher\":{\"@id\":\"https:\/\/www.pm.pb.gov.br\/portal\/#organization\"},\"articleSection\":[\"A\u00e7\u00f5es Policiais\"],\"inLanguage\":\"pt-BR\"},{\"@type\":\"WebPage\",\"@id\":\"https:\/\/www.pm.pb.gov.br\/portal\/2019\/04\/25\/operacao-tiradentes-adsumus-e-responsavel-por-85-prisoes-de-suspeitos-de-varios-crimes-na-paraiba\/\",\"url\":\"https:\/\/www.pm.pb.gov.br\/portal\/2019\/04\/25\/operacao-tiradentes-adsumus-e-responsavel-por-85-prisoes-de-suspeitos-de-varios-crimes-na-paraiba\/\",\"name\":\"Opera\u00e7\u00e3o Tiradentes Adsumus \u00e9 respons\u00e1vel por 85 pris\u00f5es de suspeitos de v\u00e1rios crimes na Para\u00edba - Pol\u00edcia Militar da Para\u00edba\",\"isPartOf\":{\"@id\":\"https:\/\/www.pm.pb.gov.br\/portal\/#website\"},\"datePublished\":\"2019-04-25T15:07:11+00:00\",\"dateModified\":\"2019-04-25T15:07:12+00:00\",\"breadcrumb\":{\"@id\":\"https:\/\/www.pm.pb.gov.br\/portal\/2019\/04\/25\/operacao-tiradentes-adsumus-e-responsavel-por-85-prisoes-de-suspeitos-de-varios-crimes-na-paraiba\/#breadcrumb\"},\"inLanguage\":\"pt-BR\",\"potentialAction\":[{\"@type\":\"ReadAction\",\"target\":[\"https:\/\/www.pm.pb.gov.br\/portal\/2019\/04\/25\/operacao-tiradentes-adsumus-e-responsavel-por-85-prisoes-de-suspeitos-de-varios-crimes-na-paraiba\/\"]}]},{\"@type\":\"BreadcrumbList\",\"@id\":\"https:\/\/www.pm.pb.gov.br\/portal\/2019\/04\/25\/operacao-tiradentes-adsumus-e-responsavel-por-85-prisoes-de-suspeitos-de-varios-crimes-na-paraiba\/#breadcrumb\",\"itemListElement\":[{\"@type\":\"ListItem\",\"position\":1,\"name\":\"In\u00edcio\",\"item\":\"https:\/\/www.pm.pb.gov.br\/portal\/\"},{\"@type\":\"ListItem\",\"position\":2,\"name\":\"Opera\u00e7\u00e3o Tiradentes Adsumus \u00e9 respons\u00e1vel por 85 pris\u00f5es de suspeitos de v\u00e1rios crimes na Para\u00edba\"}]},{\"@type\":\"WebSite\",\"@id\":\"https:\/\/www.pm.pb.gov.br\/portal\/#website\",\"url\":\"https:\/\/www.pm.pb.gov.br\/portal\/\",\"name\":\"Pol\u00edcia Militar da Para\u00edba\",\"description\":\"\",\"publisher\":{\"@id\":\"https:\/\/www.pm.pb.gov.br\/portal\/#organization\"},\"potentialAction\":[{\"@type\":\"SearchAction\",\"target\":{\"@type\":\"EntryPoint\",\"urlTemplate\":\"https:\/\/www.pm.pb.gov.br\/portal\/?s={search_term_string}\"},\"query-input\":\"required name=search_term_string\"}],\"inLanguage\":\"pt-BR\"},{\"@type\":\"Organization\",\"@id\":\"https:\/\/www.pm.pb.gov.br\/portal\/#organization\",\"name\":\"Pol\u00edcia Militar da Para\u00edba\",\"url\":\"https:\/\/www.pm.pb.gov.br\/portal\/\",\"logo\":{\"@type\":\"ImageObject\",\"inLanguage\":\"pt-BR\",\"@id\":\"https:\/\/www.pm.pb.gov.br\/portal\/#\/schema\/logo\/image\/\",\"url\":\"https:\/\/www.pm.pb.gov.br\/portal\/wp-content\/uploads\/2025\/03\/cropped-logo-site-mag2-1.png\",\"contentUrl\":\"https:\/\/www.pm.pb.gov.br\/portal\/wp-content\/uploads\/2025\/03\/cropped-logo-site-mag2-1.png\",\"width\":320,\"height\":90,\"caption\":\"Pol\u00edcia Militar da Para\u00edba\"},\"image\":{\"@id\":\"https:\/\/www.pm.pb.gov.br\/portal\/#\/schema\/logo\/image\/\"}},{\"@type\":\"Person\",\"@id\":\"https:\/\/www.pm.pb.gov.br\/portal\/#\/schema\/person\/b169b297b8494dea236e315ed1a201d1\",\"name\":\"WAGNER HENRIQUE VARELA DA SILVA\",\"image\":{\"@type\":\"ImageObject\",\"inLanguage\":\"pt-BR\",\"@id\":\"https:\/\/www.pm.pb.gov.br\/portal\/#\/schema\/person\/image\/\",\"url\":\"https:\/\/secure.gravatar.com\/avatar\/e08af53176a66730df5c0706c6c31fd6?s=96&d=mm&r=g\",\"contentUrl\":\"https:\/\/secure.gravatar.com\/avatar\/e08af53176a66730df5c0706c6c31fd6?s=96&d=mm&r=g\",\"caption\":\"WAGNER HENRIQUE VARELA DA SILVA\"},\"url\":\"https:\/\/www.pm.pb.gov.br\/portal\/author\/varela\/\"}]}<\/script>\n<!-- \/ Yoast SEO plugin. -->","yoast_head_json":{"title":"Opera\u00e7\u00e3o Tiradentes Adsumus \u00e9 respons\u00e1vel por 85 pris\u00f5es de suspeitos de v\u00e1rios crimes na Para\u00edba - Pol\u00edcia Militar da Para\u00edba","robots":{"index":"index","follow":"follow","max-snippet":"max-snippet:-1","max-image-preview":"max-image-preview:large","max-video-preview":"max-video-preview:-1"},"canonical":"https:\/\/www.pm.pb.gov.br\/portal\/2019\/04\/25\/operacao-tiradentes-adsumus-e-responsavel-por-85-prisoes-de-suspeitos-de-varios-crimes-na-paraiba\/","og_locale":"pt_BR","og_type":"article","og_title":"Opera\u00e7\u00e3o Tiradentes Adsumus \u00e9 respons\u00e1vel por 85 pris\u00f5es de suspeitos de v\u00e1rios crimes na Para\u00edba - Pol\u00edcia Militar da Para\u00edba","og_description":"A sensa\u00e7\u00e3o de seguran\u00e7a promovida pelas mais de 10 mil abordagens realizadas nas \u00faltimas 24 horas pelas ruas da Para\u00edba","og_url":"https:\/\/www.pm.pb.gov.br\/portal\/2019\/04\/25\/operacao-tiradentes-adsumus-e-responsavel-por-85-prisoes-de-suspeitos-de-varios-crimes-na-paraiba\/","og_site_name":"Pol\u00edcia Militar da Para\u00edba","article_published_time":"2019-04-25T15:07:11+00:00","article_modified_time":"2019-04-25T15:07:12+00:00","og_image":[{"width":1024,"height":768,"url":"https:\/\/www.pm.pb.gov.br\/portal\/wp-content\/uploads\/2019\/04\/WhatsApp-Image-2019-04-24-at-17.02.32.jpeg","type":"image\/jpeg"}],"author":"WAGNER HENRIQUE VARELA DA SILVA","twitter_card":"summary_large_image","twitter_misc":{"Escrito por":"WAGNER HENRIQUE VARELA DA SILVA","Est. tempo de leitura":"2 minutos"},"schema":{"@context":"https:\/\/schema.org","@graph":[{"@type":"Article","@id":"https:\/\/www.pm.pb.gov.br\/portal\/2019\/04\/25\/operacao-tiradentes-adsumus-e-responsavel-por-85-prisoes-de-suspeitos-de-varios-crimes-na-paraiba\/#article","isPartOf":{"@id":"https:\/\/www.pm.pb.gov.br\/portal\/2019\/04\/25\/operacao-tiradentes-adsumus-e-responsavel-por-85-prisoes-de-suspeitos-de-varios-crimes-na-paraiba\/"},"author":{"name":"WAGNER HENRIQUE VARELA DA SILVA","@id":"https:\/\/www.pm.pb.gov.br\/portal\/#\/schema\/person\/b169b297b8494dea236e315ed1a201d1"},"headline":"Opera\u00e7\u00e3o Tiradentes Adsumus \u00e9 respons\u00e1vel por 85 pris\u00f5es de suspeitos de v\u00e1rios crimes na Para\u00edba","datePublished":"2019-04-25T15:07:11+00:00","dateModified":"2019-04-25T15:07:12+00:00","mainEntityOfPage":{"@id":"https:\/\/www.pm.pb.gov.br\/portal\/2019\/04\/25\/operacao-tiradentes-adsumus-e-responsavel-por-85-prisoes-de-suspeitos-de-varios-crimes-na-paraiba\/"},"wordCount":395,"publisher":{"@id":"https:\/\/www.pm.pb.gov.br\/portal\/#organization"},"articleSection":["A\u00e7\u00f5es Policiais"],"inLanguage":"pt-BR"},{"@type":"WebPage","@id":"https:\/\/www.pm.pb.gov.br\/portal\/2019\/04\/25\/operacao-tiradentes-adsumus-e-responsavel-por-85-prisoes-de-suspeitos-de-varios-crimes-na-paraiba\/","url":"https:\/\/www.pm.pb.gov.br\/portal\/2019\/04\/25\/operacao-tiradentes-adsumus-e-responsavel-por-85-prisoes-de-suspeitos-de-varios-crimes-na-paraiba\/","name":"Opera\u00e7\u00e3o Tiradentes Adsumus \u00e9 respons\u00e1vel por 85 pris\u00f5es de suspeitos de v\u00e1rios crimes na Para\u00edba - Pol\u00edcia Militar da Para\u00edba","isPartOf":{"@id":"https:\/\/www.pm.pb.gov.br\/portal\/#website"},"datePublished":"2019-04-25T15:07:11+00:00","dateModified":"2019-04-25T15:07:12+00:00","breadcrumb":{"@id":"https:\/\/www.pm.pb.gov.br\/portal\/2019\/04\/25\/operacao-tiradentes-adsumus-e-responsavel-por-85-prisoes-de-suspeitos-de-varios-crimes-na-paraiba\/#breadcrumb"},"inLanguage":"pt-BR","potentialAction":[{"@type":"ReadAction","target":["https:\/\/www.pm.pb.gov.br\/portal\/2019\/04\/25\/operacao-tiradentes-adsumus-e-responsavel-por-85-prisoes-de-suspeitos-de-varios-crimes-na-paraiba\/"]}]},{"@type":"BreadcrumbList","@id":"https:\/\/www.pm.pb.gov.br\/portal\/2019\/04\/25\/operacao-tiradentes-adsumus-e-responsavel-por-85-prisoes-de-suspeitos-de-varios-crimes-na-paraiba\/#breadcrumb","itemListElement":[{"@type":"ListItem","position":1,"name":"In\u00edcio","item":"https:\/\/www.pm.pb.gov.br\/portal\/"},{"@type":"ListItem","position":2,"name":"Opera\u00e7\u00e3o Tiradentes Adsumus \u00e9 respons\u00e1vel por 85 pris\u00f5es de suspeitos de v\u00e1rios crimes na Para\u00edba"}]},{"@type":"WebSite","@id":"https:\/\/www.pm.pb.gov.br\/portal\/#website","url":"https:\/\/www.pm.pb.gov.br\/portal\/","name":"Pol\u00edcia Militar da Para\u00edba","description":"","publisher":{"@id":"https:\/\/www.pm.pb.gov.br\/portal\/#organization"},"potentialAction":[{"@type":"SearchAction","target":{"@type":"EntryPoint","urlTemplate":"https:\/\/www.pm.pb.gov.br\/portal\/?s={search_term_string}"},"query-input":"required name=search_term_string"}],"inLanguage":"pt-BR"},{"@type":"Organization","@id":"https:\/\/www.pm.pb.gov.br\/portal\/#organization","name":"Pol\u00edcia Militar da Para\u00edba","url":"https:\/\/www.pm.pb.gov.br\/portal\/","logo":{"@type":"ImageObject","inLanguage":"pt-BR","@id":"https:\/\/www.pm.pb.gov.br\/portal\/#\/schema\/logo\/image\/","url":"https:\/\/www.pm.pb.gov.br\/portal\/wp-content\/uploads\/2025\/03\/cropped-logo-site-mag2-1.png","contentUrl":"https:\/\/www.pm.pb.gov.br\/portal\/wp-content\/uploads\/2025\/03\/cropped-logo-site-mag2-1.png","width":320,"height":90,"caption":"Pol\u00edcia Militar da Para\u00edba"},"image":{"@id":"https:\/\/www.pm.pb.gov.br\/portal\/#\/schema\/logo\/image\/"}},{"@type":"Person","@id":"https:\/\/www.pm.pb.gov.br\/portal\/#\/schema\/person\/b169b297b8494dea236e315ed1a201d1","name":"WAGNER HENRIQUE VARELA DA SILVA","image":{"@type":"ImageObject","inLanguage":"pt-BR","@id":"https:\/\/www.pm.pb.gov.br\/portal\/#\/schema\/person\/image\/","url":"https:\/\/secure.gravatar.com\/avatar\/e08af53176a66730df5c0706c6c31fd6?s=96&d=mm&r=g","contentUrl":"https:\/\/secure.gravatar.com\/avatar\/e08af53176a66730df5c0706c6c31fd6?s=96&d=mm&r=g","caption":"WAGNER HENRIQUE VARELA DA SILVA"},"url":"https:\/\/www.pm.pb.gov.br\/portal\/author\/varela\/"}]}},"_links":{"self":[{"href":"https:\/\/www.pm.pb.gov.br\/portal\/wp-json\/wp\/v2\/posts\/900563"}],"collection":[{"href":"https:\/\/www.pm.pb.gov.br\/portal\/wp-json\/wp\/v2\/posts"}],"about":[{"href":"https:\/\/www.pm.pb.gov.br\/portal\/wp-json\/wp\/v2\/types\/post"}],"author":[{"embeddable":true,"href":"https:\/\/www.pm.pb.gov.br\/portal\/wp-json\/wp\/v2\/users\/10"}],"replies":[{"embeddable":true,"href":"https:\/\/www.pm.pb.gov.br\/portal\/wp-json\/wp\/v2\/comments?post=900563"}],"version-history":[{"count":1,"href":"https:\/\/www.pm.pb.gov.br\/portal\/wp-json\/wp\/v2\/posts\/900563\/revisions"}],"predecessor-version":[{"id":900565,"href":"https:\/\/www.pm.pb.gov.br\/portal\/wp-json\/wp\/v2\/posts\/900563\/revisions\/900565"}],"wp:featuredmedia":[{"embeddable":true,"href":"https:\/\/www.pm.pb.gov.br\/portal\/wp-json\/wp\/v2\/media\/900564"}],"wp:attachment":[{"href":"https:\/\/www.pm.pb.gov.br\/portal\/wp-json\/wp\/v2\/media?parent=900563"}],"wp:term":[{"taxonomy":"category","embeddable":true,"href":"https:\/\/www.pm.pb.gov.br\/portal\/wp-json\/wp\/v2\/categories?post=900563"},{"taxonomy":"post_tag","embeddable":true,"href":"https:\/\/www.pm.pb.gov.br\/portal\/wp-json\/wp\/v2\/tags?post=900563"}],"curies":[{"name":"wp","href":"https:\/\/api.w.org\/{rel}","templated":true}]}}