{"id":900523,"date":"2019-04-18T17:02:37","date_gmt":"2019-04-18T20:02:37","guid":{"rendered":"http:\/\/www.pm.pb.gov.br\/portal\/?p=900523"},"modified":"2019-04-19T20:43:31","modified_gmt":"2019-04-19T23:43:31","slug":"apos-denuncia-policia-militar-localiza-drogas-e-prende-suspeita-em-condominio-na-zona-sul-da-capital","status":"publish","type":"post","link":"https:\/\/www.pm.pb.gov.br\/portal\/2019\/04\/18\/apos-denuncia-policia-militar-localiza-drogas-e-prende-suspeita-em-condominio-na-zona-sul-da-capital\/","title":{"rendered":"Ap\u00f3s den\u00fancia, Pol\u00edcia Militar localiza drogas e prende suspeita em condom\u00ednio na zona sul da Capital"},"content":{"rendered":"\n<p>A Pol\u00edcia Militar desarticulou um ponto de tr\u00e1fico de drogas, no in\u00edcio da tarde desta quarta-feira (18) na zona sul de Jo\u00e3o Pessoa, durante as a\u00e7\u00f5es da Opera\u00e7\u00e3o Renascer. Uma mulher de 20 anos de idade, que confessou que guardava os entorpecentes no sal\u00e3o de festa de um condom\u00ednio, foi presa.<\/p>\n\n\n\n<p>Os policiais da For\u00e7a Regional, com apoio da 6\u00aa Companhia do 5\u00ba Batalh\u00e3o, chegaram at\u00e9 um residencial no Bairro Vieira Diniz ap\u00f3s receberem den\u00fancias de que drogas estariam no sal\u00e3o de festas. \u201cDurante as dilig\u00eancias e na busca de suspeitos, uma mulher se apresentou assumindo a responsabilidade pelo local, que no momento n\u00e3o havia ningu\u00e9m. No sal\u00e3o foram encontrados os 60 papelotes de subst\u00e2ncia an\u00e1loga a maconha, oito pequenas pedras de crack, e 65 pinos para armazenamento de coca\u00edna, sendo tr\u00eas cheios\u201d, explicou o sargento Kleber Ramos, que efetuou a pris\u00e3o.<\/p>\n\n\n\n<p>A PM ainda localizou um rolo de papel alum\u00ednio, que \u00e9 o material comumente utilizado para fracionamento e distribui\u00e7\u00e3o dos entorpecentes. Em dilig\u00eancias e na busca por outros suspeitos na regi\u00e3o, os policiais tamb\u00e9m encontraram uma motocicleta que provavelmente era roubada, j\u00e1 que o chassi estava adulterado.<\/p>\n\n\n\n<p>Todo o material apreendido e a suspeita presa foram encaminhados para a Central de Flagrantes, para os procedimentos cab\u00edveis.<\/p>\n","protected":false},"excerpt":{"rendered":"<p>A Pol\u00edcia Militar desarticulou um ponto de tr\u00e1fico de drogas, no in\u00edcio da tarde desta quarta-feira (18) na zona sul<\/p>\n","protected":false},"author":10,"featured_media":900524,"comment_status":"closed","ping_status":"closed","sticky":false,"template":"","format":"standard","meta":{"_exactmetrics_skip_tracking":false,"_exactmetrics_sitenote_active":false,"_exactmetrics_sitenote_note":"","_exactmetrics_sitenote_category":0,"footnotes":""},"categories":[4],"tags":[],"yoast_head":"<!-- This site is optimized with the Yoast SEO plugin v22.0 - https:\/\/yoast.com\/wordpress\/plugins\/seo\/ -->\n<title>Ap\u00f3s den\u00fancia, Pol\u00edcia Militar localiza drogas e prende suspeita em condom\u00ednio na zona sul da Capital - Pol\u00edcia Militar da Para\u00edba<\/title>\n<meta name=\"robots\" content=\"index, follow, max-snippet:-1, max-image-preview:large, max-video-preview:-1\" \/>\n<link rel=\"canonical\" href=\"https:\/\/www.pm.pb.gov.br\/portal\/2019\/04\/18\/apos-denuncia-policia-militar-localiza-drogas-e-prende-suspeita-em-condominio-na-zona-sul-da-capital\/\" \/>\n<meta property=\"og:locale\" content=\"pt_BR\" \/>\n<meta property=\"og:type\" content=\"article\" \/>\n<meta property=\"og:title\" content=\"Ap\u00f3s den\u00fancia, Pol\u00edcia Militar localiza drogas e prende suspeita em condom\u00ednio na zona sul da Capital - Pol\u00edcia Militar da Para\u00edba\" \/>\n<meta property=\"og:description\" content=\"A Pol\u00edcia Militar desarticulou um ponto de tr\u00e1fico de drogas, no in\u00edcio da tarde desta quarta-feira (18) na zona sul\" \/>\n<meta property=\"og:url\" content=\"https:\/\/www.pm.pb.gov.br\/portal\/2019\/04\/18\/apos-denuncia-policia-militar-localiza-drogas-e-prende-suspeita-em-condominio-na-zona-sul-da-capital\/\" \/>\n<meta property=\"og:site_name\" content=\"Pol\u00edcia Militar da Para\u00edba\" \/>\n<meta property=\"article:published_time\" content=\"2019-04-18T20:02:37+00:00\" \/>\n<meta property=\"article:modified_time\" content=\"2019-04-19T23:43:31+00:00\" \/>\n<meta property=\"og:image\" content=\"https:\/\/www.pm.pb.gov.br\/portal\/wp-content\/uploads\/2019\/04\/WhatsApp-Image-2019-04-18-at-14.50.17.jpeg\" \/>\n\t<meta property=\"og:image:width\" content=\"1040\" \/>\n\t<meta property=\"og:image:height\" content=\"780\" \/>\n\t<meta property=\"og:image:type\" content=\"image\/jpeg\" \/>\n<meta name=\"author\" content=\"WAGNER HENRIQUE VARELA DA SILVA\" \/>\n<meta name=\"twitter:card\" content=\"summary_large_image\" \/>\n<meta name=\"twitter:label1\" content=\"Escrito por\" \/>\n\t<meta name=\"twitter:data1\" content=\"WAGNER HENRIQUE VARELA DA SILVA\" \/>\n\t<meta name=\"twitter:label2\" content=\"Est. tempo de leitura\" \/>\n\t<meta name=\"twitter:data2\" content=\"1 minuto\" \/>\n<script type=\"application\/ld+json\" class=\"yoast-schema-graph\">{\"@context\":\"https:\/\/schema.org\",\"@graph\":[{\"@type\":\"Article\",\"@id\":\"https:\/\/www.pm.pb.gov.br\/portal\/2019\/04\/18\/apos-denuncia-policia-militar-localiza-drogas-e-prende-suspeita-em-condominio-na-zona-sul-da-capital\/#article\",\"isPartOf\":{\"@id\":\"https:\/\/www.pm.pb.gov.br\/portal\/2019\/04\/18\/apos-denuncia-policia-militar-localiza-drogas-e-prende-suspeita-em-condominio-na-zona-sul-da-capital\/\"},\"author\":{\"name\":\"WAGNER HENRIQUE VARELA DA SILVA\",\"@id\":\"https:\/\/www.pm.pb.gov.br\/portal\/#\/schema\/person\/b169b297b8494dea236e315ed1a201d1\"},\"headline\":\"Ap\u00f3s den\u00fancia, Pol\u00edcia Militar localiza drogas e prende suspeita em condom\u00ednio na zona sul da Capital\",\"datePublished\":\"2019-04-18T20:02:37+00:00\",\"dateModified\":\"2019-04-19T23:43:31+00:00\",\"mainEntityOfPage\":{\"@id\":\"https:\/\/www.pm.pb.gov.br\/portal\/2019\/04\/18\/apos-denuncia-policia-militar-localiza-drogas-e-prende-suspeita-em-condominio-na-zona-sul-da-capital\/\"},\"wordCount\":249,\"publisher\":{\"@id\":\"https:\/\/www.pm.pb.gov.br\/portal\/#organization\"},\"articleSection\":[\"A\u00e7\u00f5es Policiais\"],\"inLanguage\":\"pt-BR\"},{\"@type\":\"WebPage\",\"@id\":\"https:\/\/www.pm.pb.gov.br\/portal\/2019\/04\/18\/apos-denuncia-policia-militar-localiza-drogas-e-prende-suspeita-em-condominio-na-zona-sul-da-capital\/\",\"url\":\"https:\/\/www.pm.pb.gov.br\/portal\/2019\/04\/18\/apos-denuncia-policia-militar-localiza-drogas-e-prende-suspeita-em-condominio-na-zona-sul-da-capital\/\",\"name\":\"Ap\u00f3s den\u00fancia, Pol\u00edcia Militar localiza drogas e prende suspeita em condom\u00ednio na zona sul da Capital - Pol\u00edcia Militar da Para\u00edba\",\"isPartOf\":{\"@id\":\"https:\/\/www.pm.pb.gov.br\/portal\/#website\"},\"datePublished\":\"2019-04-18T20:02:37+00:00\",\"dateModified\":\"2019-04-19T23:43:31+00:00\",\"breadcrumb\":{\"@id\":\"https:\/\/www.pm.pb.gov.br\/portal\/2019\/04\/18\/apos-denuncia-policia-militar-localiza-drogas-e-prende-suspeita-em-condominio-na-zona-sul-da-capital\/#breadcrumb\"},\"inLanguage\":\"pt-BR\",\"potentialAction\":[{\"@type\":\"ReadAction\",\"target\":[\"https:\/\/www.pm.pb.gov.br\/portal\/2019\/04\/18\/apos-denuncia-policia-militar-localiza-drogas-e-prende-suspeita-em-condominio-na-zona-sul-da-capital\/\"]}]},{\"@type\":\"BreadcrumbList\",\"@id\":\"https:\/\/www.pm.pb.gov.br\/portal\/2019\/04\/18\/apos-denuncia-policia-militar-localiza-drogas-e-prende-suspeita-em-condominio-na-zona-sul-da-capital\/#breadcrumb\",\"itemListElement\":[{\"@type\":\"ListItem\",\"position\":1,\"name\":\"In\u00edcio\",\"item\":\"https:\/\/www.pm.pb.gov.br\/portal\/\"},{\"@type\":\"ListItem\",\"position\":2,\"name\":\"Ap\u00f3s den\u00fancia, Pol\u00edcia Militar localiza drogas e prende suspeita em condom\u00ednio na zona sul da Capital\"}]},{\"@type\":\"WebSite\",\"@id\":\"https:\/\/www.pm.pb.gov.br\/portal\/#website\",\"url\":\"https:\/\/www.pm.pb.gov.br\/portal\/\",\"name\":\"Pol\u00edcia Militar da Para\u00edba\",\"description\":\"\",\"publisher\":{\"@id\":\"https:\/\/www.pm.pb.gov.br\/portal\/#organization\"},\"potentialAction\":[{\"@type\":\"SearchAction\",\"target\":{\"@type\":\"EntryPoint\",\"urlTemplate\":\"https:\/\/www.pm.pb.gov.br\/portal\/?s={search_term_string}\"},\"query-input\":\"required name=search_term_string\"}],\"inLanguage\":\"pt-BR\"},{\"@type\":\"Organization\",\"@id\":\"https:\/\/www.pm.pb.gov.br\/portal\/#organization\",\"name\":\"Pol\u00edcia Militar da Para\u00edba\",\"url\":\"https:\/\/www.pm.pb.gov.br\/portal\/\",\"logo\":{\"@type\":\"ImageObject\",\"inLanguage\":\"pt-BR\",\"@id\":\"https:\/\/www.pm.pb.gov.br\/portal\/#\/schema\/logo\/image\/\",\"url\":\"https:\/\/www.pm.pb.gov.br\/portal\/wp-content\/uploads\/2025\/03\/cropped-logo-site-mag2-1.png\",\"contentUrl\":\"https:\/\/www.pm.pb.gov.br\/portal\/wp-content\/uploads\/2025\/03\/cropped-logo-site-mag2-1.png\",\"width\":320,\"height\":90,\"caption\":\"Pol\u00edcia Militar da Para\u00edba\"},\"image\":{\"@id\":\"https:\/\/www.pm.pb.gov.br\/portal\/#\/schema\/logo\/image\/\"}},{\"@type\":\"Person\",\"@id\":\"https:\/\/www.pm.pb.gov.br\/portal\/#\/schema\/person\/b169b297b8494dea236e315ed1a201d1\",\"name\":\"WAGNER HENRIQUE VARELA DA SILVA\",\"image\":{\"@type\":\"ImageObject\",\"inLanguage\":\"pt-BR\",\"@id\":\"https:\/\/www.pm.pb.gov.br\/portal\/#\/schema\/person\/image\/\",\"url\":\"https:\/\/secure.gravatar.com\/avatar\/e08af53176a66730df5c0706c6c31fd6?s=96&d=mm&r=g\",\"contentUrl\":\"https:\/\/secure.gravatar.com\/avatar\/e08af53176a66730df5c0706c6c31fd6?s=96&d=mm&r=g\",\"caption\":\"WAGNER HENRIQUE VARELA DA SILVA\"},\"url\":\"https:\/\/www.pm.pb.gov.br\/portal\/author\/varela\/\"}]}<\/script>\n<!-- \/ Yoast SEO plugin. -->","yoast_head_json":{"title":"Ap\u00f3s den\u00fancia, Pol\u00edcia Militar localiza drogas e prende suspeita em condom\u00ednio na zona sul da Capital - Pol\u00edcia Militar da Para\u00edba","robots":{"index":"index","follow":"follow","max-snippet":"max-snippet:-1","max-image-preview":"max-image-preview:large","max-video-preview":"max-video-preview:-1"},"canonical":"https:\/\/www.pm.pb.gov.br\/portal\/2019\/04\/18\/apos-denuncia-policia-militar-localiza-drogas-e-prende-suspeita-em-condominio-na-zona-sul-da-capital\/","og_locale":"pt_BR","og_type":"article","og_title":"Ap\u00f3s den\u00fancia, Pol\u00edcia Militar localiza drogas e prende suspeita em condom\u00ednio na zona sul da Capital - Pol\u00edcia Militar da Para\u00edba","og_description":"A Pol\u00edcia Militar desarticulou um ponto de tr\u00e1fico de drogas, no in\u00edcio da tarde desta quarta-feira (18) na zona sul","og_url":"https:\/\/www.pm.pb.gov.br\/portal\/2019\/04\/18\/apos-denuncia-policia-militar-localiza-drogas-e-prende-suspeita-em-condominio-na-zona-sul-da-capital\/","og_site_name":"Pol\u00edcia Militar da Para\u00edba","article_published_time":"2019-04-18T20:02:37+00:00","article_modified_time":"2019-04-19T23:43:31+00:00","og_image":[{"width":1040,"height":780,"url":"https:\/\/www.pm.pb.gov.br\/portal\/wp-content\/uploads\/2019\/04\/WhatsApp-Image-2019-04-18-at-14.50.17.jpeg","type":"image\/jpeg"}],"author":"WAGNER HENRIQUE VARELA DA SILVA","twitter_card":"summary_large_image","twitter_misc":{"Escrito por":"WAGNER HENRIQUE VARELA DA SILVA","Est. tempo de leitura":"1 minuto"},"schema":{"@context":"https:\/\/schema.org","@graph":[{"@type":"Article","@id":"https:\/\/www.pm.pb.gov.br\/portal\/2019\/04\/18\/apos-denuncia-policia-militar-localiza-drogas-e-prende-suspeita-em-condominio-na-zona-sul-da-capital\/#article","isPartOf":{"@id":"https:\/\/www.pm.pb.gov.br\/portal\/2019\/04\/18\/apos-denuncia-policia-militar-localiza-drogas-e-prende-suspeita-em-condominio-na-zona-sul-da-capital\/"},"author":{"name":"WAGNER HENRIQUE VARELA DA SILVA","@id":"https:\/\/www.pm.pb.gov.br\/portal\/#\/schema\/person\/b169b297b8494dea236e315ed1a201d1"},"headline":"Ap\u00f3s den\u00fancia, Pol\u00edcia Militar localiza drogas e prende suspeita em condom\u00ednio na zona sul da Capital","datePublished":"2019-04-18T20:02:37+00:00","dateModified":"2019-04-19T23:43:31+00:00","mainEntityOfPage":{"@id":"https:\/\/www.pm.pb.gov.br\/portal\/2019\/04\/18\/apos-denuncia-policia-militar-localiza-drogas-e-prende-suspeita-em-condominio-na-zona-sul-da-capital\/"},"wordCount":249,"publisher":{"@id":"https:\/\/www.pm.pb.gov.br\/portal\/#organization"},"articleSection":["A\u00e7\u00f5es Policiais"],"inLanguage":"pt-BR"},{"@type":"WebPage","@id":"https:\/\/www.pm.pb.gov.br\/portal\/2019\/04\/18\/apos-denuncia-policia-militar-localiza-drogas-e-prende-suspeita-em-condominio-na-zona-sul-da-capital\/","url":"https:\/\/www.pm.pb.gov.br\/portal\/2019\/04\/18\/apos-denuncia-policia-militar-localiza-drogas-e-prende-suspeita-em-condominio-na-zona-sul-da-capital\/","name":"Ap\u00f3s den\u00fancia, Pol\u00edcia Militar localiza drogas e prende suspeita em condom\u00ednio na zona sul da Capital - Pol\u00edcia Militar da Para\u00edba","isPartOf":{"@id":"https:\/\/www.pm.pb.gov.br\/portal\/#website"},"datePublished":"2019-04-18T20:02:37+00:00","dateModified":"2019-04-19T23:43:31+00:00","breadcrumb":{"@id":"https:\/\/www.pm.pb.gov.br\/portal\/2019\/04\/18\/apos-denuncia-policia-militar-localiza-drogas-e-prende-suspeita-em-condominio-na-zona-sul-da-capital\/#breadcrumb"},"inLanguage":"pt-BR","potentialAction":[{"@type":"ReadAction","target":["https:\/\/www.pm.pb.gov.br\/portal\/2019\/04\/18\/apos-denuncia-policia-militar-localiza-drogas-e-prende-suspeita-em-condominio-na-zona-sul-da-capital\/"]}]},{"@type":"BreadcrumbList","@id":"https:\/\/www.pm.pb.gov.br\/portal\/2019\/04\/18\/apos-denuncia-policia-militar-localiza-drogas-e-prende-suspeita-em-condominio-na-zona-sul-da-capital\/#breadcrumb","itemListElement":[{"@type":"ListItem","position":1,"name":"In\u00edcio","item":"https:\/\/www.pm.pb.gov.br\/portal\/"},{"@type":"ListItem","position":2,"name":"Ap\u00f3s den\u00fancia, Pol\u00edcia Militar localiza drogas e prende suspeita em condom\u00ednio na zona sul da Capital"}]},{"@type":"WebSite","@id":"https:\/\/www.pm.pb.gov.br\/portal\/#website","url":"https:\/\/www.pm.pb.gov.br\/portal\/","name":"Pol\u00edcia Militar da Para\u00edba","description":"","publisher":{"@id":"https:\/\/www.pm.pb.gov.br\/portal\/#organization"},"potentialAction":[{"@type":"SearchAction","target":{"@type":"EntryPoint","urlTemplate":"https:\/\/www.pm.pb.gov.br\/portal\/?s={search_term_string}"},"query-input":"required name=search_term_string"}],"inLanguage":"pt-BR"},{"@type":"Organization","@id":"https:\/\/www.pm.pb.gov.br\/portal\/#organization","name":"Pol\u00edcia Militar da Para\u00edba","url":"https:\/\/www.pm.pb.gov.br\/portal\/","logo":{"@type":"ImageObject","inLanguage":"pt-BR","@id":"https:\/\/www.pm.pb.gov.br\/portal\/#\/schema\/logo\/image\/","url":"https:\/\/www.pm.pb.gov.br\/portal\/wp-content\/uploads\/2025\/03\/cropped-logo-site-mag2-1.png","contentUrl":"https:\/\/www.pm.pb.gov.br\/portal\/wp-content\/uploads\/2025\/03\/cropped-logo-site-mag2-1.png","width":320,"height":90,"caption":"Pol\u00edcia Militar da Para\u00edba"},"image":{"@id":"https:\/\/www.pm.pb.gov.br\/portal\/#\/schema\/logo\/image\/"}},{"@type":"Person","@id":"https:\/\/www.pm.pb.gov.br\/portal\/#\/schema\/person\/b169b297b8494dea236e315ed1a201d1","name":"WAGNER HENRIQUE VARELA DA SILVA","image":{"@type":"ImageObject","inLanguage":"pt-BR","@id":"https:\/\/www.pm.pb.gov.br\/portal\/#\/schema\/person\/image\/","url":"https:\/\/secure.gravatar.com\/avatar\/e08af53176a66730df5c0706c6c31fd6?s=96&d=mm&r=g","contentUrl":"https:\/\/secure.gravatar.com\/avatar\/e08af53176a66730df5c0706c6c31fd6?s=96&d=mm&r=g","caption":"WAGNER HENRIQUE VARELA DA SILVA"},"url":"https:\/\/www.pm.pb.gov.br\/portal\/author\/varela\/"}]}},"_links":{"self":[{"href":"https:\/\/www.pm.pb.gov.br\/portal\/wp-json\/wp\/v2\/posts\/900523"}],"collection":[{"href":"https:\/\/www.pm.pb.gov.br\/portal\/wp-json\/wp\/v2\/posts"}],"about":[{"href":"https:\/\/www.pm.pb.gov.br\/portal\/wp-json\/wp\/v2\/types\/post"}],"author":[{"embeddable":true,"href":"https:\/\/www.pm.pb.gov.br\/portal\/wp-json\/wp\/v2\/users\/10"}],"replies":[{"embeddable":true,"href":"https:\/\/www.pm.pb.gov.br\/portal\/wp-json\/wp\/v2\/comments?post=900523"}],"version-history":[{"count":1,"href":"https:\/\/www.pm.pb.gov.br\/portal\/wp-json\/wp\/v2\/posts\/900523\/revisions"}],"predecessor-version":[{"id":900525,"href":"https:\/\/www.pm.pb.gov.br\/portal\/wp-json\/wp\/v2\/posts\/900523\/revisions\/900525"}],"wp:featuredmedia":[{"embeddable":true,"href":"https:\/\/www.pm.pb.gov.br\/portal\/wp-json\/wp\/v2\/media\/900524"}],"wp:attachment":[{"href":"https:\/\/www.pm.pb.gov.br\/portal\/wp-json\/wp\/v2\/media?parent=900523"}],"wp:term":[{"taxonomy":"category","embeddable":true,"href":"https:\/\/www.pm.pb.gov.br\/portal\/wp-json\/wp\/v2\/categories?post=900523"},{"taxonomy":"post_tag","embeddable":true,"href":"https:\/\/www.pm.pb.gov.br\/portal\/wp-json\/wp\/v2\/tags?post=900523"}],"curies":[{"name":"wp","href":"https:\/\/api.w.org\/{rel}","templated":true}]}}