{"id":900520,"date":"2019-04-19T20:33:22","date_gmt":"2019-04-19T23:33:22","guid":{"rendered":"http:\/\/www.pm.pb.gov.br\/portal\/?p=900520"},"modified":"2019-04-19T20:33:24","modified_gmt":"2019-04-19T23:33:24","slug":"dia-do-exercito-projeto-da-pm-que-atende-mais-de-100-criancas-no-sertao-leva-meninos-e-meninas-para-visitarem-quartel-do-eb-no-rio-grande-do-norte","status":"publish","type":"post","link":"https:\/\/www.pm.pb.gov.br\/portal\/2019\/04\/19\/dia-do-exercito-projeto-da-pm-que-atende-mais-de-100-criancas-no-sertao-leva-meninos-e-meninas-para-visitarem-quartel-do-eb-no-rio-grande-do-norte\/","title":{"rendered":"DIA DO EX\u00c9RCITO: Projeto da PM que atende mais de 100 crian\u00e7as no Sert\u00e3o leva meninos e meninas para visitarem quartel do EB, no Rio Grande do Norte"},"content":{"rendered":"\n<p>Para comemorar o Dia do Ex\u00e9rcito Brasileiro, que acontece nesta sexta-feira (19), mais de 100 crian\u00e7as de escolas p\u00fablicas do munic\u00edpio de S\u00e3o Bento, atendidas pelo projeto da Pol\u00edcia Militar denominado Patrulha Mirim Solid\u00e1ria (PMSol), visitaram o 1\u00ba Batalh\u00e3o de Engenharia e Constru\u00e7\u00e3o (1\u00ba BEC), na cidade de Caic\u00f3, no estado do Rio Grande do Norte. A atividade aconteceu na \u00faltima quarta-feira (17).<\/p>\n\n\n\n<p>Um dos pontos altos da ocasi\u00e3o foi quando os alunos participaram da solenidade militar que comemorou a data do dia 19 de abril. O comandante do BEC, o tenente-coronel de Engenharia Vasques Robinson Di\u00f3genes Vasques, recebeu pessoalmente os meninos e meninas que s\u00e3o provenientes das escolas Andr\u00e9 Pedro e Afonso Manoel, parabenizando o projeto.<\/p>\n\n\n\n<p>Ap\u00f3s o t\u00e9rmino da solenidade, os patrulheiros mirins conheceram um pouco mais da rotina da vida em caserna e as instala\u00e7\u00f5es militares do local. A visita faz parte das atividades desenvolvidas pela PMSol, em parceria com as escolas, onde as crian\u00e7as conhecem de perto os valores, atribui\u00e7\u00f5es e trabalhos das For\u00e7as Armadas, For\u00e7as Auxiliares e Organiza\u00e7\u00f5es N\u00e3o-Governamentais, entre outros.<\/p>\n\n\n\n<p>O projeto PMSol \u00e9 realizado pela 3\u00aa Companhia do 12\u00ba Batalh\u00e3o, atendendo meninos e meninas de escolas p\u00fablicas de comunidades em vulnerabilidade social, com instru\u00e7\u00f5es e atividades pedag\u00f3gicas sobre as tem\u00e1ticas de cidadania, \u00e9tica, disciplina, entre outros. \u201cA a\u00e7\u00e3o solid\u00e1ria j\u00e1 vem mostrando resultados positivos, colaborando com o aprimoramento infantil e educacional dos pequenos patrulheiros\u201d, ressaltou o tenente Fernando Galindo, comandante da 3\u00aa Companhia e coordenador do projeto.<\/p>\n\n\n\n<p>Outras a\u00e7\u00f5es em escolas e organiza\u00e7\u00f5es est\u00e3o previstas para o resto do ano.<\/p>\n","protected":false},"excerpt":{"rendered":"<p>Para comemorar o Dia do Ex\u00e9rcito Brasileiro, que acontece nesta sexta-feira (19), mais de 100 crian\u00e7as de escolas p\u00fablicas do<\/p>\n","protected":false},"author":10,"featured_media":900521,"comment_status":"closed","ping_status":"closed","sticky":false,"template":"","format":"standard","meta":{"_exactmetrics_skip_tracking":false,"_exactmetrics_sitenote_active":false,"_exactmetrics_sitenote_note":"","_exactmetrics_sitenote_category":0,"footnotes":""},"categories":[15],"tags":[],"yoast_head":"<!-- This site is optimized with the Yoast SEO plugin v22.0 - https:\/\/yoast.com\/wordpress\/plugins\/seo\/ -->\n<title>DIA DO EX\u00c9RCITO: Projeto da PM que atende mais de 100 crian\u00e7as no Sert\u00e3o leva meninos e meninas para visitarem quartel do EB, no Rio Grande do Norte - Pol\u00edcia Militar da Para\u00edba<\/title>\n<meta name=\"robots\" content=\"index, follow, max-snippet:-1, max-image-preview:large, max-video-preview:-1\" \/>\n<link rel=\"canonical\" href=\"https:\/\/www.pm.pb.gov.br\/portal\/2019\/04\/19\/dia-do-exercito-projeto-da-pm-que-atende-mais-de-100-criancas-no-sertao-leva-meninos-e-meninas-para-visitarem-quartel-do-eb-no-rio-grande-do-norte\/\" \/>\n<meta property=\"og:locale\" content=\"pt_BR\" \/>\n<meta property=\"og:type\" content=\"article\" \/>\n<meta property=\"og:title\" content=\"DIA DO EX\u00c9RCITO: Projeto da PM que atende mais de 100 crian\u00e7as no Sert\u00e3o leva meninos e meninas para visitarem quartel do EB, no Rio Grande do Norte - Pol\u00edcia Militar da Para\u00edba\" \/>\n<meta property=\"og:description\" content=\"Para comemorar o Dia do Ex\u00e9rcito Brasileiro, que acontece nesta sexta-feira (19), mais de 100 crian\u00e7as de escolas p\u00fablicas do\" \/>\n<meta property=\"og:url\" content=\"https:\/\/www.pm.pb.gov.br\/portal\/2019\/04\/19\/dia-do-exercito-projeto-da-pm-que-atende-mais-de-100-criancas-no-sertao-leva-meninos-e-meninas-para-visitarem-quartel-do-eb-no-rio-grande-do-norte\/\" \/>\n<meta property=\"og:site_name\" content=\"Pol\u00edcia Militar da Para\u00edba\" \/>\n<meta property=\"article:published_time\" content=\"2019-04-19T23:33:22+00:00\" \/>\n<meta property=\"article:modified_time\" content=\"2019-04-19T23:33:24+00:00\" \/>\n<meta property=\"og:image\" content=\"https:\/\/www.pm.pb.gov.br\/portal\/wp-content\/uploads\/2019\/04\/WhatsApp-Image-2019-04-19-at-16.59.14.jpeg\" \/>\n\t<meta property=\"og:image:width\" content=\"1280\" \/>\n\t<meta property=\"og:image:height\" content=\"853\" \/>\n\t<meta property=\"og:image:type\" content=\"image\/jpeg\" \/>\n<meta name=\"author\" content=\"WAGNER HENRIQUE VARELA DA SILVA\" \/>\n<meta name=\"twitter:card\" content=\"summary_large_image\" \/>\n<meta name=\"twitter:label1\" content=\"Escrito por\" \/>\n\t<meta name=\"twitter:data1\" content=\"WAGNER HENRIQUE VARELA DA SILVA\" \/>\n\t<meta name=\"twitter:label2\" content=\"Est. tempo de leitura\" \/>\n\t<meta name=\"twitter:data2\" content=\"1 minuto\" \/>\n<script type=\"application\/ld+json\" class=\"yoast-schema-graph\">{\"@context\":\"https:\/\/schema.org\",\"@graph\":[{\"@type\":\"Article\",\"@id\":\"https:\/\/www.pm.pb.gov.br\/portal\/2019\/04\/19\/dia-do-exercito-projeto-da-pm-que-atende-mais-de-100-criancas-no-sertao-leva-meninos-e-meninas-para-visitarem-quartel-do-eb-no-rio-grande-do-norte\/#article\",\"isPartOf\":{\"@id\":\"https:\/\/www.pm.pb.gov.br\/portal\/2019\/04\/19\/dia-do-exercito-projeto-da-pm-que-atende-mais-de-100-criancas-no-sertao-leva-meninos-e-meninas-para-visitarem-quartel-do-eb-no-rio-grande-do-norte\/\"},\"author\":{\"name\":\"WAGNER HENRIQUE VARELA DA SILVA\",\"@id\":\"https:\/\/www.pm.pb.gov.br\/portal\/#\/schema\/person\/b169b297b8494dea236e315ed1a201d1\"},\"headline\":\"DIA DO EX\u00c9RCITO: Projeto da PM que atende mais de 100 crian\u00e7as no Sert\u00e3o leva meninos e meninas para visitarem quartel do EB, no Rio Grande do Norte\",\"datePublished\":\"2019-04-19T23:33:22+00:00\",\"dateModified\":\"2019-04-19T23:33:24+00:00\",\"mainEntityOfPage\":{\"@id\":\"https:\/\/www.pm.pb.gov.br\/portal\/2019\/04\/19\/dia-do-exercito-projeto-da-pm-que-atende-mais-de-100-criancas-no-sertao-leva-meninos-e-meninas-para-visitarem-quartel-do-eb-no-rio-grande-do-norte\/\"},\"wordCount\":308,\"publisher\":{\"@id\":\"https:\/\/www.pm.pb.gov.br\/portal\/#organization\"},\"articleSection\":[\"Informativo\"],\"inLanguage\":\"pt-BR\"},{\"@type\":\"WebPage\",\"@id\":\"https:\/\/www.pm.pb.gov.br\/portal\/2019\/04\/19\/dia-do-exercito-projeto-da-pm-que-atende-mais-de-100-criancas-no-sertao-leva-meninos-e-meninas-para-visitarem-quartel-do-eb-no-rio-grande-do-norte\/\",\"url\":\"https:\/\/www.pm.pb.gov.br\/portal\/2019\/04\/19\/dia-do-exercito-projeto-da-pm-que-atende-mais-de-100-criancas-no-sertao-leva-meninos-e-meninas-para-visitarem-quartel-do-eb-no-rio-grande-do-norte\/\",\"name\":\"DIA DO EX\u00c9RCITO: Projeto da PM que atende mais de 100 crian\u00e7as no Sert\u00e3o leva meninos e meninas para visitarem quartel do EB, no Rio Grande do Norte - Pol\u00edcia Militar da Para\u00edba\",\"isPartOf\":{\"@id\":\"https:\/\/www.pm.pb.gov.br\/portal\/#website\"},\"datePublished\":\"2019-04-19T23:33:22+00:00\",\"dateModified\":\"2019-04-19T23:33:24+00:00\",\"breadcrumb\":{\"@id\":\"https:\/\/www.pm.pb.gov.br\/portal\/2019\/04\/19\/dia-do-exercito-projeto-da-pm-que-atende-mais-de-100-criancas-no-sertao-leva-meninos-e-meninas-para-visitarem-quartel-do-eb-no-rio-grande-do-norte\/#breadcrumb\"},\"inLanguage\":\"pt-BR\",\"potentialAction\":[{\"@type\":\"ReadAction\",\"target\":[\"https:\/\/www.pm.pb.gov.br\/portal\/2019\/04\/19\/dia-do-exercito-projeto-da-pm-que-atende-mais-de-100-criancas-no-sertao-leva-meninos-e-meninas-para-visitarem-quartel-do-eb-no-rio-grande-do-norte\/\"]}]},{\"@type\":\"BreadcrumbList\",\"@id\":\"https:\/\/www.pm.pb.gov.br\/portal\/2019\/04\/19\/dia-do-exercito-projeto-da-pm-que-atende-mais-de-100-criancas-no-sertao-leva-meninos-e-meninas-para-visitarem-quartel-do-eb-no-rio-grande-do-norte\/#breadcrumb\",\"itemListElement\":[{\"@type\":\"ListItem\",\"position\":1,\"name\":\"In\u00edcio\",\"item\":\"https:\/\/www.pm.pb.gov.br\/portal\/\"},{\"@type\":\"ListItem\",\"position\":2,\"name\":\"DIA DO EX\u00c9RCITO: Projeto da PM que atende mais de 100 crian\u00e7as no Sert\u00e3o leva meninos e meninas para visitarem quartel do EB, no Rio Grande do Norte\"}]},{\"@type\":\"WebSite\",\"@id\":\"https:\/\/www.pm.pb.gov.br\/portal\/#website\",\"url\":\"https:\/\/www.pm.pb.gov.br\/portal\/\",\"name\":\"Pol\u00edcia Militar da Para\u00edba\",\"description\":\"\",\"publisher\":{\"@id\":\"https:\/\/www.pm.pb.gov.br\/portal\/#organization\"},\"potentialAction\":[{\"@type\":\"SearchAction\",\"target\":{\"@type\":\"EntryPoint\",\"urlTemplate\":\"https:\/\/www.pm.pb.gov.br\/portal\/?s={search_term_string}\"},\"query-input\":\"required name=search_term_string\"}],\"inLanguage\":\"pt-BR\"},{\"@type\":\"Organization\",\"@id\":\"https:\/\/www.pm.pb.gov.br\/portal\/#organization\",\"name\":\"Pol\u00edcia Militar da Para\u00edba\",\"url\":\"https:\/\/www.pm.pb.gov.br\/portal\/\",\"logo\":{\"@type\":\"ImageObject\",\"inLanguage\":\"pt-BR\",\"@id\":\"https:\/\/www.pm.pb.gov.br\/portal\/#\/schema\/logo\/image\/\",\"url\":\"https:\/\/www.pm.pb.gov.br\/portal\/wp-content\/uploads\/2025\/03\/cropped-logo-site-mag2-1.png\",\"contentUrl\":\"https:\/\/www.pm.pb.gov.br\/portal\/wp-content\/uploads\/2025\/03\/cropped-logo-site-mag2-1.png\",\"width\":320,\"height\":90,\"caption\":\"Pol\u00edcia Militar da Para\u00edba\"},\"image\":{\"@id\":\"https:\/\/www.pm.pb.gov.br\/portal\/#\/schema\/logo\/image\/\"}},{\"@type\":\"Person\",\"@id\":\"https:\/\/www.pm.pb.gov.br\/portal\/#\/schema\/person\/b169b297b8494dea236e315ed1a201d1\",\"name\":\"WAGNER HENRIQUE VARELA DA SILVA\",\"image\":{\"@type\":\"ImageObject\",\"inLanguage\":\"pt-BR\",\"@id\":\"https:\/\/www.pm.pb.gov.br\/portal\/#\/schema\/person\/image\/\",\"url\":\"https:\/\/secure.gravatar.com\/avatar\/e08af53176a66730df5c0706c6c31fd6?s=96&d=mm&r=g\",\"contentUrl\":\"https:\/\/secure.gravatar.com\/avatar\/e08af53176a66730df5c0706c6c31fd6?s=96&d=mm&r=g\",\"caption\":\"WAGNER HENRIQUE VARELA DA SILVA\"},\"url\":\"https:\/\/www.pm.pb.gov.br\/portal\/author\/varela\/\"}]}<\/script>\n<!-- \/ Yoast SEO plugin. -->","yoast_head_json":{"title":"DIA DO EX\u00c9RCITO: Projeto da PM que atende mais de 100 crian\u00e7as no Sert\u00e3o leva meninos e meninas para visitarem quartel do EB, no Rio Grande do Norte - Pol\u00edcia Militar da Para\u00edba","robots":{"index":"index","follow":"follow","max-snippet":"max-snippet:-1","max-image-preview":"max-image-preview:large","max-video-preview":"max-video-preview:-1"},"canonical":"https:\/\/www.pm.pb.gov.br\/portal\/2019\/04\/19\/dia-do-exercito-projeto-da-pm-que-atende-mais-de-100-criancas-no-sertao-leva-meninos-e-meninas-para-visitarem-quartel-do-eb-no-rio-grande-do-norte\/","og_locale":"pt_BR","og_type":"article","og_title":"DIA DO EX\u00c9RCITO: Projeto da PM que atende mais de 100 crian\u00e7as no Sert\u00e3o leva meninos e meninas para visitarem quartel do EB, no Rio Grande do Norte - Pol\u00edcia Militar da Para\u00edba","og_description":"Para comemorar o Dia do Ex\u00e9rcito Brasileiro, que acontece nesta sexta-feira (19), mais de 100 crian\u00e7as de escolas p\u00fablicas do","og_url":"https:\/\/www.pm.pb.gov.br\/portal\/2019\/04\/19\/dia-do-exercito-projeto-da-pm-que-atende-mais-de-100-criancas-no-sertao-leva-meninos-e-meninas-para-visitarem-quartel-do-eb-no-rio-grande-do-norte\/","og_site_name":"Pol\u00edcia Militar da Para\u00edba","article_published_time":"2019-04-19T23:33:22+00:00","article_modified_time":"2019-04-19T23:33:24+00:00","og_image":[{"width":1280,"height":853,"url":"https:\/\/www.pm.pb.gov.br\/portal\/wp-content\/uploads\/2019\/04\/WhatsApp-Image-2019-04-19-at-16.59.14.jpeg","type":"image\/jpeg"}],"author":"WAGNER HENRIQUE VARELA DA SILVA","twitter_card":"summary_large_image","twitter_misc":{"Escrito por":"WAGNER HENRIQUE VARELA DA SILVA","Est. tempo de leitura":"1 minuto"},"schema":{"@context":"https:\/\/schema.org","@graph":[{"@type":"Article","@id":"https:\/\/www.pm.pb.gov.br\/portal\/2019\/04\/19\/dia-do-exercito-projeto-da-pm-que-atende-mais-de-100-criancas-no-sertao-leva-meninos-e-meninas-para-visitarem-quartel-do-eb-no-rio-grande-do-norte\/#article","isPartOf":{"@id":"https:\/\/www.pm.pb.gov.br\/portal\/2019\/04\/19\/dia-do-exercito-projeto-da-pm-que-atende-mais-de-100-criancas-no-sertao-leva-meninos-e-meninas-para-visitarem-quartel-do-eb-no-rio-grande-do-norte\/"},"author":{"name":"WAGNER HENRIQUE VARELA DA SILVA","@id":"https:\/\/www.pm.pb.gov.br\/portal\/#\/schema\/person\/b169b297b8494dea236e315ed1a201d1"},"headline":"DIA DO EX\u00c9RCITO: Projeto da PM que atende mais de 100 crian\u00e7as no Sert\u00e3o leva meninos e meninas para visitarem quartel do EB, no Rio Grande do Norte","datePublished":"2019-04-19T23:33:22+00:00","dateModified":"2019-04-19T23:33:24+00:00","mainEntityOfPage":{"@id":"https:\/\/www.pm.pb.gov.br\/portal\/2019\/04\/19\/dia-do-exercito-projeto-da-pm-que-atende-mais-de-100-criancas-no-sertao-leva-meninos-e-meninas-para-visitarem-quartel-do-eb-no-rio-grande-do-norte\/"},"wordCount":308,"publisher":{"@id":"https:\/\/www.pm.pb.gov.br\/portal\/#organization"},"articleSection":["Informativo"],"inLanguage":"pt-BR"},{"@type":"WebPage","@id":"https:\/\/www.pm.pb.gov.br\/portal\/2019\/04\/19\/dia-do-exercito-projeto-da-pm-que-atende-mais-de-100-criancas-no-sertao-leva-meninos-e-meninas-para-visitarem-quartel-do-eb-no-rio-grande-do-norte\/","url":"https:\/\/www.pm.pb.gov.br\/portal\/2019\/04\/19\/dia-do-exercito-projeto-da-pm-que-atende-mais-de-100-criancas-no-sertao-leva-meninos-e-meninas-para-visitarem-quartel-do-eb-no-rio-grande-do-norte\/","name":"DIA DO EX\u00c9RCITO: Projeto da PM que atende mais de 100 crian\u00e7as no Sert\u00e3o leva meninos e meninas para visitarem quartel do EB, no Rio Grande do Norte - Pol\u00edcia Militar da Para\u00edba","isPartOf":{"@id":"https:\/\/www.pm.pb.gov.br\/portal\/#website"},"datePublished":"2019-04-19T23:33:22+00:00","dateModified":"2019-04-19T23:33:24+00:00","breadcrumb":{"@id":"https:\/\/www.pm.pb.gov.br\/portal\/2019\/04\/19\/dia-do-exercito-projeto-da-pm-que-atende-mais-de-100-criancas-no-sertao-leva-meninos-e-meninas-para-visitarem-quartel-do-eb-no-rio-grande-do-norte\/#breadcrumb"},"inLanguage":"pt-BR","potentialAction":[{"@type":"ReadAction","target":["https:\/\/www.pm.pb.gov.br\/portal\/2019\/04\/19\/dia-do-exercito-projeto-da-pm-que-atende-mais-de-100-criancas-no-sertao-leva-meninos-e-meninas-para-visitarem-quartel-do-eb-no-rio-grande-do-norte\/"]}]},{"@type":"BreadcrumbList","@id":"https:\/\/www.pm.pb.gov.br\/portal\/2019\/04\/19\/dia-do-exercito-projeto-da-pm-que-atende-mais-de-100-criancas-no-sertao-leva-meninos-e-meninas-para-visitarem-quartel-do-eb-no-rio-grande-do-norte\/#breadcrumb","itemListElement":[{"@type":"ListItem","position":1,"name":"In\u00edcio","item":"https:\/\/www.pm.pb.gov.br\/portal\/"},{"@type":"ListItem","position":2,"name":"DIA DO EX\u00c9RCITO: Projeto da PM que atende mais de 100 crian\u00e7as no Sert\u00e3o leva meninos e meninas para visitarem quartel do EB, no Rio Grande do Norte"}]},{"@type":"WebSite","@id":"https:\/\/www.pm.pb.gov.br\/portal\/#website","url":"https:\/\/www.pm.pb.gov.br\/portal\/","name":"Pol\u00edcia Militar da Para\u00edba","description":"","publisher":{"@id":"https:\/\/www.pm.pb.gov.br\/portal\/#organization"},"potentialAction":[{"@type":"SearchAction","target":{"@type":"EntryPoint","urlTemplate":"https:\/\/www.pm.pb.gov.br\/portal\/?s={search_term_string}"},"query-input":"required name=search_term_string"}],"inLanguage":"pt-BR"},{"@type":"Organization","@id":"https:\/\/www.pm.pb.gov.br\/portal\/#organization","name":"Pol\u00edcia Militar da Para\u00edba","url":"https:\/\/www.pm.pb.gov.br\/portal\/","logo":{"@type":"ImageObject","inLanguage":"pt-BR","@id":"https:\/\/www.pm.pb.gov.br\/portal\/#\/schema\/logo\/image\/","url":"https:\/\/www.pm.pb.gov.br\/portal\/wp-content\/uploads\/2025\/03\/cropped-logo-site-mag2-1.png","contentUrl":"https:\/\/www.pm.pb.gov.br\/portal\/wp-content\/uploads\/2025\/03\/cropped-logo-site-mag2-1.png","width":320,"height":90,"caption":"Pol\u00edcia Militar da Para\u00edba"},"image":{"@id":"https:\/\/www.pm.pb.gov.br\/portal\/#\/schema\/logo\/image\/"}},{"@type":"Person","@id":"https:\/\/www.pm.pb.gov.br\/portal\/#\/schema\/person\/b169b297b8494dea236e315ed1a201d1","name":"WAGNER HENRIQUE VARELA DA SILVA","image":{"@type":"ImageObject","inLanguage":"pt-BR","@id":"https:\/\/www.pm.pb.gov.br\/portal\/#\/schema\/person\/image\/","url":"https:\/\/secure.gravatar.com\/avatar\/e08af53176a66730df5c0706c6c31fd6?s=96&d=mm&r=g","contentUrl":"https:\/\/secure.gravatar.com\/avatar\/e08af53176a66730df5c0706c6c31fd6?s=96&d=mm&r=g","caption":"WAGNER HENRIQUE VARELA DA SILVA"},"url":"https:\/\/www.pm.pb.gov.br\/portal\/author\/varela\/"}]}},"_links":{"self":[{"href":"https:\/\/www.pm.pb.gov.br\/portal\/wp-json\/wp\/v2\/posts\/900520"}],"collection":[{"href":"https:\/\/www.pm.pb.gov.br\/portal\/wp-json\/wp\/v2\/posts"}],"about":[{"href":"https:\/\/www.pm.pb.gov.br\/portal\/wp-json\/wp\/v2\/types\/post"}],"author":[{"embeddable":true,"href":"https:\/\/www.pm.pb.gov.br\/portal\/wp-json\/wp\/v2\/users\/10"}],"replies":[{"embeddable":true,"href":"https:\/\/www.pm.pb.gov.br\/portal\/wp-json\/wp\/v2\/comments?post=900520"}],"version-history":[{"count":1,"href":"https:\/\/www.pm.pb.gov.br\/portal\/wp-json\/wp\/v2\/posts\/900520\/revisions"}],"predecessor-version":[{"id":900522,"href":"https:\/\/www.pm.pb.gov.br\/portal\/wp-json\/wp\/v2\/posts\/900520\/revisions\/900522"}],"wp:featuredmedia":[{"embeddable":true,"href":"https:\/\/www.pm.pb.gov.br\/portal\/wp-json\/wp\/v2\/media\/900521"}],"wp:attachment":[{"href":"https:\/\/www.pm.pb.gov.br\/portal\/wp-json\/wp\/v2\/media?parent=900520"}],"wp:term":[{"taxonomy":"category","embeddable":true,"href":"https:\/\/www.pm.pb.gov.br\/portal\/wp-json\/wp\/v2\/categories?post=900520"},{"taxonomy":"post_tag","embeddable":true,"href":"https:\/\/www.pm.pb.gov.br\/portal\/wp-json\/wp\/v2\/tags?post=900520"}],"curies":[{"name":"wp","href":"https:\/\/api.w.org\/{rel}","templated":true}]}}