{"id":900517,"date":"2019-04-19T19:52:50","date_gmt":"2019-04-19T22:52:50","guid":{"rendered":"http:\/\/www.pm.pb.gov.br\/portal\/?p=900517"},"modified":"2019-04-19T19:52:51","modified_gmt":"2019-04-19T22:52:51","slug":"operacao-renascer-em-acoes-no-sertao-pm-prende-sete-cumpre-mandado-de-prisao-e-recupera-veiculo-roubado","status":"publish","type":"post","link":"https:\/\/www.pm.pb.gov.br\/portal\/2019\/04\/19\/operacao-renascer-em-acoes-no-sertao-pm-prende-sete-cumpre-mandado-de-prisao-e-recupera-veiculo-roubado\/","title":{"rendered":"OPERA\u00c7\u00c3O RENASCER: Em a\u00e7\u00f5es no Sert\u00e3o, PM prende sete, cumpre mandado de pris\u00e3o e recupera ve\u00edculo roubado"},"content":{"rendered":"\n<p>Pelo menos sete pessoas foram presas ou apreendidas pela Pol\u00edcia Militar durante a Opera\u00e7\u00e3o Renascer, nessa \u00faltima quinta-feira (18), no Sert\u00e3o paraibano. As a\u00e7\u00f5es aconteceram em quatro munic\u00edpios, resultando no cumprimento de mandados de pris\u00e3o e recupera\u00e7\u00e3o de bens roubados ou furtados.<\/p>\n\n\n\n<p>Nas ocorr\u00eancias mais recentes, uma dupla de 22 e 15 anos foi detida no fim da noite em Bel\u00e9m do Brejo do Cruz, com um simulacro de arma de fogo, ap\u00f3s tentar realizar um assalto em uma pra\u00e7a p\u00fablica. Os suspeitos foram conduzidos para Delegacia da Pol\u00edcia Civil de S\u00e3o Bento.<\/p>\n\n\n\n<p>Ainda pela noite, na cidade de Itaporanga, um trio foi detido ap\u00f3s roubar um celular e um tablet. Um homem de 22 anos e dois adolescentes de 17 foram localizados pelo cerco realizado pela PM e encaminhados para a delegacia da cidade. Tamb\u00e9m em Itaporanga, dessa vez pela tarde, um suspeito de 22 anos foi preso ap\u00f3s roubar um celular em uma cl\u00ednica odontol\u00f3gica no centro da cidade. O aparelho foi recuperado e o homem foi encaminhado para a delegacia para os procedimentos cab\u00edveis.<\/p>\n\n\n\n<p>J\u00e1 em um matagal na regi\u00e3o de Paulista, pela tarde, a PM localizou uma caminhonete roubada por pelo menos sete suspeitos no estado do Rio Grande do Norte. O carro foi recuperado em um cerco realizado pelo efetivo de v\u00e1rias unidades de \u00e1rea operacionais e Comando Regional, resultando na recupera\u00e7\u00e3o do patrim\u00f4nio. As buscas pelos suspeitos seguem na regi\u00e3o, e o carro foi entregue ao propriet\u00e1rio.<\/p>\n\n\n\n<p>Pela manh\u00e3, em Princesa Isabel, policiais na Opera\u00e7\u00e3o Renascer abordaram um \u00f4nibus que vinha do estado de S\u00e3o Paulo e nas buscas por suspeitos e materiais il\u00edcitos, localizaram um foragido que havia quebrado o regime semiaberto e estava sendo procurado h\u00e1 oito meses na Para\u00edba. Ele cumpria pena por furtos de celulares, crime ocorrido em uma festa na cidade de Malta. O fugitivo foi preso e apresentado na delegacia da cidade.\n\n<\/p>\n","protected":false},"excerpt":{"rendered":"<p>Pelo menos sete pessoas foram presas ou apreendidas pela Pol\u00edcia Militar durante a Opera\u00e7\u00e3o Renascer, nessa \u00faltima quinta-feira (18), no<\/p>\n","protected":false},"author":10,"featured_media":900518,"comment_status":"closed","ping_status":"closed","sticky":false,"template":"","format":"standard","meta":{"_exactmetrics_skip_tracking":false,"_exactmetrics_sitenote_active":false,"_exactmetrics_sitenote_note":"","_exactmetrics_sitenote_category":0,"footnotes":""},"categories":[4],"tags":[],"yoast_head":"<!-- This site is optimized with the Yoast SEO plugin v22.0 - https:\/\/yoast.com\/wordpress\/plugins\/seo\/ -->\n<title>OPERA\u00c7\u00c3O RENASCER: Em a\u00e7\u00f5es no Sert\u00e3o, PM prende sete, cumpre mandado de pris\u00e3o e recupera ve\u00edculo roubado - Pol\u00edcia Militar da Para\u00edba<\/title>\n<meta name=\"robots\" content=\"index, follow, max-snippet:-1, max-image-preview:large, max-video-preview:-1\" \/>\n<link rel=\"canonical\" href=\"https:\/\/www.pm.pb.gov.br\/portal\/2019\/04\/19\/operacao-renascer-em-acoes-no-sertao-pm-prende-sete-cumpre-mandado-de-prisao-e-recupera-veiculo-roubado\/\" \/>\n<meta property=\"og:locale\" content=\"pt_BR\" \/>\n<meta property=\"og:type\" content=\"article\" \/>\n<meta property=\"og:title\" content=\"OPERA\u00c7\u00c3O RENASCER: Em a\u00e7\u00f5es no Sert\u00e3o, PM prende sete, cumpre mandado de pris\u00e3o e recupera ve\u00edculo roubado - Pol\u00edcia Militar da Para\u00edba\" \/>\n<meta property=\"og:description\" content=\"Pelo menos sete pessoas foram presas ou apreendidas pela Pol\u00edcia Militar durante a Opera\u00e7\u00e3o Renascer, nessa \u00faltima quinta-feira (18), no\" \/>\n<meta property=\"og:url\" content=\"https:\/\/www.pm.pb.gov.br\/portal\/2019\/04\/19\/operacao-renascer-em-acoes-no-sertao-pm-prende-sete-cumpre-mandado-de-prisao-e-recupera-veiculo-roubado\/\" \/>\n<meta property=\"og:site_name\" content=\"Pol\u00edcia Militar da Para\u00edba\" \/>\n<meta property=\"article:published_time\" content=\"2019-04-19T22:52:50+00:00\" \/>\n<meta property=\"article:modified_time\" content=\"2019-04-19T22:52:51+00:00\" \/>\n<meta property=\"og:image\" content=\"https:\/\/www.pm.pb.gov.br\/portal\/wp-content\/uploads\/2019\/04\/WhatsApp-Image-2019-04-19-at-14.11.24-2.jpeg\" \/>\n\t<meta property=\"og:image:width\" content=\"909\" \/>\n\t<meta property=\"og:image:height\" content=\"643\" \/>\n\t<meta property=\"og:image:type\" content=\"image\/jpeg\" \/>\n<meta name=\"author\" content=\"WAGNER HENRIQUE VARELA DA SILVA\" \/>\n<meta name=\"twitter:card\" content=\"summary_large_image\" \/>\n<meta name=\"twitter:label1\" content=\"Escrito por\" \/>\n\t<meta name=\"twitter:data1\" content=\"WAGNER HENRIQUE VARELA DA SILVA\" \/>\n\t<meta name=\"twitter:label2\" content=\"Est. tempo de leitura\" \/>\n\t<meta name=\"twitter:data2\" content=\"2 minutos\" \/>\n<script type=\"application\/ld+json\" class=\"yoast-schema-graph\">{\"@context\":\"https:\/\/schema.org\",\"@graph\":[{\"@type\":\"Article\",\"@id\":\"https:\/\/www.pm.pb.gov.br\/portal\/2019\/04\/19\/operacao-renascer-em-acoes-no-sertao-pm-prende-sete-cumpre-mandado-de-prisao-e-recupera-veiculo-roubado\/#article\",\"isPartOf\":{\"@id\":\"https:\/\/www.pm.pb.gov.br\/portal\/2019\/04\/19\/operacao-renascer-em-acoes-no-sertao-pm-prende-sete-cumpre-mandado-de-prisao-e-recupera-veiculo-roubado\/\"},\"author\":{\"name\":\"WAGNER HENRIQUE VARELA DA SILVA\",\"@id\":\"https:\/\/www.pm.pb.gov.br\/portal\/#\/schema\/person\/b169b297b8494dea236e315ed1a201d1\"},\"headline\":\"OPERA\u00c7\u00c3O RENASCER: Em a\u00e7\u00f5es no Sert\u00e3o, PM prende sete, cumpre mandado de pris\u00e3o e recupera ve\u00edculo roubado\",\"datePublished\":\"2019-04-19T22:52:50+00:00\",\"dateModified\":\"2019-04-19T22:52:51+00:00\",\"mainEntityOfPage\":{\"@id\":\"https:\/\/www.pm.pb.gov.br\/portal\/2019\/04\/19\/operacao-renascer-em-acoes-no-sertao-pm-prende-sete-cumpre-mandado-de-prisao-e-recupera-veiculo-roubado\/\"},\"wordCount\":360,\"publisher\":{\"@id\":\"https:\/\/www.pm.pb.gov.br\/portal\/#organization\"},\"articleSection\":[\"A\u00e7\u00f5es Policiais\"],\"inLanguage\":\"pt-BR\"},{\"@type\":\"WebPage\",\"@id\":\"https:\/\/www.pm.pb.gov.br\/portal\/2019\/04\/19\/operacao-renascer-em-acoes-no-sertao-pm-prende-sete-cumpre-mandado-de-prisao-e-recupera-veiculo-roubado\/\",\"url\":\"https:\/\/www.pm.pb.gov.br\/portal\/2019\/04\/19\/operacao-renascer-em-acoes-no-sertao-pm-prende-sete-cumpre-mandado-de-prisao-e-recupera-veiculo-roubado\/\",\"name\":\"OPERA\u00c7\u00c3O RENASCER: Em a\u00e7\u00f5es no Sert\u00e3o, PM prende sete, cumpre mandado de pris\u00e3o e recupera ve\u00edculo roubado - Pol\u00edcia Militar da Para\u00edba\",\"isPartOf\":{\"@id\":\"https:\/\/www.pm.pb.gov.br\/portal\/#website\"},\"datePublished\":\"2019-04-19T22:52:50+00:00\",\"dateModified\":\"2019-04-19T22:52:51+00:00\",\"breadcrumb\":{\"@id\":\"https:\/\/www.pm.pb.gov.br\/portal\/2019\/04\/19\/operacao-renascer-em-acoes-no-sertao-pm-prende-sete-cumpre-mandado-de-prisao-e-recupera-veiculo-roubado\/#breadcrumb\"},\"inLanguage\":\"pt-BR\",\"potentialAction\":[{\"@type\":\"ReadAction\",\"target\":[\"https:\/\/www.pm.pb.gov.br\/portal\/2019\/04\/19\/operacao-renascer-em-acoes-no-sertao-pm-prende-sete-cumpre-mandado-de-prisao-e-recupera-veiculo-roubado\/\"]}]},{\"@type\":\"BreadcrumbList\",\"@id\":\"https:\/\/www.pm.pb.gov.br\/portal\/2019\/04\/19\/operacao-renascer-em-acoes-no-sertao-pm-prende-sete-cumpre-mandado-de-prisao-e-recupera-veiculo-roubado\/#breadcrumb\",\"itemListElement\":[{\"@type\":\"ListItem\",\"position\":1,\"name\":\"In\u00edcio\",\"item\":\"https:\/\/www.pm.pb.gov.br\/portal\/\"},{\"@type\":\"ListItem\",\"position\":2,\"name\":\"OPERA\u00c7\u00c3O RENASCER: Em a\u00e7\u00f5es no Sert\u00e3o, PM prende sete, cumpre mandado de pris\u00e3o e recupera ve\u00edculo roubado\"}]},{\"@type\":\"WebSite\",\"@id\":\"https:\/\/www.pm.pb.gov.br\/portal\/#website\",\"url\":\"https:\/\/www.pm.pb.gov.br\/portal\/\",\"name\":\"Pol\u00edcia Militar da Para\u00edba\",\"description\":\"\",\"publisher\":{\"@id\":\"https:\/\/www.pm.pb.gov.br\/portal\/#organization\"},\"potentialAction\":[{\"@type\":\"SearchAction\",\"target\":{\"@type\":\"EntryPoint\",\"urlTemplate\":\"https:\/\/www.pm.pb.gov.br\/portal\/?s={search_term_string}\"},\"query-input\":\"required name=search_term_string\"}],\"inLanguage\":\"pt-BR\"},{\"@type\":\"Organization\",\"@id\":\"https:\/\/www.pm.pb.gov.br\/portal\/#organization\",\"name\":\"Pol\u00edcia Militar da Para\u00edba\",\"url\":\"https:\/\/www.pm.pb.gov.br\/portal\/\",\"logo\":{\"@type\":\"ImageObject\",\"inLanguage\":\"pt-BR\",\"@id\":\"https:\/\/www.pm.pb.gov.br\/portal\/#\/schema\/logo\/image\/\",\"url\":\"https:\/\/www.pm.pb.gov.br\/portal\/wp-content\/uploads\/2025\/03\/cropped-logo-site-mag2-1.png\",\"contentUrl\":\"https:\/\/www.pm.pb.gov.br\/portal\/wp-content\/uploads\/2025\/03\/cropped-logo-site-mag2-1.png\",\"width\":320,\"height\":90,\"caption\":\"Pol\u00edcia Militar da Para\u00edba\"},\"image\":{\"@id\":\"https:\/\/www.pm.pb.gov.br\/portal\/#\/schema\/logo\/image\/\"}},{\"@type\":\"Person\",\"@id\":\"https:\/\/www.pm.pb.gov.br\/portal\/#\/schema\/person\/b169b297b8494dea236e315ed1a201d1\",\"name\":\"WAGNER HENRIQUE VARELA DA SILVA\",\"image\":{\"@type\":\"ImageObject\",\"inLanguage\":\"pt-BR\",\"@id\":\"https:\/\/www.pm.pb.gov.br\/portal\/#\/schema\/person\/image\/\",\"url\":\"https:\/\/secure.gravatar.com\/avatar\/e08af53176a66730df5c0706c6c31fd6?s=96&d=mm&r=g\",\"contentUrl\":\"https:\/\/secure.gravatar.com\/avatar\/e08af53176a66730df5c0706c6c31fd6?s=96&d=mm&r=g\",\"caption\":\"WAGNER HENRIQUE VARELA DA SILVA\"},\"url\":\"https:\/\/www.pm.pb.gov.br\/portal\/author\/varela\/\"}]}<\/script>\n<!-- \/ Yoast SEO plugin. -->","yoast_head_json":{"title":"OPERA\u00c7\u00c3O RENASCER: Em a\u00e7\u00f5es no Sert\u00e3o, PM prende sete, cumpre mandado de pris\u00e3o e recupera ve\u00edculo roubado - Pol\u00edcia Militar da Para\u00edba","robots":{"index":"index","follow":"follow","max-snippet":"max-snippet:-1","max-image-preview":"max-image-preview:large","max-video-preview":"max-video-preview:-1"},"canonical":"https:\/\/www.pm.pb.gov.br\/portal\/2019\/04\/19\/operacao-renascer-em-acoes-no-sertao-pm-prende-sete-cumpre-mandado-de-prisao-e-recupera-veiculo-roubado\/","og_locale":"pt_BR","og_type":"article","og_title":"OPERA\u00c7\u00c3O RENASCER: Em a\u00e7\u00f5es no Sert\u00e3o, PM prende sete, cumpre mandado de pris\u00e3o e recupera ve\u00edculo roubado - Pol\u00edcia Militar da Para\u00edba","og_description":"Pelo menos sete pessoas foram presas ou apreendidas pela Pol\u00edcia Militar durante a Opera\u00e7\u00e3o Renascer, nessa \u00faltima quinta-feira (18), no","og_url":"https:\/\/www.pm.pb.gov.br\/portal\/2019\/04\/19\/operacao-renascer-em-acoes-no-sertao-pm-prende-sete-cumpre-mandado-de-prisao-e-recupera-veiculo-roubado\/","og_site_name":"Pol\u00edcia Militar da Para\u00edba","article_published_time":"2019-04-19T22:52:50+00:00","article_modified_time":"2019-04-19T22:52:51+00:00","og_image":[{"width":909,"height":643,"url":"https:\/\/www.pm.pb.gov.br\/portal\/wp-content\/uploads\/2019\/04\/WhatsApp-Image-2019-04-19-at-14.11.24-2.jpeg","type":"image\/jpeg"}],"author":"WAGNER HENRIQUE VARELA DA SILVA","twitter_card":"summary_large_image","twitter_misc":{"Escrito por":"WAGNER HENRIQUE VARELA DA SILVA","Est. tempo de leitura":"2 minutos"},"schema":{"@context":"https:\/\/schema.org","@graph":[{"@type":"Article","@id":"https:\/\/www.pm.pb.gov.br\/portal\/2019\/04\/19\/operacao-renascer-em-acoes-no-sertao-pm-prende-sete-cumpre-mandado-de-prisao-e-recupera-veiculo-roubado\/#article","isPartOf":{"@id":"https:\/\/www.pm.pb.gov.br\/portal\/2019\/04\/19\/operacao-renascer-em-acoes-no-sertao-pm-prende-sete-cumpre-mandado-de-prisao-e-recupera-veiculo-roubado\/"},"author":{"name":"WAGNER HENRIQUE VARELA DA SILVA","@id":"https:\/\/www.pm.pb.gov.br\/portal\/#\/schema\/person\/b169b297b8494dea236e315ed1a201d1"},"headline":"OPERA\u00c7\u00c3O RENASCER: Em a\u00e7\u00f5es no Sert\u00e3o, PM prende sete, cumpre mandado de pris\u00e3o e recupera ve\u00edculo roubado","datePublished":"2019-04-19T22:52:50+00:00","dateModified":"2019-04-19T22:52:51+00:00","mainEntityOfPage":{"@id":"https:\/\/www.pm.pb.gov.br\/portal\/2019\/04\/19\/operacao-renascer-em-acoes-no-sertao-pm-prende-sete-cumpre-mandado-de-prisao-e-recupera-veiculo-roubado\/"},"wordCount":360,"publisher":{"@id":"https:\/\/www.pm.pb.gov.br\/portal\/#organization"},"articleSection":["A\u00e7\u00f5es Policiais"],"inLanguage":"pt-BR"},{"@type":"WebPage","@id":"https:\/\/www.pm.pb.gov.br\/portal\/2019\/04\/19\/operacao-renascer-em-acoes-no-sertao-pm-prende-sete-cumpre-mandado-de-prisao-e-recupera-veiculo-roubado\/","url":"https:\/\/www.pm.pb.gov.br\/portal\/2019\/04\/19\/operacao-renascer-em-acoes-no-sertao-pm-prende-sete-cumpre-mandado-de-prisao-e-recupera-veiculo-roubado\/","name":"OPERA\u00c7\u00c3O RENASCER: Em a\u00e7\u00f5es no Sert\u00e3o, PM prende sete, cumpre mandado de pris\u00e3o e recupera ve\u00edculo roubado - Pol\u00edcia Militar da Para\u00edba","isPartOf":{"@id":"https:\/\/www.pm.pb.gov.br\/portal\/#website"},"datePublished":"2019-04-19T22:52:50+00:00","dateModified":"2019-04-19T22:52:51+00:00","breadcrumb":{"@id":"https:\/\/www.pm.pb.gov.br\/portal\/2019\/04\/19\/operacao-renascer-em-acoes-no-sertao-pm-prende-sete-cumpre-mandado-de-prisao-e-recupera-veiculo-roubado\/#breadcrumb"},"inLanguage":"pt-BR","potentialAction":[{"@type":"ReadAction","target":["https:\/\/www.pm.pb.gov.br\/portal\/2019\/04\/19\/operacao-renascer-em-acoes-no-sertao-pm-prende-sete-cumpre-mandado-de-prisao-e-recupera-veiculo-roubado\/"]}]},{"@type":"BreadcrumbList","@id":"https:\/\/www.pm.pb.gov.br\/portal\/2019\/04\/19\/operacao-renascer-em-acoes-no-sertao-pm-prende-sete-cumpre-mandado-de-prisao-e-recupera-veiculo-roubado\/#breadcrumb","itemListElement":[{"@type":"ListItem","position":1,"name":"In\u00edcio","item":"https:\/\/www.pm.pb.gov.br\/portal\/"},{"@type":"ListItem","position":2,"name":"OPERA\u00c7\u00c3O RENASCER: Em a\u00e7\u00f5es no Sert\u00e3o, PM prende sete, cumpre mandado de pris\u00e3o e recupera ve\u00edculo roubado"}]},{"@type":"WebSite","@id":"https:\/\/www.pm.pb.gov.br\/portal\/#website","url":"https:\/\/www.pm.pb.gov.br\/portal\/","name":"Pol\u00edcia Militar da Para\u00edba","description":"","publisher":{"@id":"https:\/\/www.pm.pb.gov.br\/portal\/#organization"},"potentialAction":[{"@type":"SearchAction","target":{"@type":"EntryPoint","urlTemplate":"https:\/\/www.pm.pb.gov.br\/portal\/?s={search_term_string}"},"query-input":"required name=search_term_string"}],"inLanguage":"pt-BR"},{"@type":"Organization","@id":"https:\/\/www.pm.pb.gov.br\/portal\/#organization","name":"Pol\u00edcia Militar da Para\u00edba","url":"https:\/\/www.pm.pb.gov.br\/portal\/","logo":{"@type":"ImageObject","inLanguage":"pt-BR","@id":"https:\/\/www.pm.pb.gov.br\/portal\/#\/schema\/logo\/image\/","url":"https:\/\/www.pm.pb.gov.br\/portal\/wp-content\/uploads\/2025\/03\/cropped-logo-site-mag2-1.png","contentUrl":"https:\/\/www.pm.pb.gov.br\/portal\/wp-content\/uploads\/2025\/03\/cropped-logo-site-mag2-1.png","width":320,"height":90,"caption":"Pol\u00edcia Militar da Para\u00edba"},"image":{"@id":"https:\/\/www.pm.pb.gov.br\/portal\/#\/schema\/logo\/image\/"}},{"@type":"Person","@id":"https:\/\/www.pm.pb.gov.br\/portal\/#\/schema\/person\/b169b297b8494dea236e315ed1a201d1","name":"WAGNER HENRIQUE VARELA DA SILVA","image":{"@type":"ImageObject","inLanguage":"pt-BR","@id":"https:\/\/www.pm.pb.gov.br\/portal\/#\/schema\/person\/image\/","url":"https:\/\/secure.gravatar.com\/avatar\/e08af53176a66730df5c0706c6c31fd6?s=96&d=mm&r=g","contentUrl":"https:\/\/secure.gravatar.com\/avatar\/e08af53176a66730df5c0706c6c31fd6?s=96&d=mm&r=g","caption":"WAGNER HENRIQUE VARELA DA SILVA"},"url":"https:\/\/www.pm.pb.gov.br\/portal\/author\/varela\/"}]}},"_links":{"self":[{"href":"https:\/\/www.pm.pb.gov.br\/portal\/wp-json\/wp\/v2\/posts\/900517"}],"collection":[{"href":"https:\/\/www.pm.pb.gov.br\/portal\/wp-json\/wp\/v2\/posts"}],"about":[{"href":"https:\/\/www.pm.pb.gov.br\/portal\/wp-json\/wp\/v2\/types\/post"}],"author":[{"embeddable":true,"href":"https:\/\/www.pm.pb.gov.br\/portal\/wp-json\/wp\/v2\/users\/10"}],"replies":[{"embeddable":true,"href":"https:\/\/www.pm.pb.gov.br\/portal\/wp-json\/wp\/v2\/comments?post=900517"}],"version-history":[{"count":1,"href":"https:\/\/www.pm.pb.gov.br\/portal\/wp-json\/wp\/v2\/posts\/900517\/revisions"}],"predecessor-version":[{"id":900519,"href":"https:\/\/www.pm.pb.gov.br\/portal\/wp-json\/wp\/v2\/posts\/900517\/revisions\/900519"}],"wp:featuredmedia":[{"embeddable":true,"href":"https:\/\/www.pm.pb.gov.br\/portal\/wp-json\/wp\/v2\/media\/900518"}],"wp:attachment":[{"href":"https:\/\/www.pm.pb.gov.br\/portal\/wp-json\/wp\/v2\/media?parent=900517"}],"wp:term":[{"taxonomy":"category","embeddable":true,"href":"https:\/\/www.pm.pb.gov.br\/portal\/wp-json\/wp\/v2\/categories?post=900517"},{"taxonomy":"post_tag","embeddable":true,"href":"https:\/\/www.pm.pb.gov.br\/portal\/wp-json\/wp\/v2\/tags?post=900517"}],"curies":[{"name":"wp","href":"https:\/\/api.w.org\/{rel}","templated":true}]}}