{"id":900506,"date":"2019-04-19T09:22:14","date_gmt":"2019-04-19T12:22:14","guid":{"rendered":"http:\/\/www.pm.pb.gov.br\/portal\/?p=900506"},"modified":"2019-04-19T12:18:19","modified_gmt":"2019-04-19T15:18:19","slug":"operacao-renascer-policia-militar-apreende-menor-que-pode-estar-envolvido-na-morte-de-crianca-em-santa-rita","status":"publish","type":"post","link":"https:\/\/www.pm.pb.gov.br\/portal\/2019\/04\/19\/operacao-renascer-policia-militar-apreende-menor-que-pode-estar-envolvido-na-morte-de-crianca-em-santa-rita\/","title":{"rendered":"OPERA\u00c7\u00c3O RENASCER: Pol\u00edcia Militar apreende menor que pode estar envolvido na morte de crian\u00e7a em Santa Rita"},"content":{"rendered":"\n<p>Em cerca de 24 horas a Pol\u00edcia Militar localizou e apreendeu um menor que pode estar envolvido com o homic\u00eddio de uma crian\u00e7a de apenas seis anos de idade, na cidade de Santa Rita, que ocorreu na tarde da \u00faltima quarta-feira (17). O adolescente foi apreendido na tarde dessa quinta (18), durante a Opera\u00e7\u00e3o Renascer.&nbsp; Com ele, os policiais localizaram uma arma de fogo que pode ter sido usada durante o crime no dia anterior.<\/p>\n\n\n\n<p>O menor, de 16 anos de idade, foi apreendido no bairro de V\u00e1rzea Nova, o mesmo onde a menina morava e foi atingida por disparo de arma de fogo. A apreens\u00e3o aconteceu ap\u00f3s dilig\u00eancias e coleta de informa\u00e7\u00f5es que aconteceram desde o momento do crime. \u201cTodo o policiamento estava empenhado na resolu\u00e7\u00e3o desse crime e partir de uma a\u00e7\u00e3o integrada, que contou com apoio do alto comando da PM, e da Pol\u00edcia Civil, localizamos hoje o menor que haveria trocado tiros com duas pessoas, situa\u00e7\u00e3o que vitimou a pequena Joyce\u201d, explicou o tenente-coronel Pablo Nascimento, comandante do 7\u00ba Batalh\u00e3o. A arma encontrada na casa do menor, um rev\u00f3lver calibre 38, pode ter liga\u00e7\u00e3o com o fato.<\/p>\n\n\n\n<p>Segundo oficial, o policiamento tamb\u00e9m est\u00e1 empenhado na localiza\u00e7\u00e3o dos outros dois suspeitos, para que eles possam responder pelos seus atos. \u201cEsses dois suspeitos que j\u00e1 foram identificados, e j\u00e1 tem passagem pela pol\u00edcia, teriam procurado esse adolescente que foi apreendido hoje, para mat\u00e1-lo, mas n\u00e3o contavam que ele tamb\u00e9m estava armado e que haveria o confronto\u201d, disse o coronel.<\/p>\n\n\n\n<p>O adolescente foi apreendido, junto com o rev\u00f3lver, e encaminhado para a 6\u00aa Delegacia Distrital onde foi autuado por ato infracional an\u00e1logo a homic\u00eddio.<br><\/p>\n","protected":false},"excerpt":{"rendered":"<p>Em cerca de 24 horas a Pol\u00edcia Militar localizou e apreendeu um menor que pode estar envolvido com o homic\u00eddio<\/p>\n","protected":false},"author":10,"featured_media":900510,"comment_status":"closed","ping_status":"closed","sticky":false,"template":"","format":"standard","meta":{"_exactmetrics_skip_tracking":false,"_exactmetrics_sitenote_active":false,"_exactmetrics_sitenote_note":"","_exactmetrics_sitenote_category":0,"footnotes":""},"categories":[4],"tags":[],"yoast_head":"<!-- This site is optimized with the Yoast SEO plugin v22.0 - https:\/\/yoast.com\/wordpress\/plugins\/seo\/ -->\n<title>OPERA\u00c7\u00c3O RENASCER: Pol\u00edcia Militar apreende menor que pode estar envolvido na morte de crian\u00e7a em Santa Rita - Pol\u00edcia Militar da Para\u00edba<\/title>\n<meta name=\"robots\" content=\"index, follow, max-snippet:-1, max-image-preview:large, max-video-preview:-1\" \/>\n<link rel=\"canonical\" href=\"https:\/\/www.pm.pb.gov.br\/portal\/2019\/04\/19\/operacao-renascer-policia-militar-apreende-menor-que-pode-estar-envolvido-na-morte-de-crianca-em-santa-rita\/\" \/>\n<meta property=\"og:locale\" content=\"pt_BR\" \/>\n<meta property=\"og:type\" content=\"article\" \/>\n<meta property=\"og:title\" content=\"OPERA\u00c7\u00c3O RENASCER: Pol\u00edcia Militar apreende menor que pode estar envolvido na morte de crian\u00e7a em Santa Rita - Pol\u00edcia Militar da Para\u00edba\" \/>\n<meta property=\"og:description\" content=\"Em cerca de 24 horas a Pol\u00edcia Militar localizou e apreendeu um menor que pode estar envolvido com o homic\u00eddio\" \/>\n<meta property=\"og:url\" content=\"https:\/\/www.pm.pb.gov.br\/portal\/2019\/04\/19\/operacao-renascer-policia-militar-apreende-menor-que-pode-estar-envolvido-na-morte-de-crianca-em-santa-rita\/\" \/>\n<meta property=\"og:site_name\" content=\"Pol\u00edcia Militar da Para\u00edba\" \/>\n<meta property=\"article:published_time\" content=\"2019-04-19T12:22:14+00:00\" \/>\n<meta property=\"article:modified_time\" content=\"2019-04-19T15:18:19+00:00\" \/>\n<meta property=\"og:image\" content=\"https:\/\/www.pm.pb.gov.br\/portal\/wp-content\/uploads\/2019\/04\/WhatsApp-Image-2019-04-19-at-12.10.32.jpeg\" \/>\n\t<meta property=\"og:image:width\" content=\"800\" \/>\n\t<meta property=\"og:image:height\" content=\"445\" \/>\n\t<meta property=\"og:image:type\" content=\"image\/jpeg\" \/>\n<meta name=\"author\" content=\"WAGNER HENRIQUE VARELA DA SILVA\" \/>\n<meta name=\"twitter:card\" content=\"summary_large_image\" \/>\n<meta name=\"twitter:label1\" content=\"Escrito por\" \/>\n\t<meta name=\"twitter:data1\" content=\"WAGNER HENRIQUE VARELA DA SILVA\" \/>\n\t<meta name=\"twitter:label2\" content=\"Est. tempo de leitura\" \/>\n\t<meta name=\"twitter:data2\" content=\"1 minuto\" \/>\n<script type=\"application\/ld+json\" class=\"yoast-schema-graph\">{\"@context\":\"https:\/\/schema.org\",\"@graph\":[{\"@type\":\"Article\",\"@id\":\"https:\/\/www.pm.pb.gov.br\/portal\/2019\/04\/19\/operacao-renascer-policia-militar-apreende-menor-que-pode-estar-envolvido-na-morte-de-crianca-em-santa-rita\/#article\",\"isPartOf\":{\"@id\":\"https:\/\/www.pm.pb.gov.br\/portal\/2019\/04\/19\/operacao-renascer-policia-militar-apreende-menor-que-pode-estar-envolvido-na-morte-de-crianca-em-santa-rita\/\"},\"author\":{\"name\":\"WAGNER HENRIQUE VARELA DA SILVA\",\"@id\":\"https:\/\/www.pm.pb.gov.br\/portal\/#\/schema\/person\/b169b297b8494dea236e315ed1a201d1\"},\"headline\":\"OPERA\u00c7\u00c3O RENASCER: Pol\u00edcia Militar apreende menor que pode estar envolvido na morte de crian\u00e7a em Santa Rita\",\"datePublished\":\"2019-04-19T12:22:14+00:00\",\"dateModified\":\"2019-04-19T15:18:19+00:00\",\"mainEntityOfPage\":{\"@id\":\"https:\/\/www.pm.pb.gov.br\/portal\/2019\/04\/19\/operacao-renascer-policia-militar-apreende-menor-que-pode-estar-envolvido-na-morte-de-crianca-em-santa-rita\/\"},\"wordCount\":314,\"publisher\":{\"@id\":\"https:\/\/www.pm.pb.gov.br\/portal\/#organization\"},\"articleSection\":[\"A\u00e7\u00f5es Policiais\"],\"inLanguage\":\"pt-BR\"},{\"@type\":\"WebPage\",\"@id\":\"https:\/\/www.pm.pb.gov.br\/portal\/2019\/04\/19\/operacao-renascer-policia-militar-apreende-menor-que-pode-estar-envolvido-na-morte-de-crianca-em-santa-rita\/\",\"url\":\"https:\/\/www.pm.pb.gov.br\/portal\/2019\/04\/19\/operacao-renascer-policia-militar-apreende-menor-que-pode-estar-envolvido-na-morte-de-crianca-em-santa-rita\/\",\"name\":\"OPERA\u00c7\u00c3O RENASCER: Pol\u00edcia Militar apreende menor que pode estar envolvido na morte de crian\u00e7a em Santa Rita - Pol\u00edcia Militar da Para\u00edba\",\"isPartOf\":{\"@id\":\"https:\/\/www.pm.pb.gov.br\/portal\/#website\"},\"datePublished\":\"2019-04-19T12:22:14+00:00\",\"dateModified\":\"2019-04-19T15:18:19+00:00\",\"breadcrumb\":{\"@id\":\"https:\/\/www.pm.pb.gov.br\/portal\/2019\/04\/19\/operacao-renascer-policia-militar-apreende-menor-que-pode-estar-envolvido-na-morte-de-crianca-em-santa-rita\/#breadcrumb\"},\"inLanguage\":\"pt-BR\",\"potentialAction\":[{\"@type\":\"ReadAction\",\"target\":[\"https:\/\/www.pm.pb.gov.br\/portal\/2019\/04\/19\/operacao-renascer-policia-militar-apreende-menor-que-pode-estar-envolvido-na-morte-de-crianca-em-santa-rita\/\"]}]},{\"@type\":\"BreadcrumbList\",\"@id\":\"https:\/\/www.pm.pb.gov.br\/portal\/2019\/04\/19\/operacao-renascer-policia-militar-apreende-menor-que-pode-estar-envolvido-na-morte-de-crianca-em-santa-rita\/#breadcrumb\",\"itemListElement\":[{\"@type\":\"ListItem\",\"position\":1,\"name\":\"In\u00edcio\",\"item\":\"https:\/\/www.pm.pb.gov.br\/portal\/\"},{\"@type\":\"ListItem\",\"position\":2,\"name\":\"OPERA\u00c7\u00c3O RENASCER: Pol\u00edcia Militar apreende menor que pode estar envolvido na morte de crian\u00e7a em Santa Rita\"}]},{\"@type\":\"WebSite\",\"@id\":\"https:\/\/www.pm.pb.gov.br\/portal\/#website\",\"url\":\"https:\/\/www.pm.pb.gov.br\/portal\/\",\"name\":\"Pol\u00edcia Militar da Para\u00edba\",\"description\":\"\",\"publisher\":{\"@id\":\"https:\/\/www.pm.pb.gov.br\/portal\/#organization\"},\"potentialAction\":[{\"@type\":\"SearchAction\",\"target\":{\"@type\":\"EntryPoint\",\"urlTemplate\":\"https:\/\/www.pm.pb.gov.br\/portal\/?s={search_term_string}\"},\"query-input\":\"required name=search_term_string\"}],\"inLanguage\":\"pt-BR\"},{\"@type\":\"Organization\",\"@id\":\"https:\/\/www.pm.pb.gov.br\/portal\/#organization\",\"name\":\"Pol\u00edcia Militar da Para\u00edba\",\"url\":\"https:\/\/www.pm.pb.gov.br\/portal\/\",\"logo\":{\"@type\":\"ImageObject\",\"inLanguage\":\"pt-BR\",\"@id\":\"https:\/\/www.pm.pb.gov.br\/portal\/#\/schema\/logo\/image\/\",\"url\":\"https:\/\/www.pm.pb.gov.br\/portal\/wp-content\/uploads\/2025\/03\/cropped-logo-site-mag2-1.png\",\"contentUrl\":\"https:\/\/www.pm.pb.gov.br\/portal\/wp-content\/uploads\/2025\/03\/cropped-logo-site-mag2-1.png\",\"width\":320,\"height\":90,\"caption\":\"Pol\u00edcia Militar da Para\u00edba\"},\"image\":{\"@id\":\"https:\/\/www.pm.pb.gov.br\/portal\/#\/schema\/logo\/image\/\"}},{\"@type\":\"Person\",\"@id\":\"https:\/\/www.pm.pb.gov.br\/portal\/#\/schema\/person\/b169b297b8494dea236e315ed1a201d1\",\"name\":\"WAGNER HENRIQUE VARELA DA SILVA\",\"image\":{\"@type\":\"ImageObject\",\"inLanguage\":\"pt-BR\",\"@id\":\"https:\/\/www.pm.pb.gov.br\/portal\/#\/schema\/person\/image\/\",\"url\":\"https:\/\/secure.gravatar.com\/avatar\/e08af53176a66730df5c0706c6c31fd6?s=96&d=mm&r=g\",\"contentUrl\":\"https:\/\/secure.gravatar.com\/avatar\/e08af53176a66730df5c0706c6c31fd6?s=96&d=mm&r=g\",\"caption\":\"WAGNER HENRIQUE VARELA DA SILVA\"},\"url\":\"https:\/\/www.pm.pb.gov.br\/portal\/author\/varela\/\"}]}<\/script>\n<!-- \/ Yoast SEO plugin. -->","yoast_head_json":{"title":"OPERA\u00c7\u00c3O RENASCER: Pol\u00edcia Militar apreende menor que pode estar envolvido na morte de crian\u00e7a em Santa Rita - Pol\u00edcia Militar da Para\u00edba","robots":{"index":"index","follow":"follow","max-snippet":"max-snippet:-1","max-image-preview":"max-image-preview:large","max-video-preview":"max-video-preview:-1"},"canonical":"https:\/\/www.pm.pb.gov.br\/portal\/2019\/04\/19\/operacao-renascer-policia-militar-apreende-menor-que-pode-estar-envolvido-na-morte-de-crianca-em-santa-rita\/","og_locale":"pt_BR","og_type":"article","og_title":"OPERA\u00c7\u00c3O RENASCER: Pol\u00edcia Militar apreende menor que pode estar envolvido na morte de crian\u00e7a em Santa Rita - Pol\u00edcia Militar da Para\u00edba","og_description":"Em cerca de 24 horas a Pol\u00edcia Militar localizou e apreendeu um menor que pode estar envolvido com o homic\u00eddio","og_url":"https:\/\/www.pm.pb.gov.br\/portal\/2019\/04\/19\/operacao-renascer-policia-militar-apreende-menor-que-pode-estar-envolvido-na-morte-de-crianca-em-santa-rita\/","og_site_name":"Pol\u00edcia Militar da Para\u00edba","article_published_time":"2019-04-19T12:22:14+00:00","article_modified_time":"2019-04-19T15:18:19+00:00","og_image":[{"width":800,"height":445,"url":"https:\/\/www.pm.pb.gov.br\/portal\/wp-content\/uploads\/2019\/04\/WhatsApp-Image-2019-04-19-at-12.10.32.jpeg","type":"image\/jpeg"}],"author":"WAGNER HENRIQUE VARELA DA SILVA","twitter_card":"summary_large_image","twitter_misc":{"Escrito por":"WAGNER HENRIQUE VARELA DA SILVA","Est. tempo de leitura":"1 minuto"},"schema":{"@context":"https:\/\/schema.org","@graph":[{"@type":"Article","@id":"https:\/\/www.pm.pb.gov.br\/portal\/2019\/04\/19\/operacao-renascer-policia-militar-apreende-menor-que-pode-estar-envolvido-na-morte-de-crianca-em-santa-rita\/#article","isPartOf":{"@id":"https:\/\/www.pm.pb.gov.br\/portal\/2019\/04\/19\/operacao-renascer-policia-militar-apreende-menor-que-pode-estar-envolvido-na-morte-de-crianca-em-santa-rita\/"},"author":{"name":"WAGNER HENRIQUE VARELA DA SILVA","@id":"https:\/\/www.pm.pb.gov.br\/portal\/#\/schema\/person\/b169b297b8494dea236e315ed1a201d1"},"headline":"OPERA\u00c7\u00c3O RENASCER: Pol\u00edcia Militar apreende menor que pode estar envolvido na morte de crian\u00e7a em Santa Rita","datePublished":"2019-04-19T12:22:14+00:00","dateModified":"2019-04-19T15:18:19+00:00","mainEntityOfPage":{"@id":"https:\/\/www.pm.pb.gov.br\/portal\/2019\/04\/19\/operacao-renascer-policia-militar-apreende-menor-que-pode-estar-envolvido-na-morte-de-crianca-em-santa-rita\/"},"wordCount":314,"publisher":{"@id":"https:\/\/www.pm.pb.gov.br\/portal\/#organization"},"articleSection":["A\u00e7\u00f5es Policiais"],"inLanguage":"pt-BR"},{"@type":"WebPage","@id":"https:\/\/www.pm.pb.gov.br\/portal\/2019\/04\/19\/operacao-renascer-policia-militar-apreende-menor-que-pode-estar-envolvido-na-morte-de-crianca-em-santa-rita\/","url":"https:\/\/www.pm.pb.gov.br\/portal\/2019\/04\/19\/operacao-renascer-policia-militar-apreende-menor-que-pode-estar-envolvido-na-morte-de-crianca-em-santa-rita\/","name":"OPERA\u00c7\u00c3O RENASCER: Pol\u00edcia Militar apreende menor que pode estar envolvido na morte de crian\u00e7a em Santa Rita - Pol\u00edcia Militar da Para\u00edba","isPartOf":{"@id":"https:\/\/www.pm.pb.gov.br\/portal\/#website"},"datePublished":"2019-04-19T12:22:14+00:00","dateModified":"2019-04-19T15:18:19+00:00","breadcrumb":{"@id":"https:\/\/www.pm.pb.gov.br\/portal\/2019\/04\/19\/operacao-renascer-policia-militar-apreende-menor-que-pode-estar-envolvido-na-morte-de-crianca-em-santa-rita\/#breadcrumb"},"inLanguage":"pt-BR","potentialAction":[{"@type":"ReadAction","target":["https:\/\/www.pm.pb.gov.br\/portal\/2019\/04\/19\/operacao-renascer-policia-militar-apreende-menor-que-pode-estar-envolvido-na-morte-de-crianca-em-santa-rita\/"]}]},{"@type":"BreadcrumbList","@id":"https:\/\/www.pm.pb.gov.br\/portal\/2019\/04\/19\/operacao-renascer-policia-militar-apreende-menor-que-pode-estar-envolvido-na-morte-de-crianca-em-santa-rita\/#breadcrumb","itemListElement":[{"@type":"ListItem","position":1,"name":"In\u00edcio","item":"https:\/\/www.pm.pb.gov.br\/portal\/"},{"@type":"ListItem","position":2,"name":"OPERA\u00c7\u00c3O RENASCER: Pol\u00edcia Militar apreende menor que pode estar envolvido na morte de crian\u00e7a em Santa Rita"}]},{"@type":"WebSite","@id":"https:\/\/www.pm.pb.gov.br\/portal\/#website","url":"https:\/\/www.pm.pb.gov.br\/portal\/","name":"Pol\u00edcia Militar da Para\u00edba","description":"","publisher":{"@id":"https:\/\/www.pm.pb.gov.br\/portal\/#organization"},"potentialAction":[{"@type":"SearchAction","target":{"@type":"EntryPoint","urlTemplate":"https:\/\/www.pm.pb.gov.br\/portal\/?s={search_term_string}"},"query-input":"required name=search_term_string"}],"inLanguage":"pt-BR"},{"@type":"Organization","@id":"https:\/\/www.pm.pb.gov.br\/portal\/#organization","name":"Pol\u00edcia Militar da Para\u00edba","url":"https:\/\/www.pm.pb.gov.br\/portal\/","logo":{"@type":"ImageObject","inLanguage":"pt-BR","@id":"https:\/\/www.pm.pb.gov.br\/portal\/#\/schema\/logo\/image\/","url":"https:\/\/www.pm.pb.gov.br\/portal\/wp-content\/uploads\/2025\/03\/cropped-logo-site-mag2-1.png","contentUrl":"https:\/\/www.pm.pb.gov.br\/portal\/wp-content\/uploads\/2025\/03\/cropped-logo-site-mag2-1.png","width":320,"height":90,"caption":"Pol\u00edcia Militar da Para\u00edba"},"image":{"@id":"https:\/\/www.pm.pb.gov.br\/portal\/#\/schema\/logo\/image\/"}},{"@type":"Person","@id":"https:\/\/www.pm.pb.gov.br\/portal\/#\/schema\/person\/b169b297b8494dea236e315ed1a201d1","name":"WAGNER HENRIQUE VARELA DA SILVA","image":{"@type":"ImageObject","inLanguage":"pt-BR","@id":"https:\/\/www.pm.pb.gov.br\/portal\/#\/schema\/person\/image\/","url":"https:\/\/secure.gravatar.com\/avatar\/e08af53176a66730df5c0706c6c31fd6?s=96&d=mm&r=g","contentUrl":"https:\/\/secure.gravatar.com\/avatar\/e08af53176a66730df5c0706c6c31fd6?s=96&d=mm&r=g","caption":"WAGNER HENRIQUE VARELA DA SILVA"},"url":"https:\/\/www.pm.pb.gov.br\/portal\/author\/varela\/"}]}},"_links":{"self":[{"href":"https:\/\/www.pm.pb.gov.br\/portal\/wp-json\/wp\/v2\/posts\/900506"}],"collection":[{"href":"https:\/\/www.pm.pb.gov.br\/portal\/wp-json\/wp\/v2\/posts"}],"about":[{"href":"https:\/\/www.pm.pb.gov.br\/portal\/wp-json\/wp\/v2\/types\/post"}],"author":[{"embeddable":true,"href":"https:\/\/www.pm.pb.gov.br\/portal\/wp-json\/wp\/v2\/users\/10"}],"replies":[{"embeddable":true,"href":"https:\/\/www.pm.pb.gov.br\/portal\/wp-json\/wp\/v2\/comments?post=900506"}],"version-history":[{"count":1,"href":"https:\/\/www.pm.pb.gov.br\/portal\/wp-json\/wp\/v2\/posts\/900506\/revisions"}],"predecessor-version":[{"id":900508,"href":"https:\/\/www.pm.pb.gov.br\/portal\/wp-json\/wp\/v2\/posts\/900506\/revisions\/900508"}],"wp:featuredmedia":[{"embeddable":true,"href":"https:\/\/www.pm.pb.gov.br\/portal\/wp-json\/wp\/v2\/media\/900510"}],"wp:attachment":[{"href":"https:\/\/www.pm.pb.gov.br\/portal\/wp-json\/wp\/v2\/media?parent=900506"}],"wp:term":[{"taxonomy":"category","embeddable":true,"href":"https:\/\/www.pm.pb.gov.br\/portal\/wp-json\/wp\/v2\/categories?post=900506"},{"taxonomy":"post_tag","embeddable":true,"href":"https:\/\/www.pm.pb.gov.br\/portal\/wp-json\/wp\/v2\/tags?post=900506"}],"curies":[{"name":"wp","href":"https:\/\/api.w.org\/{rel}","templated":true}]}}