{"id":900499,"date":"2019-04-19T10:47:59","date_gmt":"2019-04-19T13:47:59","guid":{"rendered":"http:\/\/www.pm.pb.gov.br\/portal\/?p=900499"},"modified":"2019-04-19T10:48:01","modified_gmt":"2019-04-19T13:48:01","slug":"operacao-renascer-policia-militar-aborda-veiculo-apreende-duas-armas-de-fogo-e-prende-trio-no-litoral-sul","status":"publish","type":"post","link":"https:\/\/www.pm.pb.gov.br\/portal\/2019\/04\/19\/operacao-renascer-policia-militar-aborda-veiculo-apreende-duas-armas-de-fogo-e-prende-trio-no-litoral-sul\/","title":{"rendered":"OPERA\u00c7\u00c3O RENASCER: Pol\u00edcia Militar aborda ve\u00edculo, apreende duas armas de fogo e prende trio no litoral sul"},"content":{"rendered":"\n<p>As a\u00e7\u00f5es da Pol\u00edcia Militar seguem intensificadas em toda Para\u00edba com a Opera\u00e7\u00e3o Renascer, que come\u00e7ou nessa \u00faltima quinta-feira (18). No fim da tarde e in\u00edcio da noite, tr\u00eas pessoas foram presas com duas armas de fogo, muni\u00e7\u00f5es e durante a abordagem foi dado o cumprimento de mandado de pris\u00e3o, na regi\u00e3o de Pitimbu, litoral sul do estado.<\/p>\n\n\n\n<p>Policiais da For\u00e7a T\u00e1tica da 1\u00aa Companhia Independente receberam informa\u00e7\u00f5es da Pol\u00edcia Civil de Pernambuco, e abordaram um ve\u00edculo com tr\u00eas pessoas. Durante a revista foi localizada uma pistola, um rev\u00f3lver e 26 muni\u00e7\u00f5es no carro. \u201cEntre os tr\u00eas suspeitos que estavam no ve\u00edculo, um deles j\u00e1 tinha um mandado de pris\u00e3o em aberto pelo crime de tr\u00e1fico de drogas e associa\u00e7\u00e3o para o tr\u00e1fico\u201d, explicou o tenente R. Filho, comandante da For\u00e7a T\u00e1tica, e que conduziu a a\u00e7\u00e3o integrada.<\/p>\n\n\n\n<p>O trio, que tem 19, 20 e 39 anos de idade, foi encaminhado para a Delegacia de Alhandra para os procedimentos cab\u00edveis.<br><\/p>\n","protected":false},"excerpt":{"rendered":"<p>As a\u00e7\u00f5es da Pol\u00edcia Militar seguem intensificadas em toda Para\u00edba com a Opera\u00e7\u00e3o Renascer, que come\u00e7ou nessa \u00faltima quinta-feira (18).<\/p>\n","protected":false},"author":10,"featured_media":900500,"comment_status":"closed","ping_status":"closed","sticky":false,"template":"","format":"standard","meta":{"_exactmetrics_skip_tracking":false,"_exactmetrics_sitenote_active":false,"_exactmetrics_sitenote_note":"","_exactmetrics_sitenote_category":0,"footnotes":""},"categories":[4],"tags":[],"yoast_head":"<!-- This site is optimized with the Yoast SEO plugin v22.0 - https:\/\/yoast.com\/wordpress\/plugins\/seo\/ -->\n<title>OPERA\u00c7\u00c3O RENASCER: Pol\u00edcia Militar aborda ve\u00edculo, apreende duas armas de fogo e prende trio no litoral sul - Pol\u00edcia Militar da Para\u00edba<\/title>\n<meta name=\"robots\" content=\"index, follow, max-snippet:-1, max-image-preview:large, max-video-preview:-1\" \/>\n<link rel=\"canonical\" href=\"https:\/\/www.pm.pb.gov.br\/portal\/2019\/04\/19\/operacao-renascer-policia-militar-aborda-veiculo-apreende-duas-armas-de-fogo-e-prende-trio-no-litoral-sul\/\" \/>\n<meta property=\"og:locale\" content=\"pt_BR\" \/>\n<meta property=\"og:type\" content=\"article\" \/>\n<meta property=\"og:title\" content=\"OPERA\u00c7\u00c3O RENASCER: Pol\u00edcia Militar aborda ve\u00edculo, apreende duas armas de fogo e prende trio no litoral sul - Pol\u00edcia Militar da Para\u00edba\" \/>\n<meta property=\"og:description\" content=\"As a\u00e7\u00f5es da Pol\u00edcia Militar seguem intensificadas em toda Para\u00edba com a Opera\u00e7\u00e3o Renascer, que come\u00e7ou nessa \u00faltima quinta-feira (18).\" \/>\n<meta property=\"og:url\" content=\"https:\/\/www.pm.pb.gov.br\/portal\/2019\/04\/19\/operacao-renascer-policia-militar-aborda-veiculo-apreende-duas-armas-de-fogo-e-prende-trio-no-litoral-sul\/\" \/>\n<meta property=\"og:site_name\" content=\"Pol\u00edcia Militar da Para\u00edba\" \/>\n<meta property=\"article:published_time\" content=\"2019-04-19T13:47:59+00:00\" \/>\n<meta property=\"article:modified_time\" content=\"2019-04-19T13:48:01+00:00\" \/>\n<meta property=\"og:image\" content=\"https:\/\/www.pm.pb.gov.br\/portal\/wp-content\/uploads\/2019\/04\/WhatsApp-Image-2019-04-18-at-18.43.58.jpeg\" \/>\n\t<meta property=\"og:image:width\" content=\"1026\" \/>\n\t<meta property=\"og:image:height\" content=\"675\" \/>\n\t<meta property=\"og:image:type\" content=\"image\/jpeg\" \/>\n<meta name=\"author\" content=\"WAGNER HENRIQUE VARELA DA SILVA\" \/>\n<meta name=\"twitter:card\" content=\"summary_large_image\" \/>\n<meta name=\"twitter:label1\" content=\"Escrito por\" \/>\n\t<meta name=\"twitter:data1\" content=\"WAGNER HENRIQUE VARELA DA SILVA\" \/>\n\t<meta name=\"twitter:label2\" content=\"Est. tempo de leitura\" \/>\n\t<meta name=\"twitter:data2\" content=\"1 minuto\" \/>\n<script type=\"application\/ld+json\" class=\"yoast-schema-graph\">{\"@context\":\"https:\/\/schema.org\",\"@graph\":[{\"@type\":\"Article\",\"@id\":\"https:\/\/www.pm.pb.gov.br\/portal\/2019\/04\/19\/operacao-renascer-policia-militar-aborda-veiculo-apreende-duas-armas-de-fogo-e-prende-trio-no-litoral-sul\/#article\",\"isPartOf\":{\"@id\":\"https:\/\/www.pm.pb.gov.br\/portal\/2019\/04\/19\/operacao-renascer-policia-militar-aborda-veiculo-apreende-duas-armas-de-fogo-e-prende-trio-no-litoral-sul\/\"},\"author\":{\"name\":\"WAGNER HENRIQUE VARELA DA SILVA\",\"@id\":\"https:\/\/www.pm.pb.gov.br\/portal\/#\/schema\/person\/b169b297b8494dea236e315ed1a201d1\"},\"headline\":\"OPERA\u00c7\u00c3O RENASCER: Pol\u00edcia Militar aborda ve\u00edculo, apreende duas armas de fogo e prende trio no litoral sul\",\"datePublished\":\"2019-04-19T13:47:59+00:00\",\"dateModified\":\"2019-04-19T13:48:01+00:00\",\"mainEntityOfPage\":{\"@id\":\"https:\/\/www.pm.pb.gov.br\/portal\/2019\/04\/19\/operacao-renascer-policia-militar-aborda-veiculo-apreende-duas-armas-de-fogo-e-prende-trio-no-litoral-sul\/\"},\"wordCount\":202,\"publisher\":{\"@id\":\"https:\/\/www.pm.pb.gov.br\/portal\/#organization\"},\"articleSection\":[\"A\u00e7\u00f5es Policiais\"],\"inLanguage\":\"pt-BR\"},{\"@type\":\"WebPage\",\"@id\":\"https:\/\/www.pm.pb.gov.br\/portal\/2019\/04\/19\/operacao-renascer-policia-militar-aborda-veiculo-apreende-duas-armas-de-fogo-e-prende-trio-no-litoral-sul\/\",\"url\":\"https:\/\/www.pm.pb.gov.br\/portal\/2019\/04\/19\/operacao-renascer-policia-militar-aborda-veiculo-apreende-duas-armas-de-fogo-e-prende-trio-no-litoral-sul\/\",\"name\":\"OPERA\u00c7\u00c3O RENASCER: Pol\u00edcia Militar aborda ve\u00edculo, apreende duas armas de fogo e prende trio no litoral sul - Pol\u00edcia Militar da Para\u00edba\",\"isPartOf\":{\"@id\":\"https:\/\/www.pm.pb.gov.br\/portal\/#website\"},\"datePublished\":\"2019-04-19T13:47:59+00:00\",\"dateModified\":\"2019-04-19T13:48:01+00:00\",\"breadcrumb\":{\"@id\":\"https:\/\/www.pm.pb.gov.br\/portal\/2019\/04\/19\/operacao-renascer-policia-militar-aborda-veiculo-apreende-duas-armas-de-fogo-e-prende-trio-no-litoral-sul\/#breadcrumb\"},\"inLanguage\":\"pt-BR\",\"potentialAction\":[{\"@type\":\"ReadAction\",\"target\":[\"https:\/\/www.pm.pb.gov.br\/portal\/2019\/04\/19\/operacao-renascer-policia-militar-aborda-veiculo-apreende-duas-armas-de-fogo-e-prende-trio-no-litoral-sul\/\"]}]},{\"@type\":\"BreadcrumbList\",\"@id\":\"https:\/\/www.pm.pb.gov.br\/portal\/2019\/04\/19\/operacao-renascer-policia-militar-aborda-veiculo-apreende-duas-armas-de-fogo-e-prende-trio-no-litoral-sul\/#breadcrumb\",\"itemListElement\":[{\"@type\":\"ListItem\",\"position\":1,\"name\":\"In\u00edcio\",\"item\":\"https:\/\/www.pm.pb.gov.br\/portal\/\"},{\"@type\":\"ListItem\",\"position\":2,\"name\":\"OPERA\u00c7\u00c3O RENASCER: Pol\u00edcia Militar aborda ve\u00edculo, apreende duas armas de fogo e prende trio no litoral sul\"}]},{\"@type\":\"WebSite\",\"@id\":\"https:\/\/www.pm.pb.gov.br\/portal\/#website\",\"url\":\"https:\/\/www.pm.pb.gov.br\/portal\/\",\"name\":\"Pol\u00edcia Militar da Para\u00edba\",\"description\":\"\",\"publisher\":{\"@id\":\"https:\/\/www.pm.pb.gov.br\/portal\/#organization\"},\"potentialAction\":[{\"@type\":\"SearchAction\",\"target\":{\"@type\":\"EntryPoint\",\"urlTemplate\":\"https:\/\/www.pm.pb.gov.br\/portal\/?s={search_term_string}\"},\"query-input\":\"required name=search_term_string\"}],\"inLanguage\":\"pt-BR\"},{\"@type\":\"Organization\",\"@id\":\"https:\/\/www.pm.pb.gov.br\/portal\/#organization\",\"name\":\"Pol\u00edcia Militar da Para\u00edba\",\"url\":\"https:\/\/www.pm.pb.gov.br\/portal\/\",\"logo\":{\"@type\":\"ImageObject\",\"inLanguage\":\"pt-BR\",\"@id\":\"https:\/\/www.pm.pb.gov.br\/portal\/#\/schema\/logo\/image\/\",\"url\":\"https:\/\/www.pm.pb.gov.br\/portal\/wp-content\/uploads\/2025\/03\/cropped-logo-site-mag2-1.png\",\"contentUrl\":\"https:\/\/www.pm.pb.gov.br\/portal\/wp-content\/uploads\/2025\/03\/cropped-logo-site-mag2-1.png\",\"width\":320,\"height\":90,\"caption\":\"Pol\u00edcia Militar da Para\u00edba\"},\"image\":{\"@id\":\"https:\/\/www.pm.pb.gov.br\/portal\/#\/schema\/logo\/image\/\"}},{\"@type\":\"Person\",\"@id\":\"https:\/\/www.pm.pb.gov.br\/portal\/#\/schema\/person\/b169b297b8494dea236e315ed1a201d1\",\"name\":\"WAGNER HENRIQUE VARELA DA SILVA\",\"image\":{\"@type\":\"ImageObject\",\"inLanguage\":\"pt-BR\",\"@id\":\"https:\/\/www.pm.pb.gov.br\/portal\/#\/schema\/person\/image\/\",\"url\":\"https:\/\/secure.gravatar.com\/avatar\/e08af53176a66730df5c0706c6c31fd6?s=96&d=mm&r=g\",\"contentUrl\":\"https:\/\/secure.gravatar.com\/avatar\/e08af53176a66730df5c0706c6c31fd6?s=96&d=mm&r=g\",\"caption\":\"WAGNER HENRIQUE VARELA DA SILVA\"},\"url\":\"https:\/\/www.pm.pb.gov.br\/portal\/author\/varela\/\"}]}<\/script>\n<!-- \/ Yoast SEO plugin. -->","yoast_head_json":{"title":"OPERA\u00c7\u00c3O RENASCER: Pol\u00edcia Militar aborda ve\u00edculo, apreende duas armas de fogo e prende trio no litoral sul - Pol\u00edcia Militar da Para\u00edba","robots":{"index":"index","follow":"follow","max-snippet":"max-snippet:-1","max-image-preview":"max-image-preview:large","max-video-preview":"max-video-preview:-1"},"canonical":"https:\/\/www.pm.pb.gov.br\/portal\/2019\/04\/19\/operacao-renascer-policia-militar-aborda-veiculo-apreende-duas-armas-de-fogo-e-prende-trio-no-litoral-sul\/","og_locale":"pt_BR","og_type":"article","og_title":"OPERA\u00c7\u00c3O RENASCER: Pol\u00edcia Militar aborda ve\u00edculo, apreende duas armas de fogo e prende trio no litoral sul - Pol\u00edcia Militar da Para\u00edba","og_description":"As a\u00e7\u00f5es da Pol\u00edcia Militar seguem intensificadas em toda Para\u00edba com a Opera\u00e7\u00e3o Renascer, que come\u00e7ou nessa \u00faltima quinta-feira (18).","og_url":"https:\/\/www.pm.pb.gov.br\/portal\/2019\/04\/19\/operacao-renascer-policia-militar-aborda-veiculo-apreende-duas-armas-de-fogo-e-prende-trio-no-litoral-sul\/","og_site_name":"Pol\u00edcia Militar da Para\u00edba","article_published_time":"2019-04-19T13:47:59+00:00","article_modified_time":"2019-04-19T13:48:01+00:00","og_image":[{"width":1026,"height":675,"url":"https:\/\/www.pm.pb.gov.br\/portal\/wp-content\/uploads\/2019\/04\/WhatsApp-Image-2019-04-18-at-18.43.58.jpeg","type":"image\/jpeg"}],"author":"WAGNER HENRIQUE VARELA DA SILVA","twitter_card":"summary_large_image","twitter_misc":{"Escrito por":"WAGNER HENRIQUE VARELA DA SILVA","Est. tempo de leitura":"1 minuto"},"schema":{"@context":"https:\/\/schema.org","@graph":[{"@type":"Article","@id":"https:\/\/www.pm.pb.gov.br\/portal\/2019\/04\/19\/operacao-renascer-policia-militar-aborda-veiculo-apreende-duas-armas-de-fogo-e-prende-trio-no-litoral-sul\/#article","isPartOf":{"@id":"https:\/\/www.pm.pb.gov.br\/portal\/2019\/04\/19\/operacao-renascer-policia-militar-aborda-veiculo-apreende-duas-armas-de-fogo-e-prende-trio-no-litoral-sul\/"},"author":{"name":"WAGNER HENRIQUE VARELA DA SILVA","@id":"https:\/\/www.pm.pb.gov.br\/portal\/#\/schema\/person\/b169b297b8494dea236e315ed1a201d1"},"headline":"OPERA\u00c7\u00c3O RENASCER: Pol\u00edcia Militar aborda ve\u00edculo, apreende duas armas de fogo e prende trio no litoral sul","datePublished":"2019-04-19T13:47:59+00:00","dateModified":"2019-04-19T13:48:01+00:00","mainEntityOfPage":{"@id":"https:\/\/www.pm.pb.gov.br\/portal\/2019\/04\/19\/operacao-renascer-policia-militar-aborda-veiculo-apreende-duas-armas-de-fogo-e-prende-trio-no-litoral-sul\/"},"wordCount":202,"publisher":{"@id":"https:\/\/www.pm.pb.gov.br\/portal\/#organization"},"articleSection":["A\u00e7\u00f5es Policiais"],"inLanguage":"pt-BR"},{"@type":"WebPage","@id":"https:\/\/www.pm.pb.gov.br\/portal\/2019\/04\/19\/operacao-renascer-policia-militar-aborda-veiculo-apreende-duas-armas-de-fogo-e-prende-trio-no-litoral-sul\/","url":"https:\/\/www.pm.pb.gov.br\/portal\/2019\/04\/19\/operacao-renascer-policia-militar-aborda-veiculo-apreende-duas-armas-de-fogo-e-prende-trio-no-litoral-sul\/","name":"OPERA\u00c7\u00c3O RENASCER: Pol\u00edcia Militar aborda ve\u00edculo, apreende duas armas de fogo e prende trio no litoral sul - Pol\u00edcia Militar da Para\u00edba","isPartOf":{"@id":"https:\/\/www.pm.pb.gov.br\/portal\/#website"},"datePublished":"2019-04-19T13:47:59+00:00","dateModified":"2019-04-19T13:48:01+00:00","breadcrumb":{"@id":"https:\/\/www.pm.pb.gov.br\/portal\/2019\/04\/19\/operacao-renascer-policia-militar-aborda-veiculo-apreende-duas-armas-de-fogo-e-prende-trio-no-litoral-sul\/#breadcrumb"},"inLanguage":"pt-BR","potentialAction":[{"@type":"ReadAction","target":["https:\/\/www.pm.pb.gov.br\/portal\/2019\/04\/19\/operacao-renascer-policia-militar-aborda-veiculo-apreende-duas-armas-de-fogo-e-prende-trio-no-litoral-sul\/"]}]},{"@type":"BreadcrumbList","@id":"https:\/\/www.pm.pb.gov.br\/portal\/2019\/04\/19\/operacao-renascer-policia-militar-aborda-veiculo-apreende-duas-armas-de-fogo-e-prende-trio-no-litoral-sul\/#breadcrumb","itemListElement":[{"@type":"ListItem","position":1,"name":"In\u00edcio","item":"https:\/\/www.pm.pb.gov.br\/portal\/"},{"@type":"ListItem","position":2,"name":"OPERA\u00c7\u00c3O RENASCER: Pol\u00edcia Militar aborda ve\u00edculo, apreende duas armas de fogo e prende trio no litoral sul"}]},{"@type":"WebSite","@id":"https:\/\/www.pm.pb.gov.br\/portal\/#website","url":"https:\/\/www.pm.pb.gov.br\/portal\/","name":"Pol\u00edcia Militar da Para\u00edba","description":"","publisher":{"@id":"https:\/\/www.pm.pb.gov.br\/portal\/#organization"},"potentialAction":[{"@type":"SearchAction","target":{"@type":"EntryPoint","urlTemplate":"https:\/\/www.pm.pb.gov.br\/portal\/?s={search_term_string}"},"query-input":"required name=search_term_string"}],"inLanguage":"pt-BR"},{"@type":"Organization","@id":"https:\/\/www.pm.pb.gov.br\/portal\/#organization","name":"Pol\u00edcia Militar da Para\u00edba","url":"https:\/\/www.pm.pb.gov.br\/portal\/","logo":{"@type":"ImageObject","inLanguage":"pt-BR","@id":"https:\/\/www.pm.pb.gov.br\/portal\/#\/schema\/logo\/image\/","url":"https:\/\/www.pm.pb.gov.br\/portal\/wp-content\/uploads\/2025\/03\/cropped-logo-site-mag2-1.png","contentUrl":"https:\/\/www.pm.pb.gov.br\/portal\/wp-content\/uploads\/2025\/03\/cropped-logo-site-mag2-1.png","width":320,"height":90,"caption":"Pol\u00edcia Militar da Para\u00edba"},"image":{"@id":"https:\/\/www.pm.pb.gov.br\/portal\/#\/schema\/logo\/image\/"}},{"@type":"Person","@id":"https:\/\/www.pm.pb.gov.br\/portal\/#\/schema\/person\/b169b297b8494dea236e315ed1a201d1","name":"WAGNER HENRIQUE VARELA DA SILVA","image":{"@type":"ImageObject","inLanguage":"pt-BR","@id":"https:\/\/www.pm.pb.gov.br\/portal\/#\/schema\/person\/image\/","url":"https:\/\/secure.gravatar.com\/avatar\/e08af53176a66730df5c0706c6c31fd6?s=96&d=mm&r=g","contentUrl":"https:\/\/secure.gravatar.com\/avatar\/e08af53176a66730df5c0706c6c31fd6?s=96&d=mm&r=g","caption":"WAGNER HENRIQUE VARELA DA SILVA"},"url":"https:\/\/www.pm.pb.gov.br\/portal\/author\/varela\/"}]}},"_links":{"self":[{"href":"https:\/\/www.pm.pb.gov.br\/portal\/wp-json\/wp\/v2\/posts\/900499"}],"collection":[{"href":"https:\/\/www.pm.pb.gov.br\/portal\/wp-json\/wp\/v2\/posts"}],"about":[{"href":"https:\/\/www.pm.pb.gov.br\/portal\/wp-json\/wp\/v2\/types\/post"}],"author":[{"embeddable":true,"href":"https:\/\/www.pm.pb.gov.br\/portal\/wp-json\/wp\/v2\/users\/10"}],"replies":[{"embeddable":true,"href":"https:\/\/www.pm.pb.gov.br\/portal\/wp-json\/wp\/v2\/comments?post=900499"}],"version-history":[{"count":1,"href":"https:\/\/www.pm.pb.gov.br\/portal\/wp-json\/wp\/v2\/posts\/900499\/revisions"}],"predecessor-version":[{"id":900501,"href":"https:\/\/www.pm.pb.gov.br\/portal\/wp-json\/wp\/v2\/posts\/900499\/revisions\/900501"}],"wp:featuredmedia":[{"embeddable":true,"href":"https:\/\/www.pm.pb.gov.br\/portal\/wp-json\/wp\/v2\/media\/900500"}],"wp:attachment":[{"href":"https:\/\/www.pm.pb.gov.br\/portal\/wp-json\/wp\/v2\/media?parent=900499"}],"wp:term":[{"taxonomy":"category","embeddable":true,"href":"https:\/\/www.pm.pb.gov.br\/portal\/wp-json\/wp\/v2\/categories?post=900499"},{"taxonomy":"post_tag","embeddable":true,"href":"https:\/\/www.pm.pb.gov.br\/portal\/wp-json\/wp\/v2\/tags?post=900499"}],"curies":[{"name":"wp","href":"https:\/\/api.w.org\/{rel}","templated":true}]}}