{"id":900494,"date":"2019-04-18T09:45:20","date_gmt":"2019-04-18T12:45:20","guid":{"rendered":"http:\/\/www.pm.pb.gov.br\/portal\/?p=900494"},"modified":"2019-04-18T09:45:21","modified_gmt":"2019-04-18T12:45:21","slug":"policia-militar-prende-um-dos-integrantes-de-quadrilha-de-assaltantes-de-bancos-que-era-alvo-do-resgate-no-ataque-ao-pb1","status":"publish","type":"post","link":"https:\/\/www.pm.pb.gov.br\/portal\/2019\/04\/18\/policia-militar-prende-um-dos-integrantes-de-quadrilha-de-assaltantes-de-bancos-que-era-alvo-do-resgate-no-ataque-ao-pb1\/","title":{"rendered":"Pol\u00edcia Militar prende um dos integrantes de quadrilha de assaltantes de bancos que era alvo do resgate no ataque ao PB1"},"content":{"rendered":"\n<p>A Pol\u00edcia Militar recapturou um dos integrantes da quadrilha de assaltantes de bancos que foi resgatada no ataque ao Presidio PB1, no ano passado, em Jo\u00e3o Pessoa. Ary Muniz da Silva, de 39 anos, foi preso durante a Opera\u00e7\u00e3o Renascer, realizada pela PM na cidade de V\u00e1rzea, nessa quarta-feira (17), no Sert\u00e3o da Para\u00edba.<\/p>\n\n\n\n<p>Policiais que atuam na \u00e1rea do Comando do Policiamento Regional II (CPR \u2013 II) realizavam uma blitz da opera\u00e7\u00e3o quando abordaram o carro que o acusado vinha dirigindo, que tinha placas de Caruaru \u2013 PE. Ele se identificou por outro nome, mas acabou sendo reconhecido pelos policiais militares como um dos foragidos do PB1, apontado como integrante do bando que motivou o ataque \u00e0 unidade prisional. O preso disse que estava vindo da cidade de Campina Grande e iria para o munic\u00edpio de Caic\u00f3, no Rio Grande do Norte.<\/p>\n\n\n\n<p>Ary Muniz tem uma extensa ficha criminal e j\u00e1 foi preso praticando crimes tamb\u00e9m nos Estados do Rio Grande do Norte, Minas Gerais e S\u00e3o Paulo. Ele teria atua\u00e7\u00e3o em roubos a bancos, carros-fortes, estabelecimentos comerciais, carros e homic\u00eddios.<\/p>\n\n\n\n<p>O acusado \u00e9 o 68\u00ba preso do PB1 recapturado, desde setembro do ano passado. Ele foi apresentado na Pol\u00edcia Federal, em Cabedelo, na regi\u00e3o metropolitana de Jo\u00e3o Pessoa.<\/p>\n","protected":false},"excerpt":{"rendered":"<p>A Pol\u00edcia Militar recapturou um dos integrantes da quadrilha de assaltantes de bancos que foi resgatada no ataque ao Presidio<\/p>\n","protected":false},"author":12,"featured_media":899721,"comment_status":"closed","ping_status":"closed","sticky":false,"template":"","format":"standard","meta":{"_exactmetrics_skip_tracking":false,"_exactmetrics_sitenote_active":false,"_exactmetrics_sitenote_note":"","_exactmetrics_sitenote_category":0,"footnotes":""},"categories":[4],"tags":[],"yoast_head":"<!-- This site is optimized with the Yoast SEO plugin v22.0 - https:\/\/yoast.com\/wordpress\/plugins\/seo\/ -->\n<title>Pol\u00edcia Militar prende um dos integrantes de quadrilha de assaltantes de bancos que era alvo do resgate no ataque ao PB1 - Pol\u00edcia Militar da Para\u00edba<\/title>\n<meta name=\"robots\" content=\"index, follow, max-snippet:-1, max-image-preview:large, max-video-preview:-1\" \/>\n<link rel=\"canonical\" href=\"https:\/\/www.pm.pb.gov.br\/portal\/2019\/04\/18\/policia-militar-prende-um-dos-integrantes-de-quadrilha-de-assaltantes-de-bancos-que-era-alvo-do-resgate-no-ataque-ao-pb1\/\" \/>\n<meta property=\"og:locale\" content=\"pt_BR\" \/>\n<meta property=\"og:type\" content=\"article\" \/>\n<meta property=\"og:title\" content=\"Pol\u00edcia Militar prende um dos integrantes de quadrilha de assaltantes de bancos que era alvo do resgate no ataque ao PB1 - Pol\u00edcia Militar da Para\u00edba\" \/>\n<meta property=\"og:description\" content=\"A Pol\u00edcia Militar recapturou um dos integrantes da quadrilha de assaltantes de bancos que foi resgatada no ataque ao Presidio\" \/>\n<meta property=\"og:url\" content=\"https:\/\/www.pm.pb.gov.br\/portal\/2019\/04\/18\/policia-militar-prende-um-dos-integrantes-de-quadrilha-de-assaltantes-de-bancos-que-era-alvo-do-resgate-no-ataque-ao-pb1\/\" \/>\n<meta property=\"og:site_name\" content=\"Pol\u00edcia Militar da Para\u00edba\" \/>\n<meta property=\"article:published_time\" content=\"2019-04-18T12:45:20+00:00\" \/>\n<meta property=\"article:modified_time\" content=\"2019-04-18T12:45:21+00:00\" \/>\n<meta property=\"og:image\" content=\"https:\/\/www.pm.pb.gov.br\/portal\/wp-content\/uploads\/2019\/01\/ilustrativa.jpg\" \/>\n\t<meta property=\"og:image:width\" content=\"800\" \/>\n\t<meta property=\"og:image:height\" content=\"445\" \/>\n\t<meta property=\"og:image:type\" content=\"image\/jpeg\" \/>\n<meta name=\"author\" content=\"Tarcisio Oliveira\" \/>\n<meta name=\"twitter:card\" content=\"summary_large_image\" \/>\n<meta name=\"twitter:label1\" content=\"Escrito por\" \/>\n\t<meta name=\"twitter:data1\" content=\"Tarcisio Oliveira\" \/>\n\t<meta name=\"twitter:label2\" content=\"Est. tempo de leitura\" \/>\n\t<meta name=\"twitter:data2\" content=\"1 minuto\" \/>\n<script type=\"application\/ld+json\" class=\"yoast-schema-graph\">{\"@context\":\"https:\/\/schema.org\",\"@graph\":[{\"@type\":\"Article\",\"@id\":\"https:\/\/www.pm.pb.gov.br\/portal\/2019\/04\/18\/policia-militar-prende-um-dos-integrantes-de-quadrilha-de-assaltantes-de-bancos-que-era-alvo-do-resgate-no-ataque-ao-pb1\/#article\",\"isPartOf\":{\"@id\":\"https:\/\/www.pm.pb.gov.br\/portal\/2019\/04\/18\/policia-militar-prende-um-dos-integrantes-de-quadrilha-de-assaltantes-de-bancos-que-era-alvo-do-resgate-no-ataque-ao-pb1\/\"},\"author\":{\"name\":\"Tarcisio Oliveira\",\"@id\":\"https:\/\/www.pm.pb.gov.br\/portal\/#\/schema\/person\/f84f56dcc78ce4357054da888b8247fd\"},\"headline\":\"Pol\u00edcia Militar prende um dos integrantes de quadrilha de assaltantes de bancos que era alvo do resgate no ataque ao PB1\",\"datePublished\":\"2019-04-18T12:45:20+00:00\",\"dateModified\":\"2019-04-18T12:45:21+00:00\",\"mainEntityOfPage\":{\"@id\":\"https:\/\/www.pm.pb.gov.br\/portal\/2019\/04\/18\/policia-militar-prende-um-dos-integrantes-de-quadrilha-de-assaltantes-de-bancos-que-era-alvo-do-resgate-no-ataque-ao-pb1\/\"},\"wordCount\":240,\"publisher\":{\"@id\":\"https:\/\/www.pm.pb.gov.br\/portal\/#organization\"},\"articleSection\":[\"A\u00e7\u00f5es Policiais\"],\"inLanguage\":\"pt-BR\"},{\"@type\":\"WebPage\",\"@id\":\"https:\/\/www.pm.pb.gov.br\/portal\/2019\/04\/18\/policia-militar-prende-um-dos-integrantes-de-quadrilha-de-assaltantes-de-bancos-que-era-alvo-do-resgate-no-ataque-ao-pb1\/\",\"url\":\"https:\/\/www.pm.pb.gov.br\/portal\/2019\/04\/18\/policia-militar-prende-um-dos-integrantes-de-quadrilha-de-assaltantes-de-bancos-que-era-alvo-do-resgate-no-ataque-ao-pb1\/\",\"name\":\"Pol\u00edcia Militar prende um dos integrantes de quadrilha de assaltantes de bancos que era alvo do resgate no ataque ao PB1 - Pol\u00edcia Militar da Para\u00edba\",\"isPartOf\":{\"@id\":\"https:\/\/www.pm.pb.gov.br\/portal\/#website\"},\"datePublished\":\"2019-04-18T12:45:20+00:00\",\"dateModified\":\"2019-04-18T12:45:21+00:00\",\"breadcrumb\":{\"@id\":\"https:\/\/www.pm.pb.gov.br\/portal\/2019\/04\/18\/policia-militar-prende-um-dos-integrantes-de-quadrilha-de-assaltantes-de-bancos-que-era-alvo-do-resgate-no-ataque-ao-pb1\/#breadcrumb\"},\"inLanguage\":\"pt-BR\",\"potentialAction\":[{\"@type\":\"ReadAction\",\"target\":[\"https:\/\/www.pm.pb.gov.br\/portal\/2019\/04\/18\/policia-militar-prende-um-dos-integrantes-de-quadrilha-de-assaltantes-de-bancos-que-era-alvo-do-resgate-no-ataque-ao-pb1\/\"]}]},{\"@type\":\"BreadcrumbList\",\"@id\":\"https:\/\/www.pm.pb.gov.br\/portal\/2019\/04\/18\/policia-militar-prende-um-dos-integrantes-de-quadrilha-de-assaltantes-de-bancos-que-era-alvo-do-resgate-no-ataque-ao-pb1\/#breadcrumb\",\"itemListElement\":[{\"@type\":\"ListItem\",\"position\":1,\"name\":\"In\u00edcio\",\"item\":\"https:\/\/www.pm.pb.gov.br\/portal\/\"},{\"@type\":\"ListItem\",\"position\":2,\"name\":\"Pol\u00edcia Militar prende um dos integrantes de quadrilha de assaltantes de bancos que era alvo do resgate no ataque ao PB1\"}]},{\"@type\":\"WebSite\",\"@id\":\"https:\/\/www.pm.pb.gov.br\/portal\/#website\",\"url\":\"https:\/\/www.pm.pb.gov.br\/portal\/\",\"name\":\"Pol\u00edcia Militar da Para\u00edba\",\"description\":\"\",\"publisher\":{\"@id\":\"https:\/\/www.pm.pb.gov.br\/portal\/#organization\"},\"potentialAction\":[{\"@type\":\"SearchAction\",\"target\":{\"@type\":\"EntryPoint\",\"urlTemplate\":\"https:\/\/www.pm.pb.gov.br\/portal\/?s={search_term_string}\"},\"query-input\":\"required name=search_term_string\"}],\"inLanguage\":\"pt-BR\"},{\"@type\":\"Organization\",\"@id\":\"https:\/\/www.pm.pb.gov.br\/portal\/#organization\",\"name\":\"Pol\u00edcia Militar da Para\u00edba\",\"url\":\"https:\/\/www.pm.pb.gov.br\/portal\/\",\"logo\":{\"@type\":\"ImageObject\",\"inLanguage\":\"pt-BR\",\"@id\":\"https:\/\/www.pm.pb.gov.br\/portal\/#\/schema\/logo\/image\/\",\"url\":\"https:\/\/www.pm.pb.gov.br\/portal\/wp-content\/uploads\/2025\/03\/cropped-logo-site-mag2-1.png\",\"contentUrl\":\"https:\/\/www.pm.pb.gov.br\/portal\/wp-content\/uploads\/2025\/03\/cropped-logo-site-mag2-1.png\",\"width\":320,\"height\":90,\"caption\":\"Pol\u00edcia Militar da Para\u00edba\"},\"image\":{\"@id\":\"https:\/\/www.pm.pb.gov.br\/portal\/#\/schema\/logo\/image\/\"}},{\"@type\":\"Person\",\"@id\":\"https:\/\/www.pm.pb.gov.br\/portal\/#\/schema\/person\/f84f56dcc78ce4357054da888b8247fd\",\"name\":\"Tarcisio Oliveira\",\"image\":{\"@type\":\"ImageObject\",\"inLanguage\":\"pt-BR\",\"@id\":\"https:\/\/www.pm.pb.gov.br\/portal\/#\/schema\/person\/image\/\",\"url\":\"https:\/\/secure.gravatar.com\/avatar\/72917b630b69d31cd0297507f34bac97?s=96&d=mm&r=g\",\"contentUrl\":\"https:\/\/secure.gravatar.com\/avatar\/72917b630b69d31cd0297507f34bac97?s=96&d=mm&r=g\",\"caption\":\"Tarcisio Oliveira\"},\"url\":\"https:\/\/www.pm.pb.gov.br\/portal\/author\/tarcisio\/\"}]}<\/script>\n<!-- \/ Yoast SEO plugin. -->","yoast_head_json":{"title":"Pol\u00edcia Militar prende um dos integrantes de quadrilha de assaltantes de bancos que era alvo do resgate no ataque ao PB1 - Pol\u00edcia Militar da Para\u00edba","robots":{"index":"index","follow":"follow","max-snippet":"max-snippet:-1","max-image-preview":"max-image-preview:large","max-video-preview":"max-video-preview:-1"},"canonical":"https:\/\/www.pm.pb.gov.br\/portal\/2019\/04\/18\/policia-militar-prende-um-dos-integrantes-de-quadrilha-de-assaltantes-de-bancos-que-era-alvo-do-resgate-no-ataque-ao-pb1\/","og_locale":"pt_BR","og_type":"article","og_title":"Pol\u00edcia Militar prende um dos integrantes de quadrilha de assaltantes de bancos que era alvo do resgate no ataque ao PB1 - Pol\u00edcia Militar da Para\u00edba","og_description":"A Pol\u00edcia Militar recapturou um dos integrantes da quadrilha de assaltantes de bancos que foi resgatada no ataque ao Presidio","og_url":"https:\/\/www.pm.pb.gov.br\/portal\/2019\/04\/18\/policia-militar-prende-um-dos-integrantes-de-quadrilha-de-assaltantes-de-bancos-que-era-alvo-do-resgate-no-ataque-ao-pb1\/","og_site_name":"Pol\u00edcia Militar da Para\u00edba","article_published_time":"2019-04-18T12:45:20+00:00","article_modified_time":"2019-04-18T12:45:21+00:00","og_image":[{"width":800,"height":445,"url":"https:\/\/www.pm.pb.gov.br\/portal\/wp-content\/uploads\/2019\/01\/ilustrativa.jpg","type":"image\/jpeg"}],"author":"Tarcisio Oliveira","twitter_card":"summary_large_image","twitter_misc":{"Escrito por":"Tarcisio Oliveira","Est. tempo de leitura":"1 minuto"},"schema":{"@context":"https:\/\/schema.org","@graph":[{"@type":"Article","@id":"https:\/\/www.pm.pb.gov.br\/portal\/2019\/04\/18\/policia-militar-prende-um-dos-integrantes-de-quadrilha-de-assaltantes-de-bancos-que-era-alvo-do-resgate-no-ataque-ao-pb1\/#article","isPartOf":{"@id":"https:\/\/www.pm.pb.gov.br\/portal\/2019\/04\/18\/policia-militar-prende-um-dos-integrantes-de-quadrilha-de-assaltantes-de-bancos-que-era-alvo-do-resgate-no-ataque-ao-pb1\/"},"author":{"name":"Tarcisio Oliveira","@id":"https:\/\/www.pm.pb.gov.br\/portal\/#\/schema\/person\/f84f56dcc78ce4357054da888b8247fd"},"headline":"Pol\u00edcia Militar prende um dos integrantes de quadrilha de assaltantes de bancos que era alvo do resgate no ataque ao PB1","datePublished":"2019-04-18T12:45:20+00:00","dateModified":"2019-04-18T12:45:21+00:00","mainEntityOfPage":{"@id":"https:\/\/www.pm.pb.gov.br\/portal\/2019\/04\/18\/policia-militar-prende-um-dos-integrantes-de-quadrilha-de-assaltantes-de-bancos-que-era-alvo-do-resgate-no-ataque-ao-pb1\/"},"wordCount":240,"publisher":{"@id":"https:\/\/www.pm.pb.gov.br\/portal\/#organization"},"articleSection":["A\u00e7\u00f5es Policiais"],"inLanguage":"pt-BR"},{"@type":"WebPage","@id":"https:\/\/www.pm.pb.gov.br\/portal\/2019\/04\/18\/policia-militar-prende-um-dos-integrantes-de-quadrilha-de-assaltantes-de-bancos-que-era-alvo-do-resgate-no-ataque-ao-pb1\/","url":"https:\/\/www.pm.pb.gov.br\/portal\/2019\/04\/18\/policia-militar-prende-um-dos-integrantes-de-quadrilha-de-assaltantes-de-bancos-que-era-alvo-do-resgate-no-ataque-ao-pb1\/","name":"Pol\u00edcia Militar prende um dos integrantes de quadrilha de assaltantes de bancos que era alvo do resgate no ataque ao PB1 - Pol\u00edcia Militar da Para\u00edba","isPartOf":{"@id":"https:\/\/www.pm.pb.gov.br\/portal\/#website"},"datePublished":"2019-04-18T12:45:20+00:00","dateModified":"2019-04-18T12:45:21+00:00","breadcrumb":{"@id":"https:\/\/www.pm.pb.gov.br\/portal\/2019\/04\/18\/policia-militar-prende-um-dos-integrantes-de-quadrilha-de-assaltantes-de-bancos-que-era-alvo-do-resgate-no-ataque-ao-pb1\/#breadcrumb"},"inLanguage":"pt-BR","potentialAction":[{"@type":"ReadAction","target":["https:\/\/www.pm.pb.gov.br\/portal\/2019\/04\/18\/policia-militar-prende-um-dos-integrantes-de-quadrilha-de-assaltantes-de-bancos-que-era-alvo-do-resgate-no-ataque-ao-pb1\/"]}]},{"@type":"BreadcrumbList","@id":"https:\/\/www.pm.pb.gov.br\/portal\/2019\/04\/18\/policia-militar-prende-um-dos-integrantes-de-quadrilha-de-assaltantes-de-bancos-que-era-alvo-do-resgate-no-ataque-ao-pb1\/#breadcrumb","itemListElement":[{"@type":"ListItem","position":1,"name":"In\u00edcio","item":"https:\/\/www.pm.pb.gov.br\/portal\/"},{"@type":"ListItem","position":2,"name":"Pol\u00edcia Militar prende um dos integrantes de quadrilha de assaltantes de bancos que era alvo do resgate no ataque ao PB1"}]},{"@type":"WebSite","@id":"https:\/\/www.pm.pb.gov.br\/portal\/#website","url":"https:\/\/www.pm.pb.gov.br\/portal\/","name":"Pol\u00edcia Militar da Para\u00edba","description":"","publisher":{"@id":"https:\/\/www.pm.pb.gov.br\/portal\/#organization"},"potentialAction":[{"@type":"SearchAction","target":{"@type":"EntryPoint","urlTemplate":"https:\/\/www.pm.pb.gov.br\/portal\/?s={search_term_string}"},"query-input":"required name=search_term_string"}],"inLanguage":"pt-BR"},{"@type":"Organization","@id":"https:\/\/www.pm.pb.gov.br\/portal\/#organization","name":"Pol\u00edcia Militar da Para\u00edba","url":"https:\/\/www.pm.pb.gov.br\/portal\/","logo":{"@type":"ImageObject","inLanguage":"pt-BR","@id":"https:\/\/www.pm.pb.gov.br\/portal\/#\/schema\/logo\/image\/","url":"https:\/\/www.pm.pb.gov.br\/portal\/wp-content\/uploads\/2025\/03\/cropped-logo-site-mag2-1.png","contentUrl":"https:\/\/www.pm.pb.gov.br\/portal\/wp-content\/uploads\/2025\/03\/cropped-logo-site-mag2-1.png","width":320,"height":90,"caption":"Pol\u00edcia Militar da Para\u00edba"},"image":{"@id":"https:\/\/www.pm.pb.gov.br\/portal\/#\/schema\/logo\/image\/"}},{"@type":"Person","@id":"https:\/\/www.pm.pb.gov.br\/portal\/#\/schema\/person\/f84f56dcc78ce4357054da888b8247fd","name":"Tarcisio Oliveira","image":{"@type":"ImageObject","inLanguage":"pt-BR","@id":"https:\/\/www.pm.pb.gov.br\/portal\/#\/schema\/person\/image\/","url":"https:\/\/secure.gravatar.com\/avatar\/72917b630b69d31cd0297507f34bac97?s=96&d=mm&r=g","contentUrl":"https:\/\/secure.gravatar.com\/avatar\/72917b630b69d31cd0297507f34bac97?s=96&d=mm&r=g","caption":"Tarcisio Oliveira"},"url":"https:\/\/www.pm.pb.gov.br\/portal\/author\/tarcisio\/"}]}},"_links":{"self":[{"href":"https:\/\/www.pm.pb.gov.br\/portal\/wp-json\/wp\/v2\/posts\/900494"}],"collection":[{"href":"https:\/\/www.pm.pb.gov.br\/portal\/wp-json\/wp\/v2\/posts"}],"about":[{"href":"https:\/\/www.pm.pb.gov.br\/portal\/wp-json\/wp\/v2\/types\/post"}],"author":[{"embeddable":true,"href":"https:\/\/www.pm.pb.gov.br\/portal\/wp-json\/wp\/v2\/users\/12"}],"replies":[{"embeddable":true,"href":"https:\/\/www.pm.pb.gov.br\/portal\/wp-json\/wp\/v2\/comments?post=900494"}],"version-history":[{"count":1,"href":"https:\/\/www.pm.pb.gov.br\/portal\/wp-json\/wp\/v2\/posts\/900494\/revisions"}],"predecessor-version":[{"id":900495,"href":"https:\/\/www.pm.pb.gov.br\/portal\/wp-json\/wp\/v2\/posts\/900494\/revisions\/900495"}],"wp:featuredmedia":[{"embeddable":true,"href":"https:\/\/www.pm.pb.gov.br\/portal\/wp-json\/wp\/v2\/media\/899721"}],"wp:attachment":[{"href":"https:\/\/www.pm.pb.gov.br\/portal\/wp-json\/wp\/v2\/media?parent=900494"}],"wp:term":[{"taxonomy":"category","embeddable":true,"href":"https:\/\/www.pm.pb.gov.br\/portal\/wp-json\/wp\/v2\/categories?post=900494"},{"taxonomy":"post_tag","embeddable":true,"href":"https:\/\/www.pm.pb.gov.br\/portal\/wp-json\/wp\/v2\/tags?post=900494"}],"curies":[{"name":"wp","href":"https:\/\/api.w.org\/{rel}","templated":true}]}}