{"id":900456,"date":"2019-04-15T16:16:16","date_gmt":"2019-04-15T19:16:16","guid":{"rendered":"http:\/\/www.pm.pb.gov.br\/portal\/?p=900456"},"modified":"2019-04-15T16:17:36","modified_gmt":"2019-04-15T19:17:36","slug":"900456","status":"publish","type":"post","link":"https:\/\/www.pm.pb.gov.br\/portal\/2019\/04\/15\/900456\/","title":{"rendered":"Semana Santa: Pol\u00edcia Militar ter\u00e1 refor\u00e7o nas estradas, perto de locais com eventos religiosos e em \u00e1reas estrat\u00e9gicas"},"content":{"rendered":"\n<p>Uma reuni\u00e3o realizada na manh\u00e3 desta segunda-feira (15), na sede do Comando Geral da Pol\u00edcia Militar,em Jo\u00e3o Pessoa, discutiu os \u00faltimos detalhes para o refor\u00e7o na seguran\u00e7a durante a Semana Santa, quando o policiamento e outras a\u00e7\u00f5es devem ser intensificadas, principalmente no tr\u00e2nsito, perto de locais com eventos religiosos e em \u00e1reas indicadas pelas Coordenadorias de Estat\u00edstica e tamb\u00e9m de Intelig\u00eancia.<\/p>\n\n\n\n<p>Os detalhes do planejamento para o per\u00edodo foram discutidos pelo pr\u00f3prio comandante-geral da corpora\u00e7\u00e3o, coronel Euller Chaves, que reuniu oficiais do estado-maior estrat\u00e9gico e que comandam unidades operacionais. \u201cAs a\u00e7\u00f5es ser\u00e3o desencadeadas j\u00e1 a partir da noite desta quarta-feira (17), com os dias seguintes sendo ocupados por um conjunto de opera\u00e7\u00f5es para garantir a seguran\u00e7a no per\u00edodo\u201d,destacou.<\/p>\n\n\n\n<p>Uma das preocupa\u00e7\u00f5es da c\u00fapula da PM \u00e9 com os crimes de proximidade que acontecem no per\u00edodo,geralmente provocados ap\u00f3s ingest\u00e3o de bebidas alco\u00f3licas, dentro de casa e em outros ambientes particulares. \u201c\u00c9 um per\u00edodo de reflex\u00e3o religiosa, por isso estaremos com policiamento presente nas proximidades dos locais que celebram eventos desta natureza, mas tamb\u00e9m, de acordo com a experi\u00eancia dos anos anteriores, \u00e9 um per\u00edodo que mais acontecem crimes de proximidade, o que esperamos combater com conscientiza\u00e7\u00e3o da popula\u00e7\u00e3o e coopera\u00e7\u00e3o com outros \u00f3rg\u00e3os\u201d, disse.O efetivo empregado no refor\u00e7o da semana santa,\u00e1reas de maior atua\u00e7\u00e3o e outras a\u00e7\u00f5es devem ser definidos at\u00e9 a pr\u00f3xima quarta-feira. <\/p>\n\n\n\n<p><br><\/p>\n","protected":false},"excerpt":{"rendered":"<p>Uma reuni\u00e3o realizada na manh\u00e3 desta segunda-feira (15), na sede do Comando Geral da Pol\u00edcia Militar,em Jo\u00e3o Pessoa, discutiu os<\/p>\n","protected":false},"author":15,"featured_media":900457,"comment_status":"closed","ping_status":"closed","sticky":false,"template":"","format":"standard","meta":{"_exactmetrics_skip_tracking":false,"_exactmetrics_sitenote_active":false,"_exactmetrics_sitenote_note":"","_exactmetrics_sitenote_category":0,"footnotes":""},"categories":[4],"tags":[],"yoast_head":"<!-- This site is optimized with the Yoast SEO plugin v22.0 - https:\/\/yoast.com\/wordpress\/plugins\/seo\/ -->\n<title>Semana Santa: Pol\u00edcia Militar ter\u00e1 refor\u00e7o nas estradas, perto de locais com eventos religiosos e em \u00e1reas estrat\u00e9gicas - Pol\u00edcia Militar da Para\u00edba<\/title>\n<meta name=\"robots\" content=\"index, follow, max-snippet:-1, max-image-preview:large, max-video-preview:-1\" \/>\n<link rel=\"canonical\" href=\"https:\/\/www.pm.pb.gov.br\/portal\/2019\/04\/15\/900456\/\" \/>\n<meta property=\"og:locale\" content=\"pt_BR\" \/>\n<meta property=\"og:type\" content=\"article\" \/>\n<meta property=\"og:title\" content=\"Semana Santa: Pol\u00edcia Militar ter\u00e1 refor\u00e7o nas estradas, perto de locais com eventos religiosos e em \u00e1reas estrat\u00e9gicas - Pol\u00edcia Militar da Para\u00edba\" \/>\n<meta property=\"og:description\" content=\"Uma reuni\u00e3o realizada na manh\u00e3 desta segunda-feira (15), na sede do Comando Geral da Pol\u00edcia Militar,em Jo\u00e3o Pessoa, discutiu os\" \/>\n<meta property=\"og:url\" content=\"https:\/\/www.pm.pb.gov.br\/portal\/2019\/04\/15\/900456\/\" \/>\n<meta property=\"og:site_name\" content=\"Pol\u00edcia Militar da Para\u00edba\" \/>\n<meta property=\"article:published_time\" content=\"2019-04-15T19:16:16+00:00\" \/>\n<meta property=\"article:modified_time\" content=\"2019-04-15T19:17:36+00:00\" \/>\n<meta property=\"og:image\" content=\"https:\/\/www.pm.pb.gov.br\/portal\/wp-content\/uploads\/2019\/04\/reuni\u00e3o-semana-santa.jpg\" \/>\n\t<meta property=\"og:image:width\" content=\"1280\" \/>\n\t<meta property=\"og:image:height\" content=\"960\" \/>\n\t<meta property=\"og:image:type\" content=\"image\/jpeg\" \/>\n<meta name=\"author\" content=\"Marcio Gomes dos Santos\" \/>\n<meta name=\"twitter:card\" content=\"summary_large_image\" \/>\n<meta name=\"twitter:label1\" content=\"Escrito por\" \/>\n\t<meta name=\"twitter:data1\" content=\"Marcio Gomes dos Santos\" \/>\n\t<meta name=\"twitter:label2\" content=\"Est. tempo de leitura\" \/>\n\t<meta name=\"twitter:data2\" content=\"1 minuto\" \/>\n<script type=\"application\/ld+json\" class=\"yoast-schema-graph\">{\"@context\":\"https:\/\/schema.org\",\"@graph\":[{\"@type\":\"Article\",\"@id\":\"https:\/\/www.pm.pb.gov.br\/portal\/2019\/04\/15\/900456\/#article\",\"isPartOf\":{\"@id\":\"https:\/\/www.pm.pb.gov.br\/portal\/2019\/04\/15\/900456\/\"},\"author\":{\"name\":\"Marcio Gomes dos Santos\",\"@id\":\"https:\/\/www.pm.pb.gov.br\/portal\/#\/schema\/person\/30d571652b38533c2211e4e89bf5a502\"},\"headline\":\"Semana Santa: Pol\u00edcia Militar ter\u00e1 refor\u00e7o nas estradas, perto de locais com eventos religiosos e em \u00e1reas estrat\u00e9gicas\",\"datePublished\":\"2019-04-15T19:16:16+00:00\",\"dateModified\":\"2019-04-15T19:17:36+00:00\",\"mainEntityOfPage\":{\"@id\":\"https:\/\/www.pm.pb.gov.br\/portal\/2019\/04\/15\/900456\/\"},\"wordCount\":282,\"publisher\":{\"@id\":\"https:\/\/www.pm.pb.gov.br\/portal\/#organization\"},\"articleSection\":[\"A\u00e7\u00f5es Policiais\"],\"inLanguage\":\"pt-BR\"},{\"@type\":\"WebPage\",\"@id\":\"https:\/\/www.pm.pb.gov.br\/portal\/2019\/04\/15\/900456\/\",\"url\":\"https:\/\/www.pm.pb.gov.br\/portal\/2019\/04\/15\/900456\/\",\"name\":\"Semana Santa: Pol\u00edcia Militar ter\u00e1 refor\u00e7o nas estradas, perto de locais com eventos religiosos e em \u00e1reas estrat\u00e9gicas - Pol\u00edcia Militar da Para\u00edba\",\"isPartOf\":{\"@id\":\"https:\/\/www.pm.pb.gov.br\/portal\/#website\"},\"datePublished\":\"2019-04-15T19:16:16+00:00\",\"dateModified\":\"2019-04-15T19:17:36+00:00\",\"breadcrumb\":{\"@id\":\"https:\/\/www.pm.pb.gov.br\/portal\/2019\/04\/15\/900456\/#breadcrumb\"},\"inLanguage\":\"pt-BR\",\"potentialAction\":[{\"@type\":\"ReadAction\",\"target\":[\"https:\/\/www.pm.pb.gov.br\/portal\/2019\/04\/15\/900456\/\"]}]},{\"@type\":\"BreadcrumbList\",\"@id\":\"https:\/\/www.pm.pb.gov.br\/portal\/2019\/04\/15\/900456\/#breadcrumb\",\"itemListElement\":[{\"@type\":\"ListItem\",\"position\":1,\"name\":\"In\u00edcio\",\"item\":\"https:\/\/www.pm.pb.gov.br\/portal\/\"},{\"@type\":\"ListItem\",\"position\":2,\"name\":\"Semana Santa: Pol\u00edcia Militar ter\u00e1 refor\u00e7o nas estradas, perto de locais com eventos religiosos e em \u00e1reas estrat\u00e9gicas\"}]},{\"@type\":\"WebSite\",\"@id\":\"https:\/\/www.pm.pb.gov.br\/portal\/#website\",\"url\":\"https:\/\/www.pm.pb.gov.br\/portal\/\",\"name\":\"Pol\u00edcia Militar da Para\u00edba\",\"description\":\"\",\"publisher\":{\"@id\":\"https:\/\/www.pm.pb.gov.br\/portal\/#organization\"},\"potentialAction\":[{\"@type\":\"SearchAction\",\"target\":{\"@type\":\"EntryPoint\",\"urlTemplate\":\"https:\/\/www.pm.pb.gov.br\/portal\/?s={search_term_string}\"},\"query-input\":\"required name=search_term_string\"}],\"inLanguage\":\"pt-BR\"},{\"@type\":\"Organization\",\"@id\":\"https:\/\/www.pm.pb.gov.br\/portal\/#organization\",\"name\":\"Pol\u00edcia Militar da Para\u00edba\",\"url\":\"https:\/\/www.pm.pb.gov.br\/portal\/\",\"logo\":{\"@type\":\"ImageObject\",\"inLanguage\":\"pt-BR\",\"@id\":\"https:\/\/www.pm.pb.gov.br\/portal\/#\/schema\/logo\/image\/\",\"url\":\"https:\/\/www.pm.pb.gov.br\/portal\/wp-content\/uploads\/2025\/03\/cropped-logo-site-mag2-1.png\",\"contentUrl\":\"https:\/\/www.pm.pb.gov.br\/portal\/wp-content\/uploads\/2025\/03\/cropped-logo-site-mag2-1.png\",\"width\":320,\"height\":90,\"caption\":\"Pol\u00edcia Militar da Para\u00edba\"},\"image\":{\"@id\":\"https:\/\/www.pm.pb.gov.br\/portal\/#\/schema\/logo\/image\/\"}},{\"@type\":\"Person\",\"@id\":\"https:\/\/www.pm.pb.gov.br\/portal\/#\/schema\/person\/30d571652b38533c2211e4e89bf5a502\",\"name\":\"Marcio Gomes dos Santos\",\"image\":{\"@type\":\"ImageObject\",\"inLanguage\":\"pt-BR\",\"@id\":\"https:\/\/www.pm.pb.gov.br\/portal\/#\/schema\/person\/image\/\",\"url\":\"https:\/\/secure.gravatar.com\/avatar\/cf4ec2cb690101e1581c7773aa350c19?s=96&d=mm&r=g\",\"contentUrl\":\"https:\/\/secure.gravatar.com\/avatar\/cf4ec2cb690101e1581c7773aa350c19?s=96&d=mm&r=g\",\"caption\":\"Marcio Gomes dos Santos\"},\"url\":\"https:\/\/www.pm.pb.gov.br\/portal\/author\/mgomes\/\"}]}<\/script>\n<!-- \/ Yoast SEO plugin. -->","yoast_head_json":{"title":"Semana Santa: Pol\u00edcia Militar ter\u00e1 refor\u00e7o nas estradas, perto de locais com eventos religiosos e em \u00e1reas estrat\u00e9gicas - Pol\u00edcia Militar da Para\u00edba","robots":{"index":"index","follow":"follow","max-snippet":"max-snippet:-1","max-image-preview":"max-image-preview:large","max-video-preview":"max-video-preview:-1"},"canonical":"https:\/\/www.pm.pb.gov.br\/portal\/2019\/04\/15\/900456\/","og_locale":"pt_BR","og_type":"article","og_title":"Semana Santa: Pol\u00edcia Militar ter\u00e1 refor\u00e7o nas estradas, perto de locais com eventos religiosos e em \u00e1reas estrat\u00e9gicas - Pol\u00edcia Militar da Para\u00edba","og_description":"Uma reuni\u00e3o realizada na manh\u00e3 desta segunda-feira (15), na sede do Comando Geral da Pol\u00edcia Militar,em Jo\u00e3o Pessoa, discutiu os","og_url":"https:\/\/www.pm.pb.gov.br\/portal\/2019\/04\/15\/900456\/","og_site_name":"Pol\u00edcia Militar da Para\u00edba","article_published_time":"2019-04-15T19:16:16+00:00","article_modified_time":"2019-04-15T19:17:36+00:00","og_image":[{"width":1280,"height":960,"url":"https:\/\/www.pm.pb.gov.br\/portal\/wp-content\/uploads\/2019\/04\/reuni\u00e3o-semana-santa.jpg","type":"image\/jpeg"}],"author":"Marcio Gomes dos Santos","twitter_card":"summary_large_image","twitter_misc":{"Escrito por":"Marcio Gomes dos Santos","Est. tempo de leitura":"1 minuto"},"schema":{"@context":"https:\/\/schema.org","@graph":[{"@type":"Article","@id":"https:\/\/www.pm.pb.gov.br\/portal\/2019\/04\/15\/900456\/#article","isPartOf":{"@id":"https:\/\/www.pm.pb.gov.br\/portal\/2019\/04\/15\/900456\/"},"author":{"name":"Marcio Gomes dos Santos","@id":"https:\/\/www.pm.pb.gov.br\/portal\/#\/schema\/person\/30d571652b38533c2211e4e89bf5a502"},"headline":"Semana Santa: Pol\u00edcia Militar ter\u00e1 refor\u00e7o nas estradas, perto de locais com eventos religiosos e em \u00e1reas estrat\u00e9gicas","datePublished":"2019-04-15T19:16:16+00:00","dateModified":"2019-04-15T19:17:36+00:00","mainEntityOfPage":{"@id":"https:\/\/www.pm.pb.gov.br\/portal\/2019\/04\/15\/900456\/"},"wordCount":282,"publisher":{"@id":"https:\/\/www.pm.pb.gov.br\/portal\/#organization"},"articleSection":["A\u00e7\u00f5es Policiais"],"inLanguage":"pt-BR"},{"@type":"WebPage","@id":"https:\/\/www.pm.pb.gov.br\/portal\/2019\/04\/15\/900456\/","url":"https:\/\/www.pm.pb.gov.br\/portal\/2019\/04\/15\/900456\/","name":"Semana Santa: Pol\u00edcia Militar ter\u00e1 refor\u00e7o nas estradas, perto de locais com eventos religiosos e em \u00e1reas estrat\u00e9gicas - Pol\u00edcia Militar da Para\u00edba","isPartOf":{"@id":"https:\/\/www.pm.pb.gov.br\/portal\/#website"},"datePublished":"2019-04-15T19:16:16+00:00","dateModified":"2019-04-15T19:17:36+00:00","breadcrumb":{"@id":"https:\/\/www.pm.pb.gov.br\/portal\/2019\/04\/15\/900456\/#breadcrumb"},"inLanguage":"pt-BR","potentialAction":[{"@type":"ReadAction","target":["https:\/\/www.pm.pb.gov.br\/portal\/2019\/04\/15\/900456\/"]}]},{"@type":"BreadcrumbList","@id":"https:\/\/www.pm.pb.gov.br\/portal\/2019\/04\/15\/900456\/#breadcrumb","itemListElement":[{"@type":"ListItem","position":1,"name":"In\u00edcio","item":"https:\/\/www.pm.pb.gov.br\/portal\/"},{"@type":"ListItem","position":2,"name":"Semana Santa: Pol\u00edcia Militar ter\u00e1 refor\u00e7o nas estradas, perto de locais com eventos religiosos e em \u00e1reas estrat\u00e9gicas"}]},{"@type":"WebSite","@id":"https:\/\/www.pm.pb.gov.br\/portal\/#website","url":"https:\/\/www.pm.pb.gov.br\/portal\/","name":"Pol\u00edcia Militar da Para\u00edba","description":"","publisher":{"@id":"https:\/\/www.pm.pb.gov.br\/portal\/#organization"},"potentialAction":[{"@type":"SearchAction","target":{"@type":"EntryPoint","urlTemplate":"https:\/\/www.pm.pb.gov.br\/portal\/?s={search_term_string}"},"query-input":"required name=search_term_string"}],"inLanguage":"pt-BR"},{"@type":"Organization","@id":"https:\/\/www.pm.pb.gov.br\/portal\/#organization","name":"Pol\u00edcia Militar da Para\u00edba","url":"https:\/\/www.pm.pb.gov.br\/portal\/","logo":{"@type":"ImageObject","inLanguage":"pt-BR","@id":"https:\/\/www.pm.pb.gov.br\/portal\/#\/schema\/logo\/image\/","url":"https:\/\/www.pm.pb.gov.br\/portal\/wp-content\/uploads\/2025\/03\/cropped-logo-site-mag2-1.png","contentUrl":"https:\/\/www.pm.pb.gov.br\/portal\/wp-content\/uploads\/2025\/03\/cropped-logo-site-mag2-1.png","width":320,"height":90,"caption":"Pol\u00edcia Militar da Para\u00edba"},"image":{"@id":"https:\/\/www.pm.pb.gov.br\/portal\/#\/schema\/logo\/image\/"}},{"@type":"Person","@id":"https:\/\/www.pm.pb.gov.br\/portal\/#\/schema\/person\/30d571652b38533c2211e4e89bf5a502","name":"Marcio Gomes dos Santos","image":{"@type":"ImageObject","inLanguage":"pt-BR","@id":"https:\/\/www.pm.pb.gov.br\/portal\/#\/schema\/person\/image\/","url":"https:\/\/secure.gravatar.com\/avatar\/cf4ec2cb690101e1581c7773aa350c19?s=96&d=mm&r=g","contentUrl":"https:\/\/secure.gravatar.com\/avatar\/cf4ec2cb690101e1581c7773aa350c19?s=96&d=mm&r=g","caption":"Marcio Gomes dos Santos"},"url":"https:\/\/www.pm.pb.gov.br\/portal\/author\/mgomes\/"}]}},"_links":{"self":[{"href":"https:\/\/www.pm.pb.gov.br\/portal\/wp-json\/wp\/v2\/posts\/900456"}],"collection":[{"href":"https:\/\/www.pm.pb.gov.br\/portal\/wp-json\/wp\/v2\/posts"}],"about":[{"href":"https:\/\/www.pm.pb.gov.br\/portal\/wp-json\/wp\/v2\/types\/post"}],"author":[{"embeddable":true,"href":"https:\/\/www.pm.pb.gov.br\/portal\/wp-json\/wp\/v2\/users\/15"}],"replies":[{"embeddable":true,"href":"https:\/\/www.pm.pb.gov.br\/portal\/wp-json\/wp\/v2\/comments?post=900456"}],"version-history":[{"count":3,"href":"https:\/\/www.pm.pb.gov.br\/portal\/wp-json\/wp\/v2\/posts\/900456\/revisions"}],"predecessor-version":[{"id":900460,"href":"https:\/\/www.pm.pb.gov.br\/portal\/wp-json\/wp\/v2\/posts\/900456\/revisions\/900460"}],"wp:featuredmedia":[{"embeddable":true,"href":"https:\/\/www.pm.pb.gov.br\/portal\/wp-json\/wp\/v2\/media\/900457"}],"wp:attachment":[{"href":"https:\/\/www.pm.pb.gov.br\/portal\/wp-json\/wp\/v2\/media?parent=900456"}],"wp:term":[{"taxonomy":"category","embeddable":true,"href":"https:\/\/www.pm.pb.gov.br\/portal\/wp-json\/wp\/v2\/categories?post=900456"},{"taxonomy":"post_tag","embeddable":true,"href":"https:\/\/www.pm.pb.gov.br\/portal\/wp-json\/wp\/v2\/tags?post=900456"}],"curies":[{"name":"wp","href":"https:\/\/api.w.org\/{rel}","templated":true}]}}