{"id":900446,"date":"2019-04-15T10:38:09","date_gmt":"2019-04-15T13:38:09","guid":{"rendered":"http:\/\/www.pm.pb.gov.br\/portal\/?p=900446"},"modified":"2019-04-15T21:17:15","modified_gmt":"2019-04-16T00:17:15","slug":"alunos-do-colegio-da-policia-militar-da-paraiba-se-destacam-em-competicao-brasileira-de-atletismo-no-rio-grande-do-norte","status":"publish","type":"post","link":"https:\/\/www.pm.pb.gov.br\/portal\/2019\/04\/15\/alunos-do-colegio-da-policia-militar-da-paraiba-se-destacam-em-competicao-brasileira-de-atletismo-no-rio-grande-do-norte\/","title":{"rendered":"Alunos do Col\u00e9gio da Pol\u00edcia Militar da Para\u00edba se destacam em competi\u00e7\u00e3o brasileira de atletismo no Rio Grande do Norte"},"content":{"rendered":"<p>O III Campeonato Brasileiro Escolar de Atletismo revelou mais dois talentos do esporte paraibano. Alunos de escola p\u00fablica da Para\u00edba, Mathews Henrick e Jo\u00e3o Vitor fizeram a diferen\u00e7a e se destacaram nas provas de salto com vara e lan\u00e7amento de disco, na competi\u00e7\u00e3o que reuniu atletas de todo o Brasil, nesse fim de semana, em Natal, no Rio Grande do Norte.   <\/p>\n<p>No salto com vara, a Para\u00edba subiu ao lugar mais alto do p\u00f3dio com Mathews Henrick, que foi campe\u00e3o ao superar a marca do atleta do Rio Grande do Sul, na final. Ele, que tem 16 anos e \u00e9 aluno do ensino m\u00e9dio no col\u00e9gio da PM paraibana, j\u00e1 decidiu que quer seguir carreira na \u00e1rea de seguran\u00e7a p\u00fablica e por isso se dedica aos estudos e treinos usando o que a escola oferece diariamente: a disciplina.<\/p>\n<p>J\u00e1 o Jo\u00e3o Vitor, atingiu a dist\u00e2ncia de 29 metros no lan\u00e7amento de disco e terminou a competi\u00e7\u00e3o entre os sete primeiros colocados. Vitor, como \u00e9 conhecido pelos colegas, tamb\u00e9m \u00e9 do ensino m\u00e9dio. Os dois atletas agora integram a sele\u00e7\u00e3o paraibana, que tem como t\u00e9cnico o sargento Batista, que \u00e9 professor do Col\u00e9gio da Pol\u00edcia Militar.<\/p>\n<p>Os paraibanos j\u00e1 retornaram ao estado e nesta segunda-feira (15) foram recebidos com orgulho pelos professores e colegas, pelo resultado alcan\u00e7ado ao representar a Para\u00edba e as escolas p\u00fablicas do estado.<\/p>\n\n\n<figure class=\"wp-block-image\"><img loading=\"lazy\" decoding=\"async\" width=\"428\" height=\"570\" src=\"http:\/\/www.pm.pb.gov.br\/portal\/wp-content\/uploads\/2019\/04\/99828eab-7019-46c7-ab54-e34395123caf-428x570.jpg\" alt=\"\" class=\"wp-image-900449\" srcset=\"https:\/\/www.pm.pb.gov.br\/portal\/wp-content\/uploads\/2019\/04\/99828eab-7019-46c7-ab54-e34395123caf-428x570.jpg 428w, https:\/\/www.pm.pb.gov.br\/portal\/wp-content\/uploads\/2019\/04\/99828eab-7019-46c7-ab54-e34395123caf-334x445.jpg 334w, https:\/\/www.pm.pb.gov.br\/portal\/wp-content\/uploads\/2019\/04\/99828eab-7019-46c7-ab54-e34395123caf-768x1024.jpg 768w, https:\/\/www.pm.pb.gov.br\/portal\/wp-content\/uploads\/2019\/04\/99828eab-7019-46c7-ab54-e34395123caf.jpg 960w\" sizes=\"(max-width: 428px) 100vw, 428px\" \/><\/figure>\n\n\n\n<ul class=\"wp-block-gallery columns-1 is-cropped wp-block-gallery-1 is-layout-flex wp-block-gallery-is-layout-flex\"><li class=\"blocks-gallery-item\"><figure><img loading=\"lazy\" decoding=\"async\" width=\"428\" height=\"570\" src=\"http:\/\/www.pm.pb.gov.br\/portal\/wp-content\/uploads\/2019\/04\/17b6b8a4-796c-48d4-b619-0c19773837f3-428x570.jpg\" alt=\"\" data-id=\"900450\" data-link=\"http:\/\/www.pm.pb.gov.br\/portal\/?attachment_id=900450\" class=\"wp-image-900450\" srcset=\"https:\/\/www.pm.pb.gov.br\/portal\/wp-content\/uploads\/2019\/04\/17b6b8a4-796c-48d4-b619-0c19773837f3-428x570.jpg 428w, https:\/\/www.pm.pb.gov.br\/portal\/wp-content\/uploads\/2019\/04\/17b6b8a4-796c-48d4-b619-0c19773837f3-334x445.jpg 334w, https:\/\/www.pm.pb.gov.br\/portal\/wp-content\/uploads\/2019\/04\/17b6b8a4-796c-48d4-b619-0c19773837f3-768x1024.jpg 768w, https:\/\/www.pm.pb.gov.br\/portal\/wp-content\/uploads\/2019\/04\/17b6b8a4-796c-48d4-b619-0c19773837f3.jpg 960w\" sizes=\"(max-width: 428px) 100vw, 428px\" \/><\/figure><\/li><\/ul>\n\n\n\n<ul class=\"wp-block-gallery columns-1 is-cropped wp-block-gallery-2 is-layout-flex wp-block-gallery-is-layout-flex\"><li class=\"blocks-gallery-item\"><figure><img loading=\"lazy\" decoding=\"async\" width=\"428\" height=\"570\" src=\"http:\/\/www.pm.pb.gov.br\/portal\/wp-content\/uploads\/2019\/04\/e5d32eca-1084-4206-9cb9-8e739d5df882-428x570.jpg\" alt=\"\" data-id=\"900451\" data-link=\"http:\/\/www.pm.pb.gov.br\/portal\/?attachment_id=900451\" class=\"wp-image-900451\" srcset=\"https:\/\/www.pm.pb.gov.br\/portal\/wp-content\/uploads\/2019\/04\/e5d32eca-1084-4206-9cb9-8e739d5df882-428x570.jpg 428w, https:\/\/www.pm.pb.gov.br\/portal\/wp-content\/uploads\/2019\/04\/e5d32eca-1084-4206-9cb9-8e739d5df882-334x445.jpg 334w, https:\/\/www.pm.pb.gov.br\/portal\/wp-content\/uploads\/2019\/04\/e5d32eca-1084-4206-9cb9-8e739d5df882-768x1024.jpg 768w, https:\/\/www.pm.pb.gov.br\/portal\/wp-content\/uploads\/2019\/04\/e5d32eca-1084-4206-9cb9-8e739d5df882.jpg 960w\" sizes=\"(max-width: 428px) 100vw, 428px\" \/><\/figure><\/li><\/ul>\n","protected":false},"excerpt":{"rendered":"<p>O III Campeonato Brasileiro Escolar de Atletismo revelou mais dois talentos do esporte paraibano. Alunos de escola p\u00fablica da Para\u00edba,<\/p>\n","protected":false},"author":10,"featured_media":899677,"comment_status":"closed","ping_status":"closed","sticky":false,"template":"","format":"standard","meta":{"_exactmetrics_skip_tracking":false,"_exactmetrics_sitenote_active":false,"_exactmetrics_sitenote_note":"","_exactmetrics_sitenote_category":0,"footnotes":""},"categories":[15],"tags":[],"yoast_head":"<!-- This site is optimized with the Yoast SEO plugin v22.0 - https:\/\/yoast.com\/wordpress\/plugins\/seo\/ -->\n<title>Alunos do Col\u00e9gio da Pol\u00edcia Militar da Para\u00edba se destacam em competi\u00e7\u00e3o brasileira de atletismo no Rio Grande do Norte - Pol\u00edcia Militar da Para\u00edba<\/title>\n<meta name=\"robots\" content=\"index, follow, max-snippet:-1, max-image-preview:large, max-video-preview:-1\" \/>\n<link rel=\"canonical\" href=\"https:\/\/www.pm.pb.gov.br\/portal\/2019\/04\/15\/alunos-do-colegio-da-policia-militar-da-paraiba-se-destacam-em-competicao-brasileira-de-atletismo-no-rio-grande-do-norte\/\" \/>\n<meta property=\"og:locale\" content=\"pt_BR\" \/>\n<meta property=\"og:type\" content=\"article\" \/>\n<meta property=\"og:title\" content=\"Alunos do Col\u00e9gio da Pol\u00edcia Militar da Para\u00edba se destacam em competi\u00e7\u00e3o brasileira de atletismo no Rio Grande do Norte - Pol\u00edcia Militar da Para\u00edba\" \/>\n<meta property=\"og:description\" content=\"O III Campeonato Brasileiro Escolar de Atletismo revelou mais dois talentos do esporte paraibano. Alunos de escola p\u00fablica da Para\u00edba,\" \/>\n<meta property=\"og:url\" content=\"https:\/\/www.pm.pb.gov.br\/portal\/2019\/04\/15\/alunos-do-colegio-da-policia-militar-da-paraiba-se-destacam-em-competicao-brasileira-de-atletismo-no-rio-grande-do-norte\/\" \/>\n<meta property=\"og:site_name\" content=\"Pol\u00edcia Militar da Para\u00edba\" \/>\n<meta property=\"article:published_time\" content=\"2019-04-15T13:38:09+00:00\" \/>\n<meta property=\"article:modified_time\" content=\"2019-04-16T00:17:15+00:00\" \/>\n<meta property=\"og:image\" content=\"https:\/\/www.pm.pb.gov.br\/portal\/wp-content\/uploads\/2019\/01\/capa1.jpg\" \/>\n\t<meta property=\"og:image:width\" content=\"800\" \/>\n\t<meta property=\"og:image:height\" content=\"445\" \/>\n\t<meta property=\"og:image:type\" content=\"image\/jpeg\" \/>\n<meta name=\"author\" content=\"WAGNER HENRIQUE VARELA DA SILVA\" \/>\n<meta name=\"twitter:card\" content=\"summary_large_image\" \/>\n<meta name=\"twitter:label1\" content=\"Escrito por\" \/>\n\t<meta name=\"twitter:data1\" content=\"WAGNER HENRIQUE VARELA DA SILVA\" \/>\n\t<meta name=\"twitter:label2\" content=\"Est. tempo de leitura\" \/>\n\t<meta name=\"twitter:data2\" content=\"1 minuto\" \/>\n<script type=\"application\/ld+json\" class=\"yoast-schema-graph\">{\"@context\":\"https:\/\/schema.org\",\"@graph\":[{\"@type\":\"Article\",\"@id\":\"https:\/\/www.pm.pb.gov.br\/portal\/2019\/04\/15\/alunos-do-colegio-da-policia-militar-da-paraiba-se-destacam-em-competicao-brasileira-de-atletismo-no-rio-grande-do-norte\/#article\",\"isPartOf\":{\"@id\":\"https:\/\/www.pm.pb.gov.br\/portal\/2019\/04\/15\/alunos-do-colegio-da-policia-militar-da-paraiba-se-destacam-em-competicao-brasileira-de-atletismo-no-rio-grande-do-norte\/\"},\"author\":{\"name\":\"WAGNER HENRIQUE VARELA DA SILVA\",\"@id\":\"https:\/\/www.pm.pb.gov.br\/portal\/#\/schema\/person\/b169b297b8494dea236e315ed1a201d1\"},\"headline\":\"Alunos do Col\u00e9gio da Pol\u00edcia Militar da Para\u00edba se destacam em competi\u00e7\u00e3o brasileira de atletismo no Rio Grande do Norte\",\"datePublished\":\"2019-04-15T13:38:09+00:00\",\"dateModified\":\"2019-04-16T00:17:15+00:00\",\"mainEntityOfPage\":{\"@id\":\"https:\/\/www.pm.pb.gov.br\/portal\/2019\/04\/15\/alunos-do-colegio-da-policia-militar-da-paraiba-se-destacam-em-competicao-brasileira-de-atletismo-no-rio-grande-do-norte\/\"},\"wordCount\":269,\"publisher\":{\"@id\":\"https:\/\/www.pm.pb.gov.br\/portal\/#organization\"},\"articleSection\":[\"Informativo\"],\"inLanguage\":\"pt-BR\"},{\"@type\":\"WebPage\",\"@id\":\"https:\/\/www.pm.pb.gov.br\/portal\/2019\/04\/15\/alunos-do-colegio-da-policia-militar-da-paraiba-se-destacam-em-competicao-brasileira-de-atletismo-no-rio-grande-do-norte\/\",\"url\":\"https:\/\/www.pm.pb.gov.br\/portal\/2019\/04\/15\/alunos-do-colegio-da-policia-militar-da-paraiba-se-destacam-em-competicao-brasileira-de-atletismo-no-rio-grande-do-norte\/\",\"name\":\"Alunos do Col\u00e9gio da Pol\u00edcia Militar da Para\u00edba se destacam em competi\u00e7\u00e3o brasileira de atletismo no Rio Grande do Norte - Pol\u00edcia Militar da Para\u00edba\",\"isPartOf\":{\"@id\":\"https:\/\/www.pm.pb.gov.br\/portal\/#website\"},\"datePublished\":\"2019-04-15T13:38:09+00:00\",\"dateModified\":\"2019-04-16T00:17:15+00:00\",\"breadcrumb\":{\"@id\":\"https:\/\/www.pm.pb.gov.br\/portal\/2019\/04\/15\/alunos-do-colegio-da-policia-militar-da-paraiba-se-destacam-em-competicao-brasileira-de-atletismo-no-rio-grande-do-norte\/#breadcrumb\"},\"inLanguage\":\"pt-BR\",\"potentialAction\":[{\"@type\":\"ReadAction\",\"target\":[\"https:\/\/www.pm.pb.gov.br\/portal\/2019\/04\/15\/alunos-do-colegio-da-policia-militar-da-paraiba-se-destacam-em-competicao-brasileira-de-atletismo-no-rio-grande-do-norte\/\"]}]},{\"@type\":\"BreadcrumbList\",\"@id\":\"https:\/\/www.pm.pb.gov.br\/portal\/2019\/04\/15\/alunos-do-colegio-da-policia-militar-da-paraiba-se-destacam-em-competicao-brasileira-de-atletismo-no-rio-grande-do-norte\/#breadcrumb\",\"itemListElement\":[{\"@type\":\"ListItem\",\"position\":1,\"name\":\"In\u00edcio\",\"item\":\"https:\/\/www.pm.pb.gov.br\/portal\/\"},{\"@type\":\"ListItem\",\"position\":2,\"name\":\"Alunos do Col\u00e9gio da Pol\u00edcia Militar da Para\u00edba se destacam em competi\u00e7\u00e3o brasileira de atletismo no Rio Grande do Norte\"}]},{\"@type\":\"WebSite\",\"@id\":\"https:\/\/www.pm.pb.gov.br\/portal\/#website\",\"url\":\"https:\/\/www.pm.pb.gov.br\/portal\/\",\"name\":\"Pol\u00edcia Militar da Para\u00edba\",\"description\":\"\",\"publisher\":{\"@id\":\"https:\/\/www.pm.pb.gov.br\/portal\/#organization\"},\"potentialAction\":[{\"@type\":\"SearchAction\",\"target\":{\"@type\":\"EntryPoint\",\"urlTemplate\":\"https:\/\/www.pm.pb.gov.br\/portal\/?s={search_term_string}\"},\"query-input\":\"required name=search_term_string\"}],\"inLanguage\":\"pt-BR\"},{\"@type\":\"Organization\",\"@id\":\"https:\/\/www.pm.pb.gov.br\/portal\/#organization\",\"name\":\"Pol\u00edcia Militar da Para\u00edba\",\"url\":\"https:\/\/www.pm.pb.gov.br\/portal\/\",\"logo\":{\"@type\":\"ImageObject\",\"inLanguage\":\"pt-BR\",\"@id\":\"https:\/\/www.pm.pb.gov.br\/portal\/#\/schema\/logo\/image\/\",\"url\":\"https:\/\/www.pm.pb.gov.br\/portal\/wp-content\/uploads\/2025\/03\/cropped-logo-site-mag2-1.png\",\"contentUrl\":\"https:\/\/www.pm.pb.gov.br\/portal\/wp-content\/uploads\/2025\/03\/cropped-logo-site-mag2-1.png\",\"width\":320,\"height\":90,\"caption\":\"Pol\u00edcia Militar da Para\u00edba\"},\"image\":{\"@id\":\"https:\/\/www.pm.pb.gov.br\/portal\/#\/schema\/logo\/image\/\"}},{\"@type\":\"Person\",\"@id\":\"https:\/\/www.pm.pb.gov.br\/portal\/#\/schema\/person\/b169b297b8494dea236e315ed1a201d1\",\"name\":\"WAGNER HENRIQUE VARELA DA SILVA\",\"image\":{\"@type\":\"ImageObject\",\"inLanguage\":\"pt-BR\",\"@id\":\"https:\/\/www.pm.pb.gov.br\/portal\/#\/schema\/person\/image\/\",\"url\":\"https:\/\/secure.gravatar.com\/avatar\/e08af53176a66730df5c0706c6c31fd6?s=96&d=mm&r=g\",\"contentUrl\":\"https:\/\/secure.gravatar.com\/avatar\/e08af53176a66730df5c0706c6c31fd6?s=96&d=mm&r=g\",\"caption\":\"WAGNER HENRIQUE VARELA DA SILVA\"},\"url\":\"https:\/\/www.pm.pb.gov.br\/portal\/author\/varela\/\"}]}<\/script>\n<!-- \/ Yoast SEO plugin. -->","yoast_head_json":{"title":"Alunos do Col\u00e9gio da Pol\u00edcia Militar da Para\u00edba se destacam em competi\u00e7\u00e3o brasileira de atletismo no Rio Grande do Norte - Pol\u00edcia Militar da Para\u00edba","robots":{"index":"index","follow":"follow","max-snippet":"max-snippet:-1","max-image-preview":"max-image-preview:large","max-video-preview":"max-video-preview:-1"},"canonical":"https:\/\/www.pm.pb.gov.br\/portal\/2019\/04\/15\/alunos-do-colegio-da-policia-militar-da-paraiba-se-destacam-em-competicao-brasileira-de-atletismo-no-rio-grande-do-norte\/","og_locale":"pt_BR","og_type":"article","og_title":"Alunos do Col\u00e9gio da Pol\u00edcia Militar da Para\u00edba se destacam em competi\u00e7\u00e3o brasileira de atletismo no Rio Grande do Norte - Pol\u00edcia Militar da Para\u00edba","og_description":"O III Campeonato Brasileiro Escolar de Atletismo revelou mais dois talentos do esporte paraibano. Alunos de escola p\u00fablica da Para\u00edba,","og_url":"https:\/\/www.pm.pb.gov.br\/portal\/2019\/04\/15\/alunos-do-colegio-da-policia-militar-da-paraiba-se-destacam-em-competicao-brasileira-de-atletismo-no-rio-grande-do-norte\/","og_site_name":"Pol\u00edcia Militar da Para\u00edba","article_published_time":"2019-04-15T13:38:09+00:00","article_modified_time":"2019-04-16T00:17:15+00:00","og_image":[{"width":800,"height":445,"url":"https:\/\/www.pm.pb.gov.br\/portal\/wp-content\/uploads\/2019\/01\/capa1.jpg","type":"image\/jpeg"}],"author":"WAGNER HENRIQUE VARELA DA SILVA","twitter_card":"summary_large_image","twitter_misc":{"Escrito por":"WAGNER HENRIQUE VARELA DA SILVA","Est. tempo de leitura":"1 minuto"},"schema":{"@context":"https:\/\/schema.org","@graph":[{"@type":"Article","@id":"https:\/\/www.pm.pb.gov.br\/portal\/2019\/04\/15\/alunos-do-colegio-da-policia-militar-da-paraiba-se-destacam-em-competicao-brasileira-de-atletismo-no-rio-grande-do-norte\/#article","isPartOf":{"@id":"https:\/\/www.pm.pb.gov.br\/portal\/2019\/04\/15\/alunos-do-colegio-da-policia-militar-da-paraiba-se-destacam-em-competicao-brasileira-de-atletismo-no-rio-grande-do-norte\/"},"author":{"name":"WAGNER HENRIQUE VARELA DA SILVA","@id":"https:\/\/www.pm.pb.gov.br\/portal\/#\/schema\/person\/b169b297b8494dea236e315ed1a201d1"},"headline":"Alunos do Col\u00e9gio da Pol\u00edcia Militar da Para\u00edba se destacam em competi\u00e7\u00e3o brasileira de atletismo no Rio Grande do Norte","datePublished":"2019-04-15T13:38:09+00:00","dateModified":"2019-04-16T00:17:15+00:00","mainEntityOfPage":{"@id":"https:\/\/www.pm.pb.gov.br\/portal\/2019\/04\/15\/alunos-do-colegio-da-policia-militar-da-paraiba-se-destacam-em-competicao-brasileira-de-atletismo-no-rio-grande-do-norte\/"},"wordCount":269,"publisher":{"@id":"https:\/\/www.pm.pb.gov.br\/portal\/#organization"},"articleSection":["Informativo"],"inLanguage":"pt-BR"},{"@type":"WebPage","@id":"https:\/\/www.pm.pb.gov.br\/portal\/2019\/04\/15\/alunos-do-colegio-da-policia-militar-da-paraiba-se-destacam-em-competicao-brasileira-de-atletismo-no-rio-grande-do-norte\/","url":"https:\/\/www.pm.pb.gov.br\/portal\/2019\/04\/15\/alunos-do-colegio-da-policia-militar-da-paraiba-se-destacam-em-competicao-brasileira-de-atletismo-no-rio-grande-do-norte\/","name":"Alunos do Col\u00e9gio da Pol\u00edcia Militar da Para\u00edba se destacam em competi\u00e7\u00e3o brasileira de atletismo no Rio Grande do Norte - Pol\u00edcia Militar da Para\u00edba","isPartOf":{"@id":"https:\/\/www.pm.pb.gov.br\/portal\/#website"},"datePublished":"2019-04-15T13:38:09+00:00","dateModified":"2019-04-16T00:17:15+00:00","breadcrumb":{"@id":"https:\/\/www.pm.pb.gov.br\/portal\/2019\/04\/15\/alunos-do-colegio-da-policia-militar-da-paraiba-se-destacam-em-competicao-brasileira-de-atletismo-no-rio-grande-do-norte\/#breadcrumb"},"inLanguage":"pt-BR","potentialAction":[{"@type":"ReadAction","target":["https:\/\/www.pm.pb.gov.br\/portal\/2019\/04\/15\/alunos-do-colegio-da-policia-militar-da-paraiba-se-destacam-em-competicao-brasileira-de-atletismo-no-rio-grande-do-norte\/"]}]},{"@type":"BreadcrumbList","@id":"https:\/\/www.pm.pb.gov.br\/portal\/2019\/04\/15\/alunos-do-colegio-da-policia-militar-da-paraiba-se-destacam-em-competicao-brasileira-de-atletismo-no-rio-grande-do-norte\/#breadcrumb","itemListElement":[{"@type":"ListItem","position":1,"name":"In\u00edcio","item":"https:\/\/www.pm.pb.gov.br\/portal\/"},{"@type":"ListItem","position":2,"name":"Alunos do Col\u00e9gio da Pol\u00edcia Militar da Para\u00edba se destacam em competi\u00e7\u00e3o brasileira de atletismo no Rio Grande do Norte"}]},{"@type":"WebSite","@id":"https:\/\/www.pm.pb.gov.br\/portal\/#website","url":"https:\/\/www.pm.pb.gov.br\/portal\/","name":"Pol\u00edcia Militar da Para\u00edba","description":"","publisher":{"@id":"https:\/\/www.pm.pb.gov.br\/portal\/#organization"},"potentialAction":[{"@type":"SearchAction","target":{"@type":"EntryPoint","urlTemplate":"https:\/\/www.pm.pb.gov.br\/portal\/?s={search_term_string}"},"query-input":"required name=search_term_string"}],"inLanguage":"pt-BR"},{"@type":"Organization","@id":"https:\/\/www.pm.pb.gov.br\/portal\/#organization","name":"Pol\u00edcia Militar da Para\u00edba","url":"https:\/\/www.pm.pb.gov.br\/portal\/","logo":{"@type":"ImageObject","inLanguage":"pt-BR","@id":"https:\/\/www.pm.pb.gov.br\/portal\/#\/schema\/logo\/image\/","url":"https:\/\/www.pm.pb.gov.br\/portal\/wp-content\/uploads\/2025\/03\/cropped-logo-site-mag2-1.png","contentUrl":"https:\/\/www.pm.pb.gov.br\/portal\/wp-content\/uploads\/2025\/03\/cropped-logo-site-mag2-1.png","width":320,"height":90,"caption":"Pol\u00edcia Militar da Para\u00edba"},"image":{"@id":"https:\/\/www.pm.pb.gov.br\/portal\/#\/schema\/logo\/image\/"}},{"@type":"Person","@id":"https:\/\/www.pm.pb.gov.br\/portal\/#\/schema\/person\/b169b297b8494dea236e315ed1a201d1","name":"WAGNER HENRIQUE VARELA DA SILVA","image":{"@type":"ImageObject","inLanguage":"pt-BR","@id":"https:\/\/www.pm.pb.gov.br\/portal\/#\/schema\/person\/image\/","url":"https:\/\/secure.gravatar.com\/avatar\/e08af53176a66730df5c0706c6c31fd6?s=96&d=mm&r=g","contentUrl":"https:\/\/secure.gravatar.com\/avatar\/e08af53176a66730df5c0706c6c31fd6?s=96&d=mm&r=g","caption":"WAGNER HENRIQUE VARELA DA SILVA"},"url":"https:\/\/www.pm.pb.gov.br\/portal\/author\/varela\/"}]}},"_links":{"self":[{"href":"https:\/\/www.pm.pb.gov.br\/portal\/wp-json\/wp\/v2\/posts\/900446"}],"collection":[{"href":"https:\/\/www.pm.pb.gov.br\/portal\/wp-json\/wp\/v2\/posts"}],"about":[{"href":"https:\/\/www.pm.pb.gov.br\/portal\/wp-json\/wp\/v2\/types\/post"}],"author":[{"embeddable":true,"href":"https:\/\/www.pm.pb.gov.br\/portal\/wp-json\/wp\/v2\/users\/10"}],"replies":[{"embeddable":true,"href":"https:\/\/www.pm.pb.gov.br\/portal\/wp-json\/wp\/v2\/comments?post=900446"}],"version-history":[{"count":2,"href":"https:\/\/www.pm.pb.gov.br\/portal\/wp-json\/wp\/v2\/posts\/900446\/revisions"}],"predecessor-version":[{"id":900452,"href":"https:\/\/www.pm.pb.gov.br\/portal\/wp-json\/wp\/v2\/posts\/900446\/revisions\/900452"}],"wp:featuredmedia":[{"embeddable":true,"href":"https:\/\/www.pm.pb.gov.br\/portal\/wp-json\/wp\/v2\/media\/899677"}],"wp:attachment":[{"href":"https:\/\/www.pm.pb.gov.br\/portal\/wp-json\/wp\/v2\/media?parent=900446"}],"wp:term":[{"taxonomy":"category","embeddable":true,"href":"https:\/\/www.pm.pb.gov.br\/portal\/wp-json\/wp\/v2\/categories?post=900446"},{"taxonomy":"post_tag","embeddable":true,"href":"https:\/\/www.pm.pb.gov.br\/portal\/wp-json\/wp\/v2\/tags?post=900446"}],"curies":[{"name":"wp","href":"https:\/\/api.w.org\/{rel}","templated":true}]}}