{"id":900439,"date":"2019-04-15T10:35:48","date_gmt":"2019-04-15T13:35:48","guid":{"rendered":"http:\/\/www.pm.pb.gov.br\/portal\/?p=900439"},"modified":"2019-04-15T10:58:35","modified_gmt":"2019-04-15T13:58:35","slug":"policia-militar-cumpre-mandados-de-prisao-no-fim-de-semana-e-coloca-atras-das-grades-foragidos-do-sistema-judiciario","status":"publish","type":"post","link":"https:\/\/www.pm.pb.gov.br\/portal\/2019\/04\/15\/policia-militar-cumpre-mandados-de-prisao-no-fim-de-semana-e-coloca-atras-das-grades-foragidos-do-sistema-judiciario\/","title":{"rendered":"Pol\u00edcia Militar cumpre mandados de pris\u00e3o no fim de semana e coloca atr\u00e1s das grades foragidos do sistema judici\u00e1rio"},"content":{"rendered":"<p>Mais tr\u00eas foragidos da Justi\u00e7a da Para\u00edba e de outros dois estados foram recapturados, nesse fim de semana, nas a\u00e7\u00f5es da Pol\u00edcia Militar da Para\u00edba, em Cabedelo, Campina Grande e Santa Rita. Em duas delas, os mandados de pris\u00e3o foram cumpridos durante abordagens de rotina.<\/p>\n<p>Foi o caso da Cabedelo, onde a For\u00e7a Regional abordou Lenildo dos Santos Nascimento, de 21 anos, no domingo (14), no Recanto do Po\u00e7o, e, ao consultar a identifica\u00e7\u00e3o dele, descobriu que o acusado tinha um mandado de pris\u00e3o em aberto, expedido pela 1\u00aa Vara de Mamanguape, onde responde processo por tr\u00e1fico de drogas.<\/p>\n<p>Em Campina Grande, tamb\u00e9m durante abordagem, a Ronda Ostensiva T\u00e1tica com Apoio de Motocicletas (Rotam) do 10\u00ba Batalh\u00e3o prendeu Ubatan Pereira da Silva, de 22 anos, na noite do s\u00e1bado (13), no bairro Monte Castelo. Contra o acusado, havia dois mandados de pris\u00e3o preventiva, expedidos pelo Tribunal de Justi\u00e7a do Estado de Sergipe e pela 1\u00aa Vara da Comarca de S\u00e3o Gon\u00e7alo do Amarante, no Cear\u00e1. Ele teria atua\u00e7\u00e3o em roubos e furtos, em diversas modalidades.<\/p>\n<p>Na sexta-feira (13), as a\u00e7\u00f5es de recaptura de procurados pela Justi\u00e7a come\u00e7aram com a pris\u00e3o de Jobson Barbosa da Silva, de 25 anos, que figurava na lista de foragidos do PB1, desde setembro do ano passado. Ele foi preso em Santa Rita, em um cerco montado pelos policiais do 7\u00ba Batalh\u00e3o, com indica\u00e7\u00e3o da Coordenadoria de Intelig\u00eancia da PM.<\/p>\n<p>O acusado tem condena\u00e7\u00e3o de 24 anos de pris\u00e3o pelo assassinato da vendedora Vivianny Crisley, que aconteceu em outubro 2016, ap\u00f3s a v\u00edtima sair de um bar, na Zona Sul da Capital, e ter o corpo encontrado depois de mais de 15 dias, com marcas de golpes de chave de fenda na cabe\u00e7a e carbonizado.<\/p>\n<p>Somente no primeiro trimestre deste ano, a Pol\u00edcia Militar da Para\u00edba cumpriu 29 mandados de pris\u00e3o e colocou atr\u00e1s das grades acusados de v\u00e1rios tipos de crimes.<\/p>\n","protected":false},"excerpt":{"rendered":"<p>Mais tr\u00eas foragidos da Justi\u00e7a da Para\u00edba e de outros dois estados foram recapturados, nesse fim de semana, nas a\u00e7\u00f5es<\/p>\n","protected":false},"author":10,"featured_media":899721,"comment_status":"closed","ping_status":"closed","sticky":false,"template":"","format":"standard","meta":{"_exactmetrics_skip_tracking":false,"_exactmetrics_sitenote_active":false,"_exactmetrics_sitenote_note":"","_exactmetrics_sitenote_category":0,"footnotes":""},"categories":[4],"tags":[],"yoast_head":"<!-- This site is optimized with the Yoast SEO plugin v22.0 - https:\/\/yoast.com\/wordpress\/plugins\/seo\/ -->\n<title>Pol\u00edcia Militar cumpre mandados de pris\u00e3o no fim de semana e coloca atr\u00e1s das grades foragidos do sistema judici\u00e1rio - Pol\u00edcia Militar da Para\u00edba<\/title>\n<meta name=\"robots\" content=\"index, follow, max-snippet:-1, max-image-preview:large, max-video-preview:-1\" \/>\n<link rel=\"canonical\" href=\"https:\/\/www.pm.pb.gov.br\/portal\/2019\/04\/15\/policia-militar-cumpre-mandados-de-prisao-no-fim-de-semana-e-coloca-atras-das-grades-foragidos-do-sistema-judiciario\/\" \/>\n<meta property=\"og:locale\" content=\"pt_BR\" \/>\n<meta property=\"og:type\" content=\"article\" \/>\n<meta property=\"og:title\" content=\"Pol\u00edcia Militar cumpre mandados de pris\u00e3o no fim de semana e coloca atr\u00e1s das grades foragidos do sistema judici\u00e1rio - Pol\u00edcia Militar da Para\u00edba\" \/>\n<meta property=\"og:description\" content=\"Mais tr\u00eas foragidos da Justi\u00e7a da Para\u00edba e de outros dois estados foram recapturados, nesse fim de semana, nas a\u00e7\u00f5es\" \/>\n<meta property=\"og:url\" content=\"https:\/\/www.pm.pb.gov.br\/portal\/2019\/04\/15\/policia-militar-cumpre-mandados-de-prisao-no-fim-de-semana-e-coloca-atras-das-grades-foragidos-do-sistema-judiciario\/\" \/>\n<meta property=\"og:site_name\" content=\"Pol\u00edcia Militar da Para\u00edba\" \/>\n<meta property=\"article:published_time\" content=\"2019-04-15T13:35:48+00:00\" \/>\n<meta property=\"article:modified_time\" content=\"2019-04-15T13:58:35+00:00\" \/>\n<meta property=\"og:image\" content=\"https:\/\/www.pm.pb.gov.br\/portal\/wp-content\/uploads\/2019\/01\/ilustrativa.jpg\" \/>\n\t<meta property=\"og:image:width\" content=\"800\" \/>\n\t<meta property=\"og:image:height\" content=\"445\" \/>\n\t<meta property=\"og:image:type\" content=\"image\/jpeg\" \/>\n<meta name=\"author\" content=\"WAGNER HENRIQUE VARELA DA SILVA\" \/>\n<meta name=\"twitter:card\" content=\"summary_large_image\" \/>\n<meta name=\"twitter:label1\" content=\"Escrito por\" \/>\n\t<meta name=\"twitter:data1\" content=\"WAGNER HENRIQUE VARELA DA SILVA\" \/>\n\t<meta name=\"twitter:label2\" content=\"Est. tempo de leitura\" \/>\n\t<meta name=\"twitter:data2\" content=\"2 minutos\" \/>\n<script type=\"application\/ld+json\" class=\"yoast-schema-graph\">{\"@context\":\"https:\/\/schema.org\",\"@graph\":[{\"@type\":\"Article\",\"@id\":\"https:\/\/www.pm.pb.gov.br\/portal\/2019\/04\/15\/policia-militar-cumpre-mandados-de-prisao-no-fim-de-semana-e-coloca-atras-das-grades-foragidos-do-sistema-judiciario\/#article\",\"isPartOf\":{\"@id\":\"https:\/\/www.pm.pb.gov.br\/portal\/2019\/04\/15\/policia-militar-cumpre-mandados-de-prisao-no-fim-de-semana-e-coloca-atras-das-grades-foragidos-do-sistema-judiciario\/\"},\"author\":{\"name\":\"WAGNER HENRIQUE VARELA DA SILVA\",\"@id\":\"https:\/\/www.pm.pb.gov.br\/portal\/#\/schema\/person\/b169b297b8494dea236e315ed1a201d1\"},\"headline\":\"Pol\u00edcia Militar cumpre mandados de pris\u00e3o no fim de semana e coloca atr\u00e1s das grades foragidos do sistema judici\u00e1rio\",\"datePublished\":\"2019-04-15T13:35:48+00:00\",\"dateModified\":\"2019-04-15T13:58:35+00:00\",\"mainEntityOfPage\":{\"@id\":\"https:\/\/www.pm.pb.gov.br\/portal\/2019\/04\/15\/policia-militar-cumpre-mandados-de-prisao-no-fim-de-semana-e-coloca-atras-das-grades-foragidos-do-sistema-judiciario\/\"},\"wordCount\":363,\"publisher\":{\"@id\":\"https:\/\/www.pm.pb.gov.br\/portal\/#organization\"},\"articleSection\":[\"A\u00e7\u00f5es Policiais\"],\"inLanguage\":\"pt-BR\"},{\"@type\":\"WebPage\",\"@id\":\"https:\/\/www.pm.pb.gov.br\/portal\/2019\/04\/15\/policia-militar-cumpre-mandados-de-prisao-no-fim-de-semana-e-coloca-atras-das-grades-foragidos-do-sistema-judiciario\/\",\"url\":\"https:\/\/www.pm.pb.gov.br\/portal\/2019\/04\/15\/policia-militar-cumpre-mandados-de-prisao-no-fim-de-semana-e-coloca-atras-das-grades-foragidos-do-sistema-judiciario\/\",\"name\":\"Pol\u00edcia Militar cumpre mandados de pris\u00e3o no fim de semana e coloca atr\u00e1s das grades foragidos do sistema judici\u00e1rio - Pol\u00edcia Militar da Para\u00edba\",\"isPartOf\":{\"@id\":\"https:\/\/www.pm.pb.gov.br\/portal\/#website\"},\"datePublished\":\"2019-04-15T13:35:48+00:00\",\"dateModified\":\"2019-04-15T13:58:35+00:00\",\"breadcrumb\":{\"@id\":\"https:\/\/www.pm.pb.gov.br\/portal\/2019\/04\/15\/policia-militar-cumpre-mandados-de-prisao-no-fim-de-semana-e-coloca-atras-das-grades-foragidos-do-sistema-judiciario\/#breadcrumb\"},\"inLanguage\":\"pt-BR\",\"potentialAction\":[{\"@type\":\"ReadAction\",\"target\":[\"https:\/\/www.pm.pb.gov.br\/portal\/2019\/04\/15\/policia-militar-cumpre-mandados-de-prisao-no-fim-de-semana-e-coloca-atras-das-grades-foragidos-do-sistema-judiciario\/\"]}]},{\"@type\":\"BreadcrumbList\",\"@id\":\"https:\/\/www.pm.pb.gov.br\/portal\/2019\/04\/15\/policia-militar-cumpre-mandados-de-prisao-no-fim-de-semana-e-coloca-atras-das-grades-foragidos-do-sistema-judiciario\/#breadcrumb\",\"itemListElement\":[{\"@type\":\"ListItem\",\"position\":1,\"name\":\"In\u00edcio\",\"item\":\"https:\/\/www.pm.pb.gov.br\/portal\/\"},{\"@type\":\"ListItem\",\"position\":2,\"name\":\"Pol\u00edcia Militar cumpre mandados de pris\u00e3o no fim de semana e coloca atr\u00e1s das grades foragidos do sistema judici\u00e1rio\"}]},{\"@type\":\"WebSite\",\"@id\":\"https:\/\/www.pm.pb.gov.br\/portal\/#website\",\"url\":\"https:\/\/www.pm.pb.gov.br\/portal\/\",\"name\":\"Pol\u00edcia Militar da Para\u00edba\",\"description\":\"\",\"publisher\":{\"@id\":\"https:\/\/www.pm.pb.gov.br\/portal\/#organization\"},\"potentialAction\":[{\"@type\":\"SearchAction\",\"target\":{\"@type\":\"EntryPoint\",\"urlTemplate\":\"https:\/\/www.pm.pb.gov.br\/portal\/?s={search_term_string}\"},\"query-input\":\"required name=search_term_string\"}],\"inLanguage\":\"pt-BR\"},{\"@type\":\"Organization\",\"@id\":\"https:\/\/www.pm.pb.gov.br\/portal\/#organization\",\"name\":\"Pol\u00edcia Militar da Para\u00edba\",\"url\":\"https:\/\/www.pm.pb.gov.br\/portal\/\",\"logo\":{\"@type\":\"ImageObject\",\"inLanguage\":\"pt-BR\",\"@id\":\"https:\/\/www.pm.pb.gov.br\/portal\/#\/schema\/logo\/image\/\",\"url\":\"https:\/\/www.pm.pb.gov.br\/portal\/wp-content\/uploads\/2025\/03\/cropped-logo-site-mag2-1.png\",\"contentUrl\":\"https:\/\/www.pm.pb.gov.br\/portal\/wp-content\/uploads\/2025\/03\/cropped-logo-site-mag2-1.png\",\"width\":320,\"height\":90,\"caption\":\"Pol\u00edcia Militar da Para\u00edba\"},\"image\":{\"@id\":\"https:\/\/www.pm.pb.gov.br\/portal\/#\/schema\/logo\/image\/\"}},{\"@type\":\"Person\",\"@id\":\"https:\/\/www.pm.pb.gov.br\/portal\/#\/schema\/person\/b169b297b8494dea236e315ed1a201d1\",\"name\":\"WAGNER HENRIQUE VARELA DA SILVA\",\"image\":{\"@type\":\"ImageObject\",\"inLanguage\":\"pt-BR\",\"@id\":\"https:\/\/www.pm.pb.gov.br\/portal\/#\/schema\/person\/image\/\",\"url\":\"https:\/\/secure.gravatar.com\/avatar\/e08af53176a66730df5c0706c6c31fd6?s=96&d=mm&r=g\",\"contentUrl\":\"https:\/\/secure.gravatar.com\/avatar\/e08af53176a66730df5c0706c6c31fd6?s=96&d=mm&r=g\",\"caption\":\"WAGNER HENRIQUE VARELA DA SILVA\"},\"url\":\"https:\/\/www.pm.pb.gov.br\/portal\/author\/varela\/\"}]}<\/script>\n<!-- \/ Yoast SEO plugin. -->","yoast_head_json":{"title":"Pol\u00edcia Militar cumpre mandados de pris\u00e3o no fim de semana e coloca atr\u00e1s das grades foragidos do sistema judici\u00e1rio - Pol\u00edcia Militar da Para\u00edba","robots":{"index":"index","follow":"follow","max-snippet":"max-snippet:-1","max-image-preview":"max-image-preview:large","max-video-preview":"max-video-preview:-1"},"canonical":"https:\/\/www.pm.pb.gov.br\/portal\/2019\/04\/15\/policia-militar-cumpre-mandados-de-prisao-no-fim-de-semana-e-coloca-atras-das-grades-foragidos-do-sistema-judiciario\/","og_locale":"pt_BR","og_type":"article","og_title":"Pol\u00edcia Militar cumpre mandados de pris\u00e3o no fim de semana e coloca atr\u00e1s das grades foragidos do sistema judici\u00e1rio - Pol\u00edcia Militar da Para\u00edba","og_description":"Mais tr\u00eas foragidos da Justi\u00e7a da Para\u00edba e de outros dois estados foram recapturados, nesse fim de semana, nas a\u00e7\u00f5es","og_url":"https:\/\/www.pm.pb.gov.br\/portal\/2019\/04\/15\/policia-militar-cumpre-mandados-de-prisao-no-fim-de-semana-e-coloca-atras-das-grades-foragidos-do-sistema-judiciario\/","og_site_name":"Pol\u00edcia Militar da Para\u00edba","article_published_time":"2019-04-15T13:35:48+00:00","article_modified_time":"2019-04-15T13:58:35+00:00","og_image":[{"width":800,"height":445,"url":"https:\/\/www.pm.pb.gov.br\/portal\/wp-content\/uploads\/2019\/01\/ilustrativa.jpg","type":"image\/jpeg"}],"author":"WAGNER HENRIQUE VARELA DA SILVA","twitter_card":"summary_large_image","twitter_misc":{"Escrito por":"WAGNER HENRIQUE VARELA DA SILVA","Est. tempo de leitura":"2 minutos"},"schema":{"@context":"https:\/\/schema.org","@graph":[{"@type":"Article","@id":"https:\/\/www.pm.pb.gov.br\/portal\/2019\/04\/15\/policia-militar-cumpre-mandados-de-prisao-no-fim-de-semana-e-coloca-atras-das-grades-foragidos-do-sistema-judiciario\/#article","isPartOf":{"@id":"https:\/\/www.pm.pb.gov.br\/portal\/2019\/04\/15\/policia-militar-cumpre-mandados-de-prisao-no-fim-de-semana-e-coloca-atras-das-grades-foragidos-do-sistema-judiciario\/"},"author":{"name":"WAGNER HENRIQUE VARELA DA SILVA","@id":"https:\/\/www.pm.pb.gov.br\/portal\/#\/schema\/person\/b169b297b8494dea236e315ed1a201d1"},"headline":"Pol\u00edcia Militar cumpre mandados de pris\u00e3o no fim de semana e coloca atr\u00e1s das grades foragidos do sistema judici\u00e1rio","datePublished":"2019-04-15T13:35:48+00:00","dateModified":"2019-04-15T13:58:35+00:00","mainEntityOfPage":{"@id":"https:\/\/www.pm.pb.gov.br\/portal\/2019\/04\/15\/policia-militar-cumpre-mandados-de-prisao-no-fim-de-semana-e-coloca-atras-das-grades-foragidos-do-sistema-judiciario\/"},"wordCount":363,"publisher":{"@id":"https:\/\/www.pm.pb.gov.br\/portal\/#organization"},"articleSection":["A\u00e7\u00f5es Policiais"],"inLanguage":"pt-BR"},{"@type":"WebPage","@id":"https:\/\/www.pm.pb.gov.br\/portal\/2019\/04\/15\/policia-militar-cumpre-mandados-de-prisao-no-fim-de-semana-e-coloca-atras-das-grades-foragidos-do-sistema-judiciario\/","url":"https:\/\/www.pm.pb.gov.br\/portal\/2019\/04\/15\/policia-militar-cumpre-mandados-de-prisao-no-fim-de-semana-e-coloca-atras-das-grades-foragidos-do-sistema-judiciario\/","name":"Pol\u00edcia Militar cumpre mandados de pris\u00e3o no fim de semana e coloca atr\u00e1s das grades foragidos do sistema judici\u00e1rio - Pol\u00edcia Militar da Para\u00edba","isPartOf":{"@id":"https:\/\/www.pm.pb.gov.br\/portal\/#website"},"datePublished":"2019-04-15T13:35:48+00:00","dateModified":"2019-04-15T13:58:35+00:00","breadcrumb":{"@id":"https:\/\/www.pm.pb.gov.br\/portal\/2019\/04\/15\/policia-militar-cumpre-mandados-de-prisao-no-fim-de-semana-e-coloca-atras-das-grades-foragidos-do-sistema-judiciario\/#breadcrumb"},"inLanguage":"pt-BR","potentialAction":[{"@type":"ReadAction","target":["https:\/\/www.pm.pb.gov.br\/portal\/2019\/04\/15\/policia-militar-cumpre-mandados-de-prisao-no-fim-de-semana-e-coloca-atras-das-grades-foragidos-do-sistema-judiciario\/"]}]},{"@type":"BreadcrumbList","@id":"https:\/\/www.pm.pb.gov.br\/portal\/2019\/04\/15\/policia-militar-cumpre-mandados-de-prisao-no-fim-de-semana-e-coloca-atras-das-grades-foragidos-do-sistema-judiciario\/#breadcrumb","itemListElement":[{"@type":"ListItem","position":1,"name":"In\u00edcio","item":"https:\/\/www.pm.pb.gov.br\/portal\/"},{"@type":"ListItem","position":2,"name":"Pol\u00edcia Militar cumpre mandados de pris\u00e3o no fim de semana e coloca atr\u00e1s das grades foragidos do sistema judici\u00e1rio"}]},{"@type":"WebSite","@id":"https:\/\/www.pm.pb.gov.br\/portal\/#website","url":"https:\/\/www.pm.pb.gov.br\/portal\/","name":"Pol\u00edcia Militar da Para\u00edba","description":"","publisher":{"@id":"https:\/\/www.pm.pb.gov.br\/portal\/#organization"},"potentialAction":[{"@type":"SearchAction","target":{"@type":"EntryPoint","urlTemplate":"https:\/\/www.pm.pb.gov.br\/portal\/?s={search_term_string}"},"query-input":"required name=search_term_string"}],"inLanguage":"pt-BR"},{"@type":"Organization","@id":"https:\/\/www.pm.pb.gov.br\/portal\/#organization","name":"Pol\u00edcia Militar da Para\u00edba","url":"https:\/\/www.pm.pb.gov.br\/portal\/","logo":{"@type":"ImageObject","inLanguage":"pt-BR","@id":"https:\/\/www.pm.pb.gov.br\/portal\/#\/schema\/logo\/image\/","url":"https:\/\/www.pm.pb.gov.br\/portal\/wp-content\/uploads\/2025\/03\/cropped-logo-site-mag2-1.png","contentUrl":"https:\/\/www.pm.pb.gov.br\/portal\/wp-content\/uploads\/2025\/03\/cropped-logo-site-mag2-1.png","width":320,"height":90,"caption":"Pol\u00edcia Militar da Para\u00edba"},"image":{"@id":"https:\/\/www.pm.pb.gov.br\/portal\/#\/schema\/logo\/image\/"}},{"@type":"Person","@id":"https:\/\/www.pm.pb.gov.br\/portal\/#\/schema\/person\/b169b297b8494dea236e315ed1a201d1","name":"WAGNER HENRIQUE VARELA DA SILVA","image":{"@type":"ImageObject","inLanguage":"pt-BR","@id":"https:\/\/www.pm.pb.gov.br\/portal\/#\/schema\/person\/image\/","url":"https:\/\/secure.gravatar.com\/avatar\/e08af53176a66730df5c0706c6c31fd6?s=96&d=mm&r=g","contentUrl":"https:\/\/secure.gravatar.com\/avatar\/e08af53176a66730df5c0706c6c31fd6?s=96&d=mm&r=g","caption":"WAGNER HENRIQUE VARELA DA SILVA"},"url":"https:\/\/www.pm.pb.gov.br\/portal\/author\/varela\/"}]}},"_links":{"self":[{"href":"https:\/\/www.pm.pb.gov.br\/portal\/wp-json\/wp\/v2\/posts\/900439"}],"collection":[{"href":"https:\/\/www.pm.pb.gov.br\/portal\/wp-json\/wp\/v2\/posts"}],"about":[{"href":"https:\/\/www.pm.pb.gov.br\/portal\/wp-json\/wp\/v2\/types\/post"}],"author":[{"embeddable":true,"href":"https:\/\/www.pm.pb.gov.br\/portal\/wp-json\/wp\/v2\/users\/10"}],"replies":[{"embeddable":true,"href":"https:\/\/www.pm.pb.gov.br\/portal\/wp-json\/wp\/v2\/comments?post=900439"}],"version-history":[{"count":1,"href":"https:\/\/www.pm.pb.gov.br\/portal\/wp-json\/wp\/v2\/posts\/900439\/revisions"}],"predecessor-version":[{"id":900445,"href":"https:\/\/www.pm.pb.gov.br\/portal\/wp-json\/wp\/v2\/posts\/900439\/revisions\/900445"}],"wp:featuredmedia":[{"embeddable":true,"href":"https:\/\/www.pm.pb.gov.br\/portal\/wp-json\/wp\/v2\/media\/899721"}],"wp:attachment":[{"href":"https:\/\/www.pm.pb.gov.br\/portal\/wp-json\/wp\/v2\/media?parent=900439"}],"wp:term":[{"taxonomy":"category","embeddable":true,"href":"https:\/\/www.pm.pb.gov.br\/portal\/wp-json\/wp\/v2\/categories?post=900439"},{"taxonomy":"post_tag","embeddable":true,"href":"https:\/\/www.pm.pb.gov.br\/portal\/wp-json\/wp\/v2\/tags?post=900439"}],"curies":[{"name":"wp","href":"https:\/\/api.w.org\/{rel}","templated":true}]}}