{"id":900423,"date":"2019-04-13T08:59:27","date_gmt":"2019-04-13T11:59:27","guid":{"rendered":"http:\/\/www.pm.pb.gov.br\/portal\/?p=900423"},"modified":"2019-04-13T18:05:37","modified_gmt":"2019-04-13T21:05:37","slug":"paraiba-participa-do-lancamento-da-diretriz-nacional-de-policia-comunitaria-em-brasilia","status":"publish","type":"post","link":"https:\/\/www.pm.pb.gov.br\/portal\/2019\/04\/13\/paraiba-participa-do-lancamento-da-diretriz-nacional-de-policia-comunitaria-em-brasilia\/","title":{"rendered":"Para\u00edba participa do lan\u00e7amento da Diretriz Nacional de Pol\u00edcia Comunit\u00e1ria em Bras\u00edlia"},"content":{"rendered":"\n<p>A filosofia de Pol\u00edcia Solid\u00e1ria, implementada desde 2011 na Para\u00edba, deve ser fortalecida ainda mais nos pr\u00f3ximos meses com a cria\u00e7\u00e3o do Sistema Nacional de Pol\u00edcia Comunit\u00e1ria, prevista na Diretriz Nacional de Pol\u00edcia Comunit\u00e1ria, lan\u00e7ada nessa sexta-feira (12) pelo Minist\u00e9rio da Justi\u00e7a e Seguran\u00e7a P\u00fablica (MJSP), em Bras\u00edlia. <\/p>\n\n\n\n<p>A Pol\u00edcia Militar da Para\u00edba, que participou ativamente da elabora\u00e7\u00e3o da diretriz, esteve presente no lan\u00e7amento, atrav\u00e9s do tenente-coronel Ysmar Mota, que foi Coordenador de Integra\u00e7\u00e3o Comunit\u00e1ria e Direitos Humanos &#8211; EM\/1 da PMPB.<\/p>\n\n\n\n<p>A diretriz \u00e9 resultado da parceria entre Brasil e Jap\u00e3o, que assinaram um acordo de coopera\u00e7\u00e3o t\u00e9cnica em 2014, medida que j\u00e1 possibilitou a capacita\u00e7\u00e3o de 67 policiais brasileiros como gestores de pol\u00edcia comunit\u00e1ria, no Jap\u00e3o, entre eles, a capit\u00e3 da PMPB Dayana Cruz Pereira.<\/p>\n\n\n\n<p>Com a publica\u00e7\u00e3o da diretriz, a dissemina\u00e7\u00e3o da filosofia de pol\u00edcia comunit\u00e1ria nas pol\u00edcias brasileiras deve ganhar mais subs\u00eddios para o aperfei\u00e7oamento, com o suporte da Secretaria Nacional de Seguran\u00e7a P\u00fablica.<\/p>\n\n\n\n<p>Atualmente, a Para\u00edba tem 27 Unidades de Pol\u00edcia Solid\u00e1ria, respons\u00e1veis por trabalhar com mais efetividade a filosofia de pol\u00edcia comunit\u00e1ria.<\/p>\n","protected":false},"excerpt":{"rendered":"<p>A filosofia de Pol\u00edcia Solid\u00e1ria, implementada desde 2011 na Para\u00edba, deve ser fortalecida ainda mais nos pr\u00f3ximos meses com a<\/p>\n","protected":false},"author":12,"featured_media":895708,"comment_status":"closed","ping_status":"closed","sticky":false,"template":"","format":"standard","meta":{"_exactmetrics_skip_tracking":false,"_exactmetrics_sitenote_active":false,"_exactmetrics_sitenote_note":"","_exactmetrics_sitenote_category":0,"footnotes":""},"categories":[15],"tags":[],"yoast_head":"<!-- This site is optimized with the Yoast SEO plugin v22.0 - https:\/\/yoast.com\/wordpress\/plugins\/seo\/ -->\n<title>Para\u00edba participa do lan\u00e7amento da Diretriz Nacional de Pol\u00edcia Comunit\u00e1ria em Bras\u00edlia - Pol\u00edcia Militar da Para\u00edba<\/title>\n<meta name=\"robots\" content=\"index, follow, max-snippet:-1, max-image-preview:large, max-video-preview:-1\" \/>\n<link rel=\"canonical\" href=\"https:\/\/www.pm.pb.gov.br\/portal\/2019\/04\/13\/paraiba-participa-do-lancamento-da-diretriz-nacional-de-policia-comunitaria-em-brasilia\/\" \/>\n<meta property=\"og:locale\" content=\"pt_BR\" \/>\n<meta property=\"og:type\" content=\"article\" \/>\n<meta property=\"og:title\" content=\"Para\u00edba participa do lan\u00e7amento da Diretriz Nacional de Pol\u00edcia Comunit\u00e1ria em Bras\u00edlia - Pol\u00edcia Militar da Para\u00edba\" \/>\n<meta property=\"og:description\" content=\"A filosofia de Pol\u00edcia Solid\u00e1ria, implementada desde 2011 na Para\u00edba, deve ser fortalecida ainda mais nos pr\u00f3ximos meses com a\" \/>\n<meta property=\"og:url\" content=\"https:\/\/www.pm.pb.gov.br\/portal\/2019\/04\/13\/paraiba-participa-do-lancamento-da-diretriz-nacional-de-policia-comunitaria-em-brasilia\/\" \/>\n<meta property=\"og:site_name\" content=\"Pol\u00edcia Militar da Para\u00edba\" \/>\n<meta property=\"article:published_time\" content=\"2019-04-13T11:59:27+00:00\" \/>\n<meta property=\"article:modified_time\" content=\"2019-04-13T21:05:37+00:00\" \/>\n<meta property=\"og:image\" content=\"https:\/\/www.pm.pb.gov.br\/portal\/wp-content\/uploads\/2017\/10\/Imagems-Ilustrativa-Site-Novo.jpg\" \/>\n\t<meta property=\"og:image:width\" content=\"800\" \/>\n\t<meta property=\"og:image:height\" content=\"445\" \/>\n\t<meta property=\"og:image:type\" content=\"image\/jpeg\" \/>\n<meta name=\"author\" content=\"Tarcisio Oliveira\" \/>\n<meta name=\"twitter:card\" content=\"summary_large_image\" \/>\n<meta name=\"twitter:label1\" content=\"Escrito por\" \/>\n\t<meta name=\"twitter:data1\" content=\"Tarcisio Oliveira\" \/>\n\t<meta name=\"twitter:label2\" content=\"Est. tempo de leitura\" \/>\n\t<meta name=\"twitter:data2\" content=\"1 minuto\" \/>\n<script type=\"application\/ld+json\" class=\"yoast-schema-graph\">{\"@context\":\"https:\/\/schema.org\",\"@graph\":[{\"@type\":\"Article\",\"@id\":\"https:\/\/www.pm.pb.gov.br\/portal\/2019\/04\/13\/paraiba-participa-do-lancamento-da-diretriz-nacional-de-policia-comunitaria-em-brasilia\/#article\",\"isPartOf\":{\"@id\":\"https:\/\/www.pm.pb.gov.br\/portal\/2019\/04\/13\/paraiba-participa-do-lancamento-da-diretriz-nacional-de-policia-comunitaria-em-brasilia\/\"},\"author\":{\"name\":\"Tarcisio Oliveira\",\"@id\":\"https:\/\/www.pm.pb.gov.br\/portal\/#\/schema\/person\/f84f56dcc78ce4357054da888b8247fd\"},\"headline\":\"Para\u00edba participa do lan\u00e7amento da Diretriz Nacional de Pol\u00edcia Comunit\u00e1ria em Bras\u00edlia\",\"datePublished\":\"2019-04-13T11:59:27+00:00\",\"dateModified\":\"2019-04-13T21:05:37+00:00\",\"mainEntityOfPage\":{\"@id\":\"https:\/\/www.pm.pb.gov.br\/portal\/2019\/04\/13\/paraiba-participa-do-lancamento-da-diretriz-nacional-de-policia-comunitaria-em-brasilia\/\"},\"wordCount\":233,\"publisher\":{\"@id\":\"https:\/\/www.pm.pb.gov.br\/portal\/#organization\"},\"articleSection\":[\"Informativo\"],\"inLanguage\":\"pt-BR\"},{\"@type\":\"WebPage\",\"@id\":\"https:\/\/www.pm.pb.gov.br\/portal\/2019\/04\/13\/paraiba-participa-do-lancamento-da-diretriz-nacional-de-policia-comunitaria-em-brasilia\/\",\"url\":\"https:\/\/www.pm.pb.gov.br\/portal\/2019\/04\/13\/paraiba-participa-do-lancamento-da-diretriz-nacional-de-policia-comunitaria-em-brasilia\/\",\"name\":\"Para\u00edba participa do lan\u00e7amento da Diretriz Nacional de Pol\u00edcia Comunit\u00e1ria em Bras\u00edlia - Pol\u00edcia Militar da Para\u00edba\",\"isPartOf\":{\"@id\":\"https:\/\/www.pm.pb.gov.br\/portal\/#website\"},\"datePublished\":\"2019-04-13T11:59:27+00:00\",\"dateModified\":\"2019-04-13T21:05:37+00:00\",\"breadcrumb\":{\"@id\":\"https:\/\/www.pm.pb.gov.br\/portal\/2019\/04\/13\/paraiba-participa-do-lancamento-da-diretriz-nacional-de-policia-comunitaria-em-brasilia\/#breadcrumb\"},\"inLanguage\":\"pt-BR\",\"potentialAction\":[{\"@type\":\"ReadAction\",\"target\":[\"https:\/\/www.pm.pb.gov.br\/portal\/2019\/04\/13\/paraiba-participa-do-lancamento-da-diretriz-nacional-de-policia-comunitaria-em-brasilia\/\"]}]},{\"@type\":\"BreadcrumbList\",\"@id\":\"https:\/\/www.pm.pb.gov.br\/portal\/2019\/04\/13\/paraiba-participa-do-lancamento-da-diretriz-nacional-de-policia-comunitaria-em-brasilia\/#breadcrumb\",\"itemListElement\":[{\"@type\":\"ListItem\",\"position\":1,\"name\":\"In\u00edcio\",\"item\":\"https:\/\/www.pm.pb.gov.br\/portal\/\"},{\"@type\":\"ListItem\",\"position\":2,\"name\":\"Para\u00edba participa do lan\u00e7amento da Diretriz Nacional de Pol\u00edcia Comunit\u00e1ria em Bras\u00edlia\"}]},{\"@type\":\"WebSite\",\"@id\":\"https:\/\/www.pm.pb.gov.br\/portal\/#website\",\"url\":\"https:\/\/www.pm.pb.gov.br\/portal\/\",\"name\":\"Pol\u00edcia Militar da Para\u00edba\",\"description\":\"\",\"publisher\":{\"@id\":\"https:\/\/www.pm.pb.gov.br\/portal\/#organization\"},\"potentialAction\":[{\"@type\":\"SearchAction\",\"target\":{\"@type\":\"EntryPoint\",\"urlTemplate\":\"https:\/\/www.pm.pb.gov.br\/portal\/?s={search_term_string}\"},\"query-input\":\"required name=search_term_string\"}],\"inLanguage\":\"pt-BR\"},{\"@type\":\"Organization\",\"@id\":\"https:\/\/www.pm.pb.gov.br\/portal\/#organization\",\"name\":\"Pol\u00edcia Militar da Para\u00edba\",\"url\":\"https:\/\/www.pm.pb.gov.br\/portal\/\",\"logo\":{\"@type\":\"ImageObject\",\"inLanguage\":\"pt-BR\",\"@id\":\"https:\/\/www.pm.pb.gov.br\/portal\/#\/schema\/logo\/image\/\",\"url\":\"https:\/\/www.pm.pb.gov.br\/portal\/wp-content\/uploads\/2025\/03\/cropped-logo-site-mag2-1.png\",\"contentUrl\":\"https:\/\/www.pm.pb.gov.br\/portal\/wp-content\/uploads\/2025\/03\/cropped-logo-site-mag2-1.png\",\"width\":320,\"height\":90,\"caption\":\"Pol\u00edcia Militar da Para\u00edba\"},\"image\":{\"@id\":\"https:\/\/www.pm.pb.gov.br\/portal\/#\/schema\/logo\/image\/\"}},{\"@type\":\"Person\",\"@id\":\"https:\/\/www.pm.pb.gov.br\/portal\/#\/schema\/person\/f84f56dcc78ce4357054da888b8247fd\",\"name\":\"Tarcisio Oliveira\",\"image\":{\"@type\":\"ImageObject\",\"inLanguage\":\"pt-BR\",\"@id\":\"https:\/\/www.pm.pb.gov.br\/portal\/#\/schema\/person\/image\/\",\"url\":\"https:\/\/secure.gravatar.com\/avatar\/72917b630b69d31cd0297507f34bac97?s=96&d=mm&r=g\",\"contentUrl\":\"https:\/\/secure.gravatar.com\/avatar\/72917b630b69d31cd0297507f34bac97?s=96&d=mm&r=g\",\"caption\":\"Tarcisio Oliveira\"},\"url\":\"https:\/\/www.pm.pb.gov.br\/portal\/author\/tarcisio\/\"}]}<\/script>\n<!-- \/ Yoast SEO plugin. -->","yoast_head_json":{"title":"Para\u00edba participa do lan\u00e7amento da Diretriz Nacional de Pol\u00edcia Comunit\u00e1ria em Bras\u00edlia - Pol\u00edcia Militar da Para\u00edba","robots":{"index":"index","follow":"follow","max-snippet":"max-snippet:-1","max-image-preview":"max-image-preview:large","max-video-preview":"max-video-preview:-1"},"canonical":"https:\/\/www.pm.pb.gov.br\/portal\/2019\/04\/13\/paraiba-participa-do-lancamento-da-diretriz-nacional-de-policia-comunitaria-em-brasilia\/","og_locale":"pt_BR","og_type":"article","og_title":"Para\u00edba participa do lan\u00e7amento da Diretriz Nacional de Pol\u00edcia Comunit\u00e1ria em Bras\u00edlia - Pol\u00edcia Militar da Para\u00edba","og_description":"A filosofia de Pol\u00edcia Solid\u00e1ria, implementada desde 2011 na Para\u00edba, deve ser fortalecida ainda mais nos pr\u00f3ximos meses com a","og_url":"https:\/\/www.pm.pb.gov.br\/portal\/2019\/04\/13\/paraiba-participa-do-lancamento-da-diretriz-nacional-de-policia-comunitaria-em-brasilia\/","og_site_name":"Pol\u00edcia Militar da Para\u00edba","article_published_time":"2019-04-13T11:59:27+00:00","article_modified_time":"2019-04-13T21:05:37+00:00","og_image":[{"width":800,"height":445,"url":"https:\/\/www.pm.pb.gov.br\/portal\/wp-content\/uploads\/2017\/10\/Imagems-Ilustrativa-Site-Novo.jpg","type":"image\/jpeg"}],"author":"Tarcisio Oliveira","twitter_card":"summary_large_image","twitter_misc":{"Escrito por":"Tarcisio Oliveira","Est. tempo de leitura":"1 minuto"},"schema":{"@context":"https:\/\/schema.org","@graph":[{"@type":"Article","@id":"https:\/\/www.pm.pb.gov.br\/portal\/2019\/04\/13\/paraiba-participa-do-lancamento-da-diretriz-nacional-de-policia-comunitaria-em-brasilia\/#article","isPartOf":{"@id":"https:\/\/www.pm.pb.gov.br\/portal\/2019\/04\/13\/paraiba-participa-do-lancamento-da-diretriz-nacional-de-policia-comunitaria-em-brasilia\/"},"author":{"name":"Tarcisio Oliveira","@id":"https:\/\/www.pm.pb.gov.br\/portal\/#\/schema\/person\/f84f56dcc78ce4357054da888b8247fd"},"headline":"Para\u00edba participa do lan\u00e7amento da Diretriz Nacional de Pol\u00edcia Comunit\u00e1ria em Bras\u00edlia","datePublished":"2019-04-13T11:59:27+00:00","dateModified":"2019-04-13T21:05:37+00:00","mainEntityOfPage":{"@id":"https:\/\/www.pm.pb.gov.br\/portal\/2019\/04\/13\/paraiba-participa-do-lancamento-da-diretriz-nacional-de-policia-comunitaria-em-brasilia\/"},"wordCount":233,"publisher":{"@id":"https:\/\/www.pm.pb.gov.br\/portal\/#organization"},"articleSection":["Informativo"],"inLanguage":"pt-BR"},{"@type":"WebPage","@id":"https:\/\/www.pm.pb.gov.br\/portal\/2019\/04\/13\/paraiba-participa-do-lancamento-da-diretriz-nacional-de-policia-comunitaria-em-brasilia\/","url":"https:\/\/www.pm.pb.gov.br\/portal\/2019\/04\/13\/paraiba-participa-do-lancamento-da-diretriz-nacional-de-policia-comunitaria-em-brasilia\/","name":"Para\u00edba participa do lan\u00e7amento da Diretriz Nacional de Pol\u00edcia Comunit\u00e1ria em Bras\u00edlia - Pol\u00edcia Militar da Para\u00edba","isPartOf":{"@id":"https:\/\/www.pm.pb.gov.br\/portal\/#website"},"datePublished":"2019-04-13T11:59:27+00:00","dateModified":"2019-04-13T21:05:37+00:00","breadcrumb":{"@id":"https:\/\/www.pm.pb.gov.br\/portal\/2019\/04\/13\/paraiba-participa-do-lancamento-da-diretriz-nacional-de-policia-comunitaria-em-brasilia\/#breadcrumb"},"inLanguage":"pt-BR","potentialAction":[{"@type":"ReadAction","target":["https:\/\/www.pm.pb.gov.br\/portal\/2019\/04\/13\/paraiba-participa-do-lancamento-da-diretriz-nacional-de-policia-comunitaria-em-brasilia\/"]}]},{"@type":"BreadcrumbList","@id":"https:\/\/www.pm.pb.gov.br\/portal\/2019\/04\/13\/paraiba-participa-do-lancamento-da-diretriz-nacional-de-policia-comunitaria-em-brasilia\/#breadcrumb","itemListElement":[{"@type":"ListItem","position":1,"name":"In\u00edcio","item":"https:\/\/www.pm.pb.gov.br\/portal\/"},{"@type":"ListItem","position":2,"name":"Para\u00edba participa do lan\u00e7amento da Diretriz Nacional de Pol\u00edcia Comunit\u00e1ria em Bras\u00edlia"}]},{"@type":"WebSite","@id":"https:\/\/www.pm.pb.gov.br\/portal\/#website","url":"https:\/\/www.pm.pb.gov.br\/portal\/","name":"Pol\u00edcia Militar da Para\u00edba","description":"","publisher":{"@id":"https:\/\/www.pm.pb.gov.br\/portal\/#organization"},"potentialAction":[{"@type":"SearchAction","target":{"@type":"EntryPoint","urlTemplate":"https:\/\/www.pm.pb.gov.br\/portal\/?s={search_term_string}"},"query-input":"required name=search_term_string"}],"inLanguage":"pt-BR"},{"@type":"Organization","@id":"https:\/\/www.pm.pb.gov.br\/portal\/#organization","name":"Pol\u00edcia Militar da Para\u00edba","url":"https:\/\/www.pm.pb.gov.br\/portal\/","logo":{"@type":"ImageObject","inLanguage":"pt-BR","@id":"https:\/\/www.pm.pb.gov.br\/portal\/#\/schema\/logo\/image\/","url":"https:\/\/www.pm.pb.gov.br\/portal\/wp-content\/uploads\/2025\/03\/cropped-logo-site-mag2-1.png","contentUrl":"https:\/\/www.pm.pb.gov.br\/portal\/wp-content\/uploads\/2025\/03\/cropped-logo-site-mag2-1.png","width":320,"height":90,"caption":"Pol\u00edcia Militar da Para\u00edba"},"image":{"@id":"https:\/\/www.pm.pb.gov.br\/portal\/#\/schema\/logo\/image\/"}},{"@type":"Person","@id":"https:\/\/www.pm.pb.gov.br\/portal\/#\/schema\/person\/f84f56dcc78ce4357054da888b8247fd","name":"Tarcisio Oliveira","image":{"@type":"ImageObject","inLanguage":"pt-BR","@id":"https:\/\/www.pm.pb.gov.br\/portal\/#\/schema\/person\/image\/","url":"https:\/\/secure.gravatar.com\/avatar\/72917b630b69d31cd0297507f34bac97?s=96&d=mm&r=g","contentUrl":"https:\/\/secure.gravatar.com\/avatar\/72917b630b69d31cd0297507f34bac97?s=96&d=mm&r=g","caption":"Tarcisio Oliveira"},"url":"https:\/\/www.pm.pb.gov.br\/portal\/author\/tarcisio\/"}]}},"_links":{"self":[{"href":"https:\/\/www.pm.pb.gov.br\/portal\/wp-json\/wp\/v2\/posts\/900423"}],"collection":[{"href":"https:\/\/www.pm.pb.gov.br\/portal\/wp-json\/wp\/v2\/posts"}],"about":[{"href":"https:\/\/www.pm.pb.gov.br\/portal\/wp-json\/wp\/v2\/types\/post"}],"author":[{"embeddable":true,"href":"https:\/\/www.pm.pb.gov.br\/portal\/wp-json\/wp\/v2\/users\/12"}],"replies":[{"embeddable":true,"href":"https:\/\/www.pm.pb.gov.br\/portal\/wp-json\/wp\/v2\/comments?post=900423"}],"version-history":[{"count":2,"href":"https:\/\/www.pm.pb.gov.br\/portal\/wp-json\/wp\/v2\/posts\/900423\/revisions"}],"predecessor-version":[{"id":900425,"href":"https:\/\/www.pm.pb.gov.br\/portal\/wp-json\/wp\/v2\/posts\/900423\/revisions\/900425"}],"wp:featuredmedia":[{"embeddable":true,"href":"https:\/\/www.pm.pb.gov.br\/portal\/wp-json\/wp\/v2\/media\/895708"}],"wp:attachment":[{"href":"https:\/\/www.pm.pb.gov.br\/portal\/wp-json\/wp\/v2\/media?parent=900423"}],"wp:term":[{"taxonomy":"category","embeddable":true,"href":"https:\/\/www.pm.pb.gov.br\/portal\/wp-json\/wp\/v2\/categories?post=900423"},{"taxonomy":"post_tag","embeddable":true,"href":"https:\/\/www.pm.pb.gov.br\/portal\/wp-json\/wp\/v2\/tags?post=900423"}],"curies":[{"name":"wp","href":"https:\/\/api.w.org\/{rel}","templated":true}]}}